{"id":206730,"date":"2026-03-12T14:55:49","date_gmt":"2026-03-12T17:55:49","guid":{"rendered":"https:\/\/www.correiobraziliense.com.br\/cbradar\/?p=206730"},"modified":"2026-03-11T15:59:49","modified_gmt":"2026-03-11T18:59:49","slug":"a-fruta-verde-que-muita-gente-ignora-pode-ter-mais-vitamina-c-que-a-laranja-e-ajudar-na-imunidade","status":"publish","type":"post","link":"https:\/\/www.correiobraziliense.com.br\/cbradar\/a-fruta-verde-que-muita-gente-ignora-pode-ter-mais-vitamina-c-que-a-laranja-e-ajudar-na-imunidade\/","title":{"rendered":"A fruta verde que muita gente ignora pode ter mais vitamina C que a laranja e ajudar na imunidade"},"content":{"rendered":"\n<p>Voc\u00ea j\u00e1 reparou como o <b>kiwi<\/b> aparece cada vez mais nas feiras e mercados, com aquele verde vibrante que chama aten\u00e7\u00e3o de longe? Em uma por\u00e7\u00e3o pequena, essa <b>fruta<\/b> entrega muitos nutrientes e, aos poucos, vem ganhando espa\u00e7o nas mesas brasileiras. Ele \u00e9 famoso especialmente pela <b>vitamina<\/b> C, que supera a de muitas frutas c\u00edtricas do dia a dia e costuma ser lembrado quando a ideia \u00e9 dar uma forcinha extra para a imunidade apenas ajustando a alimenta\u00e7\u00e3o.<\/p>\n\n\n\n<h2 class=\"wp-block-heading\">Kiwi tem mais vitamina C que a laranja?<\/h2>\n\n\n\n<p>O kiwi se destaca justamente por concentrar grandes quantidades desse nutriente. Em 100 gramas de <b>kiwi<\/b>, a quantidade de vitamina C costuma ser maior do que na mesma por\u00e7\u00e3o de laranja ou lim\u00e3o, dois c\u00edtricos bem presentes na alimenta\u00e7\u00e3o dos <b>brasileiros<\/b>.<\/p>\n\n\n\n<p>Uma unidade m\u00e9dia da <b>fruta<\/b> pode chegar a cobrir, e at\u00e9 ultrapassar, a recomenda\u00e7\u00e3o di\u00e1ria de vitamina C para um adulto saud\u00e1vel. Assim, em apenas uma <b>por\u00e7\u00e3o<\/b>, \u00e9 poss\u00edvel atingir o necess\u00e1rio desse micronutriente, sem depender de sucos industrializados ou <b>suplementos<\/b>, e ainda aproveitando o sabor fresco da fruta.<\/p>\n\n\n<div class=\"wp-block-image\">\n<figure class=\"aligncenter size-large\"><img decoding=\"async\" width=\"1024\" height=\"576\" src=\"https:\/\/www.correiobraziliense.com.br\/cbradar\/wp-content\/uploads\/2026\/02\/Gemini_Generated_Image_arxaigarxaigarxa-1-1024x576.png\" alt=\"\" class=\"wp-image-194611\" srcset=\"https:\/\/www.correiobraziliense.com.br\/cbradar\/wp-content\/uploads\/2026\/02\/Gemini_Generated_Image_arxaigarxaigarxa-1-1024x576.png 1024w, https:\/\/www.correiobraziliense.com.br\/cbradar\/wp-content\/uploads\/2026\/02\/Gemini_Generated_Image_arxaigarxaigarxa-1-300x169.png 300w, https:\/\/www.correiobraziliense.com.br\/cbradar\/wp-content\/uploads\/2026\/02\/Gemini_Generated_Image_arxaigarxaigarxa-1-768x432.png 768w, https:\/\/www.correiobraziliense.com.br\/cbradar\/wp-content\/uploads\/2026\/02\/Gemini_Generated_Image_arxaigarxaigarxa-1-750x422.png 750w, https:\/\/www.correiobraziliense.com.br\/cbradar\/wp-content\/uploads\/2026\/02\/Gemini_Generated_Image_arxaigarxaigarxa-1-1140x641.png 1140w, https:\/\/www.correiobraziliense.com.br\/cbradar\/wp-content\/uploads\/2026\/02\/Gemini_Generated_Image_arxaigarxaigarxa-1.png 1280w\" sizes=\"(max-width: 1024px) 100vw, 1024px\" \/><figcaption class=\"wp-element-caption\">Para aproveitar melhor os benef\u00edcios do kiwi para o intestino, o ideal \u00e9 consumi-lo com regularidade<\/figcaption><\/figure><\/div>\n\n\n<p>Leia tamb\u00e9m:&nbsp;<a href=\"https:\/\/www.correiobraziliense.com.br\/cbradar\/a-folha-verde-que-muita-gente-ignora-na-feira-pode-ajudar-o-intestino-e-ainda-e-facil-de-plantar-em-casa\/\" target=\"_blank\" rel=\"noopener\">A folha verde que muita gente ignora na feira pode ajudar o intestino e ainda \u00e9 f\u00e1cil de plantar em casa<\/a><\/p>\n\n\n\n<h2 class=\"wp-block-heading\">Como a vitamina C do kiwi atua no organismo?<\/h2>\n\n\n\n<p>A <b>vitamina<\/b> C do kiwi ajuda a proteger as c\u00e9lulas contra os chamados radicais livres, mol\u00e9culas produzidas naturalmente pelo organismo. Esse efeito <b>antioxidante<\/b> \u00e9 importante para a manuten\u00e7\u00e3o dos tecidos, forma\u00e7\u00e3o de col\u00e1geno e apoio em v\u00e1rias rea\u00e7\u00f5es metab\u00f3licas do dia a dia, inclusive na <b>recupera\u00e7\u00e3o<\/b> muscular ap\u00f3s exerc\u00edcios.<\/p>\n\n\n\n<p>Por isso, o kiwi n\u00e3o entra apenas na conversa de \u201crefor\u00e7ar a imunidade\u201d, mas tamb\u00e9m no cuidado geral com o <b>corpo<\/b>. Pele, vasos sangu\u00edneos, recupera\u00e7\u00e3o ap\u00f3s exerc\u00edcios e at\u00e9 a sensa\u00e7\u00e3o de disposi\u00e7\u00e3o podem se beneficiar de uma boa ingest\u00e3o de vitamina C por meio de alimentos <b>frescos<\/b>, principalmente quando associados a um padr\u00e3o alimentar <b>equilibrado<\/b>.<\/p>\n\n\n\n<h2 class=\"wp-block-heading\">De que forma o kiwi ajuda a proteger o sistema imunol\u00f3gico?<\/h2>\n\n\n\n<p>O sistema <b>imunol\u00f3gico<\/b> precisa de v\u00e1rios nutrientes para funcionar bem, e a vitamina C \u00e9 um dos mais conhecidos. Consumir <b>kiwi<\/b> com regularidade oferece um suporte extra \u00e0s c\u00e9lulas de defesa, que utilizam esse nutriente em diferentes etapas da resposta <b>imune<\/b>. Se voc\u00ea gosta de ouvir especialistas, separamos esse v\u00eddeo do canal da <a href=\"https:\/\/www.youtube.com\/@NutricionistaPatriciaLeite\" target=\"_blank\" rel=\"noreferrer noopener\">Nutricionista Patricia Leite<\/a> mostrando mais detalhes dos benef\u00edcios do kiwi:<\/p>\n\n\n\n<figure class=\"wp-block-embed is-type-video is-provider-youtube wp-block-embed-youtube wp-embed-aspect-16-9 wp-has-aspect-ratio\"><div class=\"wp-block-embed__wrapper\">\n<div class=\"jeg_video_container jeg_video_content\"><iframe loading=\"lazy\" title=\"Benef\u00edcios do Kiwi - Engorda ou Emagrece? Para Que Serve? [RECEITAS e DICAS]\" width=\"500\" height=\"281\" src=\"https:\/\/www.youtube.com\/embed\/yccVY76KTNc?start=5&#038;feature=oembed\" frameborder=\"0\" allow=\"accelerometer; autoplay; clipboard-write; encrypted-media; gyroscope; picture-in-picture; web-share\" referrerpolicy=\"strict-origin-when-cross-origin\" allowfullscreen><\/iframe><\/div>\n<\/div><\/figure>\n\n\n\n<p>Al\u00e9m da vitamina C, o kiwi carrega outros componentes que tamb\u00e9m se conectam com a sa\u00fade imunol\u00f3gica, ajudando o corpo a se manter mais equilibrado no dia a dia:<\/p>\n\n\n\n<ul class=\"wp-block-list\">\n<li><strong>Fibras:<\/strong> favorecem o equil\u00edbrio da <b>flora<\/b> intestinal, que tem rela\u00e7\u00e3o direta com a <b>imunidade<\/b>;<\/li>\n\n\n\n<li><strong>Vitamina E e outros antioxidantes:<\/strong> ajudam a proteger as <b>membranas<\/b> das c\u00e9lulas;<\/li>\n\n\n\n<li><strong>Folatos e pot\u00e1ssio:<\/strong> participam de fun\u00e7\u00f5es <b>metab\u00f3licas<\/b> importantes para o <b>organismo<\/b>.<\/li>\n<\/ul>\n\n\n\n<h2 class=\"wp-block-heading\">Qual \u00e9 a rela\u00e7\u00e3o entre kiwi, intestino e bem-estar?<\/h2>\n\n\n\n<p>O <b>intestino<\/b> \u00e9 visto por muitos especialistas como um \u00f3rg\u00e3o-chave para a defesa do corpo, e o kiwi pode ajudar nesse processo. Por ser rico em <b>fibras<\/b>, ele contribui para um tr\u00e2nsito intestinal mais regular e confort\u00e1vel, algo que muita gente sente na pr\u00e1tica ao incluir a <b>fruta<\/b> na rotina.<\/p>\n\n\n\n<p>Uma microbiota intestinal diversificada e bem cuidada influencia diretamente a resposta <b>imunol\u00f3gica<\/b> e at\u00e9 o humor. Ao lado de outras <b>frutas<\/b>, legumes e verduras, o kiwi entra como mais um aliado simples para quem quer melhorar o bem-estar geral sem grandes mudan\u00e7as <b>radicais<\/b>.<\/p>\n\n\n\n<h2 class=\"wp-block-heading\">Quais s\u00e3o as formas simples de consumir o kiwi no dia a dia?<\/h2>\n\n\n\n<p>O <b>kiwi<\/b> \u00e9 muito vers\u00e1til e pode ser consumido puro, em saladas de frutas, vitaminas ou combinado com iogurte e cereais. A <b>casca<\/b>, embora pouco usada, tamb\u00e9m \u00e9 comest\u00edvel quando bem lavada, aumentando ainda mais o consumo de <b>fibras<\/b>.<\/p>\n\n\n\n<figure class=\"wp-block-embed is-type-rich is-provider-pinterest wp-block-embed-pinterest\"><div class=\"wp-block-embed__wrapper\">\n<iframe loading=\"lazy\" title=\" \" src=\"https:\/\/assets.pinterest.com\/ext\/embed.html?id=50806302042730415&#038;src=oembed\" height=\"899\" width=\"450\" frameborder=\"0\" scrolling=\"no\" ><\/iframe>\n<\/div><\/figure>\n\n\n\n<p>Para incluir o kiwi na rotina, algumas op\u00e7\u00f5es pr\u00e1ticas podem facilitar:<\/p>\n\n\n\n<ol class=\"wp-block-list\">\n<li>Cortar a <b>fruta<\/b> ao meio e consumir com colher no caf\u00e9 da manh\u00e3 ou <b>lanche<\/b>;<\/li>\n\n\n\n<li>Adicionar fatias de <b>kiwi<\/b> em saladas de frutas com banana, mam\u00e3o e <b>morango<\/b>;<\/li>\n\n\n\n<li>Preparar uma vitamina fria com <b>kiwi<\/b>, \u00e1gua ou leite vegetal e <b>aveia<\/b>;<\/li>\n\n\n\n<li>Usar o kiwi em sobremesas leves, como <b>gelatinas<\/b> e iogurtes <b>naturais<\/b>;<\/li>\n\n\n\n<li>Montar potes de <b>lanche<\/b> com kiwi, <b>castanhas<\/b> e frutas secas.<\/li>\n<\/ol>\n\n\n\n<h2 class=\"wp-block-heading\">Kiwi \u00e9 indicado para qualquer pessoa?<\/h2>\n\n\n\n<p>No geral, o <b>kiwi<\/b> \u00e9 bem aceito pela maior parte da popula\u00e7\u00e3o e pode entrar facilmente em uma alimenta\u00e7\u00e3o variada. Por\u00e9m, pessoas com <b>alergia<\/b> conhecida \u00e0 fruta ou \u00e0 mesma fam\u00edlia bot\u00e2nica devem evitar o consumo e buscar orienta\u00e7\u00e3o <b>profissional<\/b>.<\/p>\n\n\n\n<p>Em casos de doen\u00e7as espec\u00edficas, como problemas <b>renais<\/b> ou dietas muito controladas, a inclus\u00e3o do kiwi tamb\u00e9m precisa ser avaliada individualmente. Ele n\u00e3o substitui tratamentos m\u00e9dicos, <b>vacinas<\/b> ou rem\u00e9dios, mas pode fazer parte de um conjunto de h\u00e1bitos saud\u00e1veis que incluem boa alimenta\u00e7\u00e3o, sono adequado, <b>hidrata\u00e7\u00e3o<\/b> e atividade f\u00edsica regular.<\/p>\n","protected":false},"excerpt":{"rendered":"<p>Voc\u00ea j\u00e1 reparou como o kiwi aparece cada vez mais nas feiras e mercados, com aquele verde vibrante que chama aten\u00e7\u00e3o de longe? Em uma por\u00e7\u00e3o pequena, essa fruta entrega muitos nutrientes e, aos poucos, vem ganhando espa\u00e7o nas mesas brasileiras. Ele \u00e9 famoso especialmente pela vitamina C, que supera a de muitas frutas c\u00edtricas [&hellip;]<\/p>\n","protected":false},"author":9,"featured_media":174000,"comment_status":"open","ping_status":"open","sticky":false,"template":"","format":"standard","meta":{"_yoast_wpseo_focuskw":"kiwi na alimenta\u00e7\u00e3o","_yoast_wpseo_title":"","_yoast_wpseo_metadesc":"Uma fruta de polpa verde vem chamando aten\u00e7\u00e3o pela quantidade de vitamina C e pelos poss\u00edveis benef\u00edcios para o corpo.","jnews-multi-image_gallery":[],"jnews_single_post":{"format":"standard"},"jnews_primary_category":[],"jnews_social_meta":[],"jnews_override_counter":[],"footnotes":""},"categories":[119,4404],"tags":[615,1637,4258],"class_list":["post-206730","post","type-post","status-publish","format-standard","has-post-thumbnail","hentry","category-bem-estar","category-saude","tag-fruta","tag-kiwi","tag-vitamina-c"],"yoast_head":"<!-- This site is optimized with the Yoast SEO plugin v24.6 - https:\/\/yoast.com\/wordpress\/plugins\/seo\/ -->\n<title>A fruta verde que muita gente ignora pode ter mais vitamina C que a laranja e ajudar na imunidade - Correio Braziliense - Radar<\/title>\n<meta name=\"description\" content=\"Uma fruta de polpa verde vem chamando aten\u00e7\u00e3o pela quantidade de vitamina C e pelos poss\u00edveis benef\u00edcios para o corpo.\" \/>\n<meta name=\"robots\" content=\"index, follow, max-snippet:-1, max-image-preview:large, max-video-preview:-1\" \/>\n<link rel=\"canonical\" href=\"https:\/\/www.correiobraziliense.com.br\/cbradar\/a-fruta-verde-que-muita-gente-ignora-pode-ter-mais-vitamina-c-que-a-laranja-e-ajudar-na-imunidade\/\" \/>\n<meta property=\"og:locale\" content=\"pt_BR\" \/>\n<meta property=\"og:type\" content=\"article\" \/>\n<meta property=\"og:title\" content=\"A fruta verde que muita gente ignora pode ter mais vitamina C que a laranja e ajudar na imunidade - Correio Braziliense - Radar\" \/>\n<meta property=\"og:description\" content=\"Uma fruta de polpa verde vem chamando aten\u00e7\u00e3o pela quantidade de vitamina C e pelos poss\u00edveis benef\u00edcios para o corpo.\" \/>\n<meta property=\"og:url\" content=\"https:\/\/www.correiobraziliense.com.br\/cbradar\/a-fruta-verde-que-muita-gente-ignora-pode-ter-mais-vitamina-c-que-a-laranja-e-ajudar-na-imunidade\/\" \/>\n<meta property=\"og:site_name\" content=\"Correio Braziliense - Radar\" \/>\n<meta property=\"article:published_time\" content=\"2026-03-12T17:55:49+00:00\" \/>\n<meta property=\"og:image\" content=\"https:\/\/www.correiobraziliense.com.br\/cbradar\/wp-content\/uploads\/2026\/01\/freepik__imagem-realista-do-kiwi__63791.png\" \/>\n\t<meta property=\"og:image:width\" content=\"1280\" \/>\n\t<meta property=\"og:image:height\" content=\"720\" \/>\n\t<meta property=\"og:image:type\" content=\"image\/png\" \/>\n<meta name=\"author\" content=\"Daniely Cardoso\" \/>\n<meta name=\"twitter:card\" content=\"summary_large_image\" \/>\n<meta name=\"twitter:label1\" content=\"Escrito por\" \/>\n\t<meta name=\"twitter:data1\" content=\"Daniely Cardoso\" \/>\n\t<meta name=\"twitter:label2\" content=\"Est. tempo de leitura\" \/>\n\t<meta name=\"twitter:data2\" content=\"5 minutos\" \/>\n<!-- \/ Yoast SEO plugin. -->","yoast_head_json":{"title":"A fruta verde que muita gente ignora pode ter mais vitamina C que a laranja e ajudar na imunidade - Correio Braziliense - Radar","description":"Uma fruta de polpa verde vem chamando aten\u00e7\u00e3o pela quantidade de vitamina C e pelos poss\u00edveis benef\u00edcios para o corpo.","robots":{"index":"index","follow":"follow","max-snippet":"max-snippet:-1","max-image-preview":"max-image-preview:large","max-video-preview":"max-video-preview:-1"},"canonical":"https:\/\/www.correiobraziliense.com.br\/cbradar\/a-fruta-verde-que-muita-gente-ignora-pode-ter-mais-vitamina-c-que-a-laranja-e-ajudar-na-imunidade\/","og_locale":"pt_BR","og_type":"article","og_title":"A fruta verde que muita gente ignora pode ter mais vitamina C que a laranja e ajudar na imunidade - Correio Braziliense - Radar","og_description":"Uma fruta de polpa verde vem chamando aten\u00e7\u00e3o pela quantidade de vitamina C e pelos poss\u00edveis benef\u00edcios para o corpo.","og_url":"https:\/\/www.correiobraziliense.com.br\/cbradar\/a-fruta-verde-que-muita-gente-ignora-pode-ter-mais-vitamina-c-que-a-laranja-e-ajudar-na-imunidade\/","og_site_name":"Correio Braziliense - Radar","article_published_time":"2026-03-12T17:55:49+00:00","og_image":[{"width":1280,"height":720,"url":"https:\/\/www.correiobraziliense.com.br\/cbradar\/wp-content\/uploads\/2026\/01\/freepik__imagem-realista-do-kiwi__63791.png","type":"image\/png"}],"author":"Daniely Cardoso","twitter_card":"summary_large_image","twitter_misc":{"Escrito por":"Daniely Cardoso","Est. tempo de leitura":"5 minutos"},"schema":{"@context":"https:\/\/schema.org","@graph":[{"@type":"WebPage","@id":"https:\/\/www.correiobraziliense.com.br\/cbradar\/a-fruta-verde-que-muita-gente-ignora-pode-ter-mais-vitamina-c-que-a-laranja-e-ajudar-na-imunidade\/","url":"https:\/\/www.correiobraziliense.com.br\/cbradar\/a-fruta-verde-que-muita-gente-ignora-pode-ter-mais-vitamina-c-que-a-laranja-e-ajudar-na-imunidade\/","name":"A fruta verde que muita gente ignora pode ter mais vitamina C que a laranja e ajudar na imunidade - Correio Braziliense - Radar","isPartOf":{"@id":"https:\/\/www.correiobraziliense.com.br\/cbradar\/#website"},"primaryImageOfPage":{"@id":"https:\/\/www.correiobraziliense.com.br\/cbradar\/a-fruta-verde-que-muita-gente-ignora-pode-ter-mais-vitamina-c-que-a-laranja-e-ajudar-na-imunidade\/#primaryimage"},"image":{"@id":"https:\/\/www.correiobraziliense.com.br\/cbradar\/a-fruta-verde-que-muita-gente-ignora-pode-ter-mais-vitamina-c-que-a-laranja-e-ajudar-na-imunidade\/#primaryimage"},"thumbnailUrl":"https:\/\/www.correiobraziliense.com.br\/cbradar\/wp-content\/uploads\/2026\/01\/freepik__imagem-realista-do-kiwi__63791.png","datePublished":"2026-03-12T17:55:49+00:00","author":{"@id":"https:\/\/www.correiobraziliense.com.br\/cbradar\/#\/schema\/person\/7356666e12ec0ee53f348ee5db227032"},"description":"Uma fruta de polpa verde vem chamando aten\u00e7\u00e3o pela quantidade de vitamina C e pelos poss\u00edveis benef\u00edcios para o corpo.","breadcrumb":{"@id":"https:\/\/www.correiobraziliense.com.br\/cbradar\/a-fruta-verde-que-muita-gente-ignora-pode-ter-mais-vitamina-c-que-a-laranja-e-ajudar-na-imunidade\/#breadcrumb"},"inLanguage":"pt-BR","potentialAction":[{"@type":"ReadAction","target":["https:\/\/www.correiobraziliense.com.br\/cbradar\/a-fruta-verde-que-muita-gente-ignora-pode-ter-mais-vitamina-c-que-a-laranja-e-ajudar-na-imunidade\/"]}]},{"@type":"ImageObject","inLanguage":"pt-BR","@id":"https:\/\/www.correiobraziliense.com.br\/cbradar\/a-fruta-verde-que-muita-gente-ignora-pode-ter-mais-vitamina-c-que-a-laranja-e-ajudar-na-imunidade\/#primaryimage","url":"https:\/\/www.correiobraziliense.com.br\/cbradar\/wp-content\/uploads\/2026\/01\/freepik__imagem-realista-do-kiwi__63791.png","contentUrl":"https:\/\/www.correiobraziliense.com.br\/cbradar\/wp-content\/uploads\/2026\/01\/freepik__imagem-realista-do-kiwi__63791.png","width":1280,"height":720,"caption":"As fibras do kiwi auxiliam no funcionamento do intestino"},{"@type":"BreadcrumbList","@id":"https:\/\/www.correiobraziliense.com.br\/cbradar\/a-fruta-verde-que-muita-gente-ignora-pode-ter-mais-vitamina-c-que-a-laranja-e-ajudar-na-imunidade\/#breadcrumb","itemListElement":[{"@type":"ListItem","position":1,"name":"In\u00edcio","item":"https:\/\/www.correiobraziliense.com.br\/cbradar\/"},{"@type":"ListItem","position":2,"name":"A fruta verde que muita gente ignora pode ter mais vitamina C que a laranja e ajudar na imunidade"}]},{"@type":"WebSite","@id":"https:\/\/www.correiobraziliense.com.br\/cbradar\/#website","url":"https:\/\/www.correiobraziliense.com.br\/cbradar\/","name":"Correio Braziliense - Radar","description":"Acompanhe as \u00faltimas not\u00edcias e fique bem informado sobre tudo o que acontece no Brasil e no mundo.","potentialAction":[{"@type":"SearchAction","target":{"@type":"EntryPoint","urlTemplate":"https:\/\/www.correiobraziliense.com.br\/cbradar\/?s={search_term_string}"},"query-input":{"@type":"PropertyValueSpecification","valueRequired":true,"valueName":"search_term_string"}}],"inLanguage":"pt-BR"},{"@type":"Person","@id":"https:\/\/www.correiobraziliense.com.br\/cbradar\/#\/schema\/person\/7356666e12ec0ee53f348ee5db227032","name":"Daniely Cardoso","image":{"@type":"ImageObject","inLanguage":"pt-BR","@id":"https:\/\/www.correiobraziliense.com.br\/cbradar\/#\/schema\/person\/image\/","url":"https:\/\/secure.gravatar.com\/avatar\/4b80ddbd124d1f071b626d52d62e5dff?s=96&d=mm&r=g","contentUrl":"https:\/\/secure.gravatar.com\/avatar\/4b80ddbd124d1f071b626d52d62e5dff?s=96&d=mm&r=g","caption":"Daniely Cardoso"},"description":"Redatora nos portais CB Radar e EM Foco, formada pela Universidade Federal de Goi\u00e1s, em Goi\u00e2nia. Apaixonada por comunica\u00e7\u00e3o, arte, decora\u00e7\u00e3o e tend\u00eancias, atuo na produ\u00e7\u00e3o de conte\u00fados envolventes sobre curiosidades, moda, beleza e paisagismo, sempre com um olhar atento \u00e0s novidades do momento.","sameAs":["https:\/\/www.correiobraziliense.com.br\/cbradar"],"url":"https:\/\/www.correiobraziliense.com.br\/cbradar\/author\/danielymyth\/"}]}},"_links":{"self":[{"href":"https:\/\/www.correiobraziliense.com.br\/cbradar\/wp-json\/wp\/v2\/posts\/206730","targetHints":{"allow":["GET"]}}],"collection":[{"href":"https:\/\/www.correiobraziliense.com.br\/cbradar\/wp-json\/wp\/v2\/posts"}],"about":[{"href":"https:\/\/www.correiobraziliense.com.br\/cbradar\/wp-json\/wp\/v2\/types\/post"}],"author":[{"embeddable":true,"href":"https:\/\/www.correiobraziliense.com.br\/cbradar\/wp-json\/wp\/v2\/users\/9"}],"replies":[{"embeddable":true,"href":"https:\/\/www.correiobraziliense.com.br\/cbradar\/wp-json\/wp\/v2\/comments?post=206730"}],"version-history":[{"count":2,"href":"https:\/\/www.correiobraziliense.com.br\/cbradar\/wp-json\/wp\/v2\/posts\/206730\/revisions"}],"predecessor-version":[{"id":206769,"href":"https:\/\/www.correiobraziliense.com.br\/cbradar\/wp-json\/wp\/v2\/posts\/206730\/revisions\/206769"}],"wp:featuredmedia":[{"embeddable":true,"href":"https:\/\/www.correiobraziliense.com.br\/cbradar\/wp-json\/wp\/v2\/media\/174000"}],"wp:attachment":[{"href":"https:\/\/www.correiobraziliense.com.br\/cbradar\/wp-json\/wp\/v2\/media?parent=206730"}],"wp:term":[{"taxonomy":"category","embeddable":true,"href":"https:\/\/www.correiobraziliense.com.br\/cbradar\/wp-json\/wp\/v2\/categories?post=206730"},{"taxonomy":"post_tag","embeddable":true,"href":"https:\/\/www.correiobraziliense.com.br\/cbradar\/wp-json\/wp\/v2\/tags?post=206730"}],"curies":[{"name":"wp","href":"https:\/\/api.w.org\/{rel}","templated":true}]}}