{"id":206801,"date":"2026-03-11T15:55:00","date_gmt":"2026-03-11T18:55:00","guid":{"rendered":"https:\/\/www.correiobraziliense.com.br\/cbradar\/?p=206801"},"modified":"2026-03-11T09:33:32","modified_gmt":"2026-03-11T12:33:32","slug":"ronco-frequente-pode-revelar-apneia-e-afetar-sua-saude-mais-do-que-parece","status":"publish","type":"post","link":"https:\/\/www.correiobraziliense.com.br\/cbradar\/ronco-frequente-pode-revelar-apneia-e-afetar-sua-saude-mais-do-que-parece\/","title":{"rendered":"Ronco frequente pode revelar apneia e afetar sua sa\u00fade mais do que parece"},"content":{"rendered":"\n<p>O som do ronco, geralmente considerado um inc\u00f4modo noturno comum, pode indicar quest\u00f5es de sa\u00fade que v\u00e3o al\u00e9m de uma noite de sono perturbada, pois ocorre quando a passagem do ar pelas vias respirat\u00f3rias est\u00e1 parcialmente obstru\u00edda durante o sono, o que pode sinalizar condi\u00e7\u00f5es como a apneia obstrutiva do sono e riscos aumentados de doen\u00e7as cardiovasculares.<\/p>\n\n\n\n<h2 class=\"wp-block-heading\">O que provoca o ronco?<\/h2>\n\n\n\n<p>O ronco surge quando os tecidos da garganta vibram devido \u00e0 obstru\u00e7\u00e3o do fluxo de ar pela boca ou nariz. Certas caracter\u00edsticas f\u00edsicas podem tornar algumas pessoas mais predispostas a roncar, como am\u00edgdalas aumentadas, desvio de septo nasal, excesso de peso ou uma l\u00edngua de tamanho anormal.<\/p>\n\n\n\n<p>Com o passar dos anos, o t\u00f4nus muscular da garganta tende a diminuir, o que pode piorar a obstru\u00e7\u00e3o. Al\u00e9m disso, h\u00e1bitos como consumo de bebidas alco\u00f3licas, uso de sedativos e dormir de barriga para cima favorecem o deslocamento da l\u00edngua e da mand\u00edbula para tr\u00e1s.<\/p>\n\n\n\n<p>Para compreender melhor como identificar as causas do <strong>ronco<\/strong> e avaliar esse problema, assista ao v\u00eddeo a seguir, no qual o m\u00e9dico <strong>Dr. Mohamad Saada<\/strong> explica o assunto de forma clara e did\u00e1tica no canal <strong>Dr. Mohamad Saada<\/strong>. <\/p>\n\n\n\n<iframe loading=\"lazy\" width=\"1920\" height=\"1080\" src=\"https:\/\/www.youtube.com\/embed\/rbfkM2DJY5A\" title=\"Ronco, como Descobrir a Causa Como Avaliar para Descobrir as Causas do Ronco\" frameborder=\"0\" allow=\"accelerometer; autoplay; clipboard-write; encrypted-media; gyroscope; picture-in-picture; web-share\" referrerpolicy=\"strict-origin-when-cross-origin\" allowfullscreen><\/iframe>\n\n\n\n\n<h2 class=\"wp-block-heading\">Quando o ronco se torna um risco para a sa\u00fade?<\/h2>\n\n\n\n<p>Nem todo ronco \u00e9 preocupante, mas alguns sinais merecem aten\u00e7\u00e3o especial e avalia\u00e7\u00e3o m\u00e9dica. Roncos persistentes e altos, acompanhados de pausas na respira\u00e7\u00e3o, engasgos ou sufocamentos noturnos, podem indicar apneia obstrutiva do sono.<\/p>\n\n\n\n<p>Essa condi\u00e7\u00e3o ocorre quando as vias respirat\u00f3rias se fecham repetidamente durante o sono, interrompendo o fluxo de oxig\u00eanio. A apneia n\u00e3o tratada pode levar \u00e0 sonol\u00eancia diurna, dificuldades de concentra\u00e7\u00e3o e maior risco de hipertens\u00e3o, AVC e outras doen\u00e7as cardiovasculares.<\/p>\n\n\n\n<h2 class=\"wp-block-heading\">Como o ronco se relaciona com problemas card\u00edacos?<\/h2>\n\n\n\n<p>A rela\u00e7\u00e3o entre ronco frequente e doen\u00e7as do cora\u00e7\u00e3o \u00e9 respaldada por estudos cient\u00edficos. A revis\u00e3o sistem\u00e1tica publicada na revista Sleep and Breathing aponta que o ronco habitual eleva em 28% o risco de desenvolver doen\u00e7a arterial coronariana.<\/p>\n\n\n\n<p>Essa an\u00e1lise, que incluiu mais de 151 mil participantes, concluiu que o ronco, mesmo sem a presen\u00e7a de apneia, j\u00e1 representa um fator de risco significativo para problemas card\u00edacos. Por isso, investigar a causa do ronco \u00e9 importante para prevenir complica\u00e7\u00f5es a longo prazo.<\/p>\n\n\n\n<figure class=\"wp-block-image aligncenter size-large\"><img decoding=\"async\" width=\"1024\" height=\"576\" src=\"https:\/\/www.correiobraziliense.com.br\/cbradar\/wp-content\/uploads\/2025\/05\/ronco_1748208699111-1024x576.jpg\" alt=\"\" class=\"wp-image-42932\" srcset=\"https:\/\/www.correiobraziliense.com.br\/cbradar\/wp-content\/uploads\/2025\/05\/ronco_1748208699111-1024x576.jpg 1024w, https:\/\/www.correiobraziliense.com.br\/cbradar\/wp-content\/uploads\/2025\/05\/ronco_1748208699111-300x169.jpg 300w, https:\/\/www.correiobraziliense.com.br\/cbradar\/wp-content\/uploads\/2025\/05\/ronco_1748208699111-768x432.jpg 768w, https:\/\/www.correiobraziliense.com.br\/cbradar\/wp-content\/uploads\/2025\/05\/ronco_1748208699111-750x422.jpg 750w, https:\/\/www.correiobraziliense.com.br\/cbradar\/wp-content\/uploads\/2025\/05\/ronco_1748208699111-1140x641.jpg 1140w, https:\/\/www.correiobraziliense.com.br\/cbradar\/wp-content\/uploads\/2025\/05\/ronco_1748208699111.jpg 1280w\" sizes=\"(max-width: 1024px) 100vw, 1024px\" \/><figcaption class=\"wp-element-caption\">O m\u00e9todo mais eficaz para reduzir apneia do sono naturalmente &#8211; Cr\u00e9ditos: depositphotos.com \/ AndrewLozovyi\n\n<\/figcaption><\/figure>\n\n\n\n<h2 class=\"wp-block-heading\">Quais h\u00e1bitos agravam o ronco e a apneia?<\/h2>\n\n\n\n<p>Muitas pessoas que convivem com o ronco desconhecem que alguns h\u00e1bitos di\u00e1rios podem exacerbar o problema e piorar a qualidade do sono. Dormir em dec\u00fabito dorsal facilita o deslocamento de l\u00edngua e mand\u00edbula, enquanto o uso inadequado de sedativos relaxa excessivamente a musculatura da garganta.<\/p>\n\n\n\n<p>Al\u00e9m da posi\u00e7\u00e3o de dormir e do uso de medicamentos, outros fatores comportamentais podem intensificar o ronco e a apneia, dificultando o controle do quadro e atrasando o tratamento adequado. Entre os principais h\u00e1bitos que agravam o problema, destacam-se:<\/p>\n\n\n\n<style>\n  .make-wrap{\n    max-width: 760px;\n    margin: 26px auto;\n    padding: 18px;\n    border-radius: 18px;\n    background: linear-gradient(135deg,#fff7fb 0%,#f6f2ff 100%);\n    border: 1px solid #f7d4ea;\n    box-shadow: 0 8px 20px rgba(236,72,153,.12);\n    font-family: system-ui, -apple-system, Segoe UI, Roboto, Helvetica, Arial, sans-serif;\n  }\n\n  .make-title{\n    display:flex; \n    align-items:center; \n    gap:10px;\n    margin:0 0 12px 4px;\n    font-size:1.2rem; \n    font-weight:900; \n    color:#9d174d;\n  }\n\n  .make-table{\n    width:100%;\n    border-collapse:separate;\n    border-spacing:0;\n    overflow:hidden;\n    border-radius:16px;\n    border:1px solid #f7d4ea;\n    background:#fff;\n    font-size:.92rem;\n  }\n\n  .make-table thead th{\n    background:linear-gradient(90deg,#fde7f3 0%,#f8e9ff 100%);\n    padding:12px;\n    color:#7a1e63;\n    font-weight:800;\n    text-align:left;\n    border-bottom:1px solid #f7d4ea;\n  }\n\n  .make-table tbody td{\n    padding:12px;\n    color:#374151;\n    vertical-align:top;\n    border-bottom:1px dashed #f7d4ea;\n  }\n\n  .make-table tbody tr:nth-child(odd){\n    background:#fffaff;\n  }\n\n  .price{\n    display:inline-flex;\n    align-items:center;\n    background:#fff7ed;\n    color:#b45309;\n    padding:6px 10px;\n    border-radius:10px;\n    border:1px solid #fed7aa;\n    font-weight:700;\n    white-space:nowrap;\n  }\n\n  .badge{\n    display:inline-block;\n    background:#fde7f3;\n    color:#c026d3;\n    border:1px solid #fecdd3;\n    padding:4px 10px;\n    border-radius:999px;\n    font-weight:700;\n    font-size:.78rem;\n  }\n\n  @media (max-width:720px){\n    .make-table thead{display:none}\n    .make-table, .make-table tbody, .make-table tr, .make-table td{\n      display:block; \n      width:100%;\n    }\n    .make-table tr{\n      margin-bottom:12px;\n      border:1px solid #f7d4ea;\n      border-radius:14px;\n      overflow:hidden;\n      background:#fff;\n    }\n    .make-table td[data-label]:before{\n      content:attr(data-label);\n      display:block;\n      font-weight:800;\n      color:#7a1e63;\n      margin-bottom:4px;\n    }\n    .make-table tbody td:last-child{border-bottom:none}\n  }\n<\/style>\n\n<div class=\"make-wrap\">\n  <h3 class=\"make-title\">\ud83d\ude34\u26a0\ufe0f H\u00e1bitos que podem piorar o ronco<\/h3>\n\n  <table class=\"make-table\">\n    <thead>\n      <tr>\n        <th>H\u00e1bito<\/th>\n        <th>Descri\u00e7\u00e3o<\/th>\n      <\/tr>\n    <\/thead>\n    <tbody>\n      <tr>\n        <td data-label=\"H\u00e1bito\">Consumo de \u00e1lcool \u00e0 noite<\/td>\n        <td data-label=\"Descri\u00e7\u00e3o\">Consumo frequente de \u00e1lcool pr\u00f3ximo ao hor\u00e1rio de dormir.<\/td>\n      <\/tr>\n      <tr>\n        <td data-label=\"H\u00e1bito\">Uso inadequado de travesseiro<\/td>\n        <td data-label=\"Descri\u00e7\u00e3o\">Uso de travesseiros muito baixos ou muito altos, que prejudicam o alinhamento do pesco\u00e7o.<\/td>\n      <\/tr>\n      <tr>\n        <td data-label=\"H\u00e1bito\">Excesso de peso sem acompanhamento<\/td>\n        <td data-label=\"Descri\u00e7\u00e3o\">Manuten\u00e7\u00e3o do excesso de peso sem tentativa de redu\u00e7\u00e3o ou acompanhamento profissional.<\/td>\n      <\/tr>\n      <tr>\n        <td data-label=\"H\u00e1bito\">Adiar avalia\u00e7\u00e3o m\u00e9dica<\/td>\n        <td data-label=\"Descri\u00e7\u00e3o\">Demora em buscar avalia\u00e7\u00e3o m\u00e9dica mesmo diante de sintomas persistentes.<\/td>\n      <\/tr>\n    <\/tbody>\n  <\/table>\n\n  <p style=\"margin-top:14px; color:#6b7280; font-size:.9rem;\">\n    \ud83d\udca1 <strong>Dica:<\/strong> Ajustar h\u00e1bitos e procurar orienta\u00e7\u00e3o m\u00e9dica pode ajudar a reduzir o ronco e melhorar a qualidade do sono.\n  <\/p>\n<\/div>\n\n\n\n\n<h2 class=\"wp-block-heading\">Quais s\u00e3o as op\u00e7\u00f5es de tratamento para o ronco e a apneia?<\/h2>\n\n\n\n<p>Modificar h\u00e1bitos de vida costuma ser o ponto de partida no tratamento do ronco. Manter um peso saud\u00e1vel, reduzir o consumo de \u00e1lcool, evitar sedativos sem orienta\u00e7\u00e3o e realizar exerc\u00edcios para fortalecer a musculatura da l\u00edngua e garganta s\u00e3o medidas ben\u00e9ficas.<\/p>\n\n\n\n<p>Quando essas mudan\u00e7as n\u00e3o s\u00e3o suficientes, tecnologias como o CPAP, dispositivos orais e, em casos mais severos, cirurgias para corrigir defeitos estruturais podem ser indicadas. Consultar um m\u00e9dico especialista em sono \u00e9 essencial para avalia\u00e7\u00e3o detalhada, diagn\u00f3stico preciso e escolha do tratamento mais adequado.<\/p>\n\n\n<a href=\"https:\/\/www.instagram.com\/dra.annaluisabf\/\" target=\"_blank\" rel=\"noopener\" style=\"text-decoration: none; color: inherit;\">\n    <span style=\"display: inline-block; border: 1px solid #ccc; border-radius: 10px; padding: 15px; max-width: 550px; font-family: sans-serif; box-shadow: 0 2px 5px rgba(0,0,0,0.1); width: 100%;\">\n\n      <!-- T\u00edtulo -->\n      <span style=\"display: block; margin: 0 0 15px 0; font-weight: bold; color: #2c3e50; text-align: center;\">\n        Entre em contato:\n      <\/span>\n\n      <!-- Linha do perfil -->\n      <span style=\"display: flex; align-items: center; gap: 15px;\">\n        <img decoding=\"async\"\n          src=\"https:\/\/www.correiobraziliense.com.br\/cbradar\/wp-content\/uploads\/2025\/08\/dra_anna_luisa.jpeg\"\n          alt=\"Foto da Dra. Anna Lu\u00edsa\"\n          style=\"border-radius: 50%; width: 80px; height: 80px; object-fit: cover;\"\n        \/>\n        <span style=\"display: flex; flex-direction: column;\">\n          <span style=\"font-size: 18px; font-weight: 700; color: #2c3e50;\">Dra. Anna Lu\u00edsa Barbosa Fernandes<\/span>\n          <span style=\"color: #555;\">CRM-GO 33.271<\/span>\n        <\/span>\n      <\/span>\n\n      <!-- Redes -->\n      <span style=\"display: flex; align-items: center; gap: 10px; margin-top: 12px;\">\n        <img decoding=\"async\" src=\"https:\/\/cdn-icons-png.flaticon.com\/24\/1384\/1384063.png\" alt=\"Instagram\" width=\"24\" height=\"24\" \/>\n        <span style=\"text-decoration: underline; color: #2c3e50;\">@dra.annaluisabf<\/span>\n      <\/span>\n\n    <\/span>\n  <\/a>","protected":false},"excerpt":{"rendered":"<p>O som do ronco, geralmente considerado um inc\u00f4modo noturno comum, pode indicar quest\u00f5es de sa\u00fade que v\u00e3o al\u00e9m de uma noite de sono perturbada, pois ocorre quando a passagem do ar pelas vias respirat\u00f3rias est\u00e1 parcialmente obstru\u00edda durante o sono, o que pode sinalizar condi\u00e7\u00f5es como a apneia obstrutiva do sono e riscos aumentados de [&hellip;]<\/p>\n","protected":false},"author":14,"featured_media":42934,"comment_status":"open","ping_status":"open","sticky":false,"template":"","format":"standard","meta":{"_yoast_wpseo_focuskw":"ronco","_yoast_wpseo_title":"","_yoast_wpseo_metadesc":"Ronco pode ir al\u00e9m do inc\u00f4modo e indicar apneia ou risco cardiovascular. Descubra quando esse sinal merece aten\u00e7\u00e3o.","jnews-multi-image_gallery":[],"jnews_single_post":{"format":"standard"},"jnews_primary_category":[],"jnews_social_meta":[],"jnews_override_counter":[],"footnotes":""},"categories":[4404],"post_tag":[120,247,1318],"class_list":["post-206801","post","type-post","status-publish","format-standard","has-post-thumbnail","hentry","category-saude","tag-bem-estar","tag-qualidade-de-vida","tag-saude-2"],"yoast_head":"<!-- This site is optimized with the Yoast SEO plugin v24.6 - https:\/\/yoast.com\/wordpress\/plugins\/seo\/ -->\n<title>Ronco frequente pode revelar apneia e afetar sua sa\u00fade mais do que parece - Correio Braziliense - Radar<\/title>\n<meta name=\"description\" content=\"Ronco pode ir al\u00e9m do inc\u00f4modo e indicar apneia ou risco cardiovascular. Descubra quando esse sinal merece aten\u00e7\u00e3o.\" \/>\n<meta name=\"robots\" content=\"index, follow, max-snippet:-1, max-image-preview:large, max-video-preview:-1\" \/>\n<link rel=\"canonical\" href=\"https:\/\/www.correiobraziliense.com.br\/cbradar\/ronco-frequente-pode-revelar-apneia-e-afetar-sua-saude-mais-do-que-parece\/\" \/>\n<meta property=\"og:locale\" content=\"pt_BR\" \/>\n<meta property=\"og:type\" content=\"article\" \/>\n<meta property=\"og:title\" content=\"Ronco frequente pode revelar apneia e afetar sua sa\u00fade mais do que parece - Correio Braziliense - Radar\" \/>\n<meta property=\"og:description\" content=\"Ronco pode ir al\u00e9m do inc\u00f4modo e indicar apneia ou risco cardiovascular. Descubra quando esse sinal merece aten\u00e7\u00e3o.\" \/>\n<meta property=\"og:url\" content=\"https:\/\/www.correiobraziliense.com.br\/cbradar\/ronco-frequente-pode-revelar-apneia-e-afetar-sua-saude-mais-do-que-parece\/\" \/>\n<meta property=\"og:site_name\" content=\"Correio Braziliense - Radar\" \/>\n<meta property=\"article:published_time\" content=\"2026-03-11T18:55:00+00:00\" \/>\n<meta property=\"og:image\" content=\"https:\/\/www.correiobraziliense.com.br\/cbradar\/wp-content\/uploads\/2025\/05\/ronco_1748208937726.jpg\" \/>\n\t<meta property=\"og:image:width\" content=\"1280\" \/>\n\t<meta property=\"og:image:height\" content=\"720\" \/>\n\t<meta property=\"og:image:type\" content=\"image\/jpeg\" \/>\n<meta name=\"author\" content=\"guilherme_saude\" \/>\n<meta name=\"twitter:card\" content=\"summary_large_image\" \/>\n<meta name=\"twitter:label1\" content=\"Escrito por\" \/>\n\t<meta name=\"twitter:data1\" content=\"guilherme_saude\" \/>\n\t<meta name=\"twitter:label2\" content=\"Est. tempo de leitura\" \/>\n\t<meta name=\"twitter:data2\" content=\"5 minutos\" \/>\n<!-- \/ Yoast SEO plugin. -->","yoast_head_json":{"title":"Ronco frequente pode revelar apneia e afetar sua sa\u00fade mais do que parece - Correio Braziliense - Radar","description":"Ronco pode ir al\u00e9m do inc\u00f4modo e indicar apneia ou risco cardiovascular. Descubra quando esse sinal merece aten\u00e7\u00e3o.","robots":{"index":"index","follow":"follow","max-snippet":"max-snippet:-1","max-image-preview":"max-image-preview:large","max-video-preview":"max-video-preview:-1"},"canonical":"https:\/\/www.correiobraziliense.com.br\/cbradar\/ronco-frequente-pode-revelar-apneia-e-afetar-sua-saude-mais-do-que-parece\/","og_locale":"pt_BR","og_type":"article","og_title":"Ronco frequente pode revelar apneia e afetar sua sa\u00fade mais do que parece - Correio Braziliense - Radar","og_description":"Ronco pode ir al\u00e9m do inc\u00f4modo e indicar apneia ou risco cardiovascular. Descubra quando esse sinal merece aten\u00e7\u00e3o.","og_url":"https:\/\/www.correiobraziliense.com.br\/cbradar\/ronco-frequente-pode-revelar-apneia-e-afetar-sua-saude-mais-do-que-parece\/","og_site_name":"Correio Braziliense - Radar","article_published_time":"2026-03-11T18:55:00+00:00","og_image":[{"width":1280,"height":720,"url":"https:\/\/www.correiobraziliense.com.br\/cbradar\/wp-content\/uploads\/2025\/05\/ronco_1748208937726.jpg","type":"image\/jpeg"}],"author":"guilherme_saude","twitter_card":"summary_large_image","twitter_misc":{"Escrito por":"guilherme_saude","Est. tempo de leitura":"5 minutos"},"schema":{"@context":"https:\/\/schema.org","@graph":[{"@type":"WebPage","@id":"https:\/\/www.correiobraziliense.com.br\/cbradar\/ronco-frequente-pode-revelar-apneia-e-afetar-sua-saude-mais-do-que-parece\/","url":"https:\/\/www.correiobraziliense.com.br\/cbradar\/ronco-frequente-pode-revelar-apneia-e-afetar-sua-saude-mais-do-que-parece\/","name":"Ronco frequente pode revelar apneia e afetar sua sa\u00fade mais do que parece - Correio Braziliense - Radar","isPartOf":{"@id":"https:\/\/www.correiobraziliense.com.br\/cbradar\/#website"},"primaryImageOfPage":{"@id":"https:\/\/www.correiobraziliense.com.br\/cbradar\/ronco-frequente-pode-revelar-apneia-e-afetar-sua-saude-mais-do-que-parece\/#primaryimage"},"image":{"@id":"https:\/\/www.correiobraziliense.com.br\/cbradar\/ronco-frequente-pode-revelar-apneia-e-afetar-sua-saude-mais-do-que-parece\/#primaryimage"},"thumbnailUrl":"https:\/\/www.correiobraziliense.com.br\/cbradar\/wp-content\/uploads\/2025\/05\/ronco_1748208937726.jpg","datePublished":"2026-03-11T18:55:00+00:00","author":{"@id":"https:\/\/www.correiobraziliense.com.br\/cbradar\/#\/schema\/person\/5aa4bf3c8fa699c267933611de12978b"},"description":"Ronco pode ir al\u00e9m do inc\u00f4modo e indicar apneia ou risco cardiovascular. Descubra quando esse sinal merece aten\u00e7\u00e3o.","breadcrumb":{"@id":"https:\/\/www.correiobraziliense.com.br\/cbradar\/ronco-frequente-pode-revelar-apneia-e-afetar-sua-saude-mais-do-que-parece\/#breadcrumb"},"inLanguage":"pt-BR","potentialAction":[{"@type":"ReadAction","target":["https:\/\/www.correiobraziliense.com.br\/cbradar\/ronco-frequente-pode-revelar-apneia-e-afetar-sua-saude-mais-do-que-parece\/"]}]},{"@type":"ImageObject","inLanguage":"pt-BR","@id":"https:\/\/www.correiobraziliense.com.br\/cbradar\/ronco-frequente-pode-revelar-apneia-e-afetar-sua-saude-mais-do-que-parece\/#primaryimage","url":"https:\/\/www.correiobraziliense.com.br\/cbradar\/wp-content\/uploads\/2025\/05\/ronco_1748208937726.jpg","contentUrl":"https:\/\/www.correiobraziliense.com.br\/cbradar\/wp-content\/uploads\/2025\/05\/ronco_1748208937726.jpg","width":1280,"height":720,"caption":"o erro comum que faz voc\u00ea roncar mais e nem percebe - Cr\u00e9ditos: depositphotos.com \/ AndrewLozovyi"},{"@type":"BreadcrumbList","@id":"https:\/\/www.correiobraziliense.com.br\/cbradar\/ronco-frequente-pode-revelar-apneia-e-afetar-sua-saude-mais-do-que-parece\/#breadcrumb","itemListElement":[{"@type":"ListItem","position":1,"name":"In\u00edcio","item":"https:\/\/www.correiobraziliense.com.br\/cbradar\/"},{"@type":"ListItem","position":2,"name":"Ronco frequente pode revelar apneia e afetar sua sa\u00fade mais do que parece"}]},{"@type":"WebSite","@id":"https:\/\/www.correiobraziliense.com.br\/cbradar\/#website","url":"https:\/\/www.correiobraziliense.com.br\/cbradar\/","name":"Correio Braziliense - Radar","description":"Acompanhe as \u00faltimas not\u00edcias e fique bem informado sobre tudo o que acontece no Brasil e no mundo.","potentialAction":[{"@type":"SearchAction","target":{"@type":"EntryPoint","urlTemplate":"https:\/\/www.correiobraziliense.com.br\/cbradar\/?s={search_term_string}"},"query-input":{"@type":"PropertyValueSpecification","valueRequired":true,"valueName":"search_term_string"}}],"inLanguage":"pt-BR"},{"@type":"Person","@id":"https:\/\/www.correiobraziliense.com.br\/cbradar\/#\/schema\/person\/5aa4bf3c8fa699c267933611de12978b","name":"guilherme_saude","image":{"@type":"ImageObject","inLanguage":"pt-BR","@id":"https:\/\/www.correiobraziliense.com.br\/cbradar\/#\/schema\/person\/image\/","url":"https:\/\/secure.gravatar.com\/avatar\/df9adfb835d344bc0af109d41756253f?s=96&d=mm&r=g","contentUrl":"https:\/\/secure.gravatar.com\/avatar\/df9adfb835d344bc0af109d41756253f?s=96&d=mm&r=g","caption":"guilherme_saude"},"url":"https:\/\/www.correiobraziliense.com.br\/cbradar\/author\/guilherme_saude\/"}]}},"_links":{"self":[{"href":"https:\/\/www.correiobraziliense.com.br\/cbradar\/wp-json\/wp\/v2\/posts\/206801","targetHints":{"allow":["GET"]}}],"collection":[{"href":"https:\/\/www.correiobraziliense.com.br\/cbradar\/wp-json\/wp\/v2\/posts"}],"about":[{"href":"https:\/\/www.correiobraziliense.com.br\/cbradar\/wp-json\/wp\/v2\/types\/post"}],"author":[{"embeddable":true,"href":"https:\/\/www.correiobraziliense.com.br\/cbradar\/wp-json\/wp\/v2\/users\/14"}],"replies":[{"embeddable":true,"href":"https:\/\/www.correiobraziliense.com.br\/cbradar\/wp-json\/wp\/v2\/comments?post=206801"}],"version-history":[{"count":1,"href":"https:\/\/www.correiobraziliense.com.br\/cbradar\/wp-json\/wp\/v2\/posts\/206801\/revisions"}],"predecessor-version":[{"id":206802,"href":"https:\/\/www.correiobraziliense.com.br\/cbradar\/wp-json\/wp\/v2\/posts\/206801\/revisions\/206802"}],"wp:featuredmedia":[{"embeddable":true,"href":"https:\/\/www.correiobraziliense.com.br\/cbradar\/wp-json\/wp\/v2\/media\/42934"}],"wp:attachment":[{"href":"https:\/\/www.correiobraziliense.com.br\/cbradar\/wp-json\/wp\/v2\/media?parent=206801"}],"wp:term":[{"taxonomy":"category","embeddable":true,"href":"https:\/\/www.correiobraziliense.com.br\/cbradar\/wp-json\/wp\/v2\/categories?post=206801"},{"taxonomy":"post_tag","embeddable":true,"href":"https:\/\/www.correiobraziliense.com.br\/cbradar\/wp-json\/wp\/v2\/post_tag?post=206801"}],"curies":[{"name":"wp","href":"https:\/\/api.w.org\/{rel}","templated":true}]}}