{"id":206806,"date":"2026-03-11T18:25:00","date_gmt":"2026-03-11T21:25:00","guid":{"rendered":"https:\/\/www.correiobraziliense.com.br\/cbradar\/?p=206806"},"modified":"2026-03-11T09:40:31","modified_gmt":"2026-03-11T12:40:31","slug":"o-laticinio-menos-comum-que-pode-ajudar-o-intestino-e-proteger-os-ossos","status":"publish","type":"post","link":"https:\/\/www.correiobraziliense.com.br\/cbradar\/o-laticinio-menos-comum-que-pode-ajudar-o-intestino-e-proteger-os-ossos\/","title":{"rendered":"O latic\u00ednio menos comum que pode ajudar o intestino e proteger os ossos"},"content":{"rendered":"\n<p>Entre as diversas alternativas alimentares buscadas por quem procura melhorar a digest\u00e3o e aumentar a ingest\u00e3o de nutrientes, o iogurte de leite de cabra vem se destacando. Esse produto, que se diferencia dos latic\u00ednios tradicionais, oferece um perfil nutricional que pode beneficiar aqueles que enfrentam dificuldades com o leite de vaca, favorece o sistema digestivo e contribui para a <a href=\"https:\/\/www.correiobraziliense.com.br\/cbradar\/?p=205652&amp;preview=true\" target=\"_blank\" rel=\"noreferrer noopener\">sa\u00fade <\/a>\u00f3ssea em diferentes faixas et\u00e1rias.<\/p>\n\n\n\n<h2 class=\"wp-block-heading\">O que torna o iogurte de leite de cabra mais digest\u00edvel?<\/h2>\n\n\n\n<p>O iogurte feito de leite de cabra \u00e9 conhecido pela digest\u00e3o mais f\u00e1cil, em compara\u00e7\u00e3o ao leite de vaca. Isso se deve, principalmente, aos gl\u00f3bulos de gordura menores e \u00e0 presen\u00e7a reduzida de lactose, o que favorece pessoas com leve intoler\u00e2ncia.<\/p>\n\n\n\n<p>Al\u00e9m disso, o leite de cabra apresenta menor quantidade de alfa-s1 case\u00edna, prote\u00edna comumente associada a alergias relacionadas ao leite de vaca. Ainda assim, quem tem alergia severa a prote\u00ednas do leite deve avaliar o consumo com orienta\u00e7\u00e3o profissional.<\/p>\n\n\n\n<p>Para compreender melhor os poss\u00edveis benef\u00edcios do <strong>leite de cabra<\/strong>, assista ao v\u00eddeo a seguir, no qual a pediatra <strong>Dra. Ana Escobar<\/strong> explica o assunto de forma clara e did\u00e1tica no canal respons\u00e1vel pelo conte\u00fado.<\/p>\n\n\n\n<iframe loading=\"lazy\" width=\"1396\" height=\"785\" src=\"https:\/\/www.youtube.com\/embed\/63VeWUn9MgY\" title=\"Benef\u00edcios do leite de cabra\" frameborder=\"0\" allow=\"accelerometer; autoplay; clipboard-write; encrypted-media; gyroscope; picture-in-picture; web-share\" referrerpolicy=\"strict-origin-when-cross-origin\" allowfullscreen><\/iframe>\n\n\n\n<h2 class=\"wp-block-heading\">Como a ci\u00eancia apoia o consumo das prote\u00ednas do leite de cabra?<\/h2>\n\n\n\n<p>Estudos cient\u00edficos refor\u00e7am o valor nutricional das prote\u00ednas do leite de cabra, apontando propriedades anti-inflamat\u00f3rias e antioxidantes. Pesquisas tamb\u00e9m destacam melhor biodisponibilidade de minerais como zinco e sel\u00eanio, importantes na modula\u00e7\u00e3o do sistema imune.<\/p>\n\n\n\n<p>Esse perfil nutricional pode auxiliar na preven\u00e7\u00e3o de defici\u00eancias e na recupera\u00e7\u00e3o de pessoas em fases de maior demanda, como crescimento, pr\u00e1tica esportiva intensa ou convalescen\u00e7a, sempre como parte de uma alimenta\u00e7\u00e3o equilibrada.<\/p>\n\n\n<div class=\"wp-block-image\">\n<figure class=\"aligncenter size-full\"><img decoding=\"async\" width=\"1280\" height=\"720\" src=\"https:\/\/www.correiobraziliense.com.br\/cbradar\/wp-content\/uploads\/2026\/03\/leite-de-cabra_1773232798565.jpg\" alt=\"\" class=\"wp-image-206808\" srcset=\"https:\/\/www.correiobraziliense.com.br\/cbradar\/wp-content\/uploads\/2026\/03\/leite-de-cabra_1773232798565.jpg 1280w, https:\/\/www.correiobraziliense.com.br\/cbradar\/wp-content\/uploads\/2026\/03\/leite-de-cabra_1773232798565-300x169.jpg 300w, https:\/\/www.correiobraziliense.com.br\/cbradar\/wp-content\/uploads\/2026\/03\/leite-de-cabra_1773232798565-768x432.jpg 768w, https:\/\/www.correiobraziliense.com.br\/cbradar\/wp-content\/uploads\/2026\/03\/leite-de-cabra_1773232798565-750x422.jpg 750w, https:\/\/www.correiobraziliense.com.br\/cbradar\/wp-content\/uploads\/2026\/03\/leite-de-cabra_1773232798565-1140x641.jpg 1140w\" sizes=\"(max-width: 1280px) 100vw, 1280px\" \/><figcaption class=\"wp-element-caption\">A op\u00e7\u00e3o nutritiva que pode ser mais leve para o intestino e boa para os ossos &#8211; Cr\u00e9ditos: depositphotos.com \/ SashaKhalabuzar<\/figcaption><\/figure><\/div>\n\n\n<h2 class=\"wp-block-heading\">Principais componentes nutritivos do iogurte de leite de cabra?<\/h2>\n\n\n\n<p>O iogurte de leite de cabra re\u00fane nutrientes relevantes para a sa\u00fade digestiva, \u00f3ssea e metab\u00f3lica. Ele pode complementar a dieta di\u00e1ria, sobretudo quando h\u00e1 baixa ingest\u00e3o de latic\u00ednios ou necessidades aumentadas de c\u00e1lcio e prote\u00ednas.<\/p>\n\n\n\n<style>\n  .make-wrap{\n    max-width: 760px;\n    margin: 26px auto;\n    padding: 18px;\n    border-radius: 18px;\n    background: linear-gradient(135deg,#fff7fb 0%,#f6f2ff 100%);\n    border: 1px solid #f7d4ea;\n    box-shadow: 0 8px 20px rgba(236,72,153,.12);\n    font-family: system-ui, -apple-system, Segoe UI, Roboto, Helvetica, Arial, sans-serif;\n  }\n\n  .make-title{\n    display:flex; \n    align-items:center; \n    gap:10px;\n    margin:0 0 12px 4px;\n    font-size:1.2rem; \n    font-weight:900; \n    color:#9d174d;\n  }\n\n  .make-table{\n    width:100%;\n    border-collapse:separate;\n    border-spacing:0;\n    overflow:hidden;\n    border-radius:16px;\n    border:1px solid #f7d4ea;\n    background:#fff;\n    font-size:.92rem;\n  }\n\n  .make-table thead th{\n    background:linear-gradient(90deg,#fde7f3 0%,#f8e9ff 100%);\n    padding:12px;\n    color:#7a1e63;\n    font-weight:800;\n    text-align:left;\n    border-bottom:1px solid #f7d4ea;\n  }\n\n  .make-table tbody td{\n    padding:12px;\n    color:#374151;\n    vertical-align:top;\n    border-bottom:1px dashed #f7d4ea;\n  }\n\n  .make-table tbody tr:nth-child(odd){\n    background:#fffaff;\n  }\n\n  .price{\n    display:inline-flex;\n    align-items:center;\n    background:#fff7ed;\n    color:#b45309;\n    padding:6px 10px;\n    border-radius:10px;\n    border:1px solid #fed7aa;\n    font-weight:700;\n    white-space:nowrap;\n  }\n\n  .badge{\n    display:inline-block;\n    background:#fde7f3;\n    color:#c026d3;\n    border:1px solid #fecdd3;\n    padding:4px 10px;\n    border-radius:999px;\n    font-weight:700;\n    font-size:.78rem;\n  }\n\n  @media (max-width:720px){\n    .make-table thead{display:none}\n    .make-table, .make-table tbody, .make-table tr, .make-table td{\n      display:block; \n      width:100%;\n    }\n    .make-table tr{\n      margin-bottom:12px;\n      border:1px solid #f7d4ea;\n      border-radius:14px;\n      overflow:hidden;\n      background:#fff;\n    }\n    .make-table td[data-label]:before{\n      content:attr(data-label);\n      display:block;\n      font-weight:800;\n      color:#7a1e63;\n      margin-bottom:4px;\n    }\n    .make-table tbody td:last-child{border-bottom:none}\n  }\n<\/style>\n\n<div class=\"make-wrap\">\n  <h3 class=\"make-title\">\ud83e\uddec\u2728 Nutrientes importantes para o organismo<\/h3>\n\n  <table class=\"make-table\">\n    <thead>\n      <tr>\n        <th>Componente<\/th>\n        <th>Fun\u00e7\u00e3o no organismo<\/th>\n      <\/tr>\n    <\/thead>\n    <tbody>\n      <tr>\n        <td data-label=\"Componente\">Probi\u00f3ticos<\/td>\n        <td data-label=\"Fun\u00e7\u00e3o no organismo\">Cepas bacterianas que colaboram com o equil\u00edbrio da flora intestinal.<\/td>\n      <\/tr>\n      <tr>\n        <td data-label=\"Componente\">C\u00e1lcio e f\u00f3sforo<\/td>\n        <td data-label=\"Fun\u00e7\u00e3o no organismo\">Minerais essenciais para manuten\u00e7\u00e3o e forma\u00e7\u00e3o dos ossos.<\/td>\n      <\/tr>\n      <tr>\n        <td data-label=\"Componente\">Vitamina K2<\/td>\n        <td data-label=\"Fun\u00e7\u00e3o no organismo\">Importante na correta utiliza\u00e7\u00e3o e distribui\u00e7\u00e3o do c\u00e1lcio no organismo.<\/td>\n      <\/tr>\n      <tr>\n        <td data-label=\"Componente\">\u00c1cidos graxos de cadeia m\u00e9dia<\/td>\n        <td data-label=\"Fun\u00e7\u00e3o no organismo\">Fornecem energia r\u00e1pida e auxiliam no metabolismo dos lip\u00eddios.<\/td>\n      <\/tr>\n    <\/tbody>\n  <\/table>\n\n  <p style=\"margin-top:14px; color:#6b7280; font-size:.9rem;\">\n    \ud83d\udca1 <strong>Dica:<\/strong> Nutrientes diferentes atuam em conjunto para manter o equil\u00edbrio e o bom funcionamento do organismo.\n  <\/p>\n<\/div>\n\n\n\n\n<h2 class=\"wp-block-heading\">Quais as formas de incluir o iogurte de leite de cabra na dieta?<\/h2>\n\n\n\n<p>Incorporar o iogurte de leite de cabra \u00e0 rotina alimentar \u00e9 simples e permite variar sabores e texturas. Ele pode entrar em prepara\u00e7\u00f5es doces ou salgadas, substituindo outros latic\u00ednios em diferentes refei\u00e7\u00f5es do dia.<\/p>\n\n\n\n<style>\n  .make-wrap{\n    max-width: 760px;\n    margin: 26px auto;\n    padding: 18px;\n    border-radius: 18px;\n    background: linear-gradient(135deg,#fff7fb 0%,#f6f2ff 100%);\n    border: 1px solid #f7d4ea;\n    box-shadow: 0 8px 20px rgba(236,72,153,.12);\n    font-family: system-ui, -apple-system, Segoe UI, Roboto, Helvetica, Arial, sans-serif;\n  }\n\n  .make-title{\n    display:flex; \n    align-items:center; \n    gap:10px;\n    margin:0 0 12px 4px;\n    font-size:1.2rem; \n    font-weight:900; \n    color:#9d174d;\n  }\n\n  .make-table{\n    width:100%;\n    border-collapse:separate;\n    border-spacing:0;\n    overflow:hidden;\n    border-radius:16px;\n    border:1px solid #f7d4ea;\n    background:#fff;\n    font-size:.92rem;\n  }\n\n  .make-table thead th{\n    background:linear-gradient(90deg,#fde7f3 0%,#f8e9ff 100%);\n    padding:12px;\n    color:#7a1e63;\n    font-weight:800;\n    text-align:left;\n    border-bottom:1px solid #f7d4ea;\n  }\n\n  .make-table tbody td{\n    padding:12px;\n    color:#374151;\n    vertical-align:top;\n    border-bottom:1px dashed #f7d4ea;\n  }\n\n  .make-table tbody tr:nth-child(odd){\n    background:#fffaff;\n  }\n\n  .price{\n    display:inline-flex;\n    align-items:center;\n    background:#fff7ed;\n    color:#b45309;\n    padding:6px 10px;\n    border-radius:10px;\n    border:1px solid #fed7aa;\n    font-weight:700;\n    white-space:nowrap;\n  }\n\n  .badge{\n    display:inline-block;\n    background:#fde7f3;\n    color:#c026d3;\n    border:1px solid #fecdd3;\n    padding:4px 10px;\n    border-radius:999px;\n    font-weight:700;\n    font-size:.78rem;\n  }\n\n  @media (max-width:720px){\n    .make-table thead{display:none}\n    .make-table, .make-table tbody, .make-table tr, .make-table td{\n      display:block; \n      width:100%;\n    }\n    .make-table tr{\n      margin-bottom:12px;\n      border:1px solid #f7d4ea;\n      border-radius:14px;\n      overflow:hidden;\n      background:#fff;\n    }\n    .make-table td[data-label]:before{\n      content:attr(data-label);\n      display:block;\n      font-weight:800;\n      color:#7a1e63;\n      margin-bottom:4px;\n    }\n    .make-table tbody td:last-child{border-bottom:none}\n  }\n<\/style>\n\n<div class=\"make-wrap\">\n  <h3 class=\"make-title\">\ud83e\udd63\u2728 Formas pr\u00e1ticas de consumir iogurte<\/h3>\n\n  <table class=\"make-table\">\n    <thead>\n      <tr>\n        <th>Momento ou uso<\/th>\n        <th>Como consumir<\/th>\n      <\/tr>\n    <\/thead>\n    <tbody>\n      <tr>\n        <td data-label=\"Momento ou uso\">Caf\u00e9 da manh\u00e3<\/td>\n        <td data-label=\"Como consumir\">Ao amanhecer, com frutas frescas e cereais integrais.<\/td>\n      <\/tr>\n      <tr>\n        <td data-label=\"Momento ou uso\">Receitas<\/td>\n        <td data-label=\"Como consumir\">Como base cremosa em receitas de molhos, pat\u00eas e sobremesas.<\/td>\n      <\/tr>\n      <tr>\n        <td data-label=\"Momento ou uso\">P\u00f3s-treino<\/td>\n        <td data-label=\"Como consumir\">Em combina\u00e7\u00f5es com vitaminas e shakes nutritivos p\u00f3s-treino.<\/td>\n      <\/tr>\n      <tr>\n        <td data-label=\"Momento ou uso\">Lanche r\u00e1pido<\/td>\n        <td data-label=\"Como consumir\">Puro, como op\u00e7\u00e3o pr\u00e1tica de lanche entre as principais refei\u00e7\u00f5es.<\/td>\n      <\/tr>\n    <\/tbody>\n  <\/table>\n\n  <p style=\"margin-top:14px; color:#6b7280; font-size:.9rem;\">\n    \ud83d\udca1 <strong>Dica:<\/strong> O iogurte \u00e9 vers\u00e1til e pode ser inclu\u00eddo em diferentes momentos do dia para enriquecer a alimenta\u00e7\u00e3o.\n  <\/p>\n<\/div>\n\n\n\n\n<h2 class=\"wp-block-heading\">O que saber antes de escolher o iogurte de leite de cabra?<\/h2>\n\n\n\n<p>Apesar dos benef\u00edcios, o iogurte de leite de cabra n\u00e3o \u00e9 adequado para todos. Pessoas com alergia a prote\u00ednas do leite devem ter cautela, e quem possui restri\u00e7\u00f5es espec\u00edficas precisa de avalia\u00e7\u00e3o individualizada, de prefer\u00eancia com nutricionista ou m\u00e9dico.<\/p>\n\n\n\n<p>O sabor caracter\u00edstico do iogurte caprino pode exigir um per\u00edodo de adapta\u00e7\u00e3o, come\u00e7ando por pequenas quantidades e diferentes combina\u00e7\u00f5es. Tamb\u00e9m \u00e9 importante observar a lista de ingredientes, priorizando vers\u00f5es com pouco a\u00e7\u00facar adicionado e menor uso de aditivos.<\/p>\n\n\n<a href=\"https:\/\/www.instagram.com\/dra.annaluisabf\/\" target=\"_blank\" rel=\"noopener\" style=\"text-decoration: none; color: inherit;\">\n    <span style=\"display: inline-block; border: 1px solid #ccc; border-radius: 10px; padding: 15px; max-width: 550px; font-family: sans-serif; box-shadow: 0 2px 5px rgba(0,0,0,0.1); width: 100%;\">\n\n      <!-- T\u00edtulo -->\n      <span style=\"display: block; margin: 0 0 15px 0; font-weight: bold; color: #2c3e50; text-align: center;\">\n        Entre em contato:\n      <\/span>\n\n      <!-- Linha do perfil -->\n      <span style=\"display: flex; align-items: center; gap: 15px;\">\n        <img decoding=\"async\"\n          src=\"https:\/\/www.correiobraziliense.com.br\/cbradar\/wp-content\/uploads\/2025\/08\/dra_anna_luisa.jpeg\"\n          alt=\"Foto da Dra. Anna Lu\u00edsa\"\n          style=\"border-radius: 50%; width: 80px; height: 80px; object-fit: cover;\"\n        \/>\n        <span style=\"display: flex; flex-direction: column;\">\n          <span style=\"font-size: 18px; font-weight: 700; color: #2c3e50;\">Dra. Anna Lu\u00edsa Barbosa Fernandes<\/span>\n          <span style=\"color: #555;\">CRM-GO 33.271<\/span>\n        <\/span>\n      <\/span>\n\n      <!-- Redes -->\n      <span style=\"display: flex; align-items: center; gap: 10px; margin-top: 12px;\">\n        <img decoding=\"async\" src=\"https:\/\/cdn-icons-png.flaticon.com\/24\/1384\/1384063.png\" alt=\"Instagram\" width=\"24\" height=\"24\" \/>\n        <span style=\"text-decoration: underline; color: #2c3e50;\">@dra.annaluisabf<\/span>\n      <\/span>\n\n    <\/span>\n  <\/a>","protected":false},"excerpt":{"rendered":"<p>Entre as diversas alternativas alimentares buscadas por quem procura melhorar a digest\u00e3o e aumentar a ingest\u00e3o de nutrientes, o iogurte de leite de cabra vem se destacando. Esse produto, que se diferencia dos latic\u00ednios tradicionais, oferece um perfil nutricional que pode beneficiar aqueles que enfrentam dificuldades com o leite de vaca, favorece o sistema digestivo [&hellip;]<\/p>\n","protected":false},"author":14,"featured_media":206807,"comment_status":"open","ping_status":"open","sticky":false,"template":"","format":"standard","meta":{"_yoast_wpseo_focuskw":"Iogurte de cabra","_yoast_wpseo_title":"","_yoast_wpseo_metadesc":"Iogurte de cabra pode ajudar na digest\u00e3o e na sa\u00fade dos ossos. Descubra por que ele vem ganhando tanto destaque.","jnews-multi-image_gallery":[],"jnews_single_post":{"format":"standard"},"jnews_primary_category":[],"jnews_social_meta":[],"jnews_override_counter":[],"footnotes":""},"categories":[4404],"tags":[1423,120,247,1318],"class_list":["post-206806","post","type-post","status-publish","format-standard","has-post-thumbnail","hentry","category-saude","tag-alimentos","tag-bem-estar","tag-qualidade-de-vida","tag-saude-2"],"yoast_head":"<!-- This site is optimized with the Yoast SEO plugin v24.6 - https:\/\/yoast.com\/wordpress\/plugins\/seo\/ -->\n<title>O latic\u00ednio menos comum que pode ajudar o intestino e proteger os ossos - Correio Braziliense - Radar<\/title>\n<meta name=\"description\" content=\"Iogurte de cabra pode ajudar na digest\u00e3o e na sa\u00fade dos ossos. Descubra por que ele vem ganhando tanto destaque.\" \/>\n<meta name=\"robots\" content=\"index, follow, max-snippet:-1, max-image-preview:large, max-video-preview:-1\" \/>\n<link rel=\"canonical\" href=\"https:\/\/www.correiobraziliense.com.br\/cbradar\/o-laticinio-menos-comum-que-pode-ajudar-o-intestino-e-proteger-os-ossos\/\" \/>\n<meta property=\"og:locale\" content=\"pt_BR\" \/>\n<meta property=\"og:type\" content=\"article\" \/>\n<meta property=\"og:title\" content=\"O latic\u00ednio menos comum que pode ajudar o intestino e proteger os ossos - Correio Braziliense - Radar\" \/>\n<meta property=\"og:description\" content=\"Iogurte de cabra pode ajudar na digest\u00e3o e na sa\u00fade dos ossos. Descubra por que ele vem ganhando tanto destaque.\" \/>\n<meta property=\"og:url\" content=\"https:\/\/www.correiobraziliense.com.br\/cbradar\/o-laticinio-menos-comum-que-pode-ajudar-o-intestino-e-proteger-os-ossos\/\" \/>\n<meta property=\"og:site_name\" content=\"Correio Braziliense - Radar\" \/>\n<meta property=\"article:published_time\" content=\"2026-03-11T21:25:00+00:00\" \/>\n<meta property=\"og:image\" content=\"https:\/\/www.correiobraziliense.com.br\/cbradar\/wp-content\/uploads\/2026\/03\/leite-de-cabra_1773232747191.jpg\" \/>\n\t<meta property=\"og:image:width\" content=\"1280\" \/>\n\t<meta property=\"og:image:height\" content=\"720\" \/>\n\t<meta property=\"og:image:type\" content=\"image\/jpeg\" \/>\n<meta name=\"author\" content=\"guilherme_saude\" \/>\n<meta name=\"twitter:card\" content=\"summary_large_image\" \/>\n<meta name=\"twitter:label1\" content=\"Escrito por\" \/>\n\t<meta name=\"twitter:data1\" content=\"guilherme_saude\" \/>\n\t<meta name=\"twitter:label2\" content=\"Est. tempo de leitura\" \/>\n\t<meta name=\"twitter:data2\" content=\"5 minutos\" \/>\n<!-- \/ Yoast SEO plugin. -->","yoast_head_json":{"title":"O latic\u00ednio menos comum que pode ajudar o intestino e proteger os ossos - Correio Braziliense - Radar","description":"Iogurte de cabra pode ajudar na digest\u00e3o e na sa\u00fade dos ossos. Descubra por que ele vem ganhando tanto destaque.","robots":{"index":"index","follow":"follow","max-snippet":"max-snippet:-1","max-image-preview":"max-image-preview:large","max-video-preview":"max-video-preview:-1"},"canonical":"https:\/\/www.correiobraziliense.com.br\/cbradar\/o-laticinio-menos-comum-que-pode-ajudar-o-intestino-e-proteger-os-ossos\/","og_locale":"pt_BR","og_type":"article","og_title":"O latic\u00ednio menos comum que pode ajudar o intestino e proteger os ossos - Correio Braziliense - Radar","og_description":"Iogurte de cabra pode ajudar na digest\u00e3o e na sa\u00fade dos ossos. Descubra por que ele vem ganhando tanto destaque.","og_url":"https:\/\/www.correiobraziliense.com.br\/cbradar\/o-laticinio-menos-comum-que-pode-ajudar-o-intestino-e-proteger-os-ossos\/","og_site_name":"Correio Braziliense - Radar","article_published_time":"2026-03-11T21:25:00+00:00","og_image":[{"width":1280,"height":720,"url":"https:\/\/www.correiobraziliense.com.br\/cbradar\/wp-content\/uploads\/2026\/03\/leite-de-cabra_1773232747191.jpg","type":"image\/jpeg"}],"author":"guilherme_saude","twitter_card":"summary_large_image","twitter_misc":{"Escrito por":"guilherme_saude","Est. tempo de leitura":"5 minutos"},"schema":{"@context":"https:\/\/schema.org","@graph":[{"@type":"WebPage","@id":"https:\/\/www.correiobraziliense.com.br\/cbradar\/o-laticinio-menos-comum-que-pode-ajudar-o-intestino-e-proteger-os-ossos\/","url":"https:\/\/www.correiobraziliense.com.br\/cbradar\/o-laticinio-menos-comum-que-pode-ajudar-o-intestino-e-proteger-os-ossos\/","name":"O latic\u00ednio menos comum que pode ajudar o intestino e proteger os ossos - Correio Braziliense - Radar","isPartOf":{"@id":"https:\/\/www.correiobraziliense.com.br\/cbradar\/#website"},"primaryImageOfPage":{"@id":"https:\/\/www.correiobraziliense.com.br\/cbradar\/o-laticinio-menos-comum-que-pode-ajudar-o-intestino-e-proteger-os-ossos\/#primaryimage"},"image":{"@id":"https:\/\/www.correiobraziliense.com.br\/cbradar\/o-laticinio-menos-comum-que-pode-ajudar-o-intestino-e-proteger-os-ossos\/#primaryimage"},"thumbnailUrl":"https:\/\/www.correiobraziliense.com.br\/cbradar\/wp-content\/uploads\/2026\/03\/leite-de-cabra_1773232747191.jpg","datePublished":"2026-03-11T21:25:00+00:00","author":{"@id":"https:\/\/www.correiobraziliense.com.br\/cbradar\/#\/schema\/person\/5aa4bf3c8fa699c267933611de12978b"},"description":"Iogurte de cabra pode ajudar na digest\u00e3o e na sa\u00fade dos ossos. Descubra por que ele vem ganhando tanto destaque.","breadcrumb":{"@id":"https:\/\/www.correiobraziliense.com.br\/cbradar\/o-laticinio-menos-comum-que-pode-ajudar-o-intestino-e-proteger-os-ossos\/#breadcrumb"},"inLanguage":"pt-BR","potentialAction":[{"@type":"ReadAction","target":["https:\/\/www.correiobraziliense.com.br\/cbradar\/o-laticinio-menos-comum-que-pode-ajudar-o-intestino-e-proteger-os-ossos\/"]}]},{"@type":"ImageObject","inLanguage":"pt-BR","@id":"https:\/\/www.correiobraziliense.com.br\/cbradar\/o-laticinio-menos-comum-que-pode-ajudar-o-intestino-e-proteger-os-ossos\/#primaryimage","url":"https:\/\/www.correiobraziliense.com.br\/cbradar\/wp-content\/uploads\/2026\/03\/leite-de-cabra_1773232747191.jpg","contentUrl":"https:\/\/www.correiobraziliense.com.br\/cbradar\/wp-content\/uploads\/2026\/03\/leite-de-cabra_1773232747191.jpg","width":1280,"height":720,"caption":"leite de cabra - Cr\u00e9ditos: depositphotos.com \/ SashaKhalabuzar"},{"@type":"BreadcrumbList","@id":"https:\/\/www.correiobraziliense.com.br\/cbradar\/o-laticinio-menos-comum-que-pode-ajudar-o-intestino-e-proteger-os-ossos\/#breadcrumb","itemListElement":[{"@type":"ListItem","position":1,"name":"In\u00edcio","item":"https:\/\/www.correiobraziliense.com.br\/cbradar\/"},{"@type":"ListItem","position":2,"name":"O latic\u00ednio menos comum que pode ajudar o intestino e proteger os ossos"}]},{"@type":"WebSite","@id":"https:\/\/www.correiobraziliense.com.br\/cbradar\/#website","url":"https:\/\/www.correiobraziliense.com.br\/cbradar\/","name":"Correio Braziliense - Radar","description":"Acompanhe as \u00faltimas not\u00edcias e fique bem informado sobre tudo o que acontece no Brasil e no mundo.","potentialAction":[{"@type":"SearchAction","target":{"@type":"EntryPoint","urlTemplate":"https:\/\/www.correiobraziliense.com.br\/cbradar\/?s={search_term_string}"},"query-input":{"@type":"PropertyValueSpecification","valueRequired":true,"valueName":"search_term_string"}}],"inLanguage":"pt-BR"},{"@type":"Person","@id":"https:\/\/www.correiobraziliense.com.br\/cbradar\/#\/schema\/person\/5aa4bf3c8fa699c267933611de12978b","name":"guilherme_saude","image":{"@type":"ImageObject","inLanguage":"pt-BR","@id":"https:\/\/www.correiobraziliense.com.br\/cbradar\/#\/schema\/person\/image\/","url":"https:\/\/secure.gravatar.com\/avatar\/df9adfb835d344bc0af109d41756253f?s=96&d=mm&r=g","contentUrl":"https:\/\/secure.gravatar.com\/avatar\/df9adfb835d344bc0af109d41756253f?s=96&d=mm&r=g","caption":"guilherme_saude"},"url":"https:\/\/www.correiobraziliense.com.br\/cbradar\/author\/guilherme_saude\/"}]}},"_links":{"self":[{"href":"https:\/\/www.correiobraziliense.com.br\/cbradar\/wp-json\/wp\/v2\/posts\/206806","targetHints":{"allow":["GET"]}}],"collection":[{"href":"https:\/\/www.correiobraziliense.com.br\/cbradar\/wp-json\/wp\/v2\/posts"}],"about":[{"href":"https:\/\/www.correiobraziliense.com.br\/cbradar\/wp-json\/wp\/v2\/types\/post"}],"author":[{"embeddable":true,"href":"https:\/\/www.correiobraziliense.com.br\/cbradar\/wp-json\/wp\/v2\/users\/14"}],"replies":[{"embeddable":true,"href":"https:\/\/www.correiobraziliense.com.br\/cbradar\/wp-json\/wp\/v2\/comments?post=206806"}],"version-history":[{"count":1,"href":"https:\/\/www.correiobraziliense.com.br\/cbradar\/wp-json\/wp\/v2\/posts\/206806\/revisions"}],"predecessor-version":[{"id":206809,"href":"https:\/\/www.correiobraziliense.com.br\/cbradar\/wp-json\/wp\/v2\/posts\/206806\/revisions\/206809"}],"wp:featuredmedia":[{"embeddable":true,"href":"https:\/\/www.correiobraziliense.com.br\/cbradar\/wp-json\/wp\/v2\/media\/206807"}],"wp:attachment":[{"href":"https:\/\/www.correiobraziliense.com.br\/cbradar\/wp-json\/wp\/v2\/media?parent=206806"}],"wp:term":[{"taxonomy":"category","embeddable":true,"href":"https:\/\/www.correiobraziliense.com.br\/cbradar\/wp-json\/wp\/v2\/categories?post=206806"},{"taxonomy":"post_tag","embeddable":true,"href":"https:\/\/www.correiobraziliense.com.br\/cbradar\/wp-json\/wp\/v2\/tags?post=206806"}],"curies":[{"name":"wp","href":"https:\/\/api.w.org\/{rel}","templated":true}]}}