{"id":206811,"date":"2026-03-11T20:25:00","date_gmt":"2026-03-11T23:25:00","guid":{"rendered":"https:\/\/www.correiobraziliense.com.br\/cbradar\/?p=206811"},"modified":"2026-03-11T09:42:50","modified_gmt":"2026-03-11T12:42:50","slug":"vitamina-d-pode-fortalecer-ossos-imunidade-e-ainda-influenciar-o-humor","status":"publish","type":"post","link":"https:\/\/www.correiobraziliense.com.br\/cbradar\/vitamina-d-pode-fortalecer-ossos-imunidade-e-ainda-influenciar-o-humor\/","title":{"rendered":"Vitamina D pode fortalecer ossos, imunidade e ainda influenciar o humor"},"content":{"rendered":"\n<p>A vitamina D \u00e9 de extrema import\u00e2ncia para o corpo humano devido ao seu papel crucial na manuten\u00e7\u00e3o da sa\u00fade \u00f3ssea, no fortalecimento do sistema imunol\u00f3gico e em outros processos, como a sa\u00fade cardiovascular, o desempenho muscular e a regula\u00e7\u00e3o do humor. Ela \u00e9 majoritariamente sintetizada pelo organismo atrav\u00e9s do contato da pele com a luz solar, enquanto a menor parte \u00e9 adquirida por meio da dieta ou suplementa\u00e7\u00e3o, sendo essencial manter n\u00edveis adequados para evitar riscos tanto da car\u00eancia quanto do excesso.<\/p>\n\n\n\n<h2 class=\"wp-block-heading\">Qual \u00e9 a import\u00e2ncia da vitamina D para o organismo?<\/h2>\n\n\n\n<p>Al\u00e9m da sa\u00fade dos ossos, a vitamina D facilita a absor\u00e7\u00e3o de c\u00e1lcio e f\u00f3sforo, essenciais para a fortifica\u00e7\u00e3o dos ossos e dentes. Tamb\u00e9m possui papel significativo na imunidade, ajudando o corpo a defender-se de infec\u00e7\u00f5es e podendo influenciar o risco de doen\u00e7as autoimunes.<\/p>\n\n\n\n<p>Pesquisas recentes sugerem que a vitamina D est\u00e1 associada \u00e0 sa\u00fade cardiovascular e ao desempenho muscular, al\u00e9m de participar da regula\u00e7\u00e3o do humor. Manter bons n\u00edveis desse nutriente contribui para a preven\u00e7\u00e3o de fraturas, melhora da fun\u00e7\u00e3o muscular e poss\u00edvel redu\u00e7\u00e3o de inflama\u00e7\u00f5es cr\u00f4nicas.<\/p>\n\n\n\n<p>Para compreender melhor qual \u00e9 a verdadeira fun\u00e7\u00e3o da <strong>vitamina D<\/strong> no organismo, assista ao v\u00eddeo a seguir, no qual o especialista explica o assunto de forma clara e did\u00e1tica no canal <strong>Cl\u00ednica Higashi<\/strong>.<\/p>\n\n\n\n<iframe loading=\"lazy\" width=\"1396\" height=\"785\" src=\"https:\/\/www.youtube.com\/embed\/quuav6eT48c\" title=\"Qual a verdadeira fun\u00e7\u00e3o da vitamina D no nosso organismo?\" frameborder=\"0\" allow=\"accelerometer; autoplay; clipboard-write; encrypted-media; gyroscope; picture-in-picture; web-share\" referrerpolicy=\"strict-origin-when-cross-origin\" allowfullscreen><\/iframe>\n\n\n\n<h2 class=\"wp-block-heading\">Quais s\u00e3o as recomenda\u00e7\u00f5es di\u00e1rias de vitamina D?<\/h2>\n\n\n\n<p>As recomenda\u00e7\u00f5es di\u00e1rias de vitamina D variam conforme a idade e condi\u00e7\u00f5es espec\u00edficas. Em geral, beb\u00eas, crian\u00e7as, adolescentes, adultos, gestantes e lactantes necessitam de doses que garantam crescimento adequado, ossos fortes e um sistema imunol\u00f3gico equilibrado, devendo-se sempre considerar orienta\u00e7\u00e3o profissional.<\/p>\n\n\n\n<p>No caso dos idosos, especialmente acima de 70 anos, a necessidade aumenta por conta da menor s\u00edntese cut\u00e2nea. Em adultos, consumos di\u00e1rios acima de 4.000 UI s\u00f3 devem ocorrer sob supervis\u00e3o m\u00e9dica, pois o excesso pode causar hipercalcemia, n\u00e1useas, arritmias e complica\u00e7\u00f5es renais.<\/p>\n\n\n\n<figure class=\"wp-block-image size-large\"><img decoding=\"async\" width=\"1024\" height=\"576\" src=\"https:\/\/www.correiobraziliense.com.br\/cbradar\/wp-content\/uploads\/2025\/07\/vitamina-d_1753893836889-1024x576.jpg\" alt=\"\" class=\"wp-image-78066\" srcset=\"https:\/\/www.correiobraziliense.com.br\/cbradar\/wp-content\/uploads\/2025\/07\/vitamina-d_1753893836889-1024x576.jpg 1024w, https:\/\/www.correiobraziliense.com.br\/cbradar\/wp-content\/uploads\/2025\/07\/vitamina-d_1753893836889-300x169.jpg 300w, https:\/\/www.correiobraziliense.com.br\/cbradar\/wp-content\/uploads\/2025\/07\/vitamina-d_1753893836889-768x432.jpg 768w, https:\/\/www.correiobraziliense.com.br\/cbradar\/wp-content\/uploads\/2025\/07\/vitamina-d_1753893836889-750x422.jpg 750w, https:\/\/www.correiobraziliense.com.br\/cbradar\/wp-content\/uploads\/2025\/07\/vitamina-d_1753893836889-1140x641.jpg 1140w, https:\/\/www.correiobraziliense.com.br\/cbradar\/wp-content\/uploads\/2025\/07\/vitamina-d_1753893836889.jpg 1280w\" sizes=\"(max-width: 1024px) 100vw, 1024px\" \/><figcaption class=\"wp-element-caption\">Como obter vitamina D mesmo com pouco sol &#8211; Cr\u00e9ditos: depositphotos.com \/ elena.hramova<\/figcaption><\/figure>\n\n\n\n<h2 class=\"wp-block-heading\">Quem precisa de aten\u00e7\u00e3o especial em rela\u00e7\u00e3o \u00e0 vitamina D?<\/h2>\n\n\n\n<p>Certos grupos t\u00eam maior predisposi\u00e7\u00e3o \u00e0 defici\u00eancia de vitamina D e, portanto, exigem monitoramento constante. Entre eles est\u00e3o pessoas com menor exposi\u00e7\u00e3o solar, condi\u00e7\u00f5es cl\u00ednicas espec\u00edficas ou uso de medicamentos que interfiram no metabolismo deste nutriente.<\/p>\n\n\n\n<style>\n  .make-wrap{\n    max-width: 760px;\n    margin: 26px auto;\n    padding: 18px;\n    border-radius: 18px;\n    background: linear-gradient(135deg,#fff7fb 0%,#f6f2ff 100%);\n    border: 1px solid #f7d4ea;\n    box-shadow: 0 8px 20px rgba(236,72,153,.12);\n    font-family: system-ui, -apple-system, Segoe UI, Roboto, Helvetica, Arial, sans-serif;\n  }\n\n  .make-title{\n    display:flex; \n    align-items:center; \n    gap:10px;\n    margin:0 0 12px 4px;\n    font-size:1.2rem; \n    font-weight:900; \n    color:#9d174d;\n  }\n\n  .make-table{\n    width:100%;\n    border-collapse:separate;\n    border-spacing:0;\n    overflow:hidden;\n    border-radius:16px;\n    border:1px solid #f7d4ea;\n    background:#fff;\n    font-size:.92rem;\n  }\n\n  .make-table thead th{\n    background:linear-gradient(90deg,#fde7f3 0%,#f8e9ff 100%);\n    padding:12px;\n    color:#7a1e63;\n    font-weight:800;\n    text-align:left;\n    border-bottom:1px solid #f7d4ea;\n  }\n\n  .make-table tbody td{\n    padding:12px;\n    color:#374151;\n    vertical-align:top;\n    border-bottom:1px dashed #f7d4ea;\n  }\n\n  .make-table tbody tr:nth-child(odd){\n    background:#fffaff;\n  }\n\n  .price{\n    display:inline-flex;\n    align-items:center;\n    background:#fff7ed;\n    color:#b45309;\n    padding:6px 10px;\n    border-radius:10px;\n    border:1px solid #fed7aa;\n    font-weight:700;\n    white-space:nowrap;\n  }\n\n  .badge{\n    display:inline-block;\n    background:#fde7f3;\n    color:#c026d3;\n    border:1px solid #fecdd3;\n    padding:4px 10px;\n    border-radius:999px;\n    font-weight:700;\n    font-size:.78rem;\n  }\n\n  @media (max-width:720px){\n    .make-table thead{display:none}\n    .make-table, .make-table tbody, .make-table tr, .make-table td{\n      display:block; \n      width:100%;\n    }\n    .make-table tr{\n      margin-bottom:12px;\n      border:1px solid #f7d4ea;\n      border-radius:14px;\n      overflow:hidden;\n      background:#fff;\n    }\n    .make-table td[data-label]:before{\n      content:attr(data-label);\n      display:block;\n      font-weight:800;\n      color:#7a1e63;\n      margin-bottom:4px;\n    }\n    .make-table tbody td:last-child{border-bottom:none}\n  }\n<\/style>\n\n<div class=\"make-wrap\">\n  <h3 class=\"make-title\">\u2600\ufe0f\u2728 Grupos com maior risco de defici\u00eancia de vitamina D<\/h3>\n\n  <table class=\"make-table\">\n    <thead>\n      <tr>\n        <th>Grupo<\/th>\n        <th>Descri\u00e7\u00e3o<\/th>\n      <\/tr>\n    <\/thead>\n    <tbody>\n      <tr>\n        <td data-label=\"Grupo\">Popula\u00e7\u00f5es espec\u00edficas<\/td>\n        <td data-label=\"Descri\u00e7\u00e3o\">Idosos, gestantes e pessoas obesas.<\/td>\n      <\/tr>\n      <tr>\n        <td data-label=\"Grupo\">Condi\u00e7\u00f5es de sa\u00fade<\/td>\n        <td data-label=\"Descri\u00e7\u00e3o\">Indiv\u00edduos com doen\u00e7as renais, hep\u00e1ticas ou intestinais que afetam a absor\u00e7\u00e3o.<\/td>\n      <\/tr>\n      <tr>\n        <td data-label=\"Grupo\">Baixa exposi\u00e7\u00e3o solar<\/td>\n        <td data-label=\"Descri\u00e7\u00e3o\">Trabalhadores em ambientes fechados e pessoas que usam roupas extensas ou fotoprotetores em excesso.<\/td>\n      <\/tr>\n      <tr>\n        <td data-label=\"Grupo\">Uso de medicamentos<\/td>\n        <td data-label=\"Descri\u00e7\u00e3o\">Usu\u00e1rios de corticoides, anticonvulsivantes e alguns antirretrovirais.<\/td>\n      <\/tr>\n    <\/tbody>\n  <\/table>\n\n  <p style=\"margin-top:14px; color:#6b7280; font-size:.9rem;\">\n    \ud83d\udca1 <strong>Dica:<\/strong> Em grupos de risco, a avalia\u00e7\u00e3o m\u00e9dica pode indicar a necessidade de monitorar ou suplementar a vitamina D.\n  <\/p>\n<\/div>\n\n\n\n\n<h2 class=\"wp-block-heading\">Como avaliar e acompanhar os n\u00edveis de vitamina D?<\/h2>\n\n\n\n<p>Para avaliar os n\u00edveis de vitamina D no corpo, o exame 25-hidroxivitamina D (25(OH)D) \u00e9 o mais confi\u00e1vel. Os resultados devem ser interpretados por profissionais de sa\u00fade, que consideram hist\u00f3rico cl\u00ednico, uso de medicamentos, exposi\u00e7\u00e3o solar e alimenta\u00e7\u00e3o.<\/p>\n\n\n\n<p>A suplementa\u00e7\u00e3o deve ser considerada com base nesse exame e em diretrizes atualizadas de sociedades m\u00e9dicas. Dessa forma, \u00e9 poss\u00edvel ajustar a dose exata para cada situa\u00e7\u00e3o, evitando tanto a defici\u00eancia quanto o excesso e seus poss\u00edveis efeitos adversos.<\/p>\n\n\n\n<h2 class=\"wp-block-heading\">Como otimizar a produ\u00e7\u00e3o e a absor\u00e7\u00e3o de vitamina D?<\/h2>\n\n\n\n<p>N\u00e3o h\u00e1 um hor\u00e1rio espec\u00edfico para a ingest\u00e3o de suplementos de vitamina D, mas recomenda-se que sejam consumidos com refei\u00e7\u00f5es que contenham alguma gordura, devido \u00e0 natureza lipossol\u00favel da vitamina. Almo\u00e7os ou jantares s\u00e3o escolhas pr\u00e1ticas, e a ades\u00e3o di\u00e1ria \u00e9 mais importante do que o hor\u00e1rio exato.<\/p>\n\n\n\n<p>Para maximizar a produ\u00e7\u00e3o natural da vitamina D, \u00e9 aconselh\u00e1vel a exposi\u00e7\u00e3o solar moderada, entre 10 a 15 minutos di\u00e1rios, com bra\u00e7os e pernas descobertos, evitando hor\u00e1rios de maior radia\u00e7\u00e3o. Uma dieta balanceada, rica em peixes gordurosos, gema de ovo e alimentos enriquecidos, complementa a s\u00edntese cut\u00e2nea e ajuda a manter n\u00edveis adequados.<\/p>\n\n\n<a href=\"https:\/\/www.instagram.com\/dra.annaluisabf\/\" target=\"_blank\" rel=\"noopener\" style=\"text-decoration: none; color: inherit;\">\n    <span style=\"display: inline-block; border: 1px solid #ccc; border-radius: 10px; padding: 15px; max-width: 550px; font-family: sans-serif; box-shadow: 0 2px 5px rgba(0,0,0,0.1); width: 100%;\">\n\n      <!-- T\u00edtulo -->\n      <span style=\"display: block; margin: 0 0 15px 0; font-weight: bold; color: #2c3e50; text-align: center;\">\n        Entre em contato:\n      <\/span>\n\n      <!-- Linha do perfil -->\n      <span style=\"display: flex; align-items: center; gap: 15px;\">\n        <img decoding=\"async\"\n          src=\"https:\/\/www.correiobraziliense.com.br\/cbradar\/wp-content\/uploads\/2025\/08\/dra_anna_luisa.jpeg\"\n          alt=\"Foto da Dra. Anna Lu\u00edsa\"\n          style=\"border-radius: 50%; width: 80px; height: 80px; object-fit: cover;\"\n        \/>\n        <span style=\"display: flex; flex-direction: column;\">\n          <span style=\"font-size: 18px; font-weight: 700; color: #2c3e50;\">Dra. Anna Lu\u00edsa Barbosa Fernandes<\/span>\n          <span style=\"color: #555;\">CRM-GO 33.271<\/span>\n        <\/span>\n      <\/span>\n\n      <!-- Redes -->\n      <span style=\"display: flex; align-items: center; gap: 10px; margin-top: 12px;\">\n        <img decoding=\"async\" src=\"https:\/\/cdn-icons-png.flaticon.com\/24\/1384\/1384063.png\" alt=\"Instagram\" width=\"24\" height=\"24\" \/>\n        <span style=\"text-decoration: underline; color: #2c3e50;\">@dra.annaluisabf<\/span>\n      <\/span>\n\n    <\/span>\n  <\/a>","protected":false},"excerpt":{"rendered":"<p>A vitamina D \u00e9 de extrema import\u00e2ncia para o corpo humano devido ao seu papel crucial na manuten\u00e7\u00e3o da sa\u00fade \u00f3ssea, no fortalecimento do sistema imunol\u00f3gico e em outros processos, como a sa\u00fade cardiovascular, o desempenho muscular e a regula\u00e7\u00e3o do humor. Ela \u00e9 majoritariamente sintetizada pelo organismo atrav\u00e9s do contato da pele com a [&hellip;]<\/p>\n","protected":false},"author":14,"featured_media":78065,"comment_status":"open","ping_status":"open","sticky":false,"template":"","format":"standard","meta":{"jnews-multi-image_gallery":[],"jnews_single_post":{"format":"standard"},"jnews_primary_category":[],"jnews_social_meta":[],"jnews_override_counter":[],"footnotes":""},"categories":[4404],"tags":[120,247,1318,3004],"class_list":["post-206811","post","type-post","status-publish","format-standard","has-post-thumbnail","hentry","category-saude","tag-bem-estar","tag-qualidade-de-vida","tag-saude-2","tag-vitamina-d"],"yoast_head":"<!-- This site is optimized with the Yoast SEO plugin v24.6 - https:\/\/yoast.com\/wordpress\/plugins\/seo\/ -->\n<title>Vitamina D pode fortalecer ossos, imunidade e ainda influenciar o humor - Correio Braziliense - Radar<\/title>\n<meta name=\"description\" content=\"A vitamina D vai al\u00e9m dos ossos e pode influenciar imunidade, m\u00fasculos e humor. Veja como manter bons n\u00edveis.\" \/>\n<meta name=\"robots\" content=\"index, follow, max-snippet:-1, max-image-preview:large, max-video-preview:-1\" \/>\n<link rel=\"canonical\" href=\"https:\/\/www.correiobraziliense.com.br\/cbradar\/vitamina-d-pode-fortalecer-ossos-imunidade-e-ainda-influenciar-o-humor\/\" \/>\n<meta property=\"og:locale\" content=\"pt_BR\" \/>\n<meta property=\"og:type\" content=\"article\" \/>\n<meta property=\"og:title\" content=\"Vitamina D pode fortalecer ossos, imunidade e ainda influenciar o humor - Correio Braziliense - Radar\" \/>\n<meta property=\"og:description\" content=\"A vitamina D vai al\u00e9m dos ossos e pode influenciar imunidade, m\u00fasculos e humor. Veja como manter bons n\u00edveis.\" \/>\n<meta property=\"og:url\" content=\"https:\/\/www.correiobraziliense.com.br\/cbradar\/vitamina-d-pode-fortalecer-ossos-imunidade-e-ainda-influenciar-o-humor\/\" \/>\n<meta property=\"og:site_name\" content=\"Correio Braziliense - Radar\" \/>\n<meta property=\"article:published_time\" content=\"2026-03-11T23:25:00+00:00\" \/>\n<meta property=\"og:image\" content=\"https:\/\/www.correiobraziliense.com.br\/cbradar\/wp-content\/uploads\/2025\/07\/vitamina-d_1753893763359.jpg\" \/>\n\t<meta property=\"og:image:width\" content=\"1280\" \/>\n\t<meta property=\"og:image:height\" content=\"720\" \/>\n\t<meta property=\"og:image:type\" content=\"image\/jpeg\" \/>\n<meta name=\"author\" content=\"guilherme_saude\" \/>\n<meta name=\"twitter:card\" content=\"summary_large_image\" \/>\n<meta name=\"twitter:label1\" content=\"Escrito por\" \/>\n\t<meta name=\"twitter:data1\" content=\"guilherme_saude\" \/>\n\t<meta name=\"twitter:label2\" content=\"Est. tempo de leitura\" \/>\n\t<meta name=\"twitter:data2\" content=\"5 minutos\" \/>\n<!-- \/ Yoast SEO plugin. -->","yoast_head_json":{"title":"Vitamina D pode fortalecer ossos, imunidade e ainda influenciar o humor - Correio Braziliense - Radar","description":"A vitamina D vai al\u00e9m dos ossos e pode influenciar imunidade, m\u00fasculos e humor. Veja como manter bons n\u00edveis.","robots":{"index":"index","follow":"follow","max-snippet":"max-snippet:-1","max-image-preview":"max-image-preview:large","max-video-preview":"max-video-preview:-1"},"canonical":"https:\/\/www.correiobraziliense.com.br\/cbradar\/vitamina-d-pode-fortalecer-ossos-imunidade-e-ainda-influenciar-o-humor\/","og_locale":"pt_BR","og_type":"article","og_title":"Vitamina D pode fortalecer ossos, imunidade e ainda influenciar o humor - Correio Braziliense - Radar","og_description":"A vitamina D vai al\u00e9m dos ossos e pode influenciar imunidade, m\u00fasculos e humor. Veja como manter bons n\u00edveis.","og_url":"https:\/\/www.correiobraziliense.com.br\/cbradar\/vitamina-d-pode-fortalecer-ossos-imunidade-e-ainda-influenciar-o-humor\/","og_site_name":"Correio Braziliense - Radar","article_published_time":"2026-03-11T23:25:00+00:00","og_image":[{"width":1280,"height":720,"url":"https:\/\/www.correiobraziliense.com.br\/cbradar\/wp-content\/uploads\/2025\/07\/vitamina-d_1753893763359.jpg","type":"image\/jpeg"}],"author":"guilherme_saude","twitter_card":"summary_large_image","twitter_misc":{"Escrito por":"guilherme_saude","Est. tempo de leitura":"5 minutos"},"schema":{"@context":"https:\/\/schema.org","@graph":[{"@type":"WebPage","@id":"https:\/\/www.correiobraziliense.com.br\/cbradar\/vitamina-d-pode-fortalecer-ossos-imunidade-e-ainda-influenciar-o-humor\/","url":"https:\/\/www.correiobraziliense.com.br\/cbradar\/vitamina-d-pode-fortalecer-ossos-imunidade-e-ainda-influenciar-o-humor\/","name":"Vitamina D pode fortalecer ossos, imunidade e ainda influenciar o humor - Correio Braziliense - Radar","isPartOf":{"@id":"https:\/\/www.correiobraziliense.com.br\/cbradar\/#website"},"primaryImageOfPage":{"@id":"https:\/\/www.correiobraziliense.com.br\/cbradar\/vitamina-d-pode-fortalecer-ossos-imunidade-e-ainda-influenciar-o-humor\/#primaryimage"},"image":{"@id":"https:\/\/www.correiobraziliense.com.br\/cbradar\/vitamina-d-pode-fortalecer-ossos-imunidade-e-ainda-influenciar-o-humor\/#primaryimage"},"thumbnailUrl":"https:\/\/www.correiobraziliense.com.br\/cbradar\/wp-content\/uploads\/2025\/07\/vitamina-d_1753893763359.jpg","datePublished":"2026-03-11T23:25:00+00:00","author":{"@id":"https:\/\/www.correiobraziliense.com.br\/cbradar\/#\/schema\/person\/5aa4bf3c8fa699c267933611de12978b"},"description":"A vitamina D vai al\u00e9m dos ossos e pode influenciar imunidade, m\u00fasculos e humor. Veja como manter bons n\u00edveis.","breadcrumb":{"@id":"https:\/\/www.correiobraziliense.com.br\/cbradar\/vitamina-d-pode-fortalecer-ossos-imunidade-e-ainda-influenciar-o-humor\/#breadcrumb"},"inLanguage":"pt-BR","potentialAction":[{"@type":"ReadAction","target":["https:\/\/www.correiobraziliense.com.br\/cbradar\/vitamina-d-pode-fortalecer-ossos-imunidade-e-ainda-influenciar-o-humor\/"]}]},{"@type":"ImageObject","inLanguage":"pt-BR","@id":"https:\/\/www.correiobraziliense.com.br\/cbradar\/vitamina-d-pode-fortalecer-ossos-imunidade-e-ainda-influenciar-o-humor\/#primaryimage","url":"https:\/\/www.correiobraziliense.com.br\/cbradar\/wp-content\/uploads\/2025\/07\/vitamina-d_1753893763359.jpg","contentUrl":"https:\/\/www.correiobraziliense.com.br\/cbradar\/wp-content\/uploads\/2025\/07\/vitamina-d_1753893763359.jpg","width":1280,"height":720,"caption":"Vitamina D - Cr\u00e9ditos: depositphotos.com \/ VadimVasenin"},{"@type":"BreadcrumbList","@id":"https:\/\/www.correiobraziliense.com.br\/cbradar\/vitamina-d-pode-fortalecer-ossos-imunidade-e-ainda-influenciar-o-humor\/#breadcrumb","itemListElement":[{"@type":"ListItem","position":1,"name":"In\u00edcio","item":"https:\/\/www.correiobraziliense.com.br\/cbradar\/"},{"@type":"ListItem","position":2,"name":"Vitamina D pode fortalecer ossos, imunidade e ainda influenciar o humor"}]},{"@type":"WebSite","@id":"https:\/\/www.correiobraziliense.com.br\/cbradar\/#website","url":"https:\/\/www.correiobraziliense.com.br\/cbradar\/","name":"Correio Braziliense - Radar","description":"Acompanhe as \u00faltimas not\u00edcias e fique bem informado sobre tudo o que acontece no Brasil e no mundo.","potentialAction":[{"@type":"SearchAction","target":{"@type":"EntryPoint","urlTemplate":"https:\/\/www.correiobraziliense.com.br\/cbradar\/?s={search_term_string}"},"query-input":{"@type":"PropertyValueSpecification","valueRequired":true,"valueName":"search_term_string"}}],"inLanguage":"pt-BR"},{"@type":"Person","@id":"https:\/\/www.correiobraziliense.com.br\/cbradar\/#\/schema\/person\/5aa4bf3c8fa699c267933611de12978b","name":"guilherme_saude","image":{"@type":"ImageObject","inLanguage":"pt-BR","@id":"https:\/\/www.correiobraziliense.com.br\/cbradar\/#\/schema\/person\/image\/","url":"https:\/\/secure.gravatar.com\/avatar\/df9adfb835d344bc0af109d41756253f?s=96&d=mm&r=g","contentUrl":"https:\/\/secure.gravatar.com\/avatar\/df9adfb835d344bc0af109d41756253f?s=96&d=mm&r=g","caption":"guilherme_saude"},"url":"https:\/\/www.correiobraziliense.com.br\/cbradar\/author\/guilherme_saude\/"}]}},"_links":{"self":[{"href":"https:\/\/www.correiobraziliense.com.br\/cbradar\/wp-json\/wp\/v2\/posts\/206811","targetHints":{"allow":["GET"]}}],"collection":[{"href":"https:\/\/www.correiobraziliense.com.br\/cbradar\/wp-json\/wp\/v2\/posts"}],"about":[{"href":"https:\/\/www.correiobraziliense.com.br\/cbradar\/wp-json\/wp\/v2\/types\/post"}],"author":[{"embeddable":true,"href":"https:\/\/www.correiobraziliense.com.br\/cbradar\/wp-json\/wp\/v2\/users\/14"}],"replies":[{"embeddable":true,"href":"https:\/\/www.correiobraziliense.com.br\/cbradar\/wp-json\/wp\/v2\/comments?post=206811"}],"version-history":[{"count":1,"href":"https:\/\/www.correiobraziliense.com.br\/cbradar\/wp-json\/wp\/v2\/posts\/206811\/revisions"}],"predecessor-version":[{"id":206812,"href":"https:\/\/www.correiobraziliense.com.br\/cbradar\/wp-json\/wp\/v2\/posts\/206811\/revisions\/206812"}],"wp:featuredmedia":[{"embeddable":true,"href":"https:\/\/www.correiobraziliense.com.br\/cbradar\/wp-json\/wp\/v2\/media\/78065"}],"wp:attachment":[{"href":"https:\/\/www.correiobraziliense.com.br\/cbradar\/wp-json\/wp\/v2\/media?parent=206811"}],"wp:term":[{"taxonomy":"category","embeddable":true,"href":"https:\/\/www.correiobraziliense.com.br\/cbradar\/wp-json\/wp\/v2\/categories?post=206811"},{"taxonomy":"post_tag","embeddable":true,"href":"https:\/\/www.correiobraziliense.com.br\/cbradar\/wp-json\/wp\/v2\/tags?post=206811"}],"curies":[{"name":"wp","href":"https:\/\/api.w.org\/{rel}","templated":true}]}}