{"id":206819,"date":"2026-03-12T06:05:00","date_gmt":"2026-03-12T09:05:00","guid":{"rendered":"https:\/\/www.correiobraziliense.com.br\/cbradar\/?p=206819"},"modified":"2026-03-11T10:06:49","modified_gmt":"2026-03-11T13:06:49","slug":"como-pessoas-sobrevivem-ao-frio-extremo-sem-perder-a-rotina-diaria","status":"publish","type":"post","link":"https:\/\/www.correiobraziliense.com.br\/cbradar\/como-pessoas-sobrevivem-ao-frio-extremo-sem-perder-a-rotina-diaria\/","title":{"rendered":"Como pessoas sobrevivem ao frio extremo sem perder a rotina di\u00e1ria"},"content":{"rendered":"\n<p>Em locais como <strong>Yakutsk<\/strong>, na R\u00fassia, e Snag, no Canad\u00e1, a vida cotidiana se desenrola em um cen\u00e1rio de frio extremo, onde os term\u00f4metros podem marcar temperaturas abaixo de -50\u00b0C. Mesmo assim, milh\u00f5es de pessoas mant\u00eam sua rotina com apoio de mecanismos fisiol\u00f3gicos, comportamentais e de infraestrutura que permitem a adapta\u00e7\u00e3o a esse ambiente hostil.<\/p>\n\n\n\n<h2 class=\"wp-block-heading\">Como o Corpo Reage Imediatamente ao Frio Extremo?<\/h2>\n\n\n\n<p>A resposta inicial ao frio intenso envolve mecanismos autom\u00e1ticos de defesa que buscam preservar a temperatura interna. Um dos primeiros \u00e9 a&nbsp;<strong>vasoconstri\u00e7\u00e3o<\/strong>, que reduz a circula\u00e7\u00e3o sangu\u00ednea em \u00e1reas perif\u00e9ricas para concentrar o calor nos \u00f3rg\u00e3os vitais.<\/p>\n\n\n\n<p>Associados a isso, surgem os&nbsp;<em>tremores<\/em>, que produzem calor por meio de contra\u00e7\u00f5es musculares involunt\u00e1rias. Essa rea\u00e7\u00e3o r\u00e1pida \u00e9 crucial para evitar uma queda brusca na temperatura corporal e retardar o in\u00edcio da hipotermia.<\/p>\n\n\n\n<p>Para compreender melhor como o corpo reage \u00e0 <strong>exposi\u00e7\u00e3o ao frio<\/strong>, assista ao v\u00eddeo a seguir, no qual a <strong>fisioterapeuta Dra. Tha\u00eds Cristina Leite<\/strong> explica o assunto de forma clara e did\u00e1tica no canal respons\u00e1vel pelo conte\u00fado.<\/p>\n\n\n\n<iframe loading=\"lazy\" width=\"1427\" height=\"785\" src=\"https:\/\/www.youtube.com\/embed\/MlnZiQNwWQE\" title=\"Exposi\u00e7\u00e3o ao frio: Como nosso corpo reage?\" frameborder=\"0\" allow=\"accelerometer; autoplay; clipboard-write; encrypted-media; gyroscope; picture-in-picture; web-share\" referrerpolicy=\"strict-origin-when-cross-origin\" allowfullscreen><\/iframe>\n\n\n\n<h2 class=\"wp-block-heading\">Como o Corpo se Adapta ao Frio Intenso ao Longo do Tempo?<\/h2>\n\n\n\n<p>A adapta\u00e7\u00e3o ao frio n\u00e3o acontece da noite para o dia, exigindo semanas ou meses para que o corpo otimize suas respostas fisiol\u00f3gicas. Com o tempo, a capacidade de controlar tremores melhora, a circula\u00e7\u00e3o nas extremidades se torna mais eficiente e o metabolismo se ajusta para reduzir sonol\u00eancia e lentid\u00e3o.<\/p>\n\n\n\n<p>Al\u00e9m das mudan\u00e7as internas, h\u00e1 um papel importante da exposi\u00e7\u00e3o gradual e controlada ao frio, da boa condi\u00e7\u00e3o f\u00edsica geral e de fatores gen\u00e9ticos que podem tornar algumas popula\u00e7\u00f5es naturalmente mais tolerantes \u00e0s baixas temperaturas.<\/p>\n\n\n\n<h2 class=\"wp-block-heading\">Quais S\u00e3o as Estrat\u00e9gias Comportamentais Para Viver no Frio Extremo?<\/h2>\n\n\n\n<p>Al\u00e9m das adapta\u00e7\u00f5es fisiol\u00f3gicas, as popula\u00e7\u00f5es que habitam regi\u00f5es frias desenvolvem&nbsp;<strong>estrat\u00e9gias comportamentais<\/strong>&nbsp;e culturais. Elas envolvem desde escolhas de vestu\u00e1rio at\u00e9 organiza\u00e7\u00e3o dos espa\u00e7os urbanos e rotinas de trabalho e lazer.<\/p>\n\n\n\n<style> .make-wrap{ max-width: 760px; margin: 26px auto; padding: 18px; border-radius: 18px; background: linear-gradient(135deg,#fff7fb 0%,#f6f2ff 100%); border: 1px solid #f7d4ea; box-shadow: 0 8px 20px rgba(236,72,153,.12); font-family: system-ui, -apple-system, Segoe UI, Roboto, Helvetica, Arial, sans-serif; } .make-title{ display:flex; align-items:center; gap:10px; margin:0 0 12px 4px; font-size:1.2rem; font-weight:900; color:#9d174d; } .make-table{ width:100%; border-collapse:separate; border-spacing:0; overflow:hidden; border-radius:16px; border:1px solid #f7d4ea; background:#fff; font-size:.92rem; } .make-table thead th{ background:linear-gradient(90deg,#fde7f3 0%,#f8e9ff 100%); padding:12px; color:#7a1e63; font-weight:800; text-align:left; border-bottom:1px solid #f7d4ea; } .make-table tbody td{ padding:12px; color:#374151; vertical-align:top; border-bottom:1px dashed #f7d4ea; } .make-table tbody tr:nth-child(odd){ background:#fffaff; } .price{ display:inline-flex; align-items:center; background:#fff7ed; color:#b45309; padding:6px 10px; border-radius:10px; border:1px solid #fed7aa; font-weight:700; white-space:nowrap; } .badge{ display:inline-block; background:#fde7f3; color:#c026d3; border:1px solid #fecdd3; padding:4px 10px; border-radius:999px; font-weight:700; font-size:.78rem; } @media (max-width:720px){ .make-table thead{display:none} .make-table, .make-table tbody, .make-table tr, .make-table td{ display:block; width:100%; } .make-table tr{ margin-bottom:12px; border:1px solid #f7d4ea; border-radius:14px; overflow:hidden; background:#fff; } .make-table td[data-label]:before{ content:attr(data-label); display:block; font-weight:800; color:#7a1e63; margin-bottom:4px; } .make-table tbody td:last-child{border-bottom:none} } <\/style> <div class=\"make-wrap\"> <h3 class=\"make-title\">\u2744\ufe0f\u2728 Estrat\u00e9gias para enfrentar o frio intenso<\/h3> <table class=\"make-table\"> <thead> <tr> <th>Estrat\u00e9gia<\/th> <th>Descri\u00e7\u00e3o<\/th> <\/tr> <\/thead> <tbody> <tr> <td data-label=\"Estrat\u00e9gia\">Roupas em camadas<\/td> <td data-label=\"Descri\u00e7\u00e3o\">Uso de roupas em m\u00faltiplas camadas, com materiais isolantes e corta-vento.<\/td> <\/tr> <tr> <td data-label=\"Estrat\u00e9gia\">Alimenta\u00e7\u00e3o energ\u00e9tica<\/td> <td data-label=\"Descri\u00e7\u00e3o\">Dieta com alimentos mais cal\u00f3ricos e ricos em gorduras saud\u00e1veis.<\/td> <\/tr> <tr> <td data-label=\"Estrat\u00e9gia\">Habita\u00e7\u00f5es bem isoladas<\/td> <td data-label=\"Descri\u00e7\u00e3o\">Constru\u00e7\u00e3o de habita\u00e7\u00f5es bem isoladas, com sistemas eficientes de aquecimento.<\/td> <\/tr> <tr> <td data-label=\"Estrat\u00e9gia\">Ajuste de hor\u00e1rios<\/td> <td data-label=\"Descri\u00e7\u00e3o\">Ajuste de hor\u00e1rios para evitar exposi\u00e7\u00e3o prolongada nas horas mais frias.<\/td> <\/tr> <\/tbody> <\/table> <p style=\"margin-top:14px; color:#6b7280; font-size:.9rem;\"> \ud83d\udca1 <strong>Dica:<\/strong> Combinar vestu\u00e1rio adequado, alimenta\u00e7\u00e3o equilibrada e prote\u00e7\u00e3o ambiental ajuda a manter o corpo aquecido no frio. <\/p> <\/div>\n\n\n\n<h2 class=\"wp-block-heading\">O Que Acontece Quando a Adapta\u00e7\u00e3o ao Frio Falha?<\/h2>\n\n\n\n<p>Mesmo com adapta\u00e7\u00f5es, o corpo tem limites de toler\u00e2ncia \u00e0 exposi\u00e7\u00e3o prolongada ao frio extremo. Quando esses limites s\u00e3o ultrapassados, aumenta o risco de&nbsp;<strong>hipotermia<\/strong>&nbsp;e de&nbsp;<em>frostbite<\/em>&nbsp;(congelamento de tecidos), especialmente em m\u00e3os, p\u00e9s, nariz e orelhas.<\/p>\n\n\n\n<p>Fatores como doen\u00e7as pr\u00e9-existentes, idade avan\u00e7ada, desnutri\u00e7\u00e3o, fadiga e uso de \u00e1lcool podem comprometer a resili\u00eancia ao frio. Nessas condi\u00e7\u00f5es, a perda de calor pode superar rapidamente os mecanismos naturais de defesa do organismo.<\/p>\n\n\n<div class=\"wp-block-image\">\n<figure class=\"aligncenter size-large\"><img decoding=\"async\" width=\"1024\" height=\"576\" src=\"https:\/\/www.correiobraziliense.com.br\/cbradar\/wp-content\/uploads\/2025\/06\/frio_1749299042679-1024x576.jpg\" alt=\"\" class=\"wp-image-49480\" srcset=\"https:\/\/www.correiobraziliense.com.br\/cbradar\/wp-content\/uploads\/2025\/06\/frio_1749299042679-1024x576.jpg 1024w, https:\/\/www.correiobraziliense.com.br\/cbradar\/wp-content\/uploads\/2025\/06\/frio_1749299042679-300x169.jpg 300w, https:\/\/www.correiobraziliense.com.br\/cbradar\/wp-content\/uploads\/2025\/06\/frio_1749299042679-768x432.jpg 768w, https:\/\/www.correiobraziliense.com.br\/cbradar\/wp-content\/uploads\/2025\/06\/frio_1749299042679-750x422.jpg 750w, https:\/\/www.correiobraziliense.com.br\/cbradar\/wp-content\/uploads\/2025\/06\/frio_1749299042679-1140x641.jpg 1140w, https:\/\/www.correiobraziliense.com.br\/cbradar\/wp-content\/uploads\/2025\/06\/frio_1749299042679.jpg 1280w\" sizes=\"(max-width: 1024px) 100vw, 1024px\" \/><figcaption class=\"wp-element-caption\">Frio &#8211; Cr\u00e9ditos: depositphotos.com \/ IgorVetushko<\/figcaption><\/figure><\/div>\n\n\n<h2 class=\"wp-block-heading\">Quais Sinais Indicam Perigo no Frio Extremo?<\/h2>\n\n\n\n<p>Reconhecer os sinais de perigo \u00e9 essencial para evitar complica\u00e7\u00f5es graves e potencialmente fatais. Tremores intensos e incontrol\u00e1veis, palidez extrema, pele endurecida ou dor intensa nas extremidades podem indicar est\u00e1gios iniciais de hipotermia ou frostbite.<\/p>\n\n\n\n<p>A apatia, a confus\u00e3o mental e a sonol\u00eancia excessiva s\u00e3o sinais de alerta que exigem assist\u00eancia m\u00e9dica imediata. Viver em regi\u00f5es de frio extremo demanda respeito \u00e0s limita\u00e7\u00f5es humanas, planejamento adequado e busca constante por meios de reduzir os impactos desse ambiente hostil.<\/p>\n\n\n<a href=\"https:\/\/www.instagram.com\/dra.annaluisabf\/\" target=\"_blank\" rel=\"noopener\" style=\"text-decoration: none; color: inherit;\">\n    <span style=\"display: inline-block; border: 1px solid #ccc; border-radius: 10px; padding: 15px; max-width: 550px; font-family: sans-serif; box-shadow: 0 2px 5px rgba(0,0,0,0.1); width: 100%;\">\n\n      <!-- T\u00edtulo -->\n      <span style=\"display: block; margin: 0 0 15px 0; font-weight: bold; color: #2c3e50; text-align: center;\">\n        Entre em contato:\n      <\/span>\n\n      <!-- Linha do perfil -->\n      <span style=\"display: flex; align-items: center; gap: 15px;\">\n        <img decoding=\"async\"\n          src=\"https:\/\/www.correiobraziliense.com.br\/cbradar\/wp-content\/uploads\/2025\/08\/dra_anna_luisa.jpeg\"\n          alt=\"Foto da Dra. Anna Lu\u00edsa\"\n          style=\"border-radius: 50%; width: 80px; height: 80px; object-fit: cover;\"\n        \/>\n        <span style=\"display: flex; flex-direction: column;\">\n          <span style=\"font-size: 18px; font-weight: 700; color: #2c3e50;\">Dra. Anna Lu\u00edsa Barbosa Fernandes<\/span>\n          <span style=\"color: #555;\">CRM-GO 33.271<\/span>\n        <\/span>\n      <\/span>\n\n      <!-- Redes -->\n      <span style=\"display: flex; align-items: center; gap: 10px; margin-top: 12px;\">\n        <img decoding=\"async\" src=\"https:\/\/cdn-icons-png.flaticon.com\/24\/1384\/1384063.png\" alt=\"Instagram\" width=\"24\" height=\"24\" \/>\n        <span style=\"text-decoration: underline; color: #2c3e50;\">@dra.annaluisabf<\/span>\n      <\/span>\n\n    <\/span>\n  <\/a>","protected":false},"excerpt":{"rendered":"<p>Em locais como Yakutsk, na R\u00fassia, e Snag, no Canad\u00e1, a vida cotidiana se desenrola em um cen\u00e1rio de frio extremo, onde os term\u00f4metros podem marcar temperaturas abaixo de -50\u00b0C. Mesmo assim, milh\u00f5es de pessoas mant\u00eam sua rotina com apoio de mecanismos fisiol\u00f3gicos, comportamentais e de infraestrutura que permitem a adapta\u00e7\u00e3o a esse ambiente hostil. [&hellip;]<\/p>\n","protected":false},"author":14,"featured_media":49478,"comment_status":"open","ping_status":"open","sticky":false,"template":"","format":"standard","meta":{"_yoast_wpseo_focuskw":"Frio Extremo","_yoast_wpseo_title":"","_yoast_wpseo_metadesc":"O frio extremo obriga o corpo a ativar defesas impressionantes. Descubra como pessoas sobrevivem em temperaturas congelantes.","jnews-multi-image_gallery":[],"jnews_single_post":{"format":"standard"},"jnews_primary_category":[],"jnews_social_meta":[],"jnews_override_counter":[],"footnotes":""},"categories":[4404],"post_tag":[120,247,1318],"class_list":["post-206819","post","type-post","status-publish","format-standard","has-post-thumbnail","hentry","category-saude","tag-bem-estar","tag-qualidade-de-vida","tag-saude-2"],"yoast_head":"<!-- This site is optimized with the Yoast SEO plugin v24.6 - https:\/\/yoast.com\/wordpress\/plugins\/seo\/ -->\n<title>Como pessoas sobrevivem ao frio extremo sem perder a rotina di\u00e1ria - Correio Braziliense - Radar<\/title>\n<meta name=\"description\" content=\"O frio extremo obriga o corpo a ativar defesas impressionantes. Descubra como pessoas sobrevivem em temperaturas congelantes.\" \/>\n<meta name=\"robots\" content=\"index, follow, max-snippet:-1, max-image-preview:large, max-video-preview:-1\" \/>\n<link rel=\"canonical\" href=\"https:\/\/www.correiobraziliense.com.br\/cbradar\/como-pessoas-sobrevivem-ao-frio-extremo-sem-perder-a-rotina-diaria\/\" \/>\n<meta property=\"og:locale\" content=\"pt_BR\" \/>\n<meta property=\"og:type\" content=\"article\" \/>\n<meta property=\"og:title\" content=\"Como pessoas sobrevivem ao frio extremo sem perder a rotina di\u00e1ria - Correio Braziliense - Radar\" \/>\n<meta property=\"og:description\" content=\"O frio extremo obriga o corpo a ativar defesas impressionantes. Descubra como pessoas sobrevivem em temperaturas congelantes.\" \/>\n<meta property=\"og:url\" content=\"https:\/\/www.correiobraziliense.com.br\/cbradar\/como-pessoas-sobrevivem-ao-frio-extremo-sem-perder-a-rotina-diaria\/\" \/>\n<meta property=\"og:site_name\" content=\"Correio Braziliense - Radar\" \/>\n<meta property=\"article:published_time\" content=\"2026-03-12T09:05:00+00:00\" \/>\n<meta property=\"og:image\" content=\"https:\/\/www.correiobraziliense.com.br\/cbradar\/wp-content\/uploads\/2025\/06\/frio_1749299013160.jpg\" \/>\n\t<meta property=\"og:image:width\" content=\"1279\" \/>\n\t<meta property=\"og:image:height\" content=\"720\" \/>\n\t<meta property=\"og:image:type\" content=\"image\/jpeg\" \/>\n<meta name=\"author\" content=\"guilherme_saude\" \/>\n<meta name=\"twitter:card\" content=\"summary_large_image\" \/>\n<meta name=\"twitter:label1\" content=\"Escrito por\" \/>\n\t<meta name=\"twitter:data1\" content=\"guilherme_saude\" \/>\n\t<meta name=\"twitter:label2\" content=\"Est. tempo de leitura\" \/>\n\t<meta name=\"twitter:data2\" content=\"4 minutos\" \/>\n<!-- \/ Yoast SEO plugin. -->","yoast_head_json":{"title":"Como pessoas sobrevivem ao frio extremo sem perder a rotina di\u00e1ria - Correio Braziliense - Radar","description":"O frio extremo obriga o corpo a ativar defesas impressionantes. Descubra como pessoas sobrevivem em temperaturas congelantes.","robots":{"index":"index","follow":"follow","max-snippet":"max-snippet:-1","max-image-preview":"max-image-preview:large","max-video-preview":"max-video-preview:-1"},"canonical":"https:\/\/www.correiobraziliense.com.br\/cbradar\/como-pessoas-sobrevivem-ao-frio-extremo-sem-perder-a-rotina-diaria\/","og_locale":"pt_BR","og_type":"article","og_title":"Como pessoas sobrevivem ao frio extremo sem perder a rotina di\u00e1ria - Correio Braziliense - Radar","og_description":"O frio extremo obriga o corpo a ativar defesas impressionantes. Descubra como pessoas sobrevivem em temperaturas congelantes.","og_url":"https:\/\/www.correiobraziliense.com.br\/cbradar\/como-pessoas-sobrevivem-ao-frio-extremo-sem-perder-a-rotina-diaria\/","og_site_name":"Correio Braziliense - Radar","article_published_time":"2026-03-12T09:05:00+00:00","og_image":[{"width":1279,"height":720,"url":"https:\/\/www.correiobraziliense.com.br\/cbradar\/wp-content\/uploads\/2025\/06\/frio_1749299013160.jpg","type":"image\/jpeg"}],"author":"guilherme_saude","twitter_card":"summary_large_image","twitter_misc":{"Escrito por":"guilherme_saude","Est. tempo de leitura":"4 minutos"},"schema":{"@context":"https:\/\/schema.org","@graph":[{"@type":"WebPage","@id":"https:\/\/www.correiobraziliense.com.br\/cbradar\/como-pessoas-sobrevivem-ao-frio-extremo-sem-perder-a-rotina-diaria\/","url":"https:\/\/www.correiobraziliense.com.br\/cbradar\/como-pessoas-sobrevivem-ao-frio-extremo-sem-perder-a-rotina-diaria\/","name":"Como pessoas sobrevivem ao frio extremo sem perder a rotina di\u00e1ria - Correio Braziliense - Radar","isPartOf":{"@id":"https:\/\/www.correiobraziliense.com.br\/cbradar\/#website"},"primaryImageOfPage":{"@id":"https:\/\/www.correiobraziliense.com.br\/cbradar\/como-pessoas-sobrevivem-ao-frio-extremo-sem-perder-a-rotina-diaria\/#primaryimage"},"image":{"@id":"https:\/\/www.correiobraziliense.com.br\/cbradar\/como-pessoas-sobrevivem-ao-frio-extremo-sem-perder-a-rotina-diaria\/#primaryimage"},"thumbnailUrl":"https:\/\/www.correiobraziliense.com.br\/cbradar\/wp-content\/uploads\/2025\/06\/frio_1749299013160.jpg","datePublished":"2026-03-12T09:05:00+00:00","author":{"@id":"https:\/\/www.correiobraziliense.com.br\/cbradar\/#\/schema\/person\/5aa4bf3c8fa699c267933611de12978b"},"description":"O frio extremo obriga o corpo a ativar defesas impressionantes. Descubra como pessoas sobrevivem em temperaturas congelantes.","breadcrumb":{"@id":"https:\/\/www.correiobraziliense.com.br\/cbradar\/como-pessoas-sobrevivem-ao-frio-extremo-sem-perder-a-rotina-diaria\/#breadcrumb"},"inLanguage":"pt-BR","potentialAction":[{"@type":"ReadAction","target":["https:\/\/www.correiobraziliense.com.br\/cbradar\/como-pessoas-sobrevivem-ao-frio-extremo-sem-perder-a-rotina-diaria\/"]}]},{"@type":"ImageObject","inLanguage":"pt-BR","@id":"https:\/\/www.correiobraziliense.com.br\/cbradar\/como-pessoas-sobrevivem-ao-frio-extremo-sem-perder-a-rotina-diaria\/#primaryimage","url":"https:\/\/www.correiobraziliense.com.br\/cbradar\/wp-content\/uploads\/2025\/06\/frio_1749299013160.jpg","contentUrl":"https:\/\/www.correiobraziliense.com.br\/cbradar\/wp-content\/uploads\/2025\/06\/frio_1749299013160.jpg","width":1279,"height":720,"caption":"Frio - Cr\u00e9ditos: depositphotos.com \/ kjekol"},{"@type":"BreadcrumbList","@id":"https:\/\/www.correiobraziliense.com.br\/cbradar\/como-pessoas-sobrevivem-ao-frio-extremo-sem-perder-a-rotina-diaria\/#breadcrumb","itemListElement":[{"@type":"ListItem","position":1,"name":"In\u00edcio","item":"https:\/\/www.correiobraziliense.com.br\/cbradar\/"},{"@type":"ListItem","position":2,"name":"Como pessoas sobrevivem ao frio extremo sem perder a rotina di\u00e1ria"}]},{"@type":"WebSite","@id":"https:\/\/www.correiobraziliense.com.br\/cbradar\/#website","url":"https:\/\/www.correiobraziliense.com.br\/cbradar\/","name":"Correio Braziliense - Radar","description":"Acompanhe as \u00faltimas not\u00edcias e fique bem informado sobre tudo o que acontece no Brasil e no mundo.","potentialAction":[{"@type":"SearchAction","target":{"@type":"EntryPoint","urlTemplate":"https:\/\/www.correiobraziliense.com.br\/cbradar\/?s={search_term_string}"},"query-input":{"@type":"PropertyValueSpecification","valueRequired":true,"valueName":"search_term_string"}}],"inLanguage":"pt-BR"},{"@type":"Person","@id":"https:\/\/www.correiobraziliense.com.br\/cbradar\/#\/schema\/person\/5aa4bf3c8fa699c267933611de12978b","name":"guilherme_saude","image":{"@type":"ImageObject","inLanguage":"pt-BR","@id":"https:\/\/www.correiobraziliense.com.br\/cbradar\/#\/schema\/person\/image\/","url":"https:\/\/secure.gravatar.com\/avatar\/df9adfb835d344bc0af109d41756253f?s=96&d=mm&r=g","contentUrl":"https:\/\/secure.gravatar.com\/avatar\/df9adfb835d344bc0af109d41756253f?s=96&d=mm&r=g","caption":"guilherme_saude"},"url":"https:\/\/www.correiobraziliense.com.br\/cbradar\/author\/guilherme_saude\/"}]}},"_links":{"self":[{"href":"https:\/\/www.correiobraziliense.com.br\/cbradar\/wp-json\/wp\/v2\/posts\/206819","targetHints":{"allow":["GET"]}}],"collection":[{"href":"https:\/\/www.correiobraziliense.com.br\/cbradar\/wp-json\/wp\/v2\/posts"}],"about":[{"href":"https:\/\/www.correiobraziliense.com.br\/cbradar\/wp-json\/wp\/v2\/types\/post"}],"author":[{"embeddable":true,"href":"https:\/\/www.correiobraziliense.com.br\/cbradar\/wp-json\/wp\/v2\/users\/14"}],"replies":[{"embeddable":true,"href":"https:\/\/www.correiobraziliense.com.br\/cbradar\/wp-json\/wp\/v2\/comments?post=206819"}],"version-history":[{"count":1,"href":"https:\/\/www.correiobraziliense.com.br\/cbradar\/wp-json\/wp\/v2\/posts\/206819\/revisions"}],"predecessor-version":[{"id":206820,"href":"https:\/\/www.correiobraziliense.com.br\/cbradar\/wp-json\/wp\/v2\/posts\/206819\/revisions\/206820"}],"wp:featuredmedia":[{"embeddable":true,"href":"https:\/\/www.correiobraziliense.com.br\/cbradar\/wp-json\/wp\/v2\/media\/49478"}],"wp:attachment":[{"href":"https:\/\/www.correiobraziliense.com.br\/cbradar\/wp-json\/wp\/v2\/media?parent=206819"}],"wp:term":[{"taxonomy":"category","embeddable":true,"href":"https:\/\/www.correiobraziliense.com.br\/cbradar\/wp-json\/wp\/v2\/categories?post=206819"},{"taxonomy":"post_tag","embeddable":true,"href":"https:\/\/www.correiobraziliense.com.br\/cbradar\/wp-json\/wp\/v2\/post_tag?post=206819"}],"curies":[{"name":"wp","href":"https:\/\/api.w.org\/{rel}","templated":true}]}}