{"id":206821,"date":"2026-03-12T07:45:00","date_gmt":"2026-03-12T10:45:00","guid":{"rendered":"https:\/\/www.correiobraziliense.com.br\/cbradar\/?p=206821"},"modified":"2026-03-11T10:23:45","modified_gmt":"2026-03-11T13:23:45","slug":"o-efeito-silencioso-do-daltonismo-que-pode-atrasar-o-diagnostico-de-um-cancer-perigoso","status":"publish","type":"post","link":"https:\/\/www.correiobraziliense.com.br\/cbradar\/o-efeito-silencioso-do-daltonismo-que-pode-atrasar-o-diagnostico-de-um-cancer-perigoso\/","title":{"rendered":"O efeito silencioso do daltonismo que pode atrasar o diagn\u00f3stico de um c\u00e2ncer perigoso"},"content":{"rendered":"\n<p>A defici\u00eancia na percep\u00e7\u00e3o de cores, conhecida como <strong>Daltonismo<\/strong>, pode ter repercuss\u00f5es significativas na sa\u00fade. Estudos, como o da Stanford Medicine, destacam que a dificuldade em distinguir certas cores pode atrasar a identifica\u00e7\u00e3o de sintomas cr\u00edticos, como sangue na urina, um dos primeiros sinais do c\u00e2ncer de bexiga, aumentando o risco de complica\u00e7\u00f5es.<\/p>\n\n\n\n<h2 class=\"wp-block-heading\">Como o daltonismo pode aumentar o risco de mortalidade no c\u00e2ncer de bexiga?<\/h2>\n\n\n\n<p>O c\u00e2ncer de bexiga \u00e9 frequentemente detectado pelo aparecimento de sangue na urina, altera\u00e7\u00e3o crom\u00e1tica que serve como alerta para pessoas com vis\u00e3o normal. Em indiv\u00edduos com daltonismo, essa diferen\u00e7a pode passar despercebida, retardando a procura por assist\u00eancia m\u00e9dica e o in\u00edcio do tratamento adequado.<\/p>\n\n\n\n<p>A pesquisa analisou dados de registros m\u00e9dicos e identificou que pacientes com daltonismo apresentaram uma taxa de mortalidade 52% maior ao longo de 20 anos em compara\u00e7\u00e3o com aqueles com vis\u00e3o normal. Isso refor\u00e7a a import\u00e2ncia do diagn\u00f3stico precoce, de exames peri\u00f3dicos e da orienta\u00e7\u00e3o espec\u00edfica para esse grupo de risco.<\/p>\n\n\n<div class=\"wp-block-image\">\n<figure class=\"aligncenter size-large\"><img decoding=\"async\" width=\"1024\" height=\"576\" src=\"https:\/\/www.correiobraziliense.com.br\/cbradar\/wp-content\/uploads\/2026\/02\/Daltonismo_1771437849325-1024x576.jpg\" alt=\"\" class=\"wp-image-195715\" srcset=\"https:\/\/www.correiobraziliense.com.br\/cbradar\/wp-content\/uploads\/2026\/02\/Daltonismo_1771437849325-1024x576.jpg 1024w, https:\/\/www.correiobraziliense.com.br\/cbradar\/wp-content\/uploads\/2026\/02\/Daltonismo_1771437849325-300x169.jpg 300w, https:\/\/www.correiobraziliense.com.br\/cbradar\/wp-content\/uploads\/2026\/02\/Daltonismo_1771437849325-768x432.jpg 768w, https:\/\/www.correiobraziliense.com.br\/cbradar\/wp-content\/uploads\/2026\/02\/Daltonismo_1771437849325-750x422.jpg 750w, https:\/\/www.correiobraziliense.com.br\/cbradar\/wp-content\/uploads\/2026\/02\/Daltonismo_1771437849325-1140x641.jpg 1140w, https:\/\/www.correiobraziliense.com.br\/cbradar\/wp-content\/uploads\/2026\/02\/Daltonismo_1771437849325.jpg 1280w\" sizes=\"(max-width: 1024px) 100vw, 1024px\" \/><figcaption class=\"wp-element-caption\">O sinal mais importante do daltonismo que muitos pais n\u00e3o percebem &#8211; Cr\u00e9ditos: depositphotos.com \/ eveleen<\/figcaption><\/figure><\/div>\n\n\n<h2 class=\"wp-block-heading\">Como a conscientiza\u00e7\u00e3o pode reduzir os riscos para pessoas com daltonismo?<\/h2>\n\n\n\n<p>A conscientiza\u00e7\u00e3o sobre as limita\u00e7\u00f5es na percep\u00e7\u00e3o de cores \u00e9 fundamental para pacientes, familiares e profissionais de sa\u00fade. Recomenda-se que m\u00e9dicos orientem pessoas com daltonismo sobre sinais de alerta, a import\u00e2ncia de check-ups regulares e o papel da fam\u00edlia na observa\u00e7\u00e3o de mudan\u00e7as na cor da urina.<\/p>\n\n\n\n<p>Al\u00e9m do acompanhamento m\u00e9dico, algumas estrat\u00e9gias pr\u00e1ticas podem ajudar na detec\u00e7\u00e3o precoce de problemas e na redu\u00e7\u00e3o de riscos associados ao daltonismo:<\/p>\n\n\n\n<style>\n  .make-wrap{\n    max-width: 760px;\n    margin: 26px auto;\n    padding: 18px;\n    border-radius: 18px;\n    background: linear-gradient(135deg,#fff7fb 0%,#f6f2ff 100%);\n    border: 1px solid #f7d4ea;\n    box-shadow: 0 8px 20px rgba(236,72,153,.12);\n    font-family: system-ui, -apple-system, Segoe UI, Roboto, Helvetica, Arial, sans-serif;\n  }\n\n  .make-title{\n    display:flex; \n    align-items:center; \n    gap:10px;\n    margin:0 0 12px 4px;\n    font-size:1.2rem; \n    font-weight:900; \n    color:#9d174d;\n  }\n\n  .make-table{\n    width:100%;\n    border-collapse:separate;\n    border-spacing:0;\n    overflow:hidden;\n    border-radius:16px;\n    border:1px solid #f7d4ea;\n    background:#fff;\n    font-size:.92rem;\n  }\n\n  .make-table thead th{\n    background:linear-gradient(90deg,#fde7f3 0%,#f8e9ff 100%);\n    padding:12px;\n    color:#7a1e63;\n    font-weight:800;\n    text-align:left;\n    border-bottom:1px solid #f7d4ea;\n  }\n\n  .make-table tbody td{\n    padding:12px;\n    color:#374151;\n    vertical-align:top;\n    border-bottom:1px dashed #f7d4ea;\n  }\n\n  .make-table tbody tr:nth-child(odd){\n    background:#fffaff;\n  }\n\n  .price{\n    display:inline-flex;\n    align-items:center;\n    background:#fff7ed;\n    color:#b45309;\n    padding:6px 10px;\n    border-radius:10px;\n    border:1px solid #fed7aa;\n    font-weight:700;\n    white-space:nowrap;\n  }\n\n  .badge{\n    display:inline-block;\n    background:#fde7f3;\n    color:#c026d3;\n    border:1px solid #fecdd3;\n    padding:4px 10px;\n    border-radius:999px;\n    font-weight:700;\n    font-size:.78rem;\n  }\n\n  @media (max-width:720px){\n    .make-table thead{display:none}\n    .make-table, .make-table tbody, .make-table tr, .make-table td{\n      display:block; \n      width:100%;\n    }\n    .make-table tr{\n      margin-bottom:12px;\n      border:1px solid #f7d4ea;\n      border-radius:14px;\n      overflow:hidden;\n      background:#fff;\n    }\n    .make-table td[data-label]:before{\n      content:attr(data-label);\n      display:block;\n      font-weight:800;\n      color:#7a1e63;\n      margin-bottom:4px;\n    }\n    .make-table tbody td:last-child{border-bottom:none}\n  }\n<\/style>\n\n<div class=\"make-wrap\">\n  <h3 class=\"make-title\">\ud83e\ude7a\u2728 Estrat\u00e9gias de monitoramento da sa\u00fade urin\u00e1ria<\/h3>\n\n  <table class=\"make-table\">\n    <thead>\n      <tr>\n        <th>Medida<\/th>\n        <th>Descri\u00e7\u00e3o<\/th>\n      <\/tr>\n    <\/thead>\n    <tbody>\n      <tr>\n        <td data-label=\"Medida\">Monitoramento regular<\/td>\n        <td data-label=\"Descri\u00e7\u00e3o\">Monitoramento regular da sa\u00fade, com exames de urina e avalia\u00e7\u00e3o urol\u00f3gica peri\u00f3dica.<\/td>\n      <\/tr>\n      <tr>\n        <td data-label=\"Medida\">Educa\u00e7\u00e3o sobre sintomas<\/td>\n        <td data-label=\"Descri\u00e7\u00e3o\">Educa\u00e7\u00e3o clara sobre sinais e sintomas de c\u00e2ncer de bexiga e outras doen\u00e7as.<\/td>\n      <\/tr>\n      <tr>\n        <td data-label=\"Medida\">Tecnologias auxiliares<\/td>\n        <td data-label=\"Descri\u00e7\u00e3o\">Utiliza\u00e7\u00e3o de tecnologias auxiliares, como aplicativos que identificam cores e testes laboratoriais espec\u00edficos.<\/td>\n      <\/tr>\n    <\/tbody>\n  <\/table>\n\n  <p style=\"margin-top:14px; color:#6b7280; font-size:.9rem;\">\n    \ud83d\udca1 <strong>Dica:<\/strong> A combina\u00e7\u00e3o de acompanhamento m\u00e9dico e tecnologias auxiliares pode facilitar a identifica\u00e7\u00e3o precoce de altera\u00e7\u00f5es urin\u00e1rias.\n  <\/p>\n<\/div>\n\n\n\n\n<h2 class=\"wp-block-heading\">Quais s\u00e3o os desafios di\u00e1rios enfrentados por pessoas com daltonismo?<\/h2>\n\n\n\n<p>Al\u00e9m das dificuldades m\u00e9dicas, o daltonismo interfere em tarefas cotidianas, como dirigir, interpretar sinais de tr\u00e2nsito e escolher roupas. Essas limita\u00e7\u00f5es podem gerar frustra\u00e7\u00e3o, inseguran\u00e7a e maior depend\u00eancia de outras pessoas em situa\u00e7\u00f5es visuais cr\u00edticas.<\/p>\n\n\n\n<p>O estudo de Stanford incentiva uma abordagem mais emp\u00e1tica e informada na pr\u00e1tica m\u00e9dica e na sociedade. Ao reconhecer essas barreiras e adaptar ambientes, profissionais de sa\u00fade e gestores podem contribuir para mais seguran\u00e7a, inclus\u00e3o e melhores resultados de sa\u00fade para quem vive com daltonismo.<\/p>\n\n\n<a href=\"https:\/\/www.instagram.com\/dra.annaluisabf\/\" target=\"_blank\" rel=\"noopener\" style=\"text-decoration: none; color: inherit;\">\n    <span style=\"display: inline-block; border: 1px solid #ccc; border-radius: 10px; padding: 15px; max-width: 550px; font-family: sans-serif; box-shadow: 0 2px 5px rgba(0,0,0,0.1); width: 100%;\">\n\n      <!-- T\u00edtulo -->\n      <span style=\"display: block; margin: 0 0 15px 0; font-weight: bold; color: #2c3e50; text-align: center;\">\n        Entre em contato:\n      <\/span>\n\n      <!-- Linha do perfil -->\n      <span style=\"display: flex; align-items: center; gap: 15px;\">\n        <img decoding=\"async\"\n          src=\"https:\/\/www.correiobraziliense.com.br\/cbradar\/wp-content\/uploads\/2025\/08\/dra_anna_luisa.jpeg\"\n          alt=\"Foto da Dra. Anna Lu\u00edsa\"\n          style=\"border-radius: 50%; width: 80px; height: 80px; object-fit: cover;\"\n        \/>\n        <span style=\"display: flex; flex-direction: column;\">\n          <span style=\"font-size: 18px; font-weight: 700; color: #2c3e50;\">Dra. Anna Lu\u00edsa Barbosa Fernandes<\/span>\n          <span style=\"color: #555;\">CRM-GO 33.271<\/span>\n        <\/span>\n      <\/span>\n\n      <!-- Redes -->\n      <span style=\"display: flex; align-items: center; gap: 10px; margin-top: 12px;\">\n        <img decoding=\"async\" src=\"https:\/\/cdn-icons-png.flaticon.com\/24\/1384\/1384063.png\" alt=\"Instagram\" width=\"24\" height=\"24\" \/>\n        <span style=\"text-decoration: underline; color: #2c3e50;\">@dra.annaluisabf<\/span>\n      <\/span>\n\n    <\/span>\n  <\/a>","protected":false},"excerpt":{"rendered":"<p>A defici\u00eancia na percep\u00e7\u00e3o de cores, conhecida como Daltonismo, pode ter repercuss\u00f5es significativas na sa\u00fade. Estudos, como o da Stanford Medicine, destacam que a dificuldade em distinguir certas cores pode atrasar a identifica\u00e7\u00e3o de sintomas cr\u00edticos, como sangue na urina, um dos primeiros sinais do c\u00e2ncer de bexiga, aumentando o risco de complica\u00e7\u00f5es. Como o [&hellip;]<\/p>\n","protected":false},"author":14,"featured_media":195718,"comment_status":"open","ping_status":"open","sticky":false,"template":"","format":"standard","meta":{"_yoast_wpseo_focuskw":"Daltonismo","_yoast_wpseo_title":"","_yoast_wpseo_metadesc":"Daltonismo pode dificultar a percep\u00e7\u00e3o de um sinal precoce do c\u00e2ncer de bexiga. Entenda por que isso preocupa pesquisadores.","jnews-multi-image_gallery":[],"jnews_single_post":{"format":"standard"},"jnews_primary_category":[],"jnews_social_meta":[],"jnews_override_counter":[],"footnotes":""},"categories":[4404],"post_tag":[120,247,1318],"class_list":["post-206821","post","type-post","status-publish","format-standard","has-post-thumbnail","hentry","category-saude","tag-bem-estar","tag-qualidade-de-vida","tag-saude-2"],"yoast_head":"<!-- This site is optimized with the Yoast SEO plugin v24.6 - https:\/\/yoast.com\/wordpress\/plugins\/seo\/ -->\n<title>O efeito silencioso do daltonismo que pode atrasar o diagn\u00f3stico de um c\u00e2ncer perigoso - Correio Braziliense - Radar<\/title>\n<meta name=\"description\" content=\"Daltonismo pode dificultar a percep\u00e7\u00e3o de um sinal precoce do c\u00e2ncer de bexiga. Entenda por que isso preocupa pesquisadores.\" \/>\n<meta name=\"robots\" content=\"index, follow, max-snippet:-1, max-image-preview:large, max-video-preview:-1\" \/>\n<link rel=\"canonical\" href=\"https:\/\/www.correiobraziliense.com.br\/cbradar\/o-efeito-silencioso-do-daltonismo-que-pode-atrasar-o-diagnostico-de-um-cancer-perigoso\/\" \/>\n<meta property=\"og:locale\" content=\"pt_BR\" \/>\n<meta property=\"og:type\" content=\"article\" \/>\n<meta property=\"og:title\" content=\"O efeito silencioso do daltonismo que pode atrasar o diagn\u00f3stico de um c\u00e2ncer perigoso - Correio Braziliense - Radar\" \/>\n<meta property=\"og:description\" content=\"Daltonismo pode dificultar a percep\u00e7\u00e3o de um sinal precoce do c\u00e2ncer de bexiga. Entenda por que isso preocupa pesquisadores.\" \/>\n<meta property=\"og:url\" content=\"https:\/\/www.correiobraziliense.com.br\/cbradar\/o-efeito-silencioso-do-daltonismo-que-pode-atrasar-o-diagnostico-de-um-cancer-perigoso\/\" \/>\n<meta property=\"og:site_name\" content=\"Correio Braziliense - Radar\" \/>\n<meta property=\"article:published_time\" content=\"2026-03-12T10:45:00+00:00\" \/>\n<meta property=\"og:image\" content=\"https:\/\/www.correiobraziliense.com.br\/cbradar\/wp-content\/uploads\/2026\/02\/Daltonismo_1771438012305.jpg\" \/>\n\t<meta property=\"og:image:width\" content=\"1280\" \/>\n\t<meta property=\"og:image:height\" content=\"720\" \/>\n\t<meta property=\"og:image:type\" content=\"image\/jpeg\" \/>\n<meta name=\"author\" content=\"guilherme_saude\" \/>\n<meta name=\"twitter:card\" content=\"summary_large_image\" \/>\n<meta name=\"twitter:label1\" content=\"Escrito por\" \/>\n\t<meta name=\"twitter:data1\" content=\"guilherme_saude\" \/>\n\t<meta name=\"twitter:label2\" content=\"Est. tempo de leitura\" \/>\n\t<meta name=\"twitter:data2\" content=\"4 minutos\" \/>\n<!-- \/ Yoast SEO plugin. -->","yoast_head_json":{"title":"O efeito silencioso do daltonismo que pode atrasar o diagn\u00f3stico de um c\u00e2ncer perigoso - Correio Braziliense - Radar","description":"Daltonismo pode dificultar a percep\u00e7\u00e3o de um sinal precoce do c\u00e2ncer de bexiga. Entenda por que isso preocupa pesquisadores.","robots":{"index":"index","follow":"follow","max-snippet":"max-snippet:-1","max-image-preview":"max-image-preview:large","max-video-preview":"max-video-preview:-1"},"canonical":"https:\/\/www.correiobraziliense.com.br\/cbradar\/o-efeito-silencioso-do-daltonismo-que-pode-atrasar-o-diagnostico-de-um-cancer-perigoso\/","og_locale":"pt_BR","og_type":"article","og_title":"O efeito silencioso do daltonismo que pode atrasar o diagn\u00f3stico de um c\u00e2ncer perigoso - Correio Braziliense - Radar","og_description":"Daltonismo pode dificultar a percep\u00e7\u00e3o de um sinal precoce do c\u00e2ncer de bexiga. Entenda por que isso preocupa pesquisadores.","og_url":"https:\/\/www.correiobraziliense.com.br\/cbradar\/o-efeito-silencioso-do-daltonismo-que-pode-atrasar-o-diagnostico-de-um-cancer-perigoso\/","og_site_name":"Correio Braziliense - Radar","article_published_time":"2026-03-12T10:45:00+00:00","og_image":[{"width":1280,"height":720,"url":"https:\/\/www.correiobraziliense.com.br\/cbradar\/wp-content\/uploads\/2026\/02\/Daltonismo_1771438012305.jpg","type":"image\/jpeg"}],"author":"guilherme_saude","twitter_card":"summary_large_image","twitter_misc":{"Escrito por":"guilherme_saude","Est. tempo de leitura":"4 minutos"},"schema":{"@context":"https:\/\/schema.org","@graph":[{"@type":"WebPage","@id":"https:\/\/www.correiobraziliense.com.br\/cbradar\/o-efeito-silencioso-do-daltonismo-que-pode-atrasar-o-diagnostico-de-um-cancer-perigoso\/","url":"https:\/\/www.correiobraziliense.com.br\/cbradar\/o-efeito-silencioso-do-daltonismo-que-pode-atrasar-o-diagnostico-de-um-cancer-perigoso\/","name":"O efeito silencioso do daltonismo que pode atrasar o diagn\u00f3stico de um c\u00e2ncer perigoso - Correio Braziliense - Radar","isPartOf":{"@id":"https:\/\/www.correiobraziliense.com.br\/cbradar\/#website"},"primaryImageOfPage":{"@id":"https:\/\/www.correiobraziliense.com.br\/cbradar\/o-efeito-silencioso-do-daltonismo-que-pode-atrasar-o-diagnostico-de-um-cancer-perigoso\/#primaryimage"},"image":{"@id":"https:\/\/www.correiobraziliense.com.br\/cbradar\/o-efeito-silencioso-do-daltonismo-que-pode-atrasar-o-diagnostico-de-um-cancer-perigoso\/#primaryimage"},"thumbnailUrl":"https:\/\/www.correiobraziliense.com.br\/cbradar\/wp-content\/uploads\/2026\/02\/Daltonismo_1771438012305.jpg","datePublished":"2026-03-12T10:45:00+00:00","author":{"@id":"https:\/\/www.correiobraziliense.com.br\/cbradar\/#\/schema\/person\/5aa4bf3c8fa699c267933611de12978b"},"description":"Daltonismo pode dificultar a percep\u00e7\u00e3o de um sinal precoce do c\u00e2ncer de bexiga. Entenda por que isso preocupa pesquisadores.","breadcrumb":{"@id":"https:\/\/www.correiobraziliense.com.br\/cbradar\/o-efeito-silencioso-do-daltonismo-que-pode-atrasar-o-diagnostico-de-um-cancer-perigoso\/#breadcrumb"},"inLanguage":"pt-BR","potentialAction":[{"@type":"ReadAction","target":["https:\/\/www.correiobraziliense.com.br\/cbradar\/o-efeito-silencioso-do-daltonismo-que-pode-atrasar-o-diagnostico-de-um-cancer-perigoso\/"]}]},{"@type":"ImageObject","inLanguage":"pt-BR","@id":"https:\/\/www.correiobraziliense.com.br\/cbradar\/o-efeito-silencioso-do-daltonismo-que-pode-atrasar-o-diagnostico-de-um-cancer-perigoso\/#primaryimage","url":"https:\/\/www.correiobraziliense.com.br\/cbradar\/wp-content\/uploads\/2026\/02\/Daltonismo_1771438012305.jpg","contentUrl":"https:\/\/www.correiobraziliense.com.br\/cbradar\/wp-content\/uploads\/2026\/02\/Daltonismo_1771438012305.jpg","width":1280,"height":720,"caption":"A estrat\u00e9gia definitiva para conviver com daltonismo sem limita\u00e7\u00f5es - Cr\u00e9ditos: depositphotos.com \/ Madhourses"},{"@type":"BreadcrumbList","@id":"https:\/\/www.correiobraziliense.com.br\/cbradar\/o-efeito-silencioso-do-daltonismo-que-pode-atrasar-o-diagnostico-de-um-cancer-perigoso\/#breadcrumb","itemListElement":[{"@type":"ListItem","position":1,"name":"In\u00edcio","item":"https:\/\/www.correiobraziliense.com.br\/cbradar\/"},{"@type":"ListItem","position":2,"name":"O efeito silencioso do daltonismo que pode atrasar o diagn\u00f3stico de um c\u00e2ncer perigoso"}]},{"@type":"WebSite","@id":"https:\/\/www.correiobraziliense.com.br\/cbradar\/#website","url":"https:\/\/www.correiobraziliense.com.br\/cbradar\/","name":"Correio Braziliense - Radar","description":"Acompanhe as \u00faltimas not\u00edcias e fique bem informado sobre tudo o que acontece no Brasil e no mundo.","potentialAction":[{"@type":"SearchAction","target":{"@type":"EntryPoint","urlTemplate":"https:\/\/www.correiobraziliense.com.br\/cbradar\/?s={search_term_string}"},"query-input":{"@type":"PropertyValueSpecification","valueRequired":true,"valueName":"search_term_string"}}],"inLanguage":"pt-BR"},{"@type":"Person","@id":"https:\/\/www.correiobraziliense.com.br\/cbradar\/#\/schema\/person\/5aa4bf3c8fa699c267933611de12978b","name":"guilherme_saude","image":{"@type":"ImageObject","inLanguage":"pt-BR","@id":"https:\/\/www.correiobraziliense.com.br\/cbradar\/#\/schema\/person\/image\/","url":"https:\/\/secure.gravatar.com\/avatar\/df9adfb835d344bc0af109d41756253f?s=96&d=mm&r=g","contentUrl":"https:\/\/secure.gravatar.com\/avatar\/df9adfb835d344bc0af109d41756253f?s=96&d=mm&r=g","caption":"guilherme_saude"},"url":"https:\/\/www.correiobraziliense.com.br\/cbradar\/author\/guilherme_saude\/"}]}},"_links":{"self":[{"href":"https:\/\/www.correiobraziliense.com.br\/cbradar\/wp-json\/wp\/v2\/posts\/206821","targetHints":{"allow":["GET"]}}],"collection":[{"href":"https:\/\/www.correiobraziliense.com.br\/cbradar\/wp-json\/wp\/v2\/posts"}],"about":[{"href":"https:\/\/www.correiobraziliense.com.br\/cbradar\/wp-json\/wp\/v2\/types\/post"}],"author":[{"embeddable":true,"href":"https:\/\/www.correiobraziliense.com.br\/cbradar\/wp-json\/wp\/v2\/users\/14"}],"replies":[{"embeddable":true,"href":"https:\/\/www.correiobraziliense.com.br\/cbradar\/wp-json\/wp\/v2\/comments?post=206821"}],"version-history":[{"count":1,"href":"https:\/\/www.correiobraziliense.com.br\/cbradar\/wp-json\/wp\/v2\/posts\/206821\/revisions"}],"predecessor-version":[{"id":206822,"href":"https:\/\/www.correiobraziliense.com.br\/cbradar\/wp-json\/wp\/v2\/posts\/206821\/revisions\/206822"}],"wp:featuredmedia":[{"embeddable":true,"href":"https:\/\/www.correiobraziliense.com.br\/cbradar\/wp-json\/wp\/v2\/media\/195718"}],"wp:attachment":[{"href":"https:\/\/www.correiobraziliense.com.br\/cbradar\/wp-json\/wp\/v2\/media?parent=206821"}],"wp:term":[{"taxonomy":"category","embeddable":true,"href":"https:\/\/www.correiobraziliense.com.br\/cbradar\/wp-json\/wp\/v2\/categories?post=206821"},{"taxonomy":"post_tag","embeddable":true,"href":"https:\/\/www.correiobraziliense.com.br\/cbradar\/wp-json\/wp\/v2\/post_tag?post=206821"}],"curies":[{"name":"wp","href":"https:\/\/api.w.org\/{rel}","templated":true}]}}