{"id":206825,"date":"2026-03-12T09:35:00","date_gmt":"2026-03-12T12:35:00","guid":{"rendered":"https:\/\/www.correiobraziliense.com.br\/cbradar\/?p=206825"},"modified":"2026-03-11T10:40:35","modified_gmt":"2026-03-11T13:40:35","slug":"quando-dieta-e-exercicio-deixam-de-cuidar-do-corpo-e-passam-a-ferir-a-mente","status":"publish","type":"post","link":"https:\/\/www.correiobraziliense.com.br\/cbradar\/quando-dieta-e-exercicio-deixam-de-cuidar-do-corpo-e-passam-a-ferir-a-mente\/","title":{"rendered":"Quando dieta e exerc\u00edcio deixam de cuidar do corpo e passam a ferir a mente"},"content":{"rendered":"\n<p>Um estudo recente da <strong>Universidade de Warwick<\/strong>, na Inglaterra, levantou importantes quest\u00f5es sobre a rela\u00e7\u00e3o entre sa\u00fade mental e h\u00e1bitos alimentares e de exerc\u00edcio f\u00edsico entre os jovens. A pesquisa indica que, apesar de parecerem saud\u00e1veis, alguns jovens que controlam rigorosamente sua alimenta\u00e7\u00e3o e atividade f\u00edsica manifestam maior incid\u00eancia de ansiedade, depress\u00e3o e sofrimento psicol\u00f3gico na fase adulta, conforme dados do Millennium Cohort Study, que monitora brit\u00e2nicos desde a inf\u00e2ncia, com informa\u00e7\u00f5es coletadas principalmente entre 2018 e 2021.<\/p>\n\n\n\n<h2 class=\"wp-block-heading\">Rela\u00e7\u00e3o entre controle de peso e sa\u00fade mental em jovens?<\/h2>\n\n\n\n<p>O levantamento concluiu que jovens com peso normal, que n\u00e3o seguem dietas restritivas nem praticam exerc\u00edcios de forma obsessiva para controlar o peso, apresentavam os melhores indicadores de sa\u00fade mental aos 20 anos. Em contraste, aqueles que controlavam rigidamente o peso por meio de dietas e exerc\u00edcios mostraram piores desfechos psicol\u00f3gicos, sugerindo que o excesso de controle pode deixar de ser saud\u00e1vel.<\/p>\n\n\n\n<p>Sob a an\u00e1lise da psic\u00f3loga Patr\u00edcia Cristina Gomes, comportamentos de controle do peso por meio de dietas e exerc\u00edcios podem deixar de promover sa\u00fade e passar a ser reguladores de ansiedade e autoestima quando motivados por insatisfa\u00e7\u00e3o corporal e compara\u00e7\u00e3o social. Nesses casos, a alimenta\u00e7\u00e3o e a atividade f\u00edsica tornam-se fontes de press\u00e3o e sofrimento, em vez de cuidado consigo mesmo.<\/p>\n\n\n\n<h2 class=\"wp-block-heading\">Quais s\u00e3o os principais sinais de alerta no controle de peso?<\/h2>\n\n\n\n<p>Entre os sinais de que o controle do peso pode estar comprometendo a sa\u00fade mental est\u00e3o a rela\u00e7\u00e3o de culpa e obriga\u00e7\u00e3o com a comida e a atividade f\u00edsica. Jovens que lidam com o peso dessa forma tendem a se sentir insatisfeitos com a pr\u00f3pria apar\u00eancia, consequ\u00eancia da vigil\u00e2ncia constante e da autocr\u00edtica elevada.<\/p>\n\n\n\n<p>Gomes aponta que, quando a preocupa\u00e7\u00e3o com o corpo \u00e9 exacerbada, pode surgir um tra\u00e7o de personalidade denominado&nbsp;<strong>neuroticismo<\/strong>, diretamente relacionado \u00e0 maior tend\u00eancia de experimentar emo\u00e7\u00f5es negativas e preocupa\u00e7\u00e3o excessiva. Esse padr\u00e3o aumenta o risco de ansiedade, depress\u00e3o e desenvolvimento de transtornos alimentares na vida adulta.<\/p>\n\n\n<div class=\"wp-block-image\">\n<figure class=\"aligncenter size-large\"><img decoding=\"async\" width=\"1024\" height=\"576\" src=\"https:\/\/www.correiobraziliense.com.br\/cbradar\/wp-content\/uploads\/2026\/02\/Ganho-de-Peso_1771437036100-1024x576.jpg\" alt=\"\" class=\"wp-image-195706\" srcset=\"https:\/\/www.correiobraziliense.com.br\/cbradar\/wp-content\/uploads\/2026\/02\/Ganho-de-Peso_1771437036100-1024x576.jpg 1024w, https:\/\/www.correiobraziliense.com.br\/cbradar\/wp-content\/uploads\/2026\/02\/Ganho-de-Peso_1771437036100-300x169.jpg 300w, https:\/\/www.correiobraziliense.com.br\/cbradar\/wp-content\/uploads\/2026\/02\/Ganho-de-Peso_1771437036100-768x432.jpg 768w, https:\/\/www.correiobraziliense.com.br\/cbradar\/wp-content\/uploads\/2026\/02\/Ganho-de-Peso_1771437036100-750x422.jpg 750w, https:\/\/www.correiobraziliense.com.br\/cbradar\/wp-content\/uploads\/2026\/02\/Ganho-de-Peso_1771437036100-1140x641.jpg 1140w, https:\/\/www.correiobraziliense.com.br\/cbradar\/wp-content\/uploads\/2026\/02\/Ganho-de-Peso_1771437036100.jpg 1280w\" sizes=\"(max-width: 1024px) 100vw, 1024px\" \/><figcaption class=\"wp-element-caption\">Ganho de peso pode ser controlado com fibras e equil\u00edbrio cal\u00f3rico &#8211; Cr\u00e9ditos: depositphotos.com \/ saje<\/figcaption><\/figure><\/div>\n\n\n<h2 class=\"wp-block-heading\">Como o estigma de peso afeta a sa\u00fade mental?<\/h2>\n\n\n\n<p>A pesquisa tamb\u00e9m destacou o papel do estigma de peso, que afeta a sa\u00fade mental independentemente do \u00edndice de massa corporal. Muitos jovens com peso considerado normal, mas que se submetem a dietas e exerc\u00edcios por press\u00e3o est\u00e9tica, sentem-se inseguros a respeito de sua apar\u00eancia e desenvolvem uma rela\u00e7\u00e3o tensa com o pr\u00f3prio corpo.<\/p>\n\n\n\n<p>Essa press\u00e3o e insatisfa\u00e7\u00e3o s\u00e3o frequentemente alimentadas por coment\u00e1rios, piadas e compara\u00e7\u00f5es sociais, inclusive em ambientes escolares e familiares. Como consequ\u00eancia, observam-se n\u00edveis mais altos de sintomas depressivos e de ansiedade, al\u00e9m de aumento do isolamento social e da autoestima baixa.<\/p>\n\n\n\n<h2 class=\"wp-block-heading\">Quais comportamentos indicam rela\u00e7\u00e3o prejudicial com comida e exerc\u00edcios?<\/h2>\n\n\n\n<p>Alguns comportamentos espec\u00edficos ajudam a identificar quando o cuidado com alimenta\u00e7\u00e3o e atividade f\u00edsica deixa de ser saud\u00e1vel. Eles costumam se manifestar no dia a dia como regras r\u00edgidas, sensa\u00e7\u00e3o de obriga\u00e7\u00e3o constante e dificuldade de flexibilizar rotinas mesmo em situa\u00e7\u00f5es especiais.<\/p>\n\n\n\n<style>\n  .make-wrap{\n    max-width: 760px;\n    margin: 26px auto;\n    padding: 18px;\n    border-radius: 18px;\n    background: linear-gradient(135deg,#fff7fb 0%,#f6f2ff 100%);\n    border: 1px solid #f7d4ea;\n    box-shadow: 0 8px 20px rgba(236,72,153,.12);\n    font-family: system-ui, -apple-system, Segoe UI, Roboto, Helvetica, Arial, sans-serif;\n  }\n\n  .make-title{\n    display:flex; \n    align-items:center; \n    gap:10px;\n    margin:0 0 12px 4px;\n    font-size:1.2rem; \n    font-weight:900; \n    color:#9d174d;\n  }\n\n  .make-table{\n    width:100%;\n    border-collapse:separate;\n    border-spacing:0;\n    overflow:hidden;\n    border-radius:16px;\n    border:1px solid #f7d4ea;\n    background:#fff;\n    font-size:.92rem;\n  }\n\n  .make-table thead th{\n    background:linear-gradient(90deg,#fde7f3 0%,#f8e9ff 100%);\n    padding:12px;\n    color:#7a1e63;\n    font-weight:800;\n    text-align:left;\n    border-bottom:1px solid #f7d4ea;\n  }\n\n  .make-table tbody td{\n    padding:12px;\n    color:#374151;\n    vertical-align:top;\n    border-bottom:1px dashed #f7d4ea;\n  }\n\n  .make-table tbody tr:nth-child(odd){\n    background:#fffaff;\n  }\n\n  .price{\n    display:inline-flex;\n    align-items:center;\n    background:#fff7ed;\n    color:#b45309;\n    padding:6px 10px;\n    border-radius:10px;\n    border:1px solid #fed7aa;\n    font-weight:700;\n    white-space:nowrap;\n  }\n\n  .badge{\n    display:inline-block;\n    background:#fde7f3;\n    color:#c026d3;\n    border:1px solid #fecdd3;\n    padding:4px 10px;\n    border-radius:999px;\n    font-weight:700;\n    font-size:.78rem;\n  }\n\n  @media (max-width:720px){\n    .make-table thead{display:none}\n    .make-table, .make-table tbody, .make-table tr, .make-table td{\n      display:block; \n      width:100%;\n    }\n    .make-table tr{\n      margin-bottom:12px;\n      border:1px solid #f7d4ea;\n      border-radius:14px;\n      overflow:hidden;\n      background:#fff;\n    }\n    .make-table td[data-label]:before{\n      content:attr(data-label);\n      display:block;\n      font-weight:800;\n      color:#7a1e63;\n      margin-bottom:4px;\n    }\n    .make-table tbody td:last-child{border-bottom:none}\n  }\n<\/style>\n\n<div class=\"make-wrap\">\n  <h3 class=\"make-title\">\ud83e\udde0\u2728 Comportamentos ligados \u00e0 rela\u00e7\u00e3o com o corpo<\/h3>\n\n  <table class=\"make-table\">\n    <thead>\n      <tr>\n        <th>Comportamento<\/th>\n        <th>Descri\u00e7\u00e3o<\/th>\n      <\/tr>\n    <\/thead>\n    <tbody>\n      <tr>\n        <td data-label=\"Comportamento\">Rigidez alimentar<\/td>\n        <td data-label=\"Descri\u00e7\u00e3o\">Restri\u00e7\u00f5es rigorosas do que pode ou n\u00e3o ser consumido, levando \u00e0 culpa ap\u00f3s a ingest\u00e3o de certos alimentos.<\/td>\n      <\/tr>\n      <tr>\n        <td data-label=\"Comportamento\">Obriga\u00e7\u00e3o de exerc\u00edcio<\/td>\n        <td data-label=\"Descri\u00e7\u00e3o\">Atividade f\u00edsica encarada como puni\u00e7\u00e3o, e n\u00e3o como prazer ou cuidado com o corpo.<\/td>\n      <\/tr>\n      <tr>\n        <td data-label=\"Comportamento\">Compara\u00e7\u00e3o social<\/td>\n        <td data-label=\"Descri\u00e7\u00e3o\">Constante compara\u00e7\u00e3o da pr\u00f3pria apar\u00eancia com a de outras pessoas, principalmente influenciada por redes sociais.<\/td>\n      <\/tr>\n    <\/tbody>\n  <\/table>\n\n  <p style=\"margin-top:14px; color:#6b7280; font-size:.9rem;\">\n    \ud83d\udca1 <strong>Dica:<\/strong> Desenvolver uma rela\u00e7\u00e3o equilibrada com alimenta\u00e7\u00e3o, exerc\u00edcio e imagem corporal \u00e9 fundamental para o bem-estar.\n  <\/p>\n<\/div>\n\n\n\n\n<h2 class=\"wp-block-heading\">De que forma a apar\u00eancia influencia as jovens meninas?<\/h2>\n\n\n\n<p>A influ\u00eancia da apar\u00eancia nas jovens meninas \u00e9 especialmente pronunciada e come\u00e7a cedo, em casa, na escola e na m\u00eddia. Desde pequenas, muitas aprendem que a imagem corporal tem grande import\u00e2ncia, um conceito amplificado pelas redes sociais que disseminam ideais de corpos considerados perfeitos e irreais.<\/p>\n\n\n\n<p>Essa expectativa pode levar a dist\u00farbios alimentares e de imagem corporal, como a insatisfa\u00e7\u00e3o constante com o pr\u00f3prio corpo e tentativas repetidas de emagrecer. Entre os sinais de alerta est\u00e3o mudan\u00e7as bruscas no padr\u00e3o alimentar, coment\u00e1rios desvalorizadores sobre a pr\u00f3pria apar\u00eancia e sensibilidade extrema a cr\u00edticas e elogios relacionados ao corpo.<\/p>\n\n\n\n<h2 class=\"wp-block-heading\">Como enfrentar o estigma e promover melhor sa\u00fade mental?<\/h2>\n\n\n\n<p>Para enfrentar esses desafios, a terapia cognitivo-comportamental pode ser uma aliada em melhorar a autoestima, reestruturar pensamentos distorcidos sobre corpo e peso e desenvolver uma rela\u00e7\u00e3o mais positiva com a alimenta\u00e7\u00e3o. Estrat\u00e9gias de psicoeduca\u00e7\u00e3o tamb\u00e9m ajudam jovens a reconhecer o impacto das redes sociais e do discurso est\u00e9tico na pr\u00f3pria sa\u00fade mental.<\/p>\n\n\n\n<p>Envolver as fam\u00edlias no processo e evitar coment\u00e1rios sobre peso s\u00e3o passos cruciais para mudar o foco da apar\u00eancia para outros valores pessoais, como habilidades, interesses e car\u00e1ter. Com suporte adequado e ambientes mais acolhedores, jovens podem desenvolver mecanismos de enfrentamento mais saud\u00e1veis, reduzir a autocr\u00edtica e melhorar o bem-estar geral.<\/p>\n\n\n<a href=\"https:\/\/www.instagram.com\/dra.annaluisabf\/\" target=\"_blank\" rel=\"noopener\" style=\"text-decoration: none; color: inherit;\">\n    <span style=\"display: inline-block; border: 1px solid #ccc; border-radius: 10px; padding: 15px; max-width: 550px; font-family: sans-serif; box-shadow: 0 2px 5px rgba(0,0,0,0.1); width: 100%;\">\n\n      <!-- T\u00edtulo -->\n      <span style=\"display: block; margin: 0 0 15px 0; font-weight: bold; color: #2c3e50; text-align: center;\">\n        Entre em contato:\n      <\/span>\n\n      <!-- Linha do perfil -->\n      <span style=\"display: flex; align-items: center; gap: 15px;\">\n        <img decoding=\"async\"\n          src=\"https:\/\/www.correiobraziliense.com.br\/cbradar\/wp-content\/uploads\/2025\/08\/dra_anna_luisa.jpeg\"\n          alt=\"Foto da Dra. Anna Lu\u00edsa\"\n          style=\"border-radius: 50%; width: 80px; height: 80px; object-fit: cover;\"\n        \/>\n        <span style=\"display: flex; flex-direction: column;\">\n          <span style=\"font-size: 18px; font-weight: 700; color: #2c3e50;\">Dra. Anna Lu\u00edsa Barbosa Fernandes<\/span>\n          <span style=\"color: #555;\">CRM-GO 33.271<\/span>\n        <\/span>\n      <\/span>\n\n      <!-- Redes -->\n      <span style=\"display: flex; align-items: center; gap: 10px; margin-top: 12px;\">\n        <img decoding=\"async\" src=\"https:\/\/cdn-icons-png.flaticon.com\/24\/1384\/1384063.png\" alt=\"Instagram\" width=\"24\" height=\"24\" \/>\n        <span style=\"text-decoration: underline; color: #2c3e50;\">@dra.annaluisabf<\/span>\n      <\/span>\n\n    <\/span>\n  <\/a>","protected":false},"excerpt":{"rendered":"<p>Um estudo recente da Universidade de Warwick, na Inglaterra, levantou importantes quest\u00f5es sobre a rela\u00e7\u00e3o entre sa\u00fade mental e h\u00e1bitos alimentares e de exerc\u00edcio f\u00edsico entre os jovens. A pesquisa indica que, apesar de parecerem saud\u00e1veis, alguns jovens que controlam rigorosamente sua alimenta\u00e7\u00e3o e atividade f\u00edsica manifestam maior incid\u00eancia de ansiedade, depress\u00e3o e sofrimento psicol\u00f3gico [&hellip;]<\/p>\n","protected":false},"author":14,"featured_media":81432,"comment_status":"open","ping_status":"open","sticky":false,"template":"","format":"standard","meta":{"_yoast_wpseo_focuskw":"Ganho de peso","_yoast_wpseo_title":"","_yoast_wpseo_metadesc":"O excesso de controle com dieta e exerc\u00edcios pode afetar a sa\u00fade mental dos jovens. Entenda o que o estudo observou.","jnews-multi-image_gallery":[],"jnews_single_post":{"format":"standard"},"jnews_primary_category":[],"jnews_social_meta":[],"jnews_override_counter":[],"footnotes":""},"categories":[4404],"post_tag":[120,247,1318],"class_list":["post-206825","post","type-post","status-publish","format-standard","has-post-thumbnail","hentry","category-saude","tag-bem-estar","tag-qualidade-de-vida","tag-saude-2"],"yoast_head":"<!-- This site is optimized with the Yoast SEO plugin v24.6 - https:\/\/yoast.com\/wordpress\/plugins\/seo\/ -->\n<title>Quando dieta e exerc\u00edcio deixam de cuidar do corpo e passam a ferir a mente - Correio Braziliense - Radar<\/title>\n<meta name=\"description\" content=\"O excesso de controle com dieta e exerc\u00edcios pode afetar a sa\u00fade mental dos jovens. Entenda o que o estudo observou.\" \/>\n<meta name=\"robots\" content=\"index, follow, max-snippet:-1, max-image-preview:large, max-video-preview:-1\" \/>\n<link rel=\"canonical\" href=\"https:\/\/www.correiobraziliense.com.br\/cbradar\/quando-dieta-e-exercicio-deixam-de-cuidar-do-corpo-e-passam-a-ferir-a-mente\/\" \/>\n<meta property=\"og:locale\" content=\"pt_BR\" \/>\n<meta property=\"og:type\" content=\"article\" \/>\n<meta property=\"og:title\" content=\"Quando dieta e exerc\u00edcio deixam de cuidar do corpo e passam a ferir a mente - Correio Braziliense - Radar\" \/>\n<meta property=\"og:description\" content=\"O excesso de controle com dieta e exerc\u00edcios pode afetar a sa\u00fade mental dos jovens. Entenda o que o estudo observou.\" \/>\n<meta property=\"og:url\" content=\"https:\/\/www.correiobraziliense.com.br\/cbradar\/quando-dieta-e-exercicio-deixam-de-cuidar-do-corpo-e-passam-a-ferir-a-mente\/\" \/>\n<meta property=\"og:site_name\" content=\"Correio Braziliense - Radar\" \/>\n<meta property=\"article:published_time\" content=\"2026-03-12T12:35:00+00:00\" \/>\n<meta property=\"og:image\" content=\"https:\/\/www.correiobraziliense.com.br\/cbradar\/wp-content\/uploads\/2025\/08\/peso-ideal_1754417404372.jpg\" \/>\n\t<meta property=\"og:image:width\" content=\"1279\" \/>\n\t<meta property=\"og:image:height\" content=\"720\" \/>\n\t<meta property=\"og:image:type\" content=\"image\/jpeg\" \/>\n<meta name=\"author\" content=\"guilherme_saude\" \/>\n<meta name=\"twitter:card\" content=\"summary_large_image\" \/>\n<meta name=\"twitter:label1\" content=\"Escrito por\" \/>\n\t<meta name=\"twitter:data1\" content=\"guilherme_saude\" \/>\n\t<meta name=\"twitter:label2\" content=\"Est. tempo de leitura\" \/>\n\t<meta name=\"twitter:data2\" content=\"6 minutos\" \/>\n<!-- \/ Yoast SEO plugin. -->","yoast_head_json":{"title":"Quando dieta e exerc\u00edcio deixam de cuidar do corpo e passam a ferir a mente - Correio Braziliense - Radar","description":"O excesso de controle com dieta e exerc\u00edcios pode afetar a sa\u00fade mental dos jovens. Entenda o que o estudo observou.","robots":{"index":"index","follow":"follow","max-snippet":"max-snippet:-1","max-image-preview":"max-image-preview:large","max-video-preview":"max-video-preview:-1"},"canonical":"https:\/\/www.correiobraziliense.com.br\/cbradar\/quando-dieta-e-exercicio-deixam-de-cuidar-do-corpo-e-passam-a-ferir-a-mente\/","og_locale":"pt_BR","og_type":"article","og_title":"Quando dieta e exerc\u00edcio deixam de cuidar do corpo e passam a ferir a mente - Correio Braziliense - Radar","og_description":"O excesso de controle com dieta e exerc\u00edcios pode afetar a sa\u00fade mental dos jovens. Entenda o que o estudo observou.","og_url":"https:\/\/www.correiobraziliense.com.br\/cbradar\/quando-dieta-e-exercicio-deixam-de-cuidar-do-corpo-e-passam-a-ferir-a-mente\/","og_site_name":"Correio Braziliense - Radar","article_published_time":"2026-03-12T12:35:00+00:00","og_image":[{"width":1279,"height":720,"url":"https:\/\/www.correiobraziliense.com.br\/cbradar\/wp-content\/uploads\/2025\/08\/peso-ideal_1754417404372.jpg","type":"image\/jpeg"}],"author":"guilherme_saude","twitter_card":"summary_large_image","twitter_misc":{"Escrito por":"guilherme_saude","Est. tempo de leitura":"6 minutos"},"schema":{"@context":"https:\/\/schema.org","@graph":[{"@type":"WebPage","@id":"https:\/\/www.correiobraziliense.com.br\/cbradar\/quando-dieta-e-exercicio-deixam-de-cuidar-do-corpo-e-passam-a-ferir-a-mente\/","url":"https:\/\/www.correiobraziliense.com.br\/cbradar\/quando-dieta-e-exercicio-deixam-de-cuidar-do-corpo-e-passam-a-ferir-a-mente\/","name":"Quando dieta e exerc\u00edcio deixam de cuidar do corpo e passam a ferir a mente - Correio Braziliense - Radar","isPartOf":{"@id":"https:\/\/www.correiobraziliense.com.br\/cbradar\/#website"},"primaryImageOfPage":{"@id":"https:\/\/www.correiobraziliense.com.br\/cbradar\/quando-dieta-e-exercicio-deixam-de-cuidar-do-corpo-e-passam-a-ferir-a-mente\/#primaryimage"},"image":{"@id":"https:\/\/www.correiobraziliense.com.br\/cbradar\/quando-dieta-e-exercicio-deixam-de-cuidar-do-corpo-e-passam-a-ferir-a-mente\/#primaryimage"},"thumbnailUrl":"https:\/\/www.correiobraziliense.com.br\/cbradar\/wp-content\/uploads\/2025\/08\/peso-ideal_1754417404372.jpg","datePublished":"2026-03-12T12:35:00+00:00","author":{"@id":"https:\/\/www.correiobraziliense.com.br\/cbradar\/#\/schema\/person\/5aa4bf3c8fa699c267933611de12978b"},"description":"O excesso de controle com dieta e exerc\u00edcios pode afetar a sa\u00fade mental dos jovens. Entenda o que o estudo observou.","breadcrumb":{"@id":"https:\/\/www.correiobraziliense.com.br\/cbradar\/quando-dieta-e-exercicio-deixam-de-cuidar-do-corpo-e-passam-a-ferir-a-mente\/#breadcrumb"},"inLanguage":"pt-BR","potentialAction":[{"@type":"ReadAction","target":["https:\/\/www.correiobraziliense.com.br\/cbradar\/quando-dieta-e-exercicio-deixam-de-cuidar-do-corpo-e-passam-a-ferir-a-mente\/"]}]},{"@type":"ImageObject","inLanguage":"pt-BR","@id":"https:\/\/www.correiobraziliense.com.br\/cbradar\/quando-dieta-e-exercicio-deixam-de-cuidar-do-corpo-e-passam-a-ferir-a-mente\/#primaryimage","url":"https:\/\/www.correiobraziliense.com.br\/cbradar\/wp-content\/uploads\/2025\/08\/peso-ideal_1754417404372.jpg","contentUrl":"https:\/\/www.correiobraziliense.com.br\/cbradar\/wp-content\/uploads\/2025\/08\/peso-ideal_1754417404372.jpg","width":1279,"height":720,"caption":"Peso ideal - Cr\u00e9ditos: depositphotos.com \/ konstantynov"},{"@type":"BreadcrumbList","@id":"https:\/\/www.correiobraziliense.com.br\/cbradar\/quando-dieta-e-exercicio-deixam-de-cuidar-do-corpo-e-passam-a-ferir-a-mente\/#breadcrumb","itemListElement":[{"@type":"ListItem","position":1,"name":"In\u00edcio","item":"https:\/\/www.correiobraziliense.com.br\/cbradar\/"},{"@type":"ListItem","position":2,"name":"Quando dieta e exerc\u00edcio deixam de cuidar do corpo e passam a ferir a mente"}]},{"@type":"WebSite","@id":"https:\/\/www.correiobraziliense.com.br\/cbradar\/#website","url":"https:\/\/www.correiobraziliense.com.br\/cbradar\/","name":"Correio Braziliense - Radar","description":"Acompanhe as \u00faltimas not\u00edcias e fique bem informado sobre tudo o que acontece no Brasil e no mundo.","potentialAction":[{"@type":"SearchAction","target":{"@type":"EntryPoint","urlTemplate":"https:\/\/www.correiobraziliense.com.br\/cbradar\/?s={search_term_string}"},"query-input":{"@type":"PropertyValueSpecification","valueRequired":true,"valueName":"search_term_string"}}],"inLanguage":"pt-BR"},{"@type":"Person","@id":"https:\/\/www.correiobraziliense.com.br\/cbradar\/#\/schema\/person\/5aa4bf3c8fa699c267933611de12978b","name":"guilherme_saude","image":{"@type":"ImageObject","inLanguage":"pt-BR","@id":"https:\/\/www.correiobraziliense.com.br\/cbradar\/#\/schema\/person\/image\/","url":"https:\/\/secure.gravatar.com\/avatar\/df9adfb835d344bc0af109d41756253f?s=96&d=mm&r=g","contentUrl":"https:\/\/secure.gravatar.com\/avatar\/df9adfb835d344bc0af109d41756253f?s=96&d=mm&r=g","caption":"guilherme_saude"},"url":"https:\/\/www.correiobraziliense.com.br\/cbradar\/author\/guilherme_saude\/"}]}},"_links":{"self":[{"href":"https:\/\/www.correiobraziliense.com.br\/cbradar\/wp-json\/wp\/v2\/posts\/206825","targetHints":{"allow":["GET"]}}],"collection":[{"href":"https:\/\/www.correiobraziliense.com.br\/cbradar\/wp-json\/wp\/v2\/posts"}],"about":[{"href":"https:\/\/www.correiobraziliense.com.br\/cbradar\/wp-json\/wp\/v2\/types\/post"}],"author":[{"embeddable":true,"href":"https:\/\/www.correiobraziliense.com.br\/cbradar\/wp-json\/wp\/v2\/users\/14"}],"replies":[{"embeddable":true,"href":"https:\/\/www.correiobraziliense.com.br\/cbradar\/wp-json\/wp\/v2\/comments?post=206825"}],"version-history":[{"count":1,"href":"https:\/\/www.correiobraziliense.com.br\/cbradar\/wp-json\/wp\/v2\/posts\/206825\/revisions"}],"predecessor-version":[{"id":206826,"href":"https:\/\/www.correiobraziliense.com.br\/cbradar\/wp-json\/wp\/v2\/posts\/206825\/revisions\/206826"}],"wp:featuredmedia":[{"embeddable":true,"href":"https:\/\/www.correiobraziliense.com.br\/cbradar\/wp-json\/wp\/v2\/media\/81432"}],"wp:attachment":[{"href":"https:\/\/www.correiobraziliense.com.br\/cbradar\/wp-json\/wp\/v2\/media?parent=206825"}],"wp:term":[{"taxonomy":"category","embeddable":true,"href":"https:\/\/www.correiobraziliense.com.br\/cbradar\/wp-json\/wp\/v2\/categories?post=206825"},{"taxonomy":"post_tag","embeddable":true,"href":"https:\/\/www.correiobraziliense.com.br\/cbradar\/wp-json\/wp\/v2\/post_tag?post=206825"}],"curies":[{"name":"wp","href":"https:\/\/api.w.org\/{rel}","templated":true}]}}