{"id":206829,"date":"2026-03-12T08:45:00","date_gmt":"2026-03-12T11:45:00","guid":{"rendered":"https:\/\/www.correiobraziliense.com.br\/cbradar\/?p=206829"},"modified":"2026-03-11T14:20:23","modified_gmt":"2026-03-11T17:20:23","slug":"o-verbo-comum-que-quase-todo-mundo-usa-errado-no-passado","status":"publish","type":"post","link":"https:\/\/www.correiobraziliense.com.br\/cbradar\/o-verbo-comum-que-quase-todo-mundo-usa-errado-no-passado\/","title":{"rendered":"O verbo comum que quase todo mundo usa errado no passado"},"content":{"rendered":"\n<p>Dominar a conjuga\u00e7\u00e3o dos verbos irregulares \u00e9 um dos maiores desafios para quem busca uma comunica\u00e7\u00e3o impec\u00e1vel em l\u00edngua portuguesa. Existe um verbo espec\u00edfico, extremamente comum no cotidiano, que sofre uma mudan\u00e7a de grafia no passado que a maioria das pessoas ignora, optando por uma forma que simplesmente n\u00e3o existe na norma culta. Aprender a forma correta evita erros b\u00e1sicos em e-mails e documentos importantes hoje.<\/p>\n\n\n\n<h2 class=\"wp-block-heading\">Por que o verbo &#8220;intervir&#8221; confunde tanto os falantes?<\/h2>\n\n\n\n<p>O erro ocorre porque a maioria das pessoas tenta conjugar o verbo <strong>intervir<\/strong> como se ele fosse regular, resultando na forma incorreta &#8220;interviu&#8221;. Na verdade, esse verbo \u00e9 derivado de <strong>vir<\/strong>, o que significa que ele deve seguir exatamente a mesma estrutura de conjuga\u00e7\u00e3o do seu radical original. Se voc\u00ea diz que algu\u00e9m &#8220;veio&#8221; ontem, o correto para o derivado \u00e9 dizer que algu\u00e9m <strong>interveio<\/strong>.<\/p>\n\n\n\n<p>A forma &#8220;interviu&#8221; \u00e9 inexistente na gram\u00e1tica normativa e costuma ser confundida com o verbo &#8220;ver&#8221; (viu). Utilizar a grafia correta demonstra um dom\u00ednio t\u00e9cnico superior e um cuidado especial com a precis\u00e3o vocabular, algo muito valorizado em ambientes acad\u00eamicos e corporativos. Manter a <strong>aten\u00e7\u00e3o \u00e0 deriva\u00e7\u00e3o<\/strong> \u00e9 o segredo para n\u00e3o cometer mais esse deslize gramatical comum e muito inc\u00f4modo.<\/p>\n\n\n\n<figure class=\"wp-block-image size-full\"><img decoding=\"async\" width=\"1280\" height=\"720\" src=\"https:\/\/www.correiobraziliense.com.br\/cbradar\/wp-content\/uploads\/2026\/03\/Gemini_Generated_Image_sq44h5sq44h5sq44-1-1.png\" alt=\"O verbo comum que quase todo mundo usa errado no passado\" class=\"wp-image-206832\" srcset=\"https:\/\/www.correiobraziliense.com.br\/cbradar\/wp-content\/uploads\/2026\/03\/Gemini_Generated_Image_sq44h5sq44h5sq44-1-1.png 1280w, https:\/\/www.correiobraziliense.com.br\/cbradar\/wp-content\/uploads\/2026\/03\/Gemini_Generated_Image_sq44h5sq44h5sq44-1-1-300x169.png 300w, https:\/\/www.correiobraziliense.com.br\/cbradar\/wp-content\/uploads\/2026\/03\/Gemini_Generated_Image_sq44h5sq44h5sq44-1-1-768x432.png 768w, https:\/\/www.correiobraziliense.com.br\/cbradar\/wp-content\/uploads\/2026\/03\/Gemini_Generated_Image_sq44h5sq44h5sq44-1-1-750x422.png 750w, https:\/\/www.correiobraziliense.com.br\/cbradar\/wp-content\/uploads\/2026\/03\/Gemini_Generated_Image_sq44h5sq44h5sq44-1-1-1140x641.png 1140w\" sizes=\"(max-width: 1280px) 100vw, 1280px\" \/><figcaption class=\"wp-element-caption\">A conjuga\u00e7\u00e3o correta do verbo intervir no passado ainda gera d\u00favidas na l\u00edngua portuguesa<\/figcaption><\/figure>\n\n\n\n<h2 class=\"wp-block-heading\">Como a regra dos verbos derivados facilita a sua vida?<\/h2>\n\n\n\n<p>Entender que verbos como <strong>intervir<\/strong>, <strong>convir<\/strong>, <strong>provir<\/strong> e <strong>sobrevir<\/strong> s\u00e3o &#8220;filhos&#8221; do verbo <strong>vir<\/strong> simplifica drasticamente a memoriza\u00e7\u00e3o das suas formas no passado. Sempre que tiver d\u00favida, basta conjugar o verbo simples (vir) e aplicar o prefixo correspondente logo \u00e0 frente. Essa l\u00f3gica estrutural garante que voc\u00ea escreva com <strong>total seguran\u00e7a gramatical<\/strong> em qualquer contexto profissional ou pessoal agora.<\/p>\n\n\n\n<p>Essa mesma regra se aplica a outros &#8220;cl\u00e3s&#8221; de verbos, como os derivados de <strong>ter<\/strong> (manter, conter, deter). Se voc\u00ea diz &#8220;ele teve&#8221;, deve dizer &#8220;ele manteve&#8221;, e nunca &#8220;manteve&#8221;. Perceber esses padr\u00f5es transforma a maneira como voc\u00ea processa a l\u00edngua, tornando a escrita correta um processo autom\u00e1tico, fluido e muito mais natural para o seu c\u00e9rebro. A <strong>clareza t\u00e9cnica<\/strong> \u00e9 um diferencial competitivo valioso para qualquer carreira de sucesso hoje.<\/p>\n\n\n\n<h2 class=\"wp-block-heading\">Quais s\u00e3o os exemplos que ajudam a fixar essa regra definitivamente?<\/h2>\n\n\n\n<p>Praticar a aplica\u00e7\u00e3o do &#8220;interveio&#8221; em frases do dia a dia ajuda a substituir o v\u00edcio de linguagem pela forma padr\u00e3o exigida pelos manuais de reda\u00e7\u00e3o. Ao internalizar essa sonoridade, voc\u00ea passa a identificar o erro alheio e a proteger sua pr\u00f3pria autoridade intelectual durante reuni\u00f5es ou apresenta\u00e7\u00f5es de alto impacto social. A <strong>precis\u00e3o ortogr\u00e1fica<\/strong> reflete seu comprometimento com a excel\u00eancia na comunica\u00e7\u00e3o escrita.<\/p>\n\n\n\n<p>Confira a lista abaixo:<\/p>\n\n\n\n<ul class=\"wp-block-list\">\n<li>O diretor <strong>interveio<\/strong> na discuss\u00e3o.<\/li>\n\n\n\n<li>A pol\u00edcia <strong>interveio<\/strong> para evitar o conflito.<\/li>\n\n\n\n<li>O governo <strong>interveio<\/strong> na economia ontem.<\/li>\n\n\n\n<li>O juiz <strong>interveio<\/strong> no processo judicial.<\/li>\n\n\n\n<li>Minha m\u00e3e <strong>interveio<\/strong> a meu favor.<\/li>\n<\/ul>\n\n\n\n<h2 class=\"wp-block-heading\">O que acontece se voc\u00ea confundir &#8220;intervir&#8221; com &#8220;entrever&#8221;?<\/h2>\n\n\n\n<p>Um erro secund\u00e1rio, mas igualmente comum, \u00e9 a confus\u00e3o sem\u00e2ntica entre intervir (atuar entre algo) e entrever (ver rapidamente ou suspeitar). Como o segundo deriva de <strong>ver<\/strong>, sua conjuga\u00e7\u00e3o no passado seria &#8220;entreviu&#8221;. Misturar essas duas formas gera frases sem sentido l\u00f3gico e demonstra falta de aten\u00e7\u00e3o ao significado real das palavras escolhidas para o texto. A <strong>precis\u00e3o sem\u00e2ntica<\/strong> \u00e9 vital para a clareza.<\/p>\n\n\n\n<p>Diferenciar o ato de agir do ato de enxergar \u00e9 fundamental para que sua mensagem n\u00e3o seja interpretada de forma equivocada pelo leitor final. O uso de vocabul\u00e1rio adequado e bem conjugado facilita a compreens\u00e3o de relat\u00f3rios t\u00e9cnicos e evita ru\u00eddos que podem atrasar decis\u00f5es importantes no trabalho. A <strong>eleg\u00e2ncia lingu\u00edstica<\/strong> \u00e9 constru\u00edda atrav\u00e9s do respeito \u00e0s normas que organizam o nosso pensamento e nossa fala oficial.<\/p>\n\n\n\n<p>No v\u00eddeo abaixo do TikTok <strong><em>Fluminenseprof<\/em><\/strong>, que conta com mais de <strong><em>516 mil<\/em><\/strong> seguidores, ele explica como utilizar o verbo &#8220;intervir&#8221; corretamente:<\/p>\n\n\n\n<blockquote class=\"tiktok-embed\" cite=\"https:\/\/www.tiktok.com\/@fluminenseprof\/video\/7250114176608226565\" data-video-id=\"7250114176608226565\" style=\"max-width: 605px;min-width: 325px;\" > <section> <a target=\"_blank\" title=\"@fluminenseprof\" href=\"https:\/\/www.tiktok.com\/@fluminenseprof?refer=embed\">@fluminenseprof<\/a> <a title=\"linguaportuguesa\" target=\"_blank\" href=\"https:\/\/www.tiktok.com\/tag\/linguaportuguesa?refer=embed\">#linguaportuguesa<\/a> <a title=\"concurso\" target=\"_blank\" href=\"https:\/\/www.tiktok.com\/tag\/concurso?refer=embed\">#concurso<\/a> <a title=\"enem\" target=\"_blank\" href=\"https:\/\/www.tiktok.com\/tag\/enem?refer=embed\">#enem<\/a> <a target=\"_blank\" title=\"\u266c som original - Luiz Fluminense | Portugu\u00eas\" href=\"https:\/\/www.tiktok.com\/music\/som-original-7250114188809440005?refer=embed\">\u266c som original &#8211; Luiz Fluminense | Portugu\u00eas<\/a> <\/section> <\/blockquote> <script async src=\"https:\/\/www.tiktok.com\/embed.js\"><\/script>\n\n\n\n<p>Leia tamb\u00e9m: <a href=\"https:\/\/www.correiobraziliense.com.br\/cbradar\/ha-ou-a-a-regra-de-portugues-sobre-tempo-que-muita-gente-confunde\/\" target=\"_blank\" rel=\"noreferrer noopener\">\u201cH\u00e1\u201d ou \u201ca\u201d? A regra de portugu\u00eas sobre tempo que muita gente confunde<\/a><\/p>\n\n\n\n<h2 class=\"wp-block-heading\">Qual \u00e9 a melhor fonte para consultar conjuga\u00e7\u00f5es complexas?<\/h2>\n\n\n\n<p>Consultar o vocabul\u00e1rio oficial e dicion\u00e1rios de conjuga\u00e7\u00e3o \u00e9 a maneira mais segura de sanar d\u00favidas antes de enviar comunica\u00e7\u00f5es formais ou publicar conte\u00fados na rede. A utiliza\u00e7\u00e3o de fontes de autoridade m\u00e1xima garante que voc\u00ea esteja em conformidade com o Acordo Ortogr\u00e1fico vigente em todo o territ\u00f3rio nacional. Estar atualizado com as normas \u00e9 uma <strong>estrat\u00e9gia inteligente e essencial<\/strong> para todo bom redator atual.<\/p>\n\n\n\n<p>O portal da <strong>Academia Brasileira de Letras<\/strong> oferece o sistema <strong>Conjugue<\/strong>, uma ferramenta digital que permite verificar a flex\u00e3o completa de qualquer verbo da l\u00edngua portuguesa de forma r\u00e1pida e segura. Ao utilizar esse recurso, voc\u00ea garante que cada termo esteja tecnicamente correto e aceito academicamente. Verifique a conjuga\u00e7\u00e3o oficial no portal da <a target=\"_blank\" rel=\"noreferrer noopener\" href=\"https:\/\/www.academia.org.br\/nossa-lingua\/busca-no-vocabulario\">Academia Brasileira de Letras<\/a> para aprimorar sua escrita agora.<\/p>\n","protected":false},"excerpt":{"rendered":"<p>Dominar a conjuga\u00e7\u00e3o dos verbos irregulares \u00e9 um dos maiores desafios para quem busca uma comunica\u00e7\u00e3o impec\u00e1vel em l\u00edngua portuguesa. Existe um verbo espec\u00edfico, extremamente comum no cotidiano, que sofre uma mudan\u00e7a de grafia no passado que a maioria das pessoas ignora, optando por uma forma que simplesmente n\u00e3o existe na norma culta. Aprender a [&hellip;]<\/p>\n","protected":false},"author":21,"featured_media":206831,"comment_status":"open","ping_status":"open","sticky":false,"template":"","format":"standard","meta":{"_yoast_wpseo_focuskw":"verbo intervir","_yoast_wpseo_title":"","_yoast_wpseo_metadesc":"Um erro comum na conjuga\u00e7\u00e3o de um verbo muito usado confunde falantes e pode comprometer textos formais e comunica\u00e7\u00f5es importantes","jnews-multi-image_gallery":[],"jnews_single_post":{"format":"standard"},"jnews_primary_category":[],"jnews_social_meta":[],"jnews_override_counter":[],"footnotes":""},"categories":[112],"post_tag":[10902,9158,6081,12934],"class_list":["post-206829","post","type-post","status-publish","format-standard","has-post-thumbnail","hentry","category-curiosidades","tag-lingua-portuguesa","tag-passado","tag-portugues","tag-verbo"],"yoast_head":"<!-- This site is optimized with the Yoast SEO plugin v24.6 - https:\/\/yoast.com\/wordpress\/plugins\/seo\/ -->\n<title>O verbo comum que quase todo mundo usa errado no passado - Correio Braziliense - Radar<\/title>\n<meta name=\"description\" content=\"Um erro comum na conjuga\u00e7\u00e3o de um verbo muito usado confunde falantes e pode comprometer textos formais e comunica\u00e7\u00f5es importantes\" \/>\n<meta name=\"robots\" content=\"index, follow, max-snippet:-1, max-image-preview:large, max-video-preview:-1\" \/>\n<link rel=\"canonical\" href=\"https:\/\/www.correiobraziliense.com.br\/cbradar\/o-verbo-comum-que-quase-todo-mundo-usa-errado-no-passado\/\" \/>\n<meta property=\"og:locale\" content=\"pt_BR\" \/>\n<meta property=\"og:type\" content=\"article\" \/>\n<meta property=\"og:title\" content=\"O verbo comum que quase todo mundo usa errado no passado - Correio Braziliense - Radar\" \/>\n<meta property=\"og:description\" content=\"Um erro comum na conjuga\u00e7\u00e3o de um verbo muito usado confunde falantes e pode comprometer textos formais e comunica\u00e7\u00f5es importantes\" \/>\n<meta property=\"og:url\" content=\"https:\/\/www.correiobraziliense.com.br\/cbradar\/o-verbo-comum-que-quase-todo-mundo-usa-errado-no-passado\/\" \/>\n<meta property=\"og:site_name\" content=\"Correio Braziliense - Radar\" \/>\n<meta property=\"article:published_time\" content=\"2026-03-12T11:45:00+00:00\" \/>\n<meta property=\"og:image\" content=\"https:\/\/www.correiobraziliense.com.br\/cbradar\/wp-content\/uploads\/2026\/03\/Gemini_Generated_Image_xxcrmjxxcrmjxxcr-1-1.png\" \/>\n\t<meta property=\"og:image:width\" content=\"1280\" \/>\n\t<meta property=\"og:image:height\" content=\"720\" \/>\n\t<meta property=\"og:image:type\" content=\"image\/png\" \/>\n<meta name=\"author\" content=\"Patrick Silva\" \/>\n<meta name=\"twitter:card\" content=\"summary_large_image\" \/>\n<meta name=\"twitter:label1\" content=\"Escrito por\" \/>\n\t<meta name=\"twitter:data1\" content=\"Patrick Silva\" \/>\n\t<meta name=\"twitter:label2\" content=\"Est. tempo de leitura\" \/>\n\t<meta name=\"twitter:data2\" content=\"5 minutos\" \/>\n<!-- \/ Yoast SEO plugin. -->","yoast_head_json":{"title":"O verbo comum que quase todo mundo usa errado no passado - Correio Braziliense - Radar","description":"Um erro comum na conjuga\u00e7\u00e3o de um verbo muito usado confunde falantes e pode comprometer textos formais e comunica\u00e7\u00f5es importantes","robots":{"index":"index","follow":"follow","max-snippet":"max-snippet:-1","max-image-preview":"max-image-preview:large","max-video-preview":"max-video-preview:-1"},"canonical":"https:\/\/www.correiobraziliense.com.br\/cbradar\/o-verbo-comum-que-quase-todo-mundo-usa-errado-no-passado\/","og_locale":"pt_BR","og_type":"article","og_title":"O verbo comum que quase todo mundo usa errado no passado - Correio Braziliense - Radar","og_description":"Um erro comum na conjuga\u00e7\u00e3o de um verbo muito usado confunde falantes e pode comprometer textos formais e comunica\u00e7\u00f5es importantes","og_url":"https:\/\/www.correiobraziliense.com.br\/cbradar\/o-verbo-comum-que-quase-todo-mundo-usa-errado-no-passado\/","og_site_name":"Correio Braziliense - Radar","article_published_time":"2026-03-12T11:45:00+00:00","og_image":[{"width":1280,"height":720,"url":"https:\/\/www.correiobraziliense.com.br\/cbradar\/wp-content\/uploads\/2026\/03\/Gemini_Generated_Image_xxcrmjxxcrmjxxcr-1-1.png","type":"image\/png"}],"author":"Patrick Silva","twitter_card":"summary_large_image","twitter_misc":{"Escrito por":"Patrick Silva","Est. tempo de leitura":"5 minutos"},"schema":{"@context":"https:\/\/schema.org","@graph":[{"@type":"WebPage","@id":"https:\/\/www.correiobraziliense.com.br\/cbradar\/o-verbo-comum-que-quase-todo-mundo-usa-errado-no-passado\/","url":"https:\/\/www.correiobraziliense.com.br\/cbradar\/o-verbo-comum-que-quase-todo-mundo-usa-errado-no-passado\/","name":"O verbo comum que quase todo mundo usa errado no passado - Correio Braziliense - Radar","isPartOf":{"@id":"https:\/\/www.correiobraziliense.com.br\/cbradar\/#website"},"primaryImageOfPage":{"@id":"https:\/\/www.correiobraziliense.com.br\/cbradar\/o-verbo-comum-que-quase-todo-mundo-usa-errado-no-passado\/#primaryimage"},"image":{"@id":"https:\/\/www.correiobraziliense.com.br\/cbradar\/o-verbo-comum-que-quase-todo-mundo-usa-errado-no-passado\/#primaryimage"},"thumbnailUrl":"https:\/\/www.correiobraziliense.com.br\/cbradar\/wp-content\/uploads\/2026\/03\/Gemini_Generated_Image_xxcrmjxxcrmjxxcr-1-1.png","datePublished":"2026-03-12T11:45:00+00:00","author":{"@id":"https:\/\/www.correiobraziliense.com.br\/cbradar\/#\/schema\/person\/5440b72be9c7eb74f446c846479dc4da"},"description":"Um erro comum na conjuga\u00e7\u00e3o de um verbo muito usado confunde falantes e pode comprometer textos formais e comunica\u00e7\u00f5es importantes","breadcrumb":{"@id":"https:\/\/www.correiobraziliense.com.br\/cbradar\/o-verbo-comum-que-quase-todo-mundo-usa-errado-no-passado\/#breadcrumb"},"inLanguage":"pt-BR","potentialAction":[{"@type":"ReadAction","target":["https:\/\/www.correiobraziliense.com.br\/cbradar\/o-verbo-comum-que-quase-todo-mundo-usa-errado-no-passado\/"]}]},{"@type":"ImageObject","inLanguage":"pt-BR","@id":"https:\/\/www.correiobraziliense.com.br\/cbradar\/o-verbo-comum-que-quase-todo-mundo-usa-errado-no-passado\/#primaryimage","url":"https:\/\/www.correiobraziliense.com.br\/cbradar\/wp-content\/uploads\/2026\/03\/Gemini_Generated_Image_xxcrmjxxcrmjxxcr-1-1.png","contentUrl":"https:\/\/www.correiobraziliense.com.br\/cbradar\/wp-content\/uploads\/2026\/03\/Gemini_Generated_Image_xxcrmjxxcrmjxxcr-1-1.png","width":1280,"height":720,"caption":"A conjuga\u00e7\u00e3o correta do verbo intervir no passado ainda gera d\u00favidas na l\u00edngua portuguesa"},{"@type":"BreadcrumbList","@id":"https:\/\/www.correiobraziliense.com.br\/cbradar\/o-verbo-comum-que-quase-todo-mundo-usa-errado-no-passado\/#breadcrumb","itemListElement":[{"@type":"ListItem","position":1,"name":"In\u00edcio","item":"https:\/\/www.correiobraziliense.com.br\/cbradar\/"},{"@type":"ListItem","position":2,"name":"O verbo comum que quase todo mundo usa errado no passado"}]},{"@type":"WebSite","@id":"https:\/\/www.correiobraziliense.com.br\/cbradar\/#website","url":"https:\/\/www.correiobraziliense.com.br\/cbradar\/","name":"Correio Braziliense - Radar","description":"Acompanhe as \u00faltimas not\u00edcias e fique bem informado sobre tudo o que acontece no Brasil e no mundo.","potentialAction":[{"@type":"SearchAction","target":{"@type":"EntryPoint","urlTemplate":"https:\/\/www.correiobraziliense.com.br\/cbradar\/?s={search_term_string}"},"query-input":{"@type":"PropertyValueSpecification","valueRequired":true,"valueName":"search_term_string"}}],"inLanguage":"pt-BR"},{"@type":"Person","@id":"https:\/\/www.correiobraziliense.com.br\/cbradar\/#\/schema\/person\/5440b72be9c7eb74f446c846479dc4da","name":"Patrick Silva","image":{"@type":"ImageObject","inLanguage":"pt-BR","@id":"https:\/\/www.correiobraziliense.com.br\/cbradar\/#\/schema\/person\/image\/","url":"https:\/\/secure.gravatar.com\/avatar\/944109df296fc087785c9715fd5f80b2?s=96&d=mm&r=g","contentUrl":"https:\/\/secure.gravatar.com\/avatar\/944109df296fc087785c9715fd5f80b2?s=96&d=mm&r=g","caption":"Patrick Silva"},"sameAs":["https:\/\/www.correiobraziliense.com.br\/cbradar\/"],"url":"https:\/\/www.correiobraziliense.com.br\/cbradar\/author\/patrick-silva\/"}]}},"_links":{"self":[{"href":"https:\/\/www.correiobraziliense.com.br\/cbradar\/wp-json\/wp\/v2\/posts\/206829","targetHints":{"allow":["GET"]}}],"collection":[{"href":"https:\/\/www.correiobraziliense.com.br\/cbradar\/wp-json\/wp\/v2\/posts"}],"about":[{"href":"https:\/\/www.correiobraziliense.com.br\/cbradar\/wp-json\/wp\/v2\/types\/post"}],"author":[{"embeddable":true,"href":"https:\/\/www.correiobraziliense.com.br\/cbradar\/wp-json\/wp\/v2\/users\/21"}],"replies":[{"embeddable":true,"href":"https:\/\/www.correiobraziliense.com.br\/cbradar\/wp-json\/wp\/v2\/comments?post=206829"}],"version-history":[{"count":2,"href":"https:\/\/www.correiobraziliense.com.br\/cbradar\/wp-json\/wp\/v2\/posts\/206829\/revisions"}],"predecessor-version":[{"id":206834,"href":"https:\/\/www.correiobraziliense.com.br\/cbradar\/wp-json\/wp\/v2\/posts\/206829\/revisions\/206834"}],"wp:featuredmedia":[{"embeddable":true,"href":"https:\/\/www.correiobraziliense.com.br\/cbradar\/wp-json\/wp\/v2\/media\/206831"}],"wp:attachment":[{"href":"https:\/\/www.correiobraziliense.com.br\/cbradar\/wp-json\/wp\/v2\/media?parent=206829"}],"wp:term":[{"taxonomy":"category","embeddable":true,"href":"https:\/\/www.correiobraziliense.com.br\/cbradar\/wp-json\/wp\/v2\/categories?post=206829"},{"taxonomy":"post_tag","embeddable":true,"href":"https:\/\/www.correiobraziliense.com.br\/cbradar\/wp-json\/wp\/v2\/post_tag?post=206829"}],"curies":[{"name":"wp","href":"https:\/\/api.w.org\/{rel}","templated":true}]}}