{"id":206830,"date":"2026-03-12T15:15:00","date_gmt":"2026-03-12T18:15:00","guid":{"rendered":"https:\/\/www.correiobraziliense.com.br\/cbradar\/?p=206830"},"modified":"2026-03-11T14:20:25","modified_gmt":"2026-03-11T17:20:25","slug":"a-regra-gramatical-que-quase-todo-mundo-erra-na-concordancia-verbal","status":"publish","type":"post","link":"https:\/\/www.correiobraziliense.com.br\/cbradar\/a-regra-gramatical-que-quase-todo-mundo-erra-na-concordancia-verbal\/","title":{"rendered":"A regra gramatical que quase todo mundo erra na concord\u00e2ncia verbal"},"content":{"rendered":"\n<p>Muitas pessoas cometem deslizes gramaticais sem perceber, especialmente quando o assunto envolve a concord\u00e2ncia verbal. Um dos erros mais persistentes na l\u00edngua portuguesa ocorre com verbos impessoais que n\u00e3o admitem plural. Dominar essa regra espec\u00edfica eleva a qualidade da sua comunica\u00e7\u00e3o escrita e evita julgamentos desnecess\u00e1rios em contextos profissionais ou acad\u00eamicos.<\/p>\n\n\n\n<h2 class=\"wp-block-heading\">Por que o verbo haver causa tanta confus\u00e3o?<\/h2>\n\n\n\n<p>O verbo haver, quando utilizado com o sentido de existir ou ocorrer, \u00e9 classificado como impessoal pela norma culta. Isso significa que ele n\u00e3o possui um sujeito para realizar a a\u00e7\u00e3o descrita na frase. Consequentemente, a regra gramatical determina que o verbo deve permanecer obrigatoriamente na terceira pessoa do singular, independentemente do substantivo que o sucede.<\/p>\n\n\n\n<p>A confus\u00e3o surge porque o c\u00e9rebro humano tende a buscar um sujeito para concordar com a a\u00e7\u00e3o verbal. Ao ler uma frase com termos no plural ap\u00f3s o verbo, muitos falantes sentem a necessidade instintiva de pluraliz\u00e1-lo tamb\u00e9m. Entretanto, no caso do sentido de exist\u00eancia, o termo plural funciona apenas como um complemento direto, n\u00e3o como sujeito da ora\u00e7\u00e3o.<\/p>\n\n\n\n<figure class=\"wp-block-image size-full\"><img decoding=\"async\" width=\"1280\" height=\"720\" src=\"https:\/\/www.correiobraziliense.com.br\/cbradar\/wp-content\/uploads\/2026\/03\/Gemini_Generated_Image_yhuckiyhuckiyhuc-1-1.png\" alt=\"A regra gramatical que quase todo mundo erra na concord\u00e2ncia verbal\" class=\"wp-image-206839\" srcset=\"https:\/\/www.correiobraziliense.com.br\/cbradar\/wp-content\/uploads\/2026\/03\/Gemini_Generated_Image_yhuckiyhuckiyhuc-1-1.png 1280w, https:\/\/www.correiobraziliense.com.br\/cbradar\/wp-content\/uploads\/2026\/03\/Gemini_Generated_Image_yhuckiyhuckiyhuc-1-1-300x169.png 300w, https:\/\/www.correiobraziliense.com.br\/cbradar\/wp-content\/uploads\/2026\/03\/Gemini_Generated_Image_yhuckiyhuckiyhuc-1-1-768x432.png 768w, https:\/\/www.correiobraziliense.com.br\/cbradar\/wp-content\/uploads\/2026\/03\/Gemini_Generated_Image_yhuckiyhuckiyhuc-1-1-750x422.png 750w, https:\/\/www.correiobraziliense.com.br\/cbradar\/wp-content\/uploads\/2026\/03\/Gemini_Generated_Image_yhuckiyhuckiyhuc-1-1-1140x641.png 1140w\" sizes=\"(max-width: 1280px) 100vw, 1280px\" \/><figcaption class=\"wp-element-caption\">O uso do verbo haver com sentido de existir exige singular e ainda gera erros frequentes<\/figcaption><\/figure>\n\n\n\n<h2 class=\"wp-block-heading\">Como saber se o verbo deve ficar no singular?<\/h2>\n\n\n\n<p>Uma t\u00e9cnica simples e extremamente eficaz para identificar a obrigatoriedade do singular \u00e9 realizar a substitui\u00e7\u00e3o mental pelo verbo existir. Se a troca mantiver o sentido original da frase, voc\u00ea ter\u00e1 a certeza de que o haver \u00e9 impessoal. Nesse cen\u00e1rio, o uso de houveram ou haviam para indicar plural \u00e9 considerado um erro grave pelas normas gramaticais brasileiras.<\/p>\n\n\n\n<p>\u00c9 fundamental compreender que essa impessoalidade se transmite para os verbos auxiliares em locu\u00e7\u00f5es verbais. Se voc\u00ea pretende dizer que pode haver problemas, o verbo poder tamb\u00e9m deve ficar no singular. Erros como podem haver ou devem haver s\u00e3o armadilhas comuns que demonstram falta de aten\u00e7\u00e3o \u00e0s regras b\u00e1sicas de estrutura\u00e7\u00e3o sint\u00e1tica do idioma portugu\u00eas oficial.<\/p>\n\n\n\n<h2 class=\"wp-block-heading\">Quais s\u00e3o os erros mais frequentes no cotidiano?<\/h2>\n\n\n\n<p>No dia a dia, ouvimos frequentemente express\u00f5es equivocadas em reuni\u00f5es de trabalho ou telejornais de grande alcance. O uso incorreto acontece tanto na fala quanto na escrita, sendo um dos principais marcadores de baixa profici\u00eancia gramatical. Para ajudar voc\u00ea a visualizar melhor essas situa\u00e7\u00f5es pr\u00e1ticas, preparei um detalhamento importante sobre as constru\u00e7\u00f5es que exigem cuidado e revis\u00e3o constante.<\/p>\n\n\n\n<p>Para facilitar o seu entendimento sobre estas aplica\u00e7\u00f5es pr\u00e1ticas e garantir que sua escrita seja impec\u00e1vel em qualquer situa\u00e7\u00e3o profissional, organizei alguns dos exemplos mais significativos que costumam gerar questionamentos frequentes entre os falantes do idioma portugu\u00eas:<\/p>\n\n\n\n<ul class=\"wp-block-list\">\n<li>Houveram muitos acidentes (Incorreto).<\/li>\n\n\n\n<li>Houve muitos acidentes (Correto).<\/li>\n\n\n\n<li>Haviam pessoas esperando (Incorreto).<\/li>\n\n\n\n<li>Havia pessoas esperando (Correto).<\/li>\n\n\n\n<li>Devem haver solu\u00e7\u00f5es (Incorreto).<\/li>\n\n\n\n<li>Deve haver solu\u00e7\u00f5es (Correto).<\/li>\n<\/ul>\n\n\n\n<h2 class=\"wp-block-heading\">Existe alguma exce\u00e7\u00e3o que confunda os falantes?<\/h2>\n\n\n\n<p>Embora a regra do sentido de existir seja a mais famosa, o haver tamb\u00e9m \u00e9 impessoal quando indica tempo transcorrido. Nesses casos, ele substitui o verbo faz e nunca deve ser usado no plural ou acompanhado da palavra atr\u00e1s. Dizer h\u00e1 dez anos atr\u00e1s \u00e9 um pleonasmo vicioso que deve ser evitado por quem busca uma escrita mais refinada.<\/p>\n\n\n\n<p>A \u00fanica situa\u00e7\u00e3o em que o haver concorda com o sujeito \u00e9 quando atua como verbo auxiliar em tempos compostos. Nesse contexto, ele assume a fun\u00e7\u00e3o de ter e pode ser flexionado normalmente. Um exemplo claro \u00e9 a frase eles haviam chegado cedo, onde a concord\u00e2ncia \u00e9 obrigat\u00f3ria por se tratar de uma estrutura gramatical completamente diferente da impessoalidade.<\/p>\n\n\n\n<p>No v\u00eddeo abaixo do TikTok <strong><em>Professoralarissaataide<\/em><\/strong>, que conta com mais de <strong><em>168 mil<\/em><\/strong> seguidores, ela ensina como acertar na concord\u00e2ncia verbal:<\/p>\n\n\n\n<blockquote class=\"tiktok-embed\" cite=\"https:\/\/www.tiktok.com\/@professoralarissaataide\/video\/7368606852621405445\" data-video-id=\"7368606852621405445\" style=\"max-width: 605px;min-width: 325px;\" > <section> <a target=\"_blank\" title=\"@professoralarissaataide\" href=\"https:\/\/www.tiktok.com\/@professoralarissaataide?refer=embed\">@professoralarissaataide<\/a> \ud83d\udcda Quer acertar todas em concord\u00e2ncia verbal? Descubra como no nosso \u00faltimo v\u00eddeo!  Neste Reels, a Professora Larissa Ata\u00edde desvenda as regras de concord\u00e2ncia verbal que muitos concurseiros erram. Aprenda de forma simples e direta a concordar o sujeito com o verbo, evitando erros comuns em provas de concursos p\u00fablicos. <a title=\"concordanciaverbal\" target=\"_blank\" href=\"https:\/\/www.tiktok.com\/tag\/concordanciaverbal?refer=embed\">#ConcordanciaVerbal<\/a> <a title=\"portuguesparaconcursos\" target=\"_blank\" href=\"https:\/\/www.tiktok.com\/tag\/portuguesparaconcursos?refer=embed\">#PortuguesParaConcursos<\/a> <a title=\"concursospublicos\" target=\"_blank\" href=\"https:\/\/www.tiktok.com\/tag\/concursospublicos?refer=embed\">#ConcursosPublicos<\/a> <a target=\"_blank\" title=\"\u266c som original - Professora Larissa Ata\u00edde\" href=\"https:\/\/www.tiktok.com\/music\/som-original-7368606893705431813?refer=embed\">\u266c som original &#8211; Professora Larissa Ata\u00edde<\/a> <\/section> <\/blockquote> <script async src=\"https:\/\/www.tiktok.com\/embed.js\"><\/script>\n\n\n\n<p>Leia tamb\u00e9m: <a href=\"https:\/\/www.correiobraziliense.com.br\/cbradar\/ha-ou-a-a-regra-de-portugues-sobre-tempo-que-muita-gente-confunde\/\" target=\"_blank\" rel=\"noreferrer noopener\">\u201cH\u00e1\u201d ou \u201ca\u201d? A regra de portugu\u00eas sobre tempo que muita gente confunde<\/a><\/p>\n\n\n\n<h2 class=\"wp-block-heading\">Qual \u00e9 a orienta\u00e7\u00e3o oficial da Academia Brasileira de Letras?<\/h2>\n\n\n\n<p>A <strong>Academia Brasileira de Letras<\/strong> refor\u00e7a que a clareza na escrita depende do respeito estrito \u00e0s regras de concord\u00e2ncia. Seguir os padr\u00f5es normativos garante que a mensagem seja transmitida sem ru\u00eddos ou interpreta\u00e7\u00f5es amb\u00edguas. Institui\u00e7\u00f5es de ensino e \u00f3rg\u00e3os governamentais utilizam essas diretrizes como base para toda a produ\u00e7\u00e3o documental oficial do pa\u00eds, preservando a integridade do idioma nacional.<\/p>\n\n\n\n<p>Para consultar a grafia correta e as regras de aplica\u00e7\u00e3o de cada termo, voc\u00ea pode acessar o <strong><a target=\"_blank\" rel=\"noreferrer noopener\" href=\"https:\/\/www.academia.org.br\/nossa-lingua\/busca-no-vocabulario\">Vocabul\u00e1rio Ortogr\u00e1fico da L\u00edngua Portuguesa<\/a><\/strong>. Este recurso \u00e9 a ferramenta definitiva para sanar d\u00favidas sobre a flex\u00e3o de verbos impessoais e outras complexidades sint\u00e1ticas. Mantenha essa refer\u00eancia sempre \u00e0 m\u00e3o para garantir que seus textos apresentem a autoridade necess\u00e1ria no ambiente digital.<\/p>\n","protected":false},"excerpt":{"rendered":"<p>Muitas pessoas cometem deslizes gramaticais sem perceber, especialmente quando o assunto envolve a concord\u00e2ncia verbal. Um dos erros mais persistentes na l\u00edngua portuguesa ocorre com verbos impessoais que n\u00e3o admitem plural. Dominar essa regra espec\u00edfica eleva a qualidade da sua comunica\u00e7\u00e3o escrita e evita julgamentos desnecess\u00e1rios em contextos profissionais ou acad\u00eamicos. Por que o verbo [&hellip;]<\/p>\n","protected":false},"author":21,"featured_media":206837,"comment_status":"open","ping_status":"open","sticky":false,"template":"","format":"standard","meta":{"_yoast_wpseo_focuskw":"verbo haver no plural","_yoast_wpseo_title":"","_yoast_wpseo_metadesc":"Um erro comum de concord\u00e2ncia com o verbo haver ainda aparece em textos e conversas, mesmo sendo uma regra simples da gram\u00e1tica","jnews-multi-image_gallery":[],"jnews_single_post":{"format":"standard"},"jnews_primary_category":[],"jnews_social_meta":[],"jnews_override_counter":[],"footnotes":""},"categories":[112],"tags":[12816,10902,6081],"class_list":["post-206830","post","type-post","status-publish","format-standard","has-post-thumbnail","hentry","category-curiosidades","tag-gramatica","tag-lingua-portuguesa","tag-portugues"],"yoast_head":"<!-- This site is optimized with the Yoast SEO plugin v24.6 - https:\/\/yoast.com\/wordpress\/plugins\/seo\/ -->\n<title>A regra gramatical que quase todo mundo erra na concord\u00e2ncia verbal - Correio Braziliense - Radar<\/title>\n<meta name=\"description\" content=\"Um erro comum de concord\u00e2ncia com o verbo haver ainda aparece em textos e conversas, mesmo sendo uma regra simples da gram\u00e1tica\" \/>\n<meta name=\"robots\" content=\"index, follow, max-snippet:-1, max-image-preview:large, max-video-preview:-1\" \/>\n<link rel=\"canonical\" href=\"https:\/\/www.correiobraziliense.com.br\/cbradar\/a-regra-gramatical-que-quase-todo-mundo-erra-na-concordancia-verbal\/\" \/>\n<meta property=\"og:locale\" content=\"pt_BR\" \/>\n<meta property=\"og:type\" content=\"article\" \/>\n<meta property=\"og:title\" content=\"A regra gramatical que quase todo mundo erra na concord\u00e2ncia verbal - Correio Braziliense - Radar\" \/>\n<meta property=\"og:description\" content=\"Um erro comum de concord\u00e2ncia com o verbo haver ainda aparece em textos e conversas, mesmo sendo uma regra simples da gram\u00e1tica\" \/>\n<meta property=\"og:url\" content=\"https:\/\/www.correiobraziliense.com.br\/cbradar\/a-regra-gramatical-que-quase-todo-mundo-erra-na-concordancia-verbal\/\" \/>\n<meta property=\"og:site_name\" content=\"Correio Braziliense - Radar\" \/>\n<meta property=\"article:published_time\" content=\"2026-03-12T18:15:00+00:00\" \/>\n<meta property=\"og:image\" content=\"https:\/\/www.correiobraziliense.com.br\/cbradar\/wp-content\/uploads\/2026\/03\/Gemini_Generated_Image_o9eniqo9eniqo9en-1-1.png\" \/>\n\t<meta property=\"og:image:width\" content=\"1280\" \/>\n\t<meta property=\"og:image:height\" content=\"720\" \/>\n\t<meta property=\"og:image:type\" content=\"image\/png\" \/>\n<meta name=\"author\" content=\"Patrick Silva\" \/>\n<meta name=\"twitter:card\" content=\"summary_large_image\" \/>\n<meta name=\"twitter:label1\" content=\"Escrito por\" \/>\n\t<meta name=\"twitter:data1\" content=\"Patrick Silva\" \/>\n\t<meta name=\"twitter:label2\" content=\"Est. tempo de leitura\" \/>\n\t<meta name=\"twitter:data2\" content=\"5 minutos\" \/>\n<!-- \/ Yoast SEO plugin. -->","yoast_head_json":{"title":"A regra gramatical que quase todo mundo erra na concord\u00e2ncia verbal - Correio Braziliense - Radar","description":"Um erro comum de concord\u00e2ncia com o verbo haver ainda aparece em textos e conversas, mesmo sendo uma regra simples da gram\u00e1tica","robots":{"index":"index","follow":"follow","max-snippet":"max-snippet:-1","max-image-preview":"max-image-preview:large","max-video-preview":"max-video-preview:-1"},"canonical":"https:\/\/www.correiobraziliense.com.br\/cbradar\/a-regra-gramatical-que-quase-todo-mundo-erra-na-concordancia-verbal\/","og_locale":"pt_BR","og_type":"article","og_title":"A regra gramatical que quase todo mundo erra na concord\u00e2ncia verbal - Correio Braziliense - Radar","og_description":"Um erro comum de concord\u00e2ncia com o verbo haver ainda aparece em textos e conversas, mesmo sendo uma regra simples da gram\u00e1tica","og_url":"https:\/\/www.correiobraziliense.com.br\/cbradar\/a-regra-gramatical-que-quase-todo-mundo-erra-na-concordancia-verbal\/","og_site_name":"Correio Braziliense - Radar","article_published_time":"2026-03-12T18:15:00+00:00","og_image":[{"width":1280,"height":720,"url":"https:\/\/www.correiobraziliense.com.br\/cbradar\/wp-content\/uploads\/2026\/03\/Gemini_Generated_Image_o9eniqo9eniqo9en-1-1.png","type":"image\/png"}],"author":"Patrick Silva","twitter_card":"summary_large_image","twitter_misc":{"Escrito por":"Patrick Silva","Est. tempo de leitura":"5 minutos"},"schema":{"@context":"https:\/\/schema.org","@graph":[{"@type":"WebPage","@id":"https:\/\/www.correiobraziliense.com.br\/cbradar\/a-regra-gramatical-que-quase-todo-mundo-erra-na-concordancia-verbal\/","url":"https:\/\/www.correiobraziliense.com.br\/cbradar\/a-regra-gramatical-que-quase-todo-mundo-erra-na-concordancia-verbal\/","name":"A regra gramatical que quase todo mundo erra na concord\u00e2ncia verbal - Correio Braziliense - Radar","isPartOf":{"@id":"https:\/\/www.correiobraziliense.com.br\/cbradar\/#website"},"primaryImageOfPage":{"@id":"https:\/\/www.correiobraziliense.com.br\/cbradar\/a-regra-gramatical-que-quase-todo-mundo-erra-na-concordancia-verbal\/#primaryimage"},"image":{"@id":"https:\/\/www.correiobraziliense.com.br\/cbradar\/a-regra-gramatical-que-quase-todo-mundo-erra-na-concordancia-verbal\/#primaryimage"},"thumbnailUrl":"https:\/\/www.correiobraziliense.com.br\/cbradar\/wp-content\/uploads\/2026\/03\/Gemini_Generated_Image_o9eniqo9eniqo9en-1-1.png","datePublished":"2026-03-12T18:15:00+00:00","author":{"@id":"https:\/\/www.correiobraziliense.com.br\/cbradar\/#\/schema\/person\/5440b72be9c7eb74f446c846479dc4da"},"description":"Um erro comum de concord\u00e2ncia com o verbo haver ainda aparece em textos e conversas, mesmo sendo uma regra simples da gram\u00e1tica","breadcrumb":{"@id":"https:\/\/www.correiobraziliense.com.br\/cbradar\/a-regra-gramatical-que-quase-todo-mundo-erra-na-concordancia-verbal\/#breadcrumb"},"inLanguage":"pt-BR","potentialAction":[{"@type":"ReadAction","target":["https:\/\/www.correiobraziliense.com.br\/cbradar\/a-regra-gramatical-que-quase-todo-mundo-erra-na-concordancia-verbal\/"]}]},{"@type":"ImageObject","inLanguage":"pt-BR","@id":"https:\/\/www.correiobraziliense.com.br\/cbradar\/a-regra-gramatical-que-quase-todo-mundo-erra-na-concordancia-verbal\/#primaryimage","url":"https:\/\/www.correiobraziliense.com.br\/cbradar\/wp-content\/uploads\/2026\/03\/Gemini_Generated_Image_o9eniqo9eniqo9en-1-1.png","contentUrl":"https:\/\/www.correiobraziliense.com.br\/cbradar\/wp-content\/uploads\/2026\/03\/Gemini_Generated_Image_o9eniqo9eniqo9en-1-1.png","width":1280,"height":720,"caption":"O uso do verbo haver com sentido de existir exige singular e ainda gera erros frequentes"},{"@type":"BreadcrumbList","@id":"https:\/\/www.correiobraziliense.com.br\/cbradar\/a-regra-gramatical-que-quase-todo-mundo-erra-na-concordancia-verbal\/#breadcrumb","itemListElement":[{"@type":"ListItem","position":1,"name":"In\u00edcio","item":"https:\/\/www.correiobraziliense.com.br\/cbradar\/"},{"@type":"ListItem","position":2,"name":"A regra gramatical que quase todo mundo erra na concord\u00e2ncia verbal"}]},{"@type":"WebSite","@id":"https:\/\/www.correiobraziliense.com.br\/cbradar\/#website","url":"https:\/\/www.correiobraziliense.com.br\/cbradar\/","name":"Correio Braziliense - Radar","description":"Acompanhe as \u00faltimas not\u00edcias e fique bem informado sobre tudo o que acontece no Brasil e no mundo.","potentialAction":[{"@type":"SearchAction","target":{"@type":"EntryPoint","urlTemplate":"https:\/\/www.correiobraziliense.com.br\/cbradar\/?s={search_term_string}"},"query-input":{"@type":"PropertyValueSpecification","valueRequired":true,"valueName":"search_term_string"}}],"inLanguage":"pt-BR"},{"@type":"Person","@id":"https:\/\/www.correiobraziliense.com.br\/cbradar\/#\/schema\/person\/5440b72be9c7eb74f446c846479dc4da","name":"Patrick Silva","image":{"@type":"ImageObject","inLanguage":"pt-BR","@id":"https:\/\/www.correiobraziliense.com.br\/cbradar\/#\/schema\/person\/image\/","url":"https:\/\/secure.gravatar.com\/avatar\/944109df296fc087785c9715fd5f80b2?s=96&d=mm&r=g","contentUrl":"https:\/\/secure.gravatar.com\/avatar\/944109df296fc087785c9715fd5f80b2?s=96&d=mm&r=g","caption":"Patrick Silva"},"sameAs":["https:\/\/www.correiobraziliense.com.br\/cbradar\/"],"url":"https:\/\/www.correiobraziliense.com.br\/cbradar\/author\/patrick-silva\/"}]}},"_links":{"self":[{"href":"https:\/\/www.correiobraziliense.com.br\/cbradar\/wp-json\/wp\/v2\/posts\/206830","targetHints":{"allow":["GET"]}}],"collection":[{"href":"https:\/\/www.correiobraziliense.com.br\/cbradar\/wp-json\/wp\/v2\/posts"}],"about":[{"href":"https:\/\/www.correiobraziliense.com.br\/cbradar\/wp-json\/wp\/v2\/types\/post"}],"author":[{"embeddable":true,"href":"https:\/\/www.correiobraziliense.com.br\/cbradar\/wp-json\/wp\/v2\/users\/21"}],"replies":[{"embeddable":true,"href":"https:\/\/www.correiobraziliense.com.br\/cbradar\/wp-json\/wp\/v2\/comments?post=206830"}],"version-history":[{"count":2,"href":"https:\/\/www.correiobraziliense.com.br\/cbradar\/wp-json\/wp\/v2\/posts\/206830\/revisions"}],"predecessor-version":[{"id":206840,"href":"https:\/\/www.correiobraziliense.com.br\/cbradar\/wp-json\/wp\/v2\/posts\/206830\/revisions\/206840"}],"wp:featuredmedia":[{"embeddable":true,"href":"https:\/\/www.correiobraziliense.com.br\/cbradar\/wp-json\/wp\/v2\/media\/206837"}],"wp:attachment":[{"href":"https:\/\/www.correiobraziliense.com.br\/cbradar\/wp-json\/wp\/v2\/media?parent=206830"}],"wp:term":[{"taxonomy":"category","embeddable":true,"href":"https:\/\/www.correiobraziliense.com.br\/cbradar\/wp-json\/wp\/v2\/categories?post=206830"},{"taxonomy":"post_tag","embeddable":true,"href":"https:\/\/www.correiobraziliense.com.br\/cbradar\/wp-json\/wp\/v2\/tags?post=206830"}],"curies":[{"name":"wp","href":"https:\/\/api.w.org\/{rel}","templated":true}]}}