{"id":206835,"date":"2026-03-12T18:15:00","date_gmt":"2026-03-12T21:15:00","guid":{"rendered":"https:\/\/www.correiobraziliense.com.br\/cbradar\/?p=206835"},"modified":"2026-03-11T14:20:31","modified_gmt":"2026-03-11T17:20:31","slug":"a-explicacao-definitiva-para-voce-nunca-mais-errar-o-uso-de-mau-e-mal","status":"publish","type":"post","link":"https:\/\/www.correiobraziliense.com.br\/cbradar\/a-explicacao-definitiva-para-voce-nunca-mais-errar-o-uso-de-mau-e-mal\/","title":{"rendered":"A explica\u00e7\u00e3o definitiva para voc\u00ea nunca mais errar o uso de \u201cmau\u201d e \u201cmal\u201d"},"content":{"rendered":"\n<p>Distinguir entre as palavras mau e mal \u00e9 um desafio frequente para muitos escritores brasileiros que buscam perfei\u00e7\u00e3o gramatical. Compreender as classes gramaticais envolvidas permite aplicar o termo correto em qualquer contexto comunicativo rapidamente. Dominar essa diferen\u00e7a simples evita erros bobos que podem prejudicar severamente sua credibilidade profissional em documentos oficiais.<\/p>\n\n\n\n<h2 class=\"wp-block-heading\">Como diferenciar os termos de forma instant\u00e2nea?<\/h2>\n\n\n\n<p>Para identificar a grafia correta de maneira infal\u00edvel, basta realizar a substitui\u00e7\u00e3o mental pelos seus respectivos ant\u00f4nimos gramaticais imediatos. O termo mau funciona como um adjetivo e deve ser trocado por bom, enquanto mal atua geralmente como um adv\u00e9rbio de modo, sendo facilmente substitu\u00eddo pela palavra bem na frase.<\/p>\n\n\n\n<p>Essa regra pr\u00e1tica resolve a maioria das d\u00favidas que surgem durante a produ\u00e7\u00e3o de textos informais ou acad\u00eamicos complexos. A <strong>Academia Brasileira de Letras<\/strong> ratifica que essa oposi\u00e7\u00e3o sem\u00e2ntica \u00e9 a base para o uso adequado dessas palavras hom\u00f3fonas no cotidiano. O uso preciso demonstra dom\u00ednio da norma culta e clareza de pensamento.<\/p>\n\n\n\n<figure class=\"wp-block-image size-full\"><img decoding=\"async\" width=\"1280\" height=\"720\" src=\"https:\/\/www.correiobraziliense.com.br\/cbradar\/wp-content\/uploads\/2026\/03\/Gemini_Generated_Image_tm2ogotm2ogotm2o-1-1.png\" alt=\"A explica\u00e7\u00e3o definitiva para voc\u00ea nunca mais errar o uso de \u201cmau\u201d e \u201cmal\u201d\" class=\"wp-image-206844\" srcset=\"https:\/\/www.correiobraziliense.com.br\/cbradar\/wp-content\/uploads\/2026\/03\/Gemini_Generated_Image_tm2ogotm2ogotm2o-1-1.png 1280w, https:\/\/www.correiobraziliense.com.br\/cbradar\/wp-content\/uploads\/2026\/03\/Gemini_Generated_Image_tm2ogotm2ogotm2o-1-1-300x169.png 300w, https:\/\/www.correiobraziliense.com.br\/cbradar\/wp-content\/uploads\/2026\/03\/Gemini_Generated_Image_tm2ogotm2ogotm2o-1-1-768x432.png 768w, https:\/\/www.correiobraziliense.com.br\/cbradar\/wp-content\/uploads\/2026\/03\/Gemini_Generated_Image_tm2ogotm2ogotm2o-1-1-750x422.png 750w, https:\/\/www.correiobraziliense.com.br\/cbradar\/wp-content\/uploads\/2026\/03\/Gemini_Generated_Image_tm2ogotm2ogotm2o-1-1-1140x641.png 1140w\" sizes=\"(max-width: 1280px) 100vw, 1280px\" \/><figcaption class=\"wp-element-caption\">A diferen\u00e7a entre mau e mal depende da fun\u00e7\u00e3o gramatical e ainda causa erros frequentes na escrita<\/figcaption><\/figure>\n\n\n\n<h2 class=\"wp-block-heading\">Qual \u00e9 a fun\u00e7\u00e3o gramatical de cada palavra?<\/h2>\n\n\n\n<p>O termo mau \u00e9 categorizado essencialmente como um adjetivo, servindo para qualificar substantivos ao indicar uma caracter\u00edstica negativa ou ruim. Ele sofre flex\u00e3o de g\u00eanero e n\u00famero, transformando-se em m\u00e1, maus ou m\u00e1s conforme a necessidade da ora\u00e7\u00e3o. \u00c9 o ant\u00f4nimo direto de bom em todas as suas aplica\u00e7\u00f5es sint\u00e1ticas poss\u00edveis.<\/p>\n\n\n\n<p>J\u00e1 a palavra mal desempenha m\u00faltiplos pap\u00e9is, funcionando principalmente como um adv\u00e9rbio de modo invari\u00e1vel em senten\u00e7as din\u00e2micas. Al\u00e9m disso, ela pode atuar como uma conjun\u00e7\u00e3o temporal ou at\u00e9 mesmo como um substantivo, quando precedida por artigo. Entender essas nuances gramaticais \u00e9 fundamental para construir frases logicamente estruturadas e sem ambiguidades.<\/p>\n\n\n\n<h2 class=\"wp-block-heading\">Quais exemplos pr\u00e1ticos ajudam na memoriza\u00e7\u00e3o?<\/h2>\n\n\n\n<p>A aplica\u00e7\u00e3o pr\u00e1tica dos conceitos facilita a fixa\u00e7\u00e3o do aprendizado e reduz drasticamente a ocorr\u00eancia de equ\u00edvocos na escrita manual ou digital. Observar senten\u00e7as do dia a dia permite perceber como a troca pelos opostos bom e bem flui naturalmente na mente do falante. Veja como as constru\u00e7\u00f5es abaixo ilustram perfeitamente essa l\u00f3gica lingu\u00edstica fundamental.<\/p>\n\n\n\n<p>Observe as aplica\u00e7\u00f5es pr\u00e1ticas seguintes que demonstram claramente como selecionar o termo adequado de acordo com o sentido pretendido em cada estrutura frasal:<\/p>\n\n\n\n<ul class=\"wp-block-list\">\n<li>Aquele menino \u00e9 mau (oposto de bom).<\/li>\n\n\n\n<li>Ele se sentiu mal (oposto de bem).<\/li>\n\n\n\n<li>O lobo mau atacou (oposto de lobo bom).<\/li>\n\n\n\n<li>Mal cheguei e sa\u00ed (oposto de logo que).<\/li>\n\n\n\n<li>O mal prevaleceu (oposto de o bem).<\/li>\n<\/ul>\n\n\n\n<h2 class=\"wp-block-heading\">Existe risco de confundir com outras regras?<\/h2>\n\n\n\n<p>Muitos estudantes confundem essas palavras com outros pares hom\u00f3fonos da l\u00edngua portuguesa, o que gera inseguran\u00e7a no momento da reda\u00e7\u00e3o final. \u00c9 crucial separar a regra do mau e mal de quest\u00f5es como o uso de porqu\u00eas ou de termos que indicam tempo decorrido. Manter o foco na substitui\u00e7\u00e3o bin\u00e1ria simplifica o processo cognitivo de escolha.<\/p>\n\n\n\n<p>A pr\u00e1tica constante da leitura ajuda a internalizar esses padr\u00f5es sem que seja necess\u00e1rio recorrer a tabelas de consulta o tempo todo. Ao visualizar a palavra escrita corretamente em livros e portais de not\u00edcias, o c\u00e9rebro cria uma mem\u00f3ria visual potente. Isso torna a escrita autom\u00e1tica e muito mais fluida para quem produz conte\u00fados diariamente.<\/p>\n\n\n\n<p>No v\u00eddeo abaixo do TikTok <strong><em>Profamaria_eduarda<\/em><\/strong>, que conta com mais de <strong><em>216 mil<\/em><\/strong> seguidores, ela ensina como n\u00e3o errar mais em &#8220;mau&#8221; e &#8220;mal&#8221;:<\/p>\n\n\n\n<blockquote class=\"tiktok-embed\" cite=\"https:\/\/www.tiktok.com\/@profamaria_eduarda\/video\/7321771866480266501\" data-video-id=\"7321771866480266501\" style=\"max-width: 605px;min-width: 325px;\" > <section> <a target=\"_blank\" title=\"@profamaria_eduarda\" href=\"https:\/\/www.tiktok.com\/@profamaria_eduarda?refer=embed\">@profamaria_eduarda<\/a> Respondendo a @freud_cat <a title=\"linguaportuguesa\" target=\"_blank\" href=\"https:\/\/www.tiktok.com\/tag\/linguaportuguesa?refer=embed\">#linguaportuguesa<\/a> <a title=\"portugues\" target=\"_blank\" href=\"https:\/\/www.tiktok.com\/tag\/portugues?refer=embed\">#portugues<\/a> <a title=\"gramatica\" target=\"_blank\" href=\"https:\/\/www.tiktok.com\/tag\/gramatica?refer=embed\">#gramatica<\/a> <a title=\"ortografia\" target=\"_blank\" href=\"https:\/\/www.tiktok.com\/tag\/ortografia?refer=embed\">#ortografia<\/a> <a target=\"_blank\" title=\"\u266c Bossa Nova Easy Listening(1302379) - yousuke\" href=\"https:\/\/www.tiktok.com\/music\/Bossa-Nova-Easy-Listening-1302379-7146261734582405121?refer=embed\">\u266c Bossa Nova Easy Listening(1302379) &#8211; yousuke<\/a> <\/section> <\/blockquote> <script async src=\"https:\/\/www.tiktok.com\/embed.js\"><\/script>\n\n\n\n<p>Leia tamb\u00e9m: <a href=\"https:\/\/www.correiobraziliense.com.br\/cbradar\/ha-ou-a-a-regra-de-portugues-sobre-tempo-que-muita-gente-confunde\/\" target=\"_blank\" rel=\"noreferrer noopener\">\u201cH\u00e1\u201d ou \u201ca\u201d? A regra de portugu\u00eas sobre tempo que muita gente confunde<\/a><\/p>\n\n\n\n<h2 class=\"wp-block-heading\">Como os \u00f3rg\u00e3os oficiais definem esse uso?<\/h2>\n\n\n\n<p>Institui\u00e7\u00f5es renomadas como a <strong>Academia Brasileira de Letras<\/strong> disponibilizam ferramentas digitais para que os cidad\u00e3os consultem termos e regras gramaticais atualizadas constantemente. Seguir essas diretrizes \u00e9 essencial para manter o padr\u00e3o culto do idioma em comunica\u00e7\u00f5es governamentais e empresariais. A padroniza\u00e7\u00e3o lingu\u00edstica fortalece a identidade cultural e facilita o entendimento m\u00fatuo entre falantes brasileiros.<\/p>\n\n\n\n<p>Para aprofundar seus conhecimentos sobre as normas ortogr\u00e1ficas e evitar confus\u00f5es com voc\u00e1bulos similares, voc\u00ea deve consultar o <strong><a target=\"_blank\" rel=\"noreferrer noopener\" href=\"https:\/\/www.academia.org.br\/nossa-lingua\/busca-no-vocabulario\">Vocabul\u00e1rio Ortogr\u00e1fico da L\u00edngua Portuguesa<\/a><\/strong>. Esse portal oficial oferece a base t\u00e9cnica necess\u00e1ria para validar qualquer d\u00favida gramatical complexa com rapidez e precis\u00e3o. Use essa fonte para elevar o n\u00edvel t\u00e9cnico de suas produ\u00e7\u00f5es escritas e garantir autoridade.<\/p>\n","protected":false},"excerpt":{"rendered":"<p>Distinguir entre as palavras mau e mal \u00e9 um desafio frequente para muitos escritores brasileiros que buscam perfei\u00e7\u00e3o gramatical. Compreender as classes gramaticais envolvidas permite aplicar o termo correto em qualquer contexto comunicativo rapidamente. Dominar essa diferen\u00e7a simples evita erros bobos que podem prejudicar severamente sua credibilidade profissional em documentos oficiais. Como diferenciar os termos [&hellip;]<\/p>\n","protected":false},"author":21,"featured_media":206842,"comment_status":"open","ping_status":"open","sticky":false,"template":"","format":"standard","meta":{"_yoast_wpseo_focuskw":"mau ou mal","_yoast_wpseo_title":"","_yoast_wpseo_metadesc":"A diferen\u00e7a entre mau e mal ainda gera d\u00favidas na escrita e pode causar erros simples em textos formais e comunica\u00e7\u00f5es do dia a dia","jnews-multi-image_gallery":[],"jnews_single_post":{"format":"standard"},"jnews_primary_category":[],"jnews_social_meta":[],"jnews_override_counter":[],"footnotes":""},"categories":[112],"post_tag":[13378,12829,10902,6081],"class_list":["post-206835","post","type-post","status-publish","format-standard","has-post-thumbnail","hentry","category-curiosidades","tag-correcao","tag-explicacao","tag-lingua-portuguesa","tag-portugues"],"yoast_head":"<!-- This site is optimized with the Yoast SEO plugin v24.6 - https:\/\/yoast.com\/wordpress\/plugins\/seo\/ -->\n<title>A explica\u00e7\u00e3o definitiva para voc\u00ea nunca mais errar o uso de \u201cmau\u201d e \u201cmal\u201d - Correio Braziliense - Radar<\/title>\n<meta name=\"description\" content=\"A diferen\u00e7a entre mau e mal ainda gera d\u00favidas na escrita e pode causar erros simples em textos formais e comunica\u00e7\u00f5es do dia a dia\" \/>\n<meta name=\"robots\" content=\"index, follow, max-snippet:-1, max-image-preview:large, max-video-preview:-1\" \/>\n<link rel=\"canonical\" href=\"https:\/\/www.correiobraziliense.com.br\/cbradar\/a-explicacao-definitiva-para-voce-nunca-mais-errar-o-uso-de-mau-e-mal\/\" \/>\n<meta property=\"og:locale\" content=\"pt_BR\" \/>\n<meta property=\"og:type\" content=\"article\" \/>\n<meta property=\"og:title\" content=\"A explica\u00e7\u00e3o definitiva para voc\u00ea nunca mais errar o uso de \u201cmau\u201d e \u201cmal\u201d - Correio Braziliense - Radar\" \/>\n<meta property=\"og:description\" content=\"A diferen\u00e7a entre mau e mal ainda gera d\u00favidas na escrita e pode causar erros simples em textos formais e comunica\u00e7\u00f5es do dia a dia\" \/>\n<meta property=\"og:url\" content=\"https:\/\/www.correiobraziliense.com.br\/cbradar\/a-explicacao-definitiva-para-voce-nunca-mais-errar-o-uso-de-mau-e-mal\/\" \/>\n<meta property=\"og:site_name\" content=\"Correio Braziliense - Radar\" \/>\n<meta property=\"article:published_time\" content=\"2026-03-12T21:15:00+00:00\" \/>\n<meta property=\"og:image\" content=\"https:\/\/www.correiobraziliense.com.br\/cbradar\/wp-content\/uploads\/2026\/03\/Gemini_Generated_Image_ug4sa3ug4sa3ug4s-1-1-1.png\" \/>\n\t<meta property=\"og:image:width\" content=\"1280\" \/>\n\t<meta property=\"og:image:height\" content=\"720\" \/>\n\t<meta property=\"og:image:type\" content=\"image\/png\" \/>\n<meta name=\"author\" content=\"Patrick Silva\" \/>\n<meta name=\"twitter:card\" content=\"summary_large_image\" \/>\n<meta name=\"twitter:label1\" content=\"Escrito por\" \/>\n\t<meta name=\"twitter:data1\" content=\"Patrick Silva\" \/>\n\t<meta name=\"twitter:label2\" content=\"Est. tempo de leitura\" \/>\n\t<meta name=\"twitter:data2\" content=\"5 minutos\" \/>\n<!-- \/ Yoast SEO plugin. -->","yoast_head_json":{"title":"A explica\u00e7\u00e3o definitiva para voc\u00ea nunca mais errar o uso de \u201cmau\u201d e \u201cmal\u201d - Correio Braziliense - Radar","description":"A diferen\u00e7a entre mau e mal ainda gera d\u00favidas na escrita e pode causar erros simples em textos formais e comunica\u00e7\u00f5es do dia a dia","robots":{"index":"index","follow":"follow","max-snippet":"max-snippet:-1","max-image-preview":"max-image-preview:large","max-video-preview":"max-video-preview:-1"},"canonical":"https:\/\/www.correiobraziliense.com.br\/cbradar\/a-explicacao-definitiva-para-voce-nunca-mais-errar-o-uso-de-mau-e-mal\/","og_locale":"pt_BR","og_type":"article","og_title":"A explica\u00e7\u00e3o definitiva para voc\u00ea nunca mais errar o uso de \u201cmau\u201d e \u201cmal\u201d - Correio Braziliense - Radar","og_description":"A diferen\u00e7a entre mau e mal ainda gera d\u00favidas na escrita e pode causar erros simples em textos formais e comunica\u00e7\u00f5es do dia a dia","og_url":"https:\/\/www.correiobraziliense.com.br\/cbradar\/a-explicacao-definitiva-para-voce-nunca-mais-errar-o-uso-de-mau-e-mal\/","og_site_name":"Correio Braziliense - Radar","article_published_time":"2026-03-12T21:15:00+00:00","og_image":[{"width":1280,"height":720,"url":"https:\/\/www.correiobraziliense.com.br\/cbradar\/wp-content\/uploads\/2026\/03\/Gemini_Generated_Image_ug4sa3ug4sa3ug4s-1-1-1.png","type":"image\/png"}],"author":"Patrick Silva","twitter_card":"summary_large_image","twitter_misc":{"Escrito por":"Patrick Silva","Est. tempo de leitura":"5 minutos"},"schema":{"@context":"https:\/\/schema.org","@graph":[{"@type":"WebPage","@id":"https:\/\/www.correiobraziliense.com.br\/cbradar\/a-explicacao-definitiva-para-voce-nunca-mais-errar-o-uso-de-mau-e-mal\/","url":"https:\/\/www.correiobraziliense.com.br\/cbradar\/a-explicacao-definitiva-para-voce-nunca-mais-errar-o-uso-de-mau-e-mal\/","name":"A explica\u00e7\u00e3o definitiva para voc\u00ea nunca mais errar o uso de \u201cmau\u201d e \u201cmal\u201d - Correio Braziliense - Radar","isPartOf":{"@id":"https:\/\/www.correiobraziliense.com.br\/cbradar\/#website"},"primaryImageOfPage":{"@id":"https:\/\/www.correiobraziliense.com.br\/cbradar\/a-explicacao-definitiva-para-voce-nunca-mais-errar-o-uso-de-mau-e-mal\/#primaryimage"},"image":{"@id":"https:\/\/www.correiobraziliense.com.br\/cbradar\/a-explicacao-definitiva-para-voce-nunca-mais-errar-o-uso-de-mau-e-mal\/#primaryimage"},"thumbnailUrl":"https:\/\/www.correiobraziliense.com.br\/cbradar\/wp-content\/uploads\/2026\/03\/Gemini_Generated_Image_ug4sa3ug4sa3ug4s-1-1-1.png","datePublished":"2026-03-12T21:15:00+00:00","author":{"@id":"https:\/\/www.correiobraziliense.com.br\/cbradar\/#\/schema\/person\/5440b72be9c7eb74f446c846479dc4da"},"description":"A diferen\u00e7a entre mau e mal ainda gera d\u00favidas na escrita e pode causar erros simples em textos formais e comunica\u00e7\u00f5es do dia a dia","breadcrumb":{"@id":"https:\/\/www.correiobraziliense.com.br\/cbradar\/a-explicacao-definitiva-para-voce-nunca-mais-errar-o-uso-de-mau-e-mal\/#breadcrumb"},"inLanguage":"pt-BR","potentialAction":[{"@type":"ReadAction","target":["https:\/\/www.correiobraziliense.com.br\/cbradar\/a-explicacao-definitiva-para-voce-nunca-mais-errar-o-uso-de-mau-e-mal\/"]}]},{"@type":"ImageObject","inLanguage":"pt-BR","@id":"https:\/\/www.correiobraziliense.com.br\/cbradar\/a-explicacao-definitiva-para-voce-nunca-mais-errar-o-uso-de-mau-e-mal\/#primaryimage","url":"https:\/\/www.correiobraziliense.com.br\/cbradar\/wp-content\/uploads\/2026\/03\/Gemini_Generated_Image_ug4sa3ug4sa3ug4s-1-1-1.png","contentUrl":"https:\/\/www.correiobraziliense.com.br\/cbradar\/wp-content\/uploads\/2026\/03\/Gemini_Generated_Image_ug4sa3ug4sa3ug4s-1-1-1.png","width":1280,"height":720,"caption":"A diferen\u00e7a entre mau e mal depende da fun\u00e7\u00e3o gramatical e ainda causa erros frequentes na escrita"},{"@type":"BreadcrumbList","@id":"https:\/\/www.correiobraziliense.com.br\/cbradar\/a-explicacao-definitiva-para-voce-nunca-mais-errar-o-uso-de-mau-e-mal\/#breadcrumb","itemListElement":[{"@type":"ListItem","position":1,"name":"In\u00edcio","item":"https:\/\/www.correiobraziliense.com.br\/cbradar\/"},{"@type":"ListItem","position":2,"name":"A explica\u00e7\u00e3o definitiva para voc\u00ea nunca mais errar o uso de \u201cmau\u201d e \u201cmal\u201d"}]},{"@type":"WebSite","@id":"https:\/\/www.correiobraziliense.com.br\/cbradar\/#website","url":"https:\/\/www.correiobraziliense.com.br\/cbradar\/","name":"Correio Braziliense - Radar","description":"Acompanhe as \u00faltimas not\u00edcias e fique bem informado sobre tudo o que acontece no Brasil e no mundo.","potentialAction":[{"@type":"SearchAction","target":{"@type":"EntryPoint","urlTemplate":"https:\/\/www.correiobraziliense.com.br\/cbradar\/?s={search_term_string}"},"query-input":{"@type":"PropertyValueSpecification","valueRequired":true,"valueName":"search_term_string"}}],"inLanguage":"pt-BR"},{"@type":"Person","@id":"https:\/\/www.correiobraziliense.com.br\/cbradar\/#\/schema\/person\/5440b72be9c7eb74f446c846479dc4da","name":"Patrick Silva","image":{"@type":"ImageObject","inLanguage":"pt-BR","@id":"https:\/\/www.correiobraziliense.com.br\/cbradar\/#\/schema\/person\/image\/","url":"https:\/\/secure.gravatar.com\/avatar\/944109df296fc087785c9715fd5f80b2?s=96&d=mm&r=g","contentUrl":"https:\/\/secure.gravatar.com\/avatar\/944109df296fc087785c9715fd5f80b2?s=96&d=mm&r=g","caption":"Patrick Silva"},"sameAs":["https:\/\/www.correiobraziliense.com.br\/cbradar\/"],"url":"https:\/\/www.correiobraziliense.com.br\/cbradar\/author\/patrick-silva\/"}]}},"_links":{"self":[{"href":"https:\/\/www.correiobraziliense.com.br\/cbradar\/wp-json\/wp\/v2\/posts\/206835","targetHints":{"allow":["GET"]}}],"collection":[{"href":"https:\/\/www.correiobraziliense.com.br\/cbradar\/wp-json\/wp\/v2\/posts"}],"about":[{"href":"https:\/\/www.correiobraziliense.com.br\/cbradar\/wp-json\/wp\/v2\/types\/post"}],"author":[{"embeddable":true,"href":"https:\/\/www.correiobraziliense.com.br\/cbradar\/wp-json\/wp\/v2\/users\/21"}],"replies":[{"embeddable":true,"href":"https:\/\/www.correiobraziliense.com.br\/cbradar\/wp-json\/wp\/v2\/comments?post=206835"}],"version-history":[{"count":2,"href":"https:\/\/www.correiobraziliense.com.br\/cbradar\/wp-json\/wp\/v2\/posts\/206835\/revisions"}],"predecessor-version":[{"id":206845,"href":"https:\/\/www.correiobraziliense.com.br\/cbradar\/wp-json\/wp\/v2\/posts\/206835\/revisions\/206845"}],"wp:featuredmedia":[{"embeddable":true,"href":"https:\/\/www.correiobraziliense.com.br\/cbradar\/wp-json\/wp\/v2\/media\/206842"}],"wp:attachment":[{"href":"https:\/\/www.correiobraziliense.com.br\/cbradar\/wp-json\/wp\/v2\/media?parent=206835"}],"wp:term":[{"taxonomy":"category","embeddable":true,"href":"https:\/\/www.correiobraziliense.com.br\/cbradar\/wp-json\/wp\/v2\/categories?post=206835"},{"taxonomy":"post_tag","embeddable":true,"href":"https:\/\/www.correiobraziliense.com.br\/cbradar\/wp-json\/wp\/v2\/post_tag?post=206835"}],"curies":[{"name":"wp","href":"https:\/\/api.w.org\/{rel}","templated":true}]}}