{"id":206850,"date":"2026-03-12T10:55:00","date_gmt":"2026-03-12T13:55:00","guid":{"rendered":"https:\/\/www.correiobraziliense.com.br\/cbradar\/?p=206850"},"modified":"2026-03-11T14:19:20","modified_gmt":"2026-03-11T17:19:20","slug":"como-a-ansiedade-pode-ser-alimentada-pela-falta-de-vitamina-b12","status":"publish","type":"post","link":"https:\/\/www.correiobraziliense.com.br\/cbradar\/como-a-ansiedade-pode-ser-alimentada-pela-falta-de-vitamina-b12\/","title":{"rendered":"Como a ansiedade pode ser alimentada pela falta de vitamina B12"},"content":{"rendered":"\n<p>A defici\u00eancia de vitamina B12 impacta diretamente o funcionamento do sistema nervoso central, podendo agravar sintomas de ansiedade e irritabilidade constante. Muitas pessoas ignoram que a falta desse nutriente essencial prejudica a produ\u00e7\u00e3o de neurotransmissores vitais para o equil\u00edbrio emocional. Compreender essa conex\u00e3o biol\u00f3gica ajuda a identificar causas f\u00edsicas para o sofrimento mental di\u00e1rio.<\/p>\n\n\n\n<h2 class=\"wp-block-heading\">Qual \u00e9 o papel da cobalamina na sa\u00fade mental?<\/h2>\n\n\n\n<p>A vitamina B12, tecnicamente conhecida como cobalamina, desempenha uma fun\u00e7\u00e3o crucial na s\u00edntese de mielina, que protege os nervos cerebrais. Sem n\u00edveis adequados desse nutriente, a comunica\u00e7\u00e3o entre os neur\u00f4nios torna-se falha, resultando em instabilidade emocional significativa. Manter os \u00edndices fisiol\u00f3gicos em dia \u00e9 fundamental para garantir que o c\u00e9rebro processe est\u00edmulos estressores com a devida resili\u00eancia biol\u00f3gica.<\/p>\n\n\n\n<p>Al\u00e9m da prote\u00e7\u00e3o nervosa, a B12 participa ativamente na regula\u00e7\u00e3o dos n\u00edveis de homociste\u00edna no sangue circulante. Quando esse amino\u00e1cido est\u00e1 elevado devido \u00e0 car\u00eancia vitam\u00ednica, o risco de desenvolver transtornos de humor e quadros depressivos aumenta consideravelmente. O equil\u00edbrio qu\u00edmico cerebral depende dessa presen\u00e7a nutritiva para sustentar sentimentos de calma e bem-estar durante as atividades cotidianas mais exigentes.<\/p>\n\n\n\n<figure class=\"wp-block-image size-full\"><img decoding=\"async\" width=\"1280\" height=\"720\" src=\"https:\/\/www.correiobraziliense.com.br\/cbradar\/wp-content\/uploads\/2026\/03\/Gemini_Generated_Image_ar5a1sar5a1sar5a-1-1.png\" alt=\"Como a ansiedade pode ser alimentada pela falta de vitamina B12\" class=\"wp-image-206861\" srcset=\"https:\/\/www.correiobraziliense.com.br\/cbradar\/wp-content\/uploads\/2026\/03\/Gemini_Generated_Image_ar5a1sar5a1sar5a-1-1.png 1280w, https:\/\/www.correiobraziliense.com.br\/cbradar\/wp-content\/uploads\/2026\/03\/Gemini_Generated_Image_ar5a1sar5a1sar5a-1-1-300x169.png 300w, https:\/\/www.correiobraziliense.com.br\/cbradar\/wp-content\/uploads\/2026\/03\/Gemini_Generated_Image_ar5a1sar5a1sar5a-1-1-768x432.png 768w, https:\/\/www.correiobraziliense.com.br\/cbradar\/wp-content\/uploads\/2026\/03\/Gemini_Generated_Image_ar5a1sar5a1sar5a-1-1-750x422.png 750w, https:\/\/www.correiobraziliense.com.br\/cbradar\/wp-content\/uploads\/2026\/03\/Gemini_Generated_Image_ar5a1sar5a1sar5a-1-1-1140x641.png 1140w\" sizes=\"(max-width: 1280px) 100vw, 1280px\" \/><figcaption class=\"wp-element-caption\">N\u00edveis baixos de vitamina B12 podem afetar o sistema nervoso e intensificar sintomas de ansiedade<\/figcaption><\/figure>\n\n\n\n<h2 class=\"wp-block-heading\">Como a car\u00eancia nutricional altera os neurotransmissores?<\/h2>\n\n\n\n<p>A falta de B12 compromete a produ\u00e7\u00e3o de serotonina e dopamina, subst\u00e2ncias qu\u00edmicas respons\u00e1veis pela sensa\u00e7\u00e3o de prazer e relaxamento profundo. Quando esses neurotransmissores est\u00e3o em baixa, o organismo entra em um estado de alerta constante, facilitando o surgimento de crises de ansiedade. \u00c9 um ciclo fisiol\u00f3gico onde a car\u00eancia f\u00edsica dita diretamente a intensidade das respostas emocionais do indiv\u00edduo.<\/p>\n\n\n\n<p>Pesquisas cient\u00edficas indicam que a defici\u00eancia vitam\u00ednica interfere na capacidade do c\u00e9rebro de regular respostas ao medo e ao estresse cr\u00f4nico. Sem o suporte nutricional necess\u00e1rio, pequenos problemas do dia a dia podem ser percebidos como amea\u00e7as gigantescas pelo sistema l\u00edmbico. Essa hipersensibilidade neural \u00e9 um sintoma cl\u00e1ssico de que o corpo precisa de reposi\u00e7\u00e3o urgente de vitaminas do complexo B.<\/p>\n\n\n\n<h2 class=\"wp-block-heading\">Quais sinais f\u00edsicos acompanham a ansiedade nutricional?<\/h2>\n\n\n\n<p>Identificar os sintomas precoces da defici\u00eancia de B12 \u00e9 o primeiro passo para recuperar a tranquilidade mental e a disposi\u00e7\u00e3o f\u00edsica. Al\u00e9m da ang\u00fastia inexplic\u00e1vel, o corpo costuma manifestar sinais claros de que as reservas est\u00e3o baixas. Reconhecer esses ind\u00edcios ajuda a diferenciar um transtorno de ansiedade puramente psicol\u00f3gico de uma desordem metab\u00f3lica que exige interven\u00e7\u00e3o diet\u00e9tica ou suplementar espec\u00edfica.<\/p>\n\n\n\n<p>Para auxiliar voc\u00ea a monitorar seu estado de sa\u00fade, apresento os sintomas mais comuns que indicam a necessidade de avalia\u00e7\u00e3o m\u00e9dica imediata:<\/p>\n\n\n\n<ul class=\"wp-block-list\">\n<li>Formigamento persistente nas extremidades.<\/li>\n\n\n\n<li>Cansa\u00e7o extremo sem causa aparente.<\/li>\n\n\n\n<li>Dificuldade de concentra\u00e7\u00e3o e mem\u00f3ria.<\/li>\n\n\n\n<li>Palpita\u00e7\u00f5es card\u00edacas durante o repouso.<\/li>\n\n\n\n<li>Altera\u00e7\u00f5es repentinas no apetite habitual.<\/li>\n<\/ul>\n\n\n\n<h2 class=\"wp-block-heading\">Por que a absor\u00e7\u00e3o dessa vitamina falha com o tempo?<\/h2>\n\n\n\n<p>Muitas vezes, a alimenta\u00e7\u00e3o \u00e9 adequada, mas o organismo perde a capacidade de absorver o nutriente de forma eficiente. Problemas g\u00e1stricos ou o uso prolongado de medicamentos para azia podem reduzir o fator intr\u00ednseco necess\u00e1rio para a assimila\u00e7\u00e3o da B12. Sem essa prote\u00edna g\u00e1strica, a vitamina passa pelo sistema digest\u00f3rio sem ser aproveitada, deixando o c\u00e9rebro vulner\u00e1vel a desequil\u00edbrios qu\u00edmicos.<\/p>\n\n\n\n<p>O envelhecimento natural tamb\u00e9m reduz a acidez estomacal, dificultando a extra\u00e7\u00e3o da cobalamina presente nas carnes e derivados animais. Vegetarianos e veganos precisam ter aten\u00e7\u00e3o redobrada, pois as fontes vegetais n\u00e3o fornecem a quantidade necess\u00e1ria para a manuten\u00e7\u00e3o da sa\u00fade neural. Consultar um nutricionista para avaliar a necessidade de suplementa\u00e7\u00e3o \u00e9 uma atitude prudente para preservar a sa\u00fade mental ao longo dos anos.<\/p>\n\n\n\n<p>No v\u00eddeo abaixo do TikTok <strong><em>Italabrasileironutri<\/em><\/strong>, que conta com mais de <strong><em>71 mil <\/em><\/strong>seguidores, ela sugere alimentos ricos em vitamina B12:<\/p>\n\n\n\n<blockquote class=\"tiktok-embed\" cite=\"https:\/\/www.tiktok.com\/@italabrasileironutri\/video\/7344543663474740486\" data-video-id=\"7344543663474740486\" style=\"max-width: 605px;min-width: 325px;\" > <section> <a target=\"_blank\" title=\"@italabrasileironutri\" href=\"https:\/\/www.tiktok.com\/@italabrasileironutri?refer=embed\">@italabrasileironutri<\/a> alimentos fontes de B12<a title=\"intestinopreso\" target=\"_blank\" href=\"https:\/\/www.tiktok.com\/tag\/intestinopreso?refer=embed\">#intestinopreso<\/a> <a title=\"intestino\" target=\"_blank\" href=\"https:\/\/www.tiktok.com\/tag\/intestino?refer=embed\">#intestino<\/a> <a title=\"estufamento\" target=\"_blank\" href=\"https:\/\/www.tiktok.com\/tag\/estufamento?refer=embed\">#estufamento<\/a> <a title=\"vidasaudavel\" target=\"_blank\" href=\"https:\/\/www.tiktok.com\/tag\/vidasaudavel?refer=embed\">#vidasaudavel<\/a> <a target=\"_blank\" title=\"\u266c TEXAS HOLD &#39;EM - Beyonc\u00e9\" href=\"https:\/\/www.tiktok.com\/music\/TEXAS-HOLDEM-7334542274145454891?refer=embed\">\u266c TEXAS HOLD &#39;EM &#8211; Beyonc\u00e9<\/a> <\/section> <\/blockquote> <script async src=\"https:\/\/www.tiktok.com\/embed.js\"><\/script>\n\n\n\n<p>Leia tamb\u00e9m: <a href=\"https:\/\/www.correiobraziliense.com.br\/cbradar\/os-5-melhores-iogurtes-para-quem-tem-hipertensao-arterial-segundo-nutricionistas\/\" target=\"_blank\" rel=\"noreferrer noopener\">Os 5 melhores iogurtes para quem tem hipertens\u00e3o arterial, segundo nutricionistas<\/a><\/p>\n\n\n\n<h2 class=\"wp-block-heading\">Qual \u00e9 a orienta\u00e7\u00e3o dos \u00f3rg\u00e3os de sa\u00fade mundial?<\/h2>\n\n\n\n<p>A <strong>Organiza\u00e7\u00e3o Mundial da Sa\u00fade<\/strong> destaca a import\u00e2ncia de manter dietas ricas em micronutrientes para prevenir doen\u00e7as mentais em larga escala. A defici\u00eancia de B12 \u00e9 considerada um problema de sa\u00fade p\u00fablica em diversas regi\u00f5es, afetando a produtividade e o bem-estar das popula\u00e7\u00f5es. Pol\u00edticas de fortifica\u00e7\u00e3o de alimentos t\u00eam sido implementadas para garantir que todos tenham acesso aos n\u00edveis b\u00e1sicos de vitaminas essenciais.<\/p>\n\n\n\n<p>A manuten\u00e7\u00e3o de n\u00edveis \u00f3timos de vitaminas do complexo B \u00e9 uma recomenda\u00e7\u00e3o global para a longevidade cognitiva e emocional. Para obter informa\u00e7\u00f5es detalhadas sobre as necessidades nutricionais di\u00e1rias e os riscos da car\u00eancia severa, consulte o guia oficial da <strong><a target=\"_blank\" rel=\"noreferrer noopener\" href=\"https:\/\/www.hsph.harvard.edu\/nutritionsource\/vitamin-b12\/\">Harvard T.H. Chan School of Public Health<\/a><\/strong>. Seguir diretrizes cient\u00edficas \u00e9 o caminho mais seguro para garantir um <strong>corpo saud\u00e1vel e uma mente resiliente<\/strong> contra as press\u00f5es modernas.<\/p>\n","protected":false},"excerpt":{"rendered":"<p>A defici\u00eancia de vitamina B12 impacta diretamente o funcionamento do sistema nervoso central, podendo agravar sintomas de ansiedade e irritabilidade constante. Muitas pessoas ignoram que a falta desse nutriente essencial prejudica a produ\u00e7\u00e3o de neurotransmissores vitais para o equil\u00edbrio emocional. Compreender essa conex\u00e3o biol\u00f3gica ajuda a identificar causas f\u00edsicas para o sofrimento mental di\u00e1rio. Qual [&hellip;]<\/p>\n","protected":false},"author":21,"featured_media":206857,"comment_status":"open","ping_status":"open","sticky":false,"template":"","format":"standard","meta":{"_yoast_wpseo_focuskw":"defici\u00eancia de vitamina B12","_yoast_wpseo_title":"","_yoast_wpseo_metadesc":"A falta de vitamina B12 pode afetar o sistema nervoso e intensificar sintomas de ansiedade ao interferir na produ\u00e7\u00e3o de neurotransmissores","jnews-multi-image_gallery":[],"jnews_single_post":{"format":"standard"},"jnews_primary_category":[],"jnews_social_meta":[],"jnews_override_counter":[],"footnotes":""},"categories":[119],"post_tag":[281,1423,8229,3634],"class_list":["post-206850","post","type-post","status-publish","format-standard","has-post-thumbnail","hentry","category-bem-estar","tag-alimentacao","tag-alimentos","tag-b12","tag-vitamina"],"yoast_head":"<!-- This site is optimized with the Yoast SEO plugin v24.6 - https:\/\/yoast.com\/wordpress\/plugins\/seo\/ -->\n<title>Como a ansiedade pode ser alimentada pela falta de vitamina B12 - Correio Braziliense - Radar<\/title>\n<meta name=\"description\" content=\"A falta de vitamina B12 pode afetar o sistema nervoso e intensificar sintomas de ansiedade ao interferir na produ\u00e7\u00e3o de neurotransmissores\" \/>\n<meta name=\"robots\" content=\"index, follow, max-snippet:-1, max-image-preview:large, max-video-preview:-1\" \/>\n<link rel=\"canonical\" href=\"https:\/\/www.correiobraziliense.com.br\/cbradar\/como-a-ansiedade-pode-ser-alimentada-pela-falta-de-vitamina-b12\/\" \/>\n<meta property=\"og:locale\" content=\"pt_BR\" \/>\n<meta property=\"og:type\" content=\"article\" \/>\n<meta property=\"og:title\" content=\"Como a ansiedade pode ser alimentada pela falta de vitamina B12 - Correio Braziliense - Radar\" \/>\n<meta property=\"og:description\" content=\"A falta de vitamina B12 pode afetar o sistema nervoso e intensificar sintomas de ansiedade ao interferir na produ\u00e7\u00e3o de neurotransmissores\" \/>\n<meta property=\"og:url\" content=\"https:\/\/www.correiobraziliense.com.br\/cbradar\/como-a-ansiedade-pode-ser-alimentada-pela-falta-de-vitamina-b12\/\" \/>\n<meta property=\"og:site_name\" content=\"Correio Braziliense - Radar\" \/>\n<meta property=\"article:published_time\" content=\"2026-03-12T13:55:00+00:00\" \/>\n<meta property=\"og:image\" content=\"https:\/\/www.correiobraziliense.com.br\/cbradar\/wp-content\/uploads\/2026\/03\/Gemini_Generated_Image_mlj1t5mlj1t5mlj1-1-1.png\" \/>\n\t<meta property=\"og:image:width\" content=\"1280\" \/>\n\t<meta property=\"og:image:height\" content=\"720\" \/>\n\t<meta property=\"og:image:type\" content=\"image\/png\" \/>\n<meta name=\"author\" content=\"Patrick Silva\" \/>\n<meta name=\"twitter:card\" content=\"summary_large_image\" \/>\n<meta name=\"twitter:label1\" content=\"Escrito por\" \/>\n\t<meta name=\"twitter:data1\" content=\"Patrick Silva\" \/>\n\t<meta name=\"twitter:label2\" content=\"Est. tempo de leitura\" \/>\n\t<meta name=\"twitter:data2\" content=\"5 minutos\" \/>\n<!-- \/ Yoast SEO plugin. -->","yoast_head_json":{"title":"Como a ansiedade pode ser alimentada pela falta de vitamina B12 - Correio Braziliense - Radar","description":"A falta de vitamina B12 pode afetar o sistema nervoso e intensificar sintomas de ansiedade ao interferir na produ\u00e7\u00e3o de neurotransmissores","robots":{"index":"index","follow":"follow","max-snippet":"max-snippet:-1","max-image-preview":"max-image-preview:large","max-video-preview":"max-video-preview:-1"},"canonical":"https:\/\/www.correiobraziliense.com.br\/cbradar\/como-a-ansiedade-pode-ser-alimentada-pela-falta-de-vitamina-b12\/","og_locale":"pt_BR","og_type":"article","og_title":"Como a ansiedade pode ser alimentada pela falta de vitamina B12 - Correio Braziliense - Radar","og_description":"A falta de vitamina B12 pode afetar o sistema nervoso e intensificar sintomas de ansiedade ao interferir na produ\u00e7\u00e3o de neurotransmissores","og_url":"https:\/\/www.correiobraziliense.com.br\/cbradar\/como-a-ansiedade-pode-ser-alimentada-pela-falta-de-vitamina-b12\/","og_site_name":"Correio Braziliense - Radar","article_published_time":"2026-03-12T13:55:00+00:00","og_image":[{"width":1280,"height":720,"url":"https:\/\/www.correiobraziliense.com.br\/cbradar\/wp-content\/uploads\/2026\/03\/Gemini_Generated_Image_mlj1t5mlj1t5mlj1-1-1.png","type":"image\/png"}],"author":"Patrick Silva","twitter_card":"summary_large_image","twitter_misc":{"Escrito por":"Patrick Silva","Est. tempo de leitura":"5 minutos"},"schema":{"@context":"https:\/\/schema.org","@graph":[{"@type":"WebPage","@id":"https:\/\/www.correiobraziliense.com.br\/cbradar\/como-a-ansiedade-pode-ser-alimentada-pela-falta-de-vitamina-b12\/","url":"https:\/\/www.correiobraziliense.com.br\/cbradar\/como-a-ansiedade-pode-ser-alimentada-pela-falta-de-vitamina-b12\/","name":"Como a ansiedade pode ser alimentada pela falta de vitamina B12 - Correio Braziliense - Radar","isPartOf":{"@id":"https:\/\/www.correiobraziliense.com.br\/cbradar\/#website"},"primaryImageOfPage":{"@id":"https:\/\/www.correiobraziliense.com.br\/cbradar\/como-a-ansiedade-pode-ser-alimentada-pela-falta-de-vitamina-b12\/#primaryimage"},"image":{"@id":"https:\/\/www.correiobraziliense.com.br\/cbradar\/como-a-ansiedade-pode-ser-alimentada-pela-falta-de-vitamina-b12\/#primaryimage"},"thumbnailUrl":"https:\/\/www.correiobraziliense.com.br\/cbradar\/wp-content\/uploads\/2026\/03\/Gemini_Generated_Image_mlj1t5mlj1t5mlj1-1-1.png","datePublished":"2026-03-12T13:55:00+00:00","author":{"@id":"https:\/\/www.correiobraziliense.com.br\/cbradar\/#\/schema\/person\/5440b72be9c7eb74f446c846479dc4da"},"description":"A falta de vitamina B12 pode afetar o sistema nervoso e intensificar sintomas de ansiedade ao interferir na produ\u00e7\u00e3o de neurotransmissores","breadcrumb":{"@id":"https:\/\/www.correiobraziliense.com.br\/cbradar\/como-a-ansiedade-pode-ser-alimentada-pela-falta-de-vitamina-b12\/#breadcrumb"},"inLanguage":"pt-BR","potentialAction":[{"@type":"ReadAction","target":["https:\/\/www.correiobraziliense.com.br\/cbradar\/como-a-ansiedade-pode-ser-alimentada-pela-falta-de-vitamina-b12\/"]}]},{"@type":"ImageObject","inLanguage":"pt-BR","@id":"https:\/\/www.correiobraziliense.com.br\/cbradar\/como-a-ansiedade-pode-ser-alimentada-pela-falta-de-vitamina-b12\/#primaryimage","url":"https:\/\/www.correiobraziliense.com.br\/cbradar\/wp-content\/uploads\/2026\/03\/Gemini_Generated_Image_mlj1t5mlj1t5mlj1-1-1.png","contentUrl":"https:\/\/www.correiobraziliense.com.br\/cbradar\/wp-content\/uploads\/2026\/03\/Gemini_Generated_Image_mlj1t5mlj1t5mlj1-1-1.png","width":1280,"height":720,"caption":"N\u00edveis baixos de vitamina B12 podem afetar o sistema nervoso e intensificar sintomas de ansiedade"},{"@type":"BreadcrumbList","@id":"https:\/\/www.correiobraziliense.com.br\/cbradar\/como-a-ansiedade-pode-ser-alimentada-pela-falta-de-vitamina-b12\/#breadcrumb","itemListElement":[{"@type":"ListItem","position":1,"name":"In\u00edcio","item":"https:\/\/www.correiobraziliense.com.br\/cbradar\/"},{"@type":"ListItem","position":2,"name":"Como a ansiedade pode ser alimentada pela falta de vitamina B12"}]},{"@type":"WebSite","@id":"https:\/\/www.correiobraziliense.com.br\/cbradar\/#website","url":"https:\/\/www.correiobraziliense.com.br\/cbradar\/","name":"Correio Braziliense - Radar","description":"Acompanhe as \u00faltimas not\u00edcias e fique bem informado sobre tudo o que acontece no Brasil e no mundo.","potentialAction":[{"@type":"SearchAction","target":{"@type":"EntryPoint","urlTemplate":"https:\/\/www.correiobraziliense.com.br\/cbradar\/?s={search_term_string}"},"query-input":{"@type":"PropertyValueSpecification","valueRequired":true,"valueName":"search_term_string"}}],"inLanguage":"pt-BR"},{"@type":"Person","@id":"https:\/\/www.correiobraziliense.com.br\/cbradar\/#\/schema\/person\/5440b72be9c7eb74f446c846479dc4da","name":"Patrick Silva","image":{"@type":"ImageObject","inLanguage":"pt-BR","@id":"https:\/\/www.correiobraziliense.com.br\/cbradar\/#\/schema\/person\/image\/","url":"https:\/\/secure.gravatar.com\/avatar\/944109df296fc087785c9715fd5f80b2?s=96&d=mm&r=g","contentUrl":"https:\/\/secure.gravatar.com\/avatar\/944109df296fc087785c9715fd5f80b2?s=96&d=mm&r=g","caption":"Patrick Silva"},"sameAs":["https:\/\/www.correiobraziliense.com.br\/cbradar\/"],"url":"https:\/\/www.correiobraziliense.com.br\/cbradar\/author\/patrick-silva\/"}]}},"_links":{"self":[{"href":"https:\/\/www.correiobraziliense.com.br\/cbradar\/wp-json\/wp\/v2\/posts\/206850","targetHints":{"allow":["GET"]}}],"collection":[{"href":"https:\/\/www.correiobraziliense.com.br\/cbradar\/wp-json\/wp\/v2\/posts"}],"about":[{"href":"https:\/\/www.correiobraziliense.com.br\/cbradar\/wp-json\/wp\/v2\/types\/post"}],"author":[{"embeddable":true,"href":"https:\/\/www.correiobraziliense.com.br\/cbradar\/wp-json\/wp\/v2\/users\/21"}],"replies":[{"embeddable":true,"href":"https:\/\/www.correiobraziliense.com.br\/cbradar\/wp-json\/wp\/v2\/comments?post=206850"}],"version-history":[{"count":1,"href":"https:\/\/www.correiobraziliense.com.br\/cbradar\/wp-json\/wp\/v2\/posts\/206850\/revisions"}],"predecessor-version":[{"id":206864,"href":"https:\/\/www.correiobraziliense.com.br\/cbradar\/wp-json\/wp\/v2\/posts\/206850\/revisions\/206864"}],"wp:featuredmedia":[{"embeddable":true,"href":"https:\/\/www.correiobraziliense.com.br\/cbradar\/wp-json\/wp\/v2\/media\/206857"}],"wp:attachment":[{"href":"https:\/\/www.correiobraziliense.com.br\/cbradar\/wp-json\/wp\/v2\/media?parent=206850"}],"wp:term":[{"taxonomy":"category","embeddable":true,"href":"https:\/\/www.correiobraziliense.com.br\/cbradar\/wp-json\/wp\/v2\/categories?post=206850"},{"taxonomy":"post_tag","embeddable":true,"href":"https:\/\/www.correiobraziliense.com.br\/cbradar\/wp-json\/wp\/v2\/post_tag?post=206850"}],"curies":[{"name":"wp","href":"https:\/\/api.w.org\/{rel}","templated":true}]}}