{"id":206856,"date":"2026-03-12T15:45:00","date_gmt":"2026-03-12T18:45:00","guid":{"rendered":"https:\/\/www.correiobraziliense.com.br\/cbradar\/?p=206856"},"modified":"2026-03-11T14:19:09","modified_gmt":"2026-03-11T17:19:09","slug":"por-que-o-abacate-pode-ser-a-melhor-primeira-mordida-para-o-seu-bebe","status":"publish","type":"post","link":"https:\/\/www.correiobraziliense.com.br\/cbradar\/por-que-o-abacate-pode-ser-a-melhor-primeira-mordida-para-o-seu-bebe\/","title":{"rendered":"Por que o abacate pode ser a melhor primeira mordida para o seu beb\u00ea"},"content":{"rendered":"\n<p>Introduzir alimentos s\u00f3lidos \u00e9 um marco emocionante na vida dos pais e do lactante em desenvolvimento. O abacate surge como uma op\u00e7\u00e3o nutritiva e segura, oferecendo gorduras saud\u00e1veis fundamentais para o crescimento cerebral acelerado nessa fase. Compreender os benef\u00edcios dessa fruta vers\u00e1til facilita a transi\u00e7\u00e3o alimentar, garantindo uma experi\u00eancia prazerosa e balanceada hoje.<\/p>\n\n\n\n<h2 class=\"wp-block-heading\">Por que a textura do fruto favorece a introdu\u00e7\u00e3o alimentar?<\/h2>\n\n\n\n<p>A consist\u00eancia cremosa do abacate maduro permite que o beb\u00ea processe o alimento com facilidade, mesmo sem possuir dentes desenvolvidos. Essa textura macia reduz significativamente o risco de engasgos durante as primeiras experi\u00eancias com s\u00f3lidos na dieta. Al\u00e9m disso, a facilidade de amassar a polpa torna o preparo pr\u00e1tico para os cuidadores que buscam agilidade.<\/p>\n\n\n\n<p>Especialistas em pediatria recomendam iniciar a alimenta\u00e7\u00e3o complementar com itens que possuam densidade cal\u00f3rica e nutrientes biodispon\u00edveis para o organismo. O <strong>Centers for Disease Control and Prevention<\/strong> destaca que alimentos macios s\u00e3o ideais para o desenvolvimento motor oral da crian\u00e7a pequena. Voc\u00ea pode conferir diretrizes detalhadas sobre <strong><a href=\"https:\/\/www.cdc.gov\/infant-toddler-nutrition\/foods-and-drinks\/when-what-and-how-to-introduce-solid-foods.html\" target=\"_blank\" rel=\"noreferrer noopener\">alimentos seguros para beb\u00eas<\/a><\/strong> no portal oficial da institui\u00e7\u00e3o governamental americana.<\/p>\n\n\n\n<figure class=\"wp-block-image size-full\"><img decoding=\"async\" width=\"1280\" height=\"720\" src=\"https:\/\/www.correiobraziliense.com.br\/cbradar\/wp-content\/uploads\/2026\/03\/Gemini_Generated_Image_19np2019np2019np-1-1.png\" alt=\"Por que o abacate pode ser a melhor primeira mordida para o seu beb\u00ea\" class=\"wp-image-206870\" srcset=\"https:\/\/www.correiobraziliense.com.br\/cbradar\/wp-content\/uploads\/2026\/03\/Gemini_Generated_Image_19np2019np2019np-1-1.png 1280w, https:\/\/www.correiobraziliense.com.br\/cbradar\/wp-content\/uploads\/2026\/03\/Gemini_Generated_Image_19np2019np2019np-1-1-300x169.png 300w, https:\/\/www.correiobraziliense.com.br\/cbradar\/wp-content\/uploads\/2026\/03\/Gemini_Generated_Image_19np2019np2019np-1-1-768x432.png 768w, https:\/\/www.correiobraziliense.com.br\/cbradar\/wp-content\/uploads\/2026\/03\/Gemini_Generated_Image_19np2019np2019np-1-1-750x422.png 750w, https:\/\/www.correiobraziliense.com.br\/cbradar\/wp-content\/uploads\/2026\/03\/Gemini_Generated_Image_19np2019np2019np-1-1-1140x641.png 1140w\" sizes=\"(max-width: 1280px) 100vw, 1280px\" \/><figcaption class=\"wp-element-caption\">Abacate oferece gorduras saud\u00e1veis e textura ideal para a introdu\u00e7\u00e3o alimentar do beb\u00ea<\/figcaption><\/figure>\n\n\n\n<h2 class=\"wp-block-heading\">Quais nutrientes essenciais est\u00e3o presentes nessa fruta poderosa?<\/h2>\n\n\n\n<p>O abacate \u00e9 rico em \u00e1cidos graxos monoinsaturados, que desempenham um papel vital na forma\u00e7\u00e3o das membranas celulares do sistema nervoso. Essas gorduras boas auxiliam na absor\u00e7\u00e3o de vitaminas lipossol\u00faveis, como a vitamina A e a vitamina E, presentes em outros vegetais. Garantir esse aporte nutricional \u00e9 decisivo para o desenvolvimento cognitivo saud\u00e1vel do seu filho.<\/p>\n\n\n\n<p>Al\u00e9m das gorduras saud\u00e1veis, o fruto oferece uma quantidade generosa de fibras que auxiliam no funcionamento regular do intestino sens\u00edvel. A presen\u00e7a de pot\u00e1ssio e folato contribui para o crescimento f\u00edsico e a manuten\u00e7\u00e3o do sistema imunol\u00f3gico em forma\u00e7\u00e3o. Oferecer alimentos densos em micronutrientes desde a primeira mordida estabelece uma base s\u00f3lida para a sa\u00fade futura e longevidade.<\/p>\n\n\n\n<h2 class=\"wp-block-heading\">Como preparar o alimento de maneira segura e atrativa?<\/h2>\n\n\n\n<p>A simplicidade no preparo \u00e9 uma das maiores vantagens para as fam\u00edlias que possuem rotinas intensas no dia a dia. Basta selecionar uma fruta madura, retirar a polpa e amass\u00e1-la com um garfo at\u00e9 obter um pur\u00ea homog\u00eaneo e liso. N\u00e3o h\u00e1 necessidade de adicionar sal ou a\u00e7\u00facar, preservando o sabor natural e original do alimento.<\/p>\n\n\n\n<p>Para assegurar que o momento da refei\u00e7\u00e3o seja proveitoso e repleto de descobertas positivas para o pequeno paladar em evolu\u00e7\u00e3o, observe as recomenda\u00e7\u00f5es pr\u00e1ticas seguintes:<\/p>\n\n\n\n<ul class=\"wp-block-list\">\n<li>Escolha frutos com a casca escura e toque macio.<\/li>\n\n\n\n<li>Sirva em temperatura ambiente para evitar rejei\u00e7\u00e3o sensorial imediata.<\/li>\n\n\n\n<li>Ofere\u00e7a pequenas colheradas para observar a aceita\u00e7\u00e3o do beb\u00ea.<\/li>\n\n\n\n<li>Evite misturar com muitos ingredientes nos primeiros dias de teste.<\/li>\n<\/ul>\n\n\n\n<h2 class=\"wp-block-heading\">Existe algum risco de alergia ao oferecer esse item?<\/h2>\n\n\n\n<p>Embora as rea\u00e7\u00f5es al\u00e9rgicas ao abacate sejam consideradas raras na popula\u00e7\u00e3o infantil, \u00e9 sempre prudente introduzir novos itens individualmente na dieta. Observar o comportamento da pele e a digest\u00e3o ap\u00f3s a ingest\u00e3o permite identificar qualquer sensibilidade espec\u00edfica precocemente. Essa cautela ajuda os pais a constru\u00edrem um card\u00e1pio variado com total seguran\u00e7a e tranquilidade necess\u00e1ria hoje.<\/p>\n\n\n\n<p>Caso a crian\u00e7a apresente qualquer altera\u00e7\u00e3o incomum, a orienta\u00e7\u00e3o m\u00e9dica deve ser buscada imediatamente para avalia\u00e7\u00e3o profissional criteriosa. Manter um di\u00e1rio alimentar durante as primeiras semanas de introdu\u00e7\u00e3o de s\u00f3lidos facilita o diagn\u00f3stico de poss\u00edveis intoler\u00e2ncias. A seguran\u00e7a alimentar \u00e9 a prioridade absoluta quando estamos explorando novos sabores e texturas com os beb\u00eas em crescimento acelerado.<\/p>\n\n\n\n<p>No v\u00eddeo abaixo do TikTok <strong><em>Edilmatinto<\/em><\/strong>, que conta com mais de <strong><em>287 mil <\/em><\/strong>seguidores, ela ensina como oferecer abacate para seu nen\u00e9m:<\/p>\n\n\n\n<blockquote class=\"tiktok-embed\" cite=\"https:\/\/www.tiktok.com\/@edilmatinto\/video\/7345609379850243333\" data-video-id=\"7345609379850243333\" style=\"max-width: 605px;min-width: 325px;\" > <section> <a target=\"_blank\" title=\"@edilmatinto\" href=\"https:\/\/www.tiktok.com\/@edilmatinto?refer=embed\">@edilmatinto<\/a> Como oferecer Abacate para o beb\u00ea de 6 meses !!  \ud83d\udd34 Precisa de AJUDA com a introdu\u00e7\u00e3o alimentar do seu beb\u00ea? Te convido conhecer o Guia passo a passo de como PREPARAR  e OFERTAR a comida do beb\u00ea com video aulas na cozinha, que j\u00e1 ajudou centenas de m\u00e3es!  <a title=\"introducaoalimentar\" target=\"_blank\" href=\"https:\/\/www.tiktok.com\/tag\/introducaoalimentar?refer=embed\">#introducaoalimentar<\/a> <a title=\"introdu\u00e7\u00e3oalimentar\" target=\"_blank\" href=\"https:\/\/www.tiktok.com\/tag\/introdu%C3%A7%C3%A3oalimentar?refer=embed\">#Introdu\u00e7\u00e3oalimentar<\/a> <a title=\"bebe\" target=\"_blank\" href=\"https:\/\/www.tiktok.com\/tag\/bebe?refer=embed\">#bebe<\/a> <a title=\"mae\" target=\"_blank\" href=\"https:\/\/www.tiktok.com\/tag\/mae?refer=embed\">#mae<\/a> <a target=\"_blank\" title=\"\u266c Charleston Twist - Red Prysock\" href=\"https:\/\/www.tiktok.com\/music\/Charleston-Twist-7244316015445772289?refer=embed\">\u266c Charleston Twist &#8211; Red Prysock<\/a> <\/section> <\/blockquote> <script async src=\"https:\/\/www.tiktok.com\/embed.js\"><\/script>\n\n\n\n<p>Leia tamb\u00e9m: <a href=\"https:\/\/www.correiobraziliense.com.br\/cbradar\/os-5-melhores-iogurtes-para-quem-tem-hipertensao-arterial-segundo-nutricionistas\/\" target=\"_blank\" rel=\"noreferrer noopener\">Os 5 melhores iogurtes para quem tem hipertens\u00e3o arterial, segundo nutricionistas<\/a><\/p>\n\n\n\n<h2 class=\"wp-block-heading\">Como o sabor neutro ajuda na aceita\u00e7\u00e3o de vegetais?<\/h2>\n\n\n\n<p>O abacate possui uma neutralidade caracter\u00edstica que facilita a transi\u00e7\u00e3o para outros vegetais verdes e legumes variados no futuro pr\u00f3ximo. Essa aceita\u00e7\u00e3o inicial molda os h\u00e1bitos alimentares e reduz a seletividade alimentar durante a inf\u00e2ncia avan\u00e7ada. <strong>Estimular a curiosidade gastron\u00f4mica<\/strong> logo cedo \u00e9 fundamental para formar um indiv\u00edduo que consome alimentos saud\u00e1veis com prazer e consci\u00eancia corporal.<\/p>\n\n\n\n<p>A versatilidade do fruto permite combina\u00e7\u00f5es futuras com bananas ou ma\u00e7\u00e3s cozidas, ampliando o repert\u00f3rio sensorial da crian\u00e7a de maneira gradual. \u00c9 fundamental seguir as orienta\u00e7\u00f5es de \u00f3rg\u00e3os internacionais sobre a diversifica\u00e7\u00e3o da dieta infantil para prevenir defici\u00eancias nutritivas. Para consultar recomenda\u00e7\u00f5es t\u00e9cnicas sobre a dieta equilibrada nos primeiros anos, acesse o guia da <strong><a target=\"_blank\" rel=\"noreferrer noopener\" href=\"https:\/\/www.who.int\/news-room\/fact-sheets\/detail\/infant-and-young-child-feeding\">Organiza\u00e7\u00e3o Mundial da Sa\u00fade<\/a><\/strong> atualizado.<\/p>\n","protected":false},"excerpt":{"rendered":"<p>Introduzir alimentos s\u00f3lidos \u00e9 um marco emocionante na vida dos pais e do lactante em desenvolvimento. O abacate surge como uma op\u00e7\u00e3o nutritiva e segura, oferecendo gorduras saud\u00e1veis fundamentais para o crescimento cerebral acelerado nessa fase. Compreender os benef\u00edcios dessa fruta vers\u00e1til facilita a transi\u00e7\u00e3o alimentar, garantindo uma experi\u00eancia prazerosa e balanceada hoje. Por que [&hellip;]<\/p>\n","protected":false},"author":21,"featured_media":206862,"comment_status":"open","ping_status":"open","sticky":false,"template":"","format":"standard","meta":{"_yoast_wpseo_focuskw":"abacate para beb\u00ea","_yoast_wpseo_title":"","_yoast_wpseo_metadesc":"Abacate pode ser uma \u00f3tima op\u00e7\u00e3o na introdu\u00e7\u00e3o alimentar do beb\u00ea por sua textura macia e nutrientes importantes para o desenvolvimento","jnews-multi-image_gallery":[],"jnews_single_post":{"format":"standard"},"jnews_primary_category":[],"jnews_social_meta":[],"jnews_override_counter":[],"footnotes":""},"categories":[119],"tags":[1558,281,3007,1318],"class_list":["post-206856","post","type-post","status-publish","format-standard","has-post-thumbnail","hentry","category-bem-estar","tag-abacate","tag-alimentacao","tag-bebe","tag-saude-2"],"yoast_head":"<!-- This site is optimized with the Yoast SEO plugin v24.6 - https:\/\/yoast.com\/wordpress\/plugins\/seo\/ -->\n<title>Por que o abacate pode ser a melhor primeira mordida para o seu beb\u00ea - Correio Braziliense - Radar<\/title>\n<meta name=\"description\" content=\"Abacate pode ser uma \u00f3tima op\u00e7\u00e3o na introdu\u00e7\u00e3o alimentar do beb\u00ea por sua textura macia e nutrientes importantes para o desenvolvimento\" \/>\n<meta name=\"robots\" content=\"index, follow, max-snippet:-1, max-image-preview:large, max-video-preview:-1\" \/>\n<link rel=\"canonical\" href=\"https:\/\/www.correiobraziliense.com.br\/cbradar\/por-que-o-abacate-pode-ser-a-melhor-primeira-mordida-para-o-seu-bebe\/\" \/>\n<meta property=\"og:locale\" content=\"pt_BR\" \/>\n<meta property=\"og:type\" content=\"article\" \/>\n<meta property=\"og:title\" content=\"Por que o abacate pode ser a melhor primeira mordida para o seu beb\u00ea - Correio Braziliense - Radar\" \/>\n<meta property=\"og:description\" content=\"Abacate pode ser uma \u00f3tima op\u00e7\u00e3o na introdu\u00e7\u00e3o alimentar do beb\u00ea por sua textura macia e nutrientes importantes para o desenvolvimento\" \/>\n<meta property=\"og:url\" content=\"https:\/\/www.correiobraziliense.com.br\/cbradar\/por-que-o-abacate-pode-ser-a-melhor-primeira-mordida-para-o-seu-bebe\/\" \/>\n<meta property=\"og:site_name\" content=\"Correio Braziliense - Radar\" \/>\n<meta property=\"article:published_time\" content=\"2026-03-12T18:45:00+00:00\" \/>\n<meta property=\"og:image\" content=\"https:\/\/www.correiobraziliense.com.br\/cbradar\/wp-content\/uploads\/2026\/03\/Gemini_Generated_Image_c1g11oc1g11oc1g1-1-1.png\" \/>\n\t<meta property=\"og:image:width\" content=\"1280\" \/>\n\t<meta property=\"og:image:height\" content=\"720\" \/>\n\t<meta property=\"og:image:type\" content=\"image\/png\" \/>\n<meta name=\"author\" content=\"Patrick Silva\" \/>\n<meta name=\"twitter:card\" content=\"summary_large_image\" \/>\n<meta name=\"twitter:label1\" content=\"Escrito por\" \/>\n\t<meta name=\"twitter:data1\" content=\"Patrick Silva\" \/>\n\t<meta name=\"twitter:label2\" content=\"Est. tempo de leitura\" \/>\n\t<meta name=\"twitter:data2\" content=\"5 minutos\" \/>\n<!-- \/ Yoast SEO plugin. -->","yoast_head_json":{"title":"Por que o abacate pode ser a melhor primeira mordida para o seu beb\u00ea - Correio Braziliense - Radar","description":"Abacate pode ser uma \u00f3tima op\u00e7\u00e3o na introdu\u00e7\u00e3o alimentar do beb\u00ea por sua textura macia e nutrientes importantes para o desenvolvimento","robots":{"index":"index","follow":"follow","max-snippet":"max-snippet:-1","max-image-preview":"max-image-preview:large","max-video-preview":"max-video-preview:-1"},"canonical":"https:\/\/www.correiobraziliense.com.br\/cbradar\/por-que-o-abacate-pode-ser-a-melhor-primeira-mordida-para-o-seu-bebe\/","og_locale":"pt_BR","og_type":"article","og_title":"Por que o abacate pode ser a melhor primeira mordida para o seu beb\u00ea - Correio Braziliense - Radar","og_description":"Abacate pode ser uma \u00f3tima op\u00e7\u00e3o na introdu\u00e7\u00e3o alimentar do beb\u00ea por sua textura macia e nutrientes importantes para o desenvolvimento","og_url":"https:\/\/www.correiobraziliense.com.br\/cbradar\/por-que-o-abacate-pode-ser-a-melhor-primeira-mordida-para-o-seu-bebe\/","og_site_name":"Correio Braziliense - Radar","article_published_time":"2026-03-12T18:45:00+00:00","og_image":[{"width":1280,"height":720,"url":"https:\/\/www.correiobraziliense.com.br\/cbradar\/wp-content\/uploads\/2026\/03\/Gemini_Generated_Image_c1g11oc1g11oc1g1-1-1.png","type":"image\/png"}],"author":"Patrick Silva","twitter_card":"summary_large_image","twitter_misc":{"Escrito por":"Patrick Silva","Est. tempo de leitura":"5 minutos"},"schema":{"@context":"https:\/\/schema.org","@graph":[{"@type":"WebPage","@id":"https:\/\/www.correiobraziliense.com.br\/cbradar\/por-que-o-abacate-pode-ser-a-melhor-primeira-mordida-para-o-seu-bebe\/","url":"https:\/\/www.correiobraziliense.com.br\/cbradar\/por-que-o-abacate-pode-ser-a-melhor-primeira-mordida-para-o-seu-bebe\/","name":"Por que o abacate pode ser a melhor primeira mordida para o seu beb\u00ea - Correio Braziliense - Radar","isPartOf":{"@id":"https:\/\/www.correiobraziliense.com.br\/cbradar\/#website"},"primaryImageOfPage":{"@id":"https:\/\/www.correiobraziliense.com.br\/cbradar\/por-que-o-abacate-pode-ser-a-melhor-primeira-mordida-para-o-seu-bebe\/#primaryimage"},"image":{"@id":"https:\/\/www.correiobraziliense.com.br\/cbradar\/por-que-o-abacate-pode-ser-a-melhor-primeira-mordida-para-o-seu-bebe\/#primaryimage"},"thumbnailUrl":"https:\/\/www.correiobraziliense.com.br\/cbradar\/wp-content\/uploads\/2026\/03\/Gemini_Generated_Image_c1g11oc1g11oc1g1-1-1.png","datePublished":"2026-03-12T18:45:00+00:00","author":{"@id":"https:\/\/www.correiobraziliense.com.br\/cbradar\/#\/schema\/person\/5440b72be9c7eb74f446c846479dc4da"},"description":"Abacate pode ser uma \u00f3tima op\u00e7\u00e3o na introdu\u00e7\u00e3o alimentar do beb\u00ea por sua textura macia e nutrientes importantes para o desenvolvimento","breadcrumb":{"@id":"https:\/\/www.correiobraziliense.com.br\/cbradar\/por-que-o-abacate-pode-ser-a-melhor-primeira-mordida-para-o-seu-bebe\/#breadcrumb"},"inLanguage":"pt-BR","potentialAction":[{"@type":"ReadAction","target":["https:\/\/www.correiobraziliense.com.br\/cbradar\/por-que-o-abacate-pode-ser-a-melhor-primeira-mordida-para-o-seu-bebe\/"]}]},{"@type":"ImageObject","inLanguage":"pt-BR","@id":"https:\/\/www.correiobraziliense.com.br\/cbradar\/por-que-o-abacate-pode-ser-a-melhor-primeira-mordida-para-o-seu-bebe\/#primaryimage","url":"https:\/\/www.correiobraziliense.com.br\/cbradar\/wp-content\/uploads\/2026\/03\/Gemini_Generated_Image_c1g11oc1g11oc1g1-1-1.png","contentUrl":"https:\/\/www.correiobraziliense.com.br\/cbradar\/wp-content\/uploads\/2026\/03\/Gemini_Generated_Image_c1g11oc1g11oc1g1-1-1.png","width":1280,"height":720,"caption":"Abacate oferece gorduras saud\u00e1veis e textura ideal para a introdu\u00e7\u00e3o alimentar do beb\u00ea"},{"@type":"BreadcrumbList","@id":"https:\/\/www.correiobraziliense.com.br\/cbradar\/por-que-o-abacate-pode-ser-a-melhor-primeira-mordida-para-o-seu-bebe\/#breadcrumb","itemListElement":[{"@type":"ListItem","position":1,"name":"In\u00edcio","item":"https:\/\/www.correiobraziliense.com.br\/cbradar\/"},{"@type":"ListItem","position":2,"name":"Por que o abacate pode ser a melhor primeira mordida para o seu beb\u00ea"}]},{"@type":"WebSite","@id":"https:\/\/www.correiobraziliense.com.br\/cbradar\/#website","url":"https:\/\/www.correiobraziliense.com.br\/cbradar\/","name":"Correio Braziliense - Radar","description":"Acompanhe as \u00faltimas not\u00edcias e fique bem informado sobre tudo o que acontece no Brasil e no mundo.","potentialAction":[{"@type":"SearchAction","target":{"@type":"EntryPoint","urlTemplate":"https:\/\/www.correiobraziliense.com.br\/cbradar\/?s={search_term_string}"},"query-input":{"@type":"PropertyValueSpecification","valueRequired":true,"valueName":"search_term_string"}}],"inLanguage":"pt-BR"},{"@type":"Person","@id":"https:\/\/www.correiobraziliense.com.br\/cbradar\/#\/schema\/person\/5440b72be9c7eb74f446c846479dc4da","name":"Patrick Silva","image":{"@type":"ImageObject","inLanguage":"pt-BR","@id":"https:\/\/www.correiobraziliense.com.br\/cbradar\/#\/schema\/person\/image\/","url":"https:\/\/secure.gravatar.com\/avatar\/944109df296fc087785c9715fd5f80b2?s=96&d=mm&r=g","contentUrl":"https:\/\/secure.gravatar.com\/avatar\/944109df296fc087785c9715fd5f80b2?s=96&d=mm&r=g","caption":"Patrick Silva"},"sameAs":["https:\/\/www.correiobraziliense.com.br\/cbradar\/"],"url":"https:\/\/www.correiobraziliense.com.br\/cbradar\/author\/patrick-silva\/"}]}},"_links":{"self":[{"href":"https:\/\/www.correiobraziliense.com.br\/cbradar\/wp-json\/wp\/v2\/posts\/206856","targetHints":{"allow":["GET"]}}],"collection":[{"href":"https:\/\/www.correiobraziliense.com.br\/cbradar\/wp-json\/wp\/v2\/posts"}],"about":[{"href":"https:\/\/www.correiobraziliense.com.br\/cbradar\/wp-json\/wp\/v2\/types\/post"}],"author":[{"embeddable":true,"href":"https:\/\/www.correiobraziliense.com.br\/cbradar\/wp-json\/wp\/v2\/users\/21"}],"replies":[{"embeddable":true,"href":"https:\/\/www.correiobraziliense.com.br\/cbradar\/wp-json\/wp\/v2\/comments?post=206856"}],"version-history":[{"count":1,"href":"https:\/\/www.correiobraziliense.com.br\/cbradar\/wp-json\/wp\/v2\/posts\/206856\/revisions"}],"predecessor-version":[{"id":206874,"href":"https:\/\/www.correiobraziliense.com.br\/cbradar\/wp-json\/wp\/v2\/posts\/206856\/revisions\/206874"}],"wp:featuredmedia":[{"embeddable":true,"href":"https:\/\/www.correiobraziliense.com.br\/cbradar\/wp-json\/wp\/v2\/media\/206862"}],"wp:attachment":[{"href":"https:\/\/www.correiobraziliense.com.br\/cbradar\/wp-json\/wp\/v2\/media?parent=206856"}],"wp:term":[{"taxonomy":"category","embeddable":true,"href":"https:\/\/www.correiobraziliense.com.br\/cbradar\/wp-json\/wp\/v2\/categories?post=206856"},{"taxonomy":"post_tag","embeddable":true,"href":"https:\/\/www.correiobraziliense.com.br\/cbradar\/wp-json\/wp\/v2\/tags?post=206856"}],"curies":[{"name":"wp","href":"https:\/\/api.w.org\/{rel}","templated":true}]}}