{"id":206869,"date":"2026-03-12T15:55:00","date_gmt":"2026-03-12T18:55:00","guid":{"rendered":"https:\/\/www.correiobraziliense.com.br\/cbradar\/?p=206869"},"modified":"2026-03-11T11:34:20","modified_gmt":"2026-03-11T14:34:20","slug":"parar-remedio-psiquiatrico-de-repente-pode-causar-efeitos-que-muita-gente-subestima","status":"publish","type":"post","link":"https:\/\/www.correiobraziliense.com.br\/cbradar\/parar-remedio-psiquiatrico-de-repente-pode-causar-efeitos-que-muita-gente-subestima\/","title":{"rendered":"Parar rem\u00e9dio psiqui\u00e1trico de repente pode causar efeitos que muita gente subestima"},"content":{"rendered":"\n<p>Uma das \u00e1reas mais desafiadoras da medicina psiqui\u00e1trica \u00e9 a retirada segura de medicamentos. Interromper de forma abrupta o uso de antidepressivos, ansiol\u00edticos ou estabilizadores de humor sem supervis\u00e3o m\u00e9dica pode resultar em sintomas adversos significativos, como instabilidade emocional, sintomas f\u00edsicos desconfort\u00e1veis e at\u00e9 reca\u00edda do quadro original. Por isso, este artigo explora de forma objetiva a import\u00e2ncia de um desmame planejado, as complexidades do processo e o papel central da orienta\u00e7\u00e3o especializada.<\/p>\n\n\n\n<h2 class=\"wp-block-heading\">Quais s\u00e3o os efeitos da interrup\u00e7\u00e3o abrupta de psicotr\u00f3picos no c\u00e9rebro?<\/h2>\n\n\n\n<p>O uso cont\u00ednuo de medicamentos psicotr\u00f3picos leva o sistema nervoso central a ajustar a libera\u00e7\u00e3o de neurotransmissores, criando um novo equil\u00edbrio com o f\u00e1rmaco. Quando a medica\u00e7\u00e3o \u00e9 interrompida sem um plano de redu\u00e7\u00e3o gradual, o c\u00e9rebro entra em instabilidade, resultando em sintomas f\u00edsicos e emocionais que podem ser intensos e confusos para o paciente.<\/p>\n\n\n\n<p>A retirada brusca de antidepressivos, por exemplo, pode causar tonturas, irritabilidade, sensa\u00e7\u00f5es de choque el\u00e9trico, altera\u00e7\u00f5es do sono e um retorno acentuado de sintomas como ansiedade e tristeza profunda. Al\u00e9m disso, h\u00e1 um risco consider\u00e1vel de reca\u00eddas que podem surgir semanas ap\u00f3s o fim do uso, o que refor\u00e7a a necessidade de uma redu\u00e7\u00e3o lenta e monitorada pelo m\u00e9dico.<\/p>\n\n\n\n<iframe loading=\"lazy\" width=\"1396\" height=\"785\" src=\"https:\/\/www.youtube.com\/embed\/dPYGY2CfCgE\" title=\"SINTOMAS DE RETIRADA DE ANTIDEPRESSIVO | Dicas de como ajudar seu c\u00e9rebro | Dra. Anna Luyza Aguiar\" frameborder=\"0\" allow=\"accelerometer; autoplay; clipboard-write; encrypted-media; gyroscope; picture-in-picture; web-share\" referrerpolicy=\"strict-origin-when-cross-origin\" allowfullscreen><\/iframe>\n\n\n\n<h2 class=\"wp-block-heading\">Por que os benzodiazep\u00ednicos exigem aten\u00e7\u00e3o redobrada na retirada?<\/h2>\n\n\n\n<p>Dentre os medicamentos psiqui\u00e1tricos, os benzodiazep\u00ednicos requerem cuidados especiais, pois atuam diretamente no sistema GABA\u00e9rgico, respons\u00e1vel por regular a inibi\u00e7\u00e3o no c\u00e9rebro. Quando s\u00e3o suspensos de forma abrupta, o organismo, j\u00e1 adaptado \u00e0 presen\u00e7a constante do rem\u00e9dio, pode reagir com uma forte hiperexcitabilidade do sistema nervoso central.<\/p>\n\n\n\n<p>Nessas condi\u00e7\u00f5es, surgem sintomas como ansiedade intensa, ins\u00f4nia grave, crises de p\u00e2nico, agita\u00e7\u00e3o psicomotora e, em quadros mais graves, convuls\u00f5es, geralmente dentro de 24 a 48 horas ap\u00f3s a interrup\u00e7\u00e3o. Por isso, o desmame deve ser cuidadosamente planejado, com redu\u00e7\u00f5es graduais de dose, poss\u00edveis trocas de formula\u00e7\u00e3o e acompanhamento pr\u00f3ximo do psiquiatra ao longo de todo o processo.<\/p>\n\n\n<div class=\"wp-block-image\">\n<figure class=\"aligncenter size-large\"><img decoding=\"async\" width=\"1024\" height=\"576\" src=\"https:\/\/www.correiobraziliense.com.br\/cbradar\/wp-content\/uploads\/2025\/07\/Antidepressivos-_1753990301787-1024x576.jpg\" alt=\"\" class=\"wp-image-78534\" srcset=\"https:\/\/www.correiobraziliense.com.br\/cbradar\/wp-content\/uploads\/2025\/07\/Antidepressivos-_1753990301787-1024x576.jpg 1024w, https:\/\/www.correiobraziliense.com.br\/cbradar\/wp-content\/uploads\/2025\/07\/Antidepressivos-_1753990301787-300x169.jpg 300w, https:\/\/www.correiobraziliense.com.br\/cbradar\/wp-content\/uploads\/2025\/07\/Antidepressivos-_1753990301787-768x432.jpg 768w, https:\/\/www.correiobraziliense.com.br\/cbradar\/wp-content\/uploads\/2025\/07\/Antidepressivos-_1753990301787-750x422.jpg 750w, https:\/\/www.correiobraziliense.com.br\/cbradar\/wp-content\/uploads\/2025\/07\/Antidepressivos-_1753990301787-1140x641.jpg 1140w, https:\/\/www.correiobraziliense.com.br\/cbradar\/wp-content\/uploads\/2025\/07\/Antidepressivos-_1753990301787.jpg 1280w\" sizes=\"(max-width: 1024px) 100vw, 1024px\" \/><figcaption class=\"wp-element-caption\">Antidepressivos &#8211; Cr\u00e9ditos: depositphotos.com \/ djedzura<\/figcaption><\/figure><\/div>\n\n\n<h2 class=\"wp-block-heading\">Quando \u00e9 poss\u00edvel considerar a retirada de medicamentos psiqui\u00e1tricos?<\/h2>\n\n\n\n<p>O planejamento do desmame precisa ser minucioso e individualizado, levando em conta diagn\u00f3stico, tempo de tratamento, resposta cl\u00ednica e condi\u00e7\u00f5es atuais de vida. Situa\u00e7\u00f5es de grande estresse, mudan\u00e7as importantes ou crises recentes costumam ser momentos desfavor\u00e1veis para iniciar a redu\u00e7\u00e3o, pois aumentam o risco de reca\u00edda ou piora do quadro.<\/p>\n\n\n\n<p>Segundo especialistas como a psiquiatra Monique Scalco, n\u00e3o existe um protocolo \u00fanico para todos os pacientes, sendo essencial avaliar caso a caso. Em geral, considera-se a retirada quando h\u00e1 um per\u00edodo adequado de estabiliza\u00e7\u00e3o, boa ades\u00e3o ao tratamento, suporte psicoter\u00e1pico e rede de apoio ativa, permitindo uma transi\u00e7\u00e3o mais segura e gradual.<\/p>\n\n\n\n<h2 class=\"wp-block-heading\">Qual \u00e9 a import\u00e2ncia de seguir o desmame de forma segura e com orienta\u00e7\u00e3o m\u00e9dica?<\/h2>\n\n\n\n<p>As especialistas ressaltam que, embora o desmame possa ser desconfort\u00e1vel, a maioria dos medicamentos psiqui\u00e1tricos modernos n\u00e3o causa depend\u00eancia qu\u00edmica nos moldes de drogas de abuso. Os sintomas negativos sentidos ap\u00f3s a suspens\u00e3o abrupta decorrem principalmente de s\u00edndrome de retirada ou de interrup\u00e7\u00e3o precoce do tratamento, e n\u00e3o de um processo cl\u00e1ssico de depend\u00eancia.<\/p>\n\n\n\n<p>Para reduzir riscos, o desmame seguro deve ser planejado em colabora\u00e7\u00e3o com o m\u00e9dico, que definir\u00e1 o ritmo das redu\u00e7\u00f5es, o monitoramento dos sintomas e as estrat\u00e9gias de suporte. Em geral, o psiquiatra avalia pontos como:<\/p>\n\n\n\n<ul class=\"wp-block-list\">\n<li>Tempo de uso, dose atual e hist\u00f3rico de tentativas pr\u00e9vias de retirada.<\/li>\n\n\n\n<li>Estabilidade do quadro cl\u00ednico, presen\u00e7a de comorbidades e fatores estressantes recentes.<\/li>\n\n\n\n<li>Disponibilidade de psicoterapia, suporte familiar e acompanhamento regular.<\/li>\n\n\n\n<li>Necessidade de ajustes mais lentos, pausas no desmame ou mudan\u00e7as de medica\u00e7\u00e3o.<\/li>\n<\/ul>\n\n\n<a href=\"https:\/\/www.instagram.com\/dra.annaluisabf\/\" target=\"_blank\" rel=\"noopener\" style=\"text-decoration: none; color: inherit;\">\n    <span style=\"display: inline-block; border: 1px solid #ccc; border-radius: 10px; padding: 15px; max-width: 550px; font-family: sans-serif; box-shadow: 0 2px 5px rgba(0,0,0,0.1); width: 100%;\">\n\n      <!-- T\u00edtulo -->\n      <span style=\"display: block; margin: 0 0 15px 0; font-weight: bold; color: #2c3e50; text-align: center;\">\n        Entre em contato:\n      <\/span>\n\n      <!-- Linha do perfil -->\n      <span style=\"display: flex; align-items: center; gap: 15px;\">\n        <img decoding=\"async\"\n          src=\"https:\/\/www.correiobraziliense.com.br\/cbradar\/wp-content\/uploads\/2025\/08\/dra_anna_luisa.jpeg\"\n          alt=\"Foto da Dra. Anna Lu\u00edsa\"\n          style=\"border-radius: 50%; width: 80px; height: 80px; object-fit: cover;\"\n        \/>\n        <span style=\"display: flex; flex-direction: column;\">\n          <span style=\"font-size: 18px; font-weight: 700; color: #2c3e50;\">Dra. Anna Lu\u00edsa Barbosa Fernandes<\/span>\n          <span style=\"color: #555;\">CRM-GO 33.271<\/span>\n        <\/span>\n      <\/span>\n\n      <!-- Redes -->\n      <span style=\"display: flex; align-items: center; gap: 10px; margin-top: 12px;\">\n        <img decoding=\"async\" src=\"https:\/\/cdn-icons-png.flaticon.com\/24\/1384\/1384063.png\" alt=\"Instagram\" width=\"24\" height=\"24\" \/>\n        <span style=\"text-decoration: underline; color: #2c3e50;\">@dra.annaluisabf<\/span>\n      <\/span>\n\n    <\/span>\n  <\/a>","protected":false},"excerpt":{"rendered":"<p>Uma das \u00e1reas mais desafiadoras da medicina psiqui\u00e1trica \u00e9 a retirada segura de medicamentos. Interromper de forma abrupta o uso de antidepressivos, ansiol\u00edticos ou estabilizadores de humor sem supervis\u00e3o m\u00e9dica pode resultar em sintomas adversos significativos, como instabilidade emocional, sintomas f\u00edsicos desconfort\u00e1veis e at\u00e9 reca\u00edda do quadro original. Por isso, este artigo explora de forma [&hellip;]<\/p>\n","protected":false},"author":14,"featured_media":76855,"comment_status":"open","ping_status":"open","sticky":false,"template":"","format":"standard","meta":{"_yoast_wpseo_focuskw":"Parar rem\u00e9dio psiqui\u00e1trico","_yoast_wpseo_title":"","_yoast_wpseo_metadesc":"Interromper a medica\u00e7\u00e3o psiqui\u00e1trica sem orienta\u00e7\u00e3o pode causar sintomas intensos e reca\u00eddas. Entenda por que o desmame exige cuidado.","jnews-multi-image_gallery":[],"jnews_single_post":{"format":"standard"},"jnews_primary_category":[],"jnews_social_meta":[],"jnews_override_counter":[],"footnotes":""},"categories":[4404],"post_tag":[120,247,1318],"class_list":["post-206869","post","type-post","status-publish","format-standard","has-post-thumbnail","hentry","category-saude","tag-bem-estar","tag-qualidade-de-vida","tag-saude-2"],"yoast_head":"<!-- This site is optimized with the Yoast SEO plugin v24.6 - https:\/\/yoast.com\/wordpress\/plugins\/seo\/ -->\n<title>Parar rem\u00e9dio psiqui\u00e1trico de repente pode causar efeitos que muita gente subestima - Correio Braziliense - Radar<\/title>\n<meta name=\"description\" content=\"Interromper a medica\u00e7\u00e3o psiqui\u00e1trica sem orienta\u00e7\u00e3o pode causar sintomas intensos e reca\u00eddas. Entenda por que o desmame exige cuidado.\" \/>\n<meta name=\"robots\" content=\"index, follow, max-snippet:-1, max-image-preview:large, max-video-preview:-1\" \/>\n<link rel=\"canonical\" href=\"https:\/\/www.correiobraziliense.com.br\/cbradar\/parar-remedio-psiquiatrico-de-repente-pode-causar-efeitos-que-muita-gente-subestima\/\" \/>\n<meta property=\"og:locale\" content=\"pt_BR\" \/>\n<meta property=\"og:type\" content=\"article\" \/>\n<meta property=\"og:title\" content=\"Parar rem\u00e9dio psiqui\u00e1trico de repente pode causar efeitos que muita gente subestima - Correio Braziliense - Radar\" \/>\n<meta property=\"og:description\" content=\"Interromper a medica\u00e7\u00e3o psiqui\u00e1trica sem orienta\u00e7\u00e3o pode causar sintomas intensos e reca\u00eddas. Entenda por que o desmame exige cuidado.\" \/>\n<meta property=\"og:url\" content=\"https:\/\/www.correiobraziliense.com.br\/cbradar\/parar-remedio-psiquiatrico-de-repente-pode-causar-efeitos-que-muita-gente-subestima\/\" \/>\n<meta property=\"og:site_name\" content=\"Correio Braziliense - Radar\" \/>\n<meta property=\"article:published_time\" content=\"2026-03-12T18:55:00+00:00\" \/>\n<meta property=\"og:image\" content=\"https:\/\/www.correiobraziliense.com.br\/cbradar\/wp-content\/uploads\/2025\/07\/antidepressivo_1753720195803.jpg\" \/>\n\t<meta property=\"og:image:width\" content=\"1279\" \/>\n\t<meta property=\"og:image:height\" content=\"720\" \/>\n\t<meta property=\"og:image:type\" content=\"image\/jpeg\" \/>\n<meta name=\"author\" content=\"guilherme_saude\" \/>\n<meta name=\"twitter:card\" content=\"summary_large_image\" \/>\n<meta name=\"twitter:label1\" content=\"Escrito por\" \/>\n\t<meta name=\"twitter:data1\" content=\"guilherme_saude\" \/>\n\t<meta name=\"twitter:label2\" content=\"Est. tempo de leitura\" \/>\n\t<meta name=\"twitter:data2\" content=\"5 minutos\" \/>\n<!-- \/ Yoast SEO plugin. -->","yoast_head_json":{"title":"Parar rem\u00e9dio psiqui\u00e1trico de repente pode causar efeitos que muita gente subestima - Correio Braziliense - Radar","description":"Interromper a medica\u00e7\u00e3o psiqui\u00e1trica sem orienta\u00e7\u00e3o pode causar sintomas intensos e reca\u00eddas. Entenda por que o desmame exige cuidado.","robots":{"index":"index","follow":"follow","max-snippet":"max-snippet:-1","max-image-preview":"max-image-preview:large","max-video-preview":"max-video-preview:-1"},"canonical":"https:\/\/www.correiobraziliense.com.br\/cbradar\/parar-remedio-psiquiatrico-de-repente-pode-causar-efeitos-que-muita-gente-subestima\/","og_locale":"pt_BR","og_type":"article","og_title":"Parar rem\u00e9dio psiqui\u00e1trico de repente pode causar efeitos que muita gente subestima - Correio Braziliense - Radar","og_description":"Interromper a medica\u00e7\u00e3o psiqui\u00e1trica sem orienta\u00e7\u00e3o pode causar sintomas intensos e reca\u00eddas. Entenda por que o desmame exige cuidado.","og_url":"https:\/\/www.correiobraziliense.com.br\/cbradar\/parar-remedio-psiquiatrico-de-repente-pode-causar-efeitos-que-muita-gente-subestima\/","og_site_name":"Correio Braziliense - Radar","article_published_time":"2026-03-12T18:55:00+00:00","og_image":[{"width":1279,"height":720,"url":"https:\/\/www.correiobraziliense.com.br\/cbradar\/wp-content\/uploads\/2025\/07\/antidepressivo_1753720195803.jpg","type":"image\/jpeg"}],"author":"guilherme_saude","twitter_card":"summary_large_image","twitter_misc":{"Escrito por":"guilherme_saude","Est. tempo de leitura":"5 minutos"},"schema":{"@context":"https:\/\/schema.org","@graph":[{"@type":"WebPage","@id":"https:\/\/www.correiobraziliense.com.br\/cbradar\/parar-remedio-psiquiatrico-de-repente-pode-causar-efeitos-que-muita-gente-subestima\/","url":"https:\/\/www.correiobraziliense.com.br\/cbradar\/parar-remedio-psiquiatrico-de-repente-pode-causar-efeitos-que-muita-gente-subestima\/","name":"Parar rem\u00e9dio psiqui\u00e1trico de repente pode causar efeitos que muita gente subestima - Correio Braziliense - Radar","isPartOf":{"@id":"https:\/\/www.correiobraziliense.com.br\/cbradar\/#website"},"primaryImageOfPage":{"@id":"https:\/\/www.correiobraziliense.com.br\/cbradar\/parar-remedio-psiquiatrico-de-repente-pode-causar-efeitos-que-muita-gente-subestima\/#primaryimage"},"image":{"@id":"https:\/\/www.correiobraziliense.com.br\/cbradar\/parar-remedio-psiquiatrico-de-repente-pode-causar-efeitos-que-muita-gente-subestima\/#primaryimage"},"thumbnailUrl":"https:\/\/www.correiobraziliense.com.br\/cbradar\/wp-content\/uploads\/2025\/07\/antidepressivo_1753720195803.jpg","datePublished":"2026-03-12T18:55:00+00:00","author":{"@id":"https:\/\/www.correiobraziliense.com.br\/cbradar\/#\/schema\/person\/5aa4bf3c8fa699c267933611de12978b"},"description":"Interromper a medica\u00e7\u00e3o psiqui\u00e1trica sem orienta\u00e7\u00e3o pode causar sintomas intensos e reca\u00eddas. Entenda por que o desmame exige cuidado.","breadcrumb":{"@id":"https:\/\/www.correiobraziliense.com.br\/cbradar\/parar-remedio-psiquiatrico-de-repente-pode-causar-efeitos-que-muita-gente-subestima\/#breadcrumb"},"inLanguage":"pt-BR","potentialAction":[{"@type":"ReadAction","target":["https:\/\/www.correiobraziliense.com.br\/cbradar\/parar-remedio-psiquiatrico-de-repente-pode-causar-efeitos-que-muita-gente-subestima\/"]}]},{"@type":"ImageObject","inLanguage":"pt-BR","@id":"https:\/\/www.correiobraziliense.com.br\/cbradar\/parar-remedio-psiquiatrico-de-repente-pode-causar-efeitos-que-muita-gente-subestima\/#primaryimage","url":"https:\/\/www.correiobraziliense.com.br\/cbradar\/wp-content\/uploads\/2025\/07\/antidepressivo_1753720195803.jpg","contentUrl":"https:\/\/www.correiobraziliense.com.br\/cbradar\/wp-content\/uploads\/2025\/07\/antidepressivo_1753720195803.jpg","width":1279,"height":720,"caption":"Antidepressivo - Cr\u00e9ditos: depositphotos.com \/ Milkos"},{"@type":"BreadcrumbList","@id":"https:\/\/www.correiobraziliense.com.br\/cbradar\/parar-remedio-psiquiatrico-de-repente-pode-causar-efeitos-que-muita-gente-subestima\/#breadcrumb","itemListElement":[{"@type":"ListItem","position":1,"name":"In\u00edcio","item":"https:\/\/www.correiobraziliense.com.br\/cbradar\/"},{"@type":"ListItem","position":2,"name":"Parar rem\u00e9dio psiqui\u00e1trico de repente pode causar efeitos que muita gente subestima"}]},{"@type":"WebSite","@id":"https:\/\/www.correiobraziliense.com.br\/cbradar\/#website","url":"https:\/\/www.correiobraziliense.com.br\/cbradar\/","name":"Correio Braziliense - Radar","description":"Acompanhe as \u00faltimas not\u00edcias e fique bem informado sobre tudo o que acontece no Brasil e no mundo.","potentialAction":[{"@type":"SearchAction","target":{"@type":"EntryPoint","urlTemplate":"https:\/\/www.correiobraziliense.com.br\/cbradar\/?s={search_term_string}"},"query-input":{"@type":"PropertyValueSpecification","valueRequired":true,"valueName":"search_term_string"}}],"inLanguage":"pt-BR"},{"@type":"Person","@id":"https:\/\/www.correiobraziliense.com.br\/cbradar\/#\/schema\/person\/5aa4bf3c8fa699c267933611de12978b","name":"guilherme_saude","image":{"@type":"ImageObject","inLanguage":"pt-BR","@id":"https:\/\/www.correiobraziliense.com.br\/cbradar\/#\/schema\/person\/image\/","url":"https:\/\/secure.gravatar.com\/avatar\/df9adfb835d344bc0af109d41756253f?s=96&d=mm&r=g","contentUrl":"https:\/\/secure.gravatar.com\/avatar\/df9adfb835d344bc0af109d41756253f?s=96&d=mm&r=g","caption":"guilherme_saude"},"url":"https:\/\/www.correiobraziliense.com.br\/cbradar\/author\/guilherme_saude\/"}]}},"_links":{"self":[{"href":"https:\/\/www.correiobraziliense.com.br\/cbradar\/wp-json\/wp\/v2\/posts\/206869","targetHints":{"allow":["GET"]}}],"collection":[{"href":"https:\/\/www.correiobraziliense.com.br\/cbradar\/wp-json\/wp\/v2\/posts"}],"about":[{"href":"https:\/\/www.correiobraziliense.com.br\/cbradar\/wp-json\/wp\/v2\/types\/post"}],"author":[{"embeddable":true,"href":"https:\/\/www.correiobraziliense.com.br\/cbradar\/wp-json\/wp\/v2\/users\/14"}],"replies":[{"embeddable":true,"href":"https:\/\/www.correiobraziliense.com.br\/cbradar\/wp-json\/wp\/v2\/comments?post=206869"}],"version-history":[{"count":1,"href":"https:\/\/www.correiobraziliense.com.br\/cbradar\/wp-json\/wp\/v2\/posts\/206869\/revisions"}],"predecessor-version":[{"id":206871,"href":"https:\/\/www.correiobraziliense.com.br\/cbradar\/wp-json\/wp\/v2\/posts\/206869\/revisions\/206871"}],"wp:featuredmedia":[{"embeddable":true,"href":"https:\/\/www.correiobraziliense.com.br\/cbradar\/wp-json\/wp\/v2\/media\/76855"}],"wp:attachment":[{"href":"https:\/\/www.correiobraziliense.com.br\/cbradar\/wp-json\/wp\/v2\/media?parent=206869"}],"wp:term":[{"taxonomy":"category","embeddable":true,"href":"https:\/\/www.correiobraziliense.com.br\/cbradar\/wp-json\/wp\/v2\/categories?post=206869"},{"taxonomy":"post_tag","embeddable":true,"href":"https:\/\/www.correiobraziliense.com.br\/cbradar\/wp-json\/wp\/v2\/post_tag?post=206869"}],"curies":[{"name":"wp","href":"https:\/\/api.w.org\/{rel}","templated":true}]}}