{"id":206873,"date":"2026-03-12T17:15:00","date_gmt":"2026-03-12T20:15:00","guid":{"rendered":"https:\/\/www.correiobraziliense.com.br\/cbradar\/?p=206873"},"modified":"2026-03-11T11:37:28","modified_gmt":"2026-03-11T14:37:28","slug":"aneurisma-cerebral-e-os-fatores-de-risco-que-muita-gente-ignora-ate-ser-tarde","status":"publish","type":"post","link":"https:\/\/www.correiobraziliense.com.br\/cbradar\/aneurisma-cerebral-e-os-fatores-de-risco-que-muita-gente-ignora-ate-ser-tarde\/","title":{"rendered":"Aneurisma cerebral e os fatores de risco que muita gente ignora at\u00e9 ser tarde"},"content":{"rendered":"\n<p>O <strong>aneurisma cerebral <\/strong>\u00e9 uma dilata\u00e7\u00e3o na parede das art\u00e9rias cerebrais, geralmente em pontos de bifurca\u00e7\u00e3o, onde pequenas \u00e1reas fr\u00e1geis se expandem e formam um \u201cbal\u00e3o\u201d chamado aneurisma sacular. Essa altera\u00e7\u00e3o costuma ser silenciosa at\u00e9 a ruptura, que pode causar AVC hemorr\u00e1gico, dor de cabe\u00e7a s\u00fabita e intensa, rigidez de nuca e perda de consci\u00eancia, exigindo atendimento m\u00e9dico imediato.<\/p>\n\n\n\n<h2 class=\"wp-block-heading\">Quais s\u00e3o os principais fatores de risco para aneurisma cerebral?<\/h2>\n\n\n\n<p>Entre os fatores de risco mais importantes para aneurisma cerebral est\u00e3o a hipertens\u00e3o arterial n\u00e3o controlada e o tabagismo, que aumentam a press\u00e3o e a agress\u00e3o sobre a parede das art\u00e9rias. Fatores gen\u00e9ticos tamb\u00e9m t\u00eam papel relevante, especialmente quando h\u00e1 hist\u00f3rico familiar de aneurisma ou de doen\u00e7as vasculares.<\/p>\n\n\n\n<p>Pessoas em grupo de risco devem monitorar a sa\u00fade vascular com exames peri\u00f3dicos e acompanhamento m\u00e9dico, dando aten\u00e7\u00e3o a outros h\u00e1bitos que prejudicam as art\u00e9rias, como sedentarismo e alimenta\u00e7\u00e3o rica em sal e gorduras. A ado\u00e7\u00e3o de estilo de vida saud\u00e1vel contribui para reduzir a chance de forma\u00e7\u00e3o e ruptura do aneurisma.<\/p>\n\n\n\n<p>Para compreender melhor os sintomas de retirada de antidepressivos, assista ao v\u00eddeo a seguir, no qual o <strong>Dr. Marcelo Almeida <\/strong>explica o assunto de forma clara e did\u00e1tica no canal respons\u00e1vel pelo conte\u00fado.<\/p>\n\n\n\n<iframe loading=\"lazy\" width=\"1396\" height=\"785\" src=\"https:\/\/www.youtube.com\/embed\/yTRNFOW_1KA\" title=\"Fatores de Risco do Aneurisma Cerebral\" frameborder=\"0\" allow=\"accelerometer; autoplay; clipboard-write; encrypted-media; gyroscope; picture-in-picture; web-share\" referrerpolicy=\"strict-origin-when-cross-origin\" allowfullscreen><\/iframe>\n\n\n\n<h2 class=\"wp-block-heading\">Como prevenir o aneurisma cerebral no dia a dia?<\/h2>\n\n\n\n<p>A preven\u00e7\u00e3o do aneurisma cerebral baseia-se na identifica\u00e7\u00e3o precoce e no controle rigoroso dos fatores de risco, com destaque para a hipertens\u00e3o e o tabagismo. O uso correto de medicamentos, aliado a mudan\u00e7as sustent\u00e1veis no estilo de vida, ajuda a proteger a parede dos vasos e diminui a probabilidade de complica\u00e7\u00f5es.<\/p>\n\n\n\n<p>Algumas pr\u00e1ticas de sa\u00fade preventiva podem ser incorporadas \u00e0 rotina para fortalecer o sistema cardiovascular e reduzir a carga sobre as art\u00e9rias cerebrais:<\/p>\n\n\n\n<style>\n  .make-wrap{\n    max-width: 760px;\n    margin: 26px auto;\n    padding: 18px;\n    border-radius: 18px;\n    background: linear-gradient(135deg,#fff7fb 0%,#f6f2ff 100%);\n    border: 1px solid #f7d4ea;\n    box-shadow: 0 8px 20px rgba(236,72,153,.12);\n    font-family: system-ui, -apple-system, Segoe UI, Roboto, Helvetica, Arial, sans-serif;\n  }\n\n  .make-title{\n    display:flex; \n    align-items:center; \n    gap:10px;\n    margin:0 0 12px 4px;\n    font-size:1.2rem; \n    font-weight:900; \n    color:#9d174d;\n  }\n\n  .make-table{\n    width:100%;\n    border-collapse:separate;\n    border-spacing:0;\n    overflow:hidden;\n    border-radius:16px;\n    border:1px solid #f7d4ea;\n    background:#fff;\n    font-size:.92rem;\n  }\n\n  .make-table thead th{\n    background:linear-gradient(90deg,#fde7f3 0%,#f8e9ff 100%);\n    padding:12px;\n    color:#7a1e63;\n    font-weight:800;\n    text-align:left;\n    border-bottom:1px solid #f7d4ea;\n  }\n\n  .make-table tbody td{\n    padding:12px;\n    color:#374151;\n    vertical-align:top;\n    border-bottom:1px dashed #f7d4ea;\n  }\n\n  .make-table tbody tr:nth-child(odd){\n    background:#fffaff;\n  }\n\n  .price{\n    display:inline-flex;\n    align-items:center;\n    background:#fff7ed;\n    color:#b45309;\n    padding:6px 10px;\n    border-radius:10px;\n    border:1px solid #fed7aa;\n    font-weight:700;\n    white-space:nowrap;\n  }\n\n  .badge{\n    display:inline-block;\n    background:#fde7f3;\n    color:#c026d3;\n    border:1px solid #fecdd3;\n    padding:4px 10px;\n    border-radius:999px;\n    font-weight:700;\n    font-size:.78rem;\n  }\n\n  @media (max-width:720px){\n    .make-table thead{display:none}\n    .make-table, .make-table tbody, .make-table tr, .make-table td{\n      display:block; \n      width:100%;\n    }\n    .make-table tr{\n      margin-bottom:12px;\n      border:1px solid #f7d4ea;\n      border-radius:14px;\n      overflow:hidden;\n      background:#fff;\n    }\n    .make-table td[data-label]:before{\n      content:attr(data-label);\n      display:block;\n      font-weight:800;\n      color:#7a1e63;\n      margin-bottom:4px;\n    }\n    .make-table tbody td:last-child{border-bottom:none}\n  }\n<\/style>\n\n<div class=\"make-wrap\">\n  <h3 class=\"make-title\">\u2764\ufe0f\u2728 H\u00e1bitos para proteger a sa\u00fade cardiovascular<\/h3>\n\n  <table class=\"make-table\">\n    <thead>\n      <tr>\n        <th>Medida<\/th>\n        <th>Descri\u00e7\u00e3o<\/th>\n      <\/tr>\n    <\/thead>\n    <tbody>\n      <tr>\n        <td data-label=\"Medida\">Monitoramento regular<\/td>\n        <td data-label=\"Descri\u00e7\u00e3o\">Realizar consultas e exames peri\u00f3dicos para acompanhar press\u00e3o arterial, colesterol e glicemia.<\/td>\n      <\/tr>\n      <tr>\n        <td data-label=\"Medida\">Estilo de vida saud\u00e1vel<\/td>\n        <td data-label=\"Descri\u00e7\u00e3o\">Manter dieta rica em frutas, vegetais, gr\u00e3os integrais e baixo teor de sal e gorduras saturadas.<\/td>\n      <\/tr>\n      <tr>\n        <td data-label=\"Medida\">Exerc\u00edcios f\u00edsicos<\/td>\n        <td data-label=\"Descri\u00e7\u00e3o\">Praticar atividades f\u00edsicas de forma regular, conforme orienta\u00e7\u00e3o profissional, para melhorar a sa\u00fade cardiovascular.<\/td>\n      <\/tr>\n      <tr>\n        <td data-label=\"Medida\">Evitar subst\u00e2ncias nocivas<\/td>\n        <td data-label=\"Descri\u00e7\u00e3o\">Abandonar o cigarro, evitar drogas il\u00edcitas (como coca\u00edna) e moderar o consumo de \u00e1lcool.<\/td>\n      <\/tr>\n    <\/tbody>\n  <\/table>\n\n  <p style=\"margin-top:14px; color:#6b7280; font-size:.9rem;\">\n    \ud83d\udca1 <strong>Dica:<\/strong> Pequenas mudan\u00e7as no estilo de vida podem ter grande impacto na preven\u00e7\u00e3o de doen\u00e7as cardiovasculares.\n  <\/p>\n<\/div>\n\n\n\n\n<h2 class=\"wp-block-heading\">Como proceder diante de um diagn\u00f3stico de aneurisma cerebral?<\/h2>\n\n\n\n<p>O diagn\u00f3stico precoce de aneurisma cerebral, muitas vezes feito por exames de imagem como angiotomografia ou angiorresson\u00e2ncia, \u00e9 fundamental para planejar o manejo mais adequado. Em aneurismas pequenos e assintom\u00e1ticos, pode-se optar por acompanhamento cl\u00ednico rigoroso, com controle de press\u00e3o arterial e reavalia\u00e7\u00f5es peri\u00f3dicas.<\/p>\n\n\n\n<p>Dependendo do tamanho, da forma, da localiza\u00e7\u00e3o do aneurisma e do perfil do paciente, o tratamento pode incluir t\u00e9cnicas cir\u00fargicas abertas (clipagem) ou procedimentos menos invasivos, como a emboliza\u00e7\u00e3o endovascular. Seguir as recomenda\u00e7\u00f5es m\u00e9dicas, esclarecer d\u00favidas e manter um di\u00e1logo cont\u00ednuo com a equipe de sa\u00fade \u00e9 essencial para reduzir riscos, melhorar o progn\u00f3stico e preservar a qualidade de vida.<\/p>\n\n\n<a href=\"https:\/\/www.instagram.com\/dra.annaluisabf\/\" target=\"_blank\" rel=\"noopener\" style=\"text-decoration: none; color: inherit;\">\n    <span style=\"display: inline-block; border: 1px solid #ccc; border-radius: 10px; padding: 15px; max-width: 550px; font-family: sans-serif; box-shadow: 0 2px 5px rgba(0,0,0,0.1); width: 100%;\">\n\n      <!-- T\u00edtulo -->\n      <span style=\"display: block; margin: 0 0 15px 0; font-weight: bold; color: #2c3e50; text-align: center;\">\n        Entre em contato:\n      <\/span>\n\n      <!-- Linha do perfil -->\n      <span style=\"display: flex; align-items: center; gap: 15px;\">\n        <img decoding=\"async\"\n          src=\"https:\/\/www.correiobraziliense.com.br\/cbradar\/wp-content\/uploads\/2025\/08\/dra_anna_luisa.jpeg\"\n          alt=\"Foto da Dra. Anna Lu\u00edsa\"\n          style=\"border-radius: 50%; width: 80px; height: 80px; object-fit: cover;\"\n        \/>\n        <span style=\"display: flex; flex-direction: column;\">\n          <span style=\"font-size: 18px; font-weight: 700; color: #2c3e50;\">Dra. Anna Lu\u00edsa Barbosa Fernandes<\/span>\n          <span style=\"color: #555;\">CRM-GO 33.271<\/span>\n        <\/span>\n      <\/span>\n\n      <!-- Redes -->\n      <span style=\"display: flex; align-items: center; gap: 10px; margin-top: 12px;\">\n        <img decoding=\"async\" src=\"https:\/\/cdn-icons-png.flaticon.com\/24\/1384\/1384063.png\" alt=\"Instagram\" width=\"24\" height=\"24\" \/>\n        <span style=\"text-decoration: underline; color: #2c3e50;\">@dra.annaluisabf<\/span>\n      <\/span>\n\n    <\/span>\n  <\/a>","protected":false},"excerpt":{"rendered":"<p>O aneurisma cerebral \u00e9 uma dilata\u00e7\u00e3o na parede das art\u00e9rias cerebrais, geralmente em pontos de bifurca\u00e7\u00e3o, onde pequenas \u00e1reas fr\u00e1geis se expandem e formam um \u201cbal\u00e3o\u201d chamado aneurisma sacular. Essa altera\u00e7\u00e3o costuma ser silenciosa at\u00e9 a ruptura, que pode causar AVC hemorr\u00e1gico, dor de cabe\u00e7a s\u00fabita e intensa, rigidez de nuca e perda de consci\u00eancia, [&hellip;]<\/p>\n","protected":false},"author":14,"featured_media":91897,"comment_status":"open","ping_status":"open","sticky":false,"template":"","format":"standard","meta":{"_yoast_wpseo_focuskw":"aneurisma cerebral","_yoast_wpseo_title":"","_yoast_wpseo_metadesc":"O aneurisma cerebral pode se desenvolver sem sintomas e se tornar uma emerg\u00eancia grave. Entenda os principais fatores de risco.","jnews-multi-image_gallery":[],"jnews_single_post":{"format":"standard"},"jnews_primary_category":[],"jnews_social_meta":[],"jnews_override_counter":[],"footnotes":""},"categories":[4404],"post_tag":[120,247,1318],"class_list":["post-206873","post","type-post","status-publish","format-standard","has-post-thumbnail","hentry","category-saude","tag-bem-estar","tag-qualidade-de-vida","tag-saude-2"],"yoast_head":"<!-- This site is optimized with the Yoast SEO plugin v24.6 - https:\/\/yoast.com\/wordpress\/plugins\/seo\/ -->\n<title>Aneurisma cerebral e os fatores de risco que muita gente ignora at\u00e9 ser tarde - Correio Braziliense - Radar<\/title>\n<meta name=\"description\" content=\"O aneurisma cerebral pode se desenvolver sem sintomas e se tornar uma emerg\u00eancia grave. Entenda os principais fatores de risco.\" \/>\n<meta name=\"robots\" content=\"index, follow, max-snippet:-1, max-image-preview:large, max-video-preview:-1\" \/>\n<link rel=\"canonical\" href=\"https:\/\/www.correiobraziliense.com.br\/cbradar\/aneurisma-cerebral-e-os-fatores-de-risco-que-muita-gente-ignora-ate-ser-tarde\/\" \/>\n<meta property=\"og:locale\" content=\"pt_BR\" \/>\n<meta property=\"og:type\" content=\"article\" \/>\n<meta property=\"og:title\" content=\"Aneurisma cerebral e os fatores de risco que muita gente ignora at\u00e9 ser tarde - Correio Braziliense - Radar\" \/>\n<meta property=\"og:description\" content=\"O aneurisma cerebral pode se desenvolver sem sintomas e se tornar uma emerg\u00eancia grave. Entenda os principais fatores de risco.\" \/>\n<meta property=\"og:url\" content=\"https:\/\/www.correiobraziliense.com.br\/cbradar\/aneurisma-cerebral-e-os-fatores-de-risco-que-muita-gente-ignora-ate-ser-tarde\/\" \/>\n<meta property=\"og:site_name\" content=\"Correio Braziliense - Radar\" \/>\n<meta property=\"article:published_time\" content=\"2026-03-12T20:15:00+00:00\" \/>\n<meta property=\"og:image\" content=\"https:\/\/www.correiobraziliense.com.br\/cbradar\/wp-content\/uploads\/2025\/08\/cair-no-chao-idoso_1755988140960.jpg\" \/>\n\t<meta property=\"og:image:width\" content=\"1280\" \/>\n\t<meta property=\"og:image:height\" content=\"720\" \/>\n\t<meta property=\"og:image:type\" content=\"image\/jpeg\" \/>\n<meta name=\"author\" content=\"guilherme_saude\" \/>\n<meta name=\"twitter:card\" content=\"summary_large_image\" \/>\n<meta name=\"twitter:label1\" content=\"Escrito por\" \/>\n\t<meta name=\"twitter:data1\" content=\"guilherme_saude\" \/>\n\t<meta name=\"twitter:label2\" content=\"Est. tempo de leitura\" \/>\n\t<meta name=\"twitter:data2\" content=\"4 minutos\" \/>\n<!-- \/ Yoast SEO plugin. -->","yoast_head_json":{"title":"Aneurisma cerebral e os fatores de risco que muita gente ignora at\u00e9 ser tarde - Correio Braziliense - Radar","description":"O aneurisma cerebral pode se desenvolver sem sintomas e se tornar uma emerg\u00eancia grave. Entenda os principais fatores de risco.","robots":{"index":"index","follow":"follow","max-snippet":"max-snippet:-1","max-image-preview":"max-image-preview:large","max-video-preview":"max-video-preview:-1"},"canonical":"https:\/\/www.correiobraziliense.com.br\/cbradar\/aneurisma-cerebral-e-os-fatores-de-risco-que-muita-gente-ignora-ate-ser-tarde\/","og_locale":"pt_BR","og_type":"article","og_title":"Aneurisma cerebral e os fatores de risco que muita gente ignora at\u00e9 ser tarde - Correio Braziliense - Radar","og_description":"O aneurisma cerebral pode se desenvolver sem sintomas e se tornar uma emerg\u00eancia grave. Entenda os principais fatores de risco.","og_url":"https:\/\/www.correiobraziliense.com.br\/cbradar\/aneurisma-cerebral-e-os-fatores-de-risco-que-muita-gente-ignora-ate-ser-tarde\/","og_site_name":"Correio Braziliense - Radar","article_published_time":"2026-03-12T20:15:00+00:00","og_image":[{"width":1280,"height":720,"url":"https:\/\/www.correiobraziliense.com.br\/cbradar\/wp-content\/uploads\/2025\/08\/cair-no-chao-idoso_1755988140960.jpg","type":"image\/jpeg"}],"author":"guilherme_saude","twitter_card":"summary_large_image","twitter_misc":{"Escrito por":"guilherme_saude","Est. tempo de leitura":"4 minutos"},"schema":{"@context":"https:\/\/schema.org","@graph":[{"@type":"WebPage","@id":"https:\/\/www.correiobraziliense.com.br\/cbradar\/aneurisma-cerebral-e-os-fatores-de-risco-que-muita-gente-ignora-ate-ser-tarde\/","url":"https:\/\/www.correiobraziliense.com.br\/cbradar\/aneurisma-cerebral-e-os-fatores-de-risco-que-muita-gente-ignora-ate-ser-tarde\/","name":"Aneurisma cerebral e os fatores de risco que muita gente ignora at\u00e9 ser tarde - Correio Braziliense - Radar","isPartOf":{"@id":"https:\/\/www.correiobraziliense.com.br\/cbradar\/#website"},"primaryImageOfPage":{"@id":"https:\/\/www.correiobraziliense.com.br\/cbradar\/aneurisma-cerebral-e-os-fatores-de-risco-que-muita-gente-ignora-ate-ser-tarde\/#primaryimage"},"image":{"@id":"https:\/\/www.correiobraziliense.com.br\/cbradar\/aneurisma-cerebral-e-os-fatores-de-risco-que-muita-gente-ignora-ate-ser-tarde\/#primaryimage"},"thumbnailUrl":"https:\/\/www.correiobraziliense.com.br\/cbradar\/wp-content\/uploads\/2025\/08\/cair-no-chao-idoso_1755988140960.jpg","datePublished":"2026-03-12T20:15:00+00:00","author":{"@id":"https:\/\/www.correiobraziliense.com.br\/cbradar\/#\/schema\/person\/5aa4bf3c8fa699c267933611de12978b"},"description":"O aneurisma cerebral pode se desenvolver sem sintomas e se tornar uma emerg\u00eancia grave. Entenda os principais fatores de risco.","breadcrumb":{"@id":"https:\/\/www.correiobraziliense.com.br\/cbradar\/aneurisma-cerebral-e-os-fatores-de-risco-que-muita-gente-ignora-ate-ser-tarde\/#breadcrumb"},"inLanguage":"pt-BR","potentialAction":[{"@type":"ReadAction","target":["https:\/\/www.correiobraziliense.com.br\/cbradar\/aneurisma-cerebral-e-os-fatores-de-risco-que-muita-gente-ignora-ate-ser-tarde\/"]}]},{"@type":"ImageObject","inLanguage":"pt-BR","@id":"https:\/\/www.correiobraziliense.com.br\/cbradar\/aneurisma-cerebral-e-os-fatores-de-risco-que-muita-gente-ignora-ate-ser-tarde\/#primaryimage","url":"https:\/\/www.correiobraziliense.com.br\/cbradar\/wp-content\/uploads\/2025\/08\/cair-no-chao-idoso_1755988140960.jpg","contentUrl":"https:\/\/www.correiobraziliense.com.br\/cbradar\/wp-content\/uploads\/2025\/08\/cair-no-chao-idoso_1755988140960.jpg","width":1280,"height":720,"caption":"Aneurisma Cerebral - Cr\u00e9ditos: depositphotos.com \/ Prot56"},{"@type":"BreadcrumbList","@id":"https:\/\/www.correiobraziliense.com.br\/cbradar\/aneurisma-cerebral-e-os-fatores-de-risco-que-muita-gente-ignora-ate-ser-tarde\/#breadcrumb","itemListElement":[{"@type":"ListItem","position":1,"name":"In\u00edcio","item":"https:\/\/www.correiobraziliense.com.br\/cbradar\/"},{"@type":"ListItem","position":2,"name":"Aneurisma cerebral e os fatores de risco que muita gente ignora at\u00e9 ser tarde"}]},{"@type":"WebSite","@id":"https:\/\/www.correiobraziliense.com.br\/cbradar\/#website","url":"https:\/\/www.correiobraziliense.com.br\/cbradar\/","name":"Correio Braziliense - Radar","description":"Acompanhe as \u00faltimas not\u00edcias e fique bem informado sobre tudo o que acontece no Brasil e no mundo.","potentialAction":[{"@type":"SearchAction","target":{"@type":"EntryPoint","urlTemplate":"https:\/\/www.correiobraziliense.com.br\/cbradar\/?s={search_term_string}"},"query-input":{"@type":"PropertyValueSpecification","valueRequired":true,"valueName":"search_term_string"}}],"inLanguage":"pt-BR"},{"@type":"Person","@id":"https:\/\/www.correiobraziliense.com.br\/cbradar\/#\/schema\/person\/5aa4bf3c8fa699c267933611de12978b","name":"guilherme_saude","image":{"@type":"ImageObject","inLanguage":"pt-BR","@id":"https:\/\/www.correiobraziliense.com.br\/cbradar\/#\/schema\/person\/image\/","url":"https:\/\/secure.gravatar.com\/avatar\/df9adfb835d344bc0af109d41756253f?s=96&d=mm&r=g","contentUrl":"https:\/\/secure.gravatar.com\/avatar\/df9adfb835d344bc0af109d41756253f?s=96&d=mm&r=g","caption":"guilherme_saude"},"url":"https:\/\/www.correiobraziliense.com.br\/cbradar\/author\/guilherme_saude\/"}]}},"_links":{"self":[{"href":"https:\/\/www.correiobraziliense.com.br\/cbradar\/wp-json\/wp\/v2\/posts\/206873","targetHints":{"allow":["GET"]}}],"collection":[{"href":"https:\/\/www.correiobraziliense.com.br\/cbradar\/wp-json\/wp\/v2\/posts"}],"about":[{"href":"https:\/\/www.correiobraziliense.com.br\/cbradar\/wp-json\/wp\/v2\/types\/post"}],"author":[{"embeddable":true,"href":"https:\/\/www.correiobraziliense.com.br\/cbradar\/wp-json\/wp\/v2\/users\/14"}],"replies":[{"embeddable":true,"href":"https:\/\/www.correiobraziliense.com.br\/cbradar\/wp-json\/wp\/v2\/comments?post=206873"}],"version-history":[{"count":1,"href":"https:\/\/www.correiobraziliense.com.br\/cbradar\/wp-json\/wp\/v2\/posts\/206873\/revisions"}],"predecessor-version":[{"id":206876,"href":"https:\/\/www.correiobraziliense.com.br\/cbradar\/wp-json\/wp\/v2\/posts\/206873\/revisions\/206876"}],"wp:featuredmedia":[{"embeddable":true,"href":"https:\/\/www.correiobraziliense.com.br\/cbradar\/wp-json\/wp\/v2\/media\/91897"}],"wp:attachment":[{"href":"https:\/\/www.correiobraziliense.com.br\/cbradar\/wp-json\/wp\/v2\/media?parent=206873"}],"wp:term":[{"taxonomy":"category","embeddable":true,"href":"https:\/\/www.correiobraziliense.com.br\/cbradar\/wp-json\/wp\/v2\/categories?post=206873"},{"taxonomy":"post_tag","embeddable":true,"href":"https:\/\/www.correiobraziliense.com.br\/cbradar\/wp-json\/wp\/v2\/post_tag?post=206873"}],"curies":[{"name":"wp","href":"https:\/\/api.w.org\/{rel}","templated":true}]}}