{"id":206887,"date":"2026-03-12T06:55:00","date_gmt":"2026-03-12T09:55:00","guid":{"rendered":"https:\/\/www.correiobraziliense.com.br\/cbradar\/?p=206887"},"modified":"2026-03-11T14:18:04","modified_gmt":"2026-03-11T17:18:04","slug":"o-som-da-natureza-que-acalma-a-mente-e-reduz-o-estresse-naturalmente","status":"publish","type":"post","link":"https:\/\/www.correiobraziliense.com.br\/cbradar\/o-som-da-natureza-que-acalma-a-mente-e-reduz-o-estresse-naturalmente\/","title":{"rendered":"O som da natureza que acalma a mente e reduz o estresse naturalmente"},"content":{"rendered":"\n<p>Ouvir sons da natureza \u00e9 uma pr\u00e1tica poderosa para restaurar o equil\u00edbrio mental em um mundo cada vez mais ruidoso e estressante. Estudos indicam que ru\u00eddos naturais, como o barulho da chuva ou das ondas do mar, reduzem os n\u00edveis de cortisol rapidamente. Essa conex\u00e3o sonora promove um relaxamento profundo e restaurador.<\/p>\n\n\n\n<h2 class=\"wp-block-heading\">Como o barulho da chuva altera o seu c\u00e9rebro?<\/h2>\n\n\n\n<p>Quando voc\u00ea ouve o som constante da chuva caindo, seu c\u00e9rebro interpreta esses ru\u00eddos como padr\u00f5es r\u00edtmicos previs\u00edveis e seguros. Esse fen\u00f4meno auditivo ajuda a silenciar pensamentos intrusivos e ansiosos, permitindo que o sistema nervoso saia do estado de alerta constante. \u00c9 uma t\u00e9cnica de relaxamento ancestral que facilita a indu\u00e7\u00e3o ao sono.<\/p>\n\n\n\n<p>A ci\u00eancia explica que os sons naturais atuam na sincroniza\u00e7\u00e3o das ondas cerebrais, induzindo um estado de calma semelhante \u00e0 medita\u00e7\u00e3o profunda. Ao fechar os olhos e focar na precipita\u00e7\u00e3o da \u00e1gua, voc\u00ea ativa o sistema parassimp\u00e1tico, respons\u00e1vel pelo descanso. <strong>Essa experi\u00eancia auditiva reduz a frequ\u00eancia card\u00edaca<\/strong> e proporciona uma sensa\u00e7\u00e3o imediata de seguran\u00e7a f\u00edsica.<\/p>\n\n\n\n<figure class=\"wp-block-image size-full\"><img decoding=\"async\" width=\"1280\" height=\"720\" src=\"https:\/\/www.correiobraziliense.com.br\/cbradar\/wp-content\/uploads\/2026\/03\/Gemini_Generated_Image_ogg1z1ogg1z1ogg1-1-1.png\" alt=\"O som da natureza que acalma a mente e reduz o estresse naturalmente\" class=\"wp-image-206896\" srcset=\"https:\/\/www.correiobraziliense.com.br\/cbradar\/wp-content\/uploads\/2026\/03\/Gemini_Generated_Image_ogg1z1ogg1z1ogg1-1-1.png 1280w, https:\/\/www.correiobraziliense.com.br\/cbradar\/wp-content\/uploads\/2026\/03\/Gemini_Generated_Image_ogg1z1ogg1z1ogg1-1-1-300x169.png 300w, https:\/\/www.correiobraziliense.com.br\/cbradar\/wp-content\/uploads\/2026\/03\/Gemini_Generated_Image_ogg1z1ogg1z1ogg1-1-1-768x432.png 768w, https:\/\/www.correiobraziliense.com.br\/cbradar\/wp-content\/uploads\/2026\/03\/Gemini_Generated_Image_ogg1z1ogg1z1ogg1-1-1-750x422.png 750w, https:\/\/www.correiobraziliense.com.br\/cbradar\/wp-content\/uploads\/2026\/03\/Gemini_Generated_Image_ogg1z1ogg1z1ogg1-1-1-1140x641.png 1140w\" sizes=\"(max-width: 1280px) 100vw, 1280px\" \/><figcaption class=\"wp-element-caption\">Sons da natureza ajudam a reduzir o estresse e promover relaxamento profundo para mente e corpo<\/figcaption><\/figure>\n\n\n\n<h2 class=\"wp-block-heading\">Qual \u00e9 a diferen\u00e7a entre ru\u00eddo branco e sons naturais?<\/h2>\n\n\n\n<p>Muitas pessoas confundem sons de m\u00e1quinas com o barulho org\u00e2nico da natureza, mas as frequ\u00eancias s\u00e3o tecnicamente distintas e impactantes. Enquanto o ru\u00eddo branco \u00e9 est\u00e1tico e artificial, os sons naturais possuem varia\u00e7\u00f5es harm\u00f4nicas que agradam ao ouvido humano primitivo. Essa complexidade sonora natural \u00e9 o que realmente permite que a mente se desconecte.<\/p>\n\n\n\n<p>O uso de sons da natureza para mascarar ru\u00eddos urbanos estressantes melhora significativamente a concentra\u00e7\u00e3o durante o trabalho ou estudo intenso. Sons de florestas ou rios ajudam a filtrar interrup\u00e7\u00f5es sonoras bruscas que causam irritabilidade e distra\u00e7\u00e3o constante. <strong>Investir em paisagens sonoras naturais<\/strong> \u00e9 uma forma eficiente de aumentar a produtividade e o bem-estar mental.<\/p>\n\n\n\n<h2 class=\"wp-block-heading\">Quais ambientes sonoros s\u00e3o os mais eficazes?<\/h2>\n\n\n\n<p>A escolha do som ideal depende da sua necessidade espec\u00edfica de relaxamento ou foco mental no momento atual. Alguns preferem a imensid\u00e3o do oceano, enquanto outros encontram paz no canto suave dos p\u00e1ssaros matinais. Experimentar diferentes cen\u00e1rios auditivos permite identificar qual frequ\u00eancia ressoa melhor com o seu organismo para reduzir a tens\u00e3o muscular e a ansiedade.<\/p>\n\n\n\n<p>Para facilitar sua busca pelo equil\u00edbrio perfeito entre mente e corpo, preparei um detalhamento importante com os sons mais recomendados por especialistas para cada situa\u00e7\u00e3o espec\u00edfica:<\/p>\n\n\n\n<ul class=\"wp-block-list\">\n<li>Chuva leve para dormir.<\/li>\n\n\n\n<li>Ondas do mar para meditar.<\/li>\n\n\n\n<li>Canto de p\u00e1ssaros para focar.<\/li>\n\n\n\n<li>Vento nas folhas para relaxar.<\/li>\n\n\n\n<li>Correnteza de rio para ler.<\/li>\n<\/ul>\n\n\n\n<h2 class=\"wp-block-heading\">Por que o som do oceano \u00e9 t\u00e3o relaxante?<\/h2>\n\n\n\n<p>O movimento r\u00edtmico das ondas do mar imita o som do fluxo sangu\u00edneo ouvido ainda dentro do \u00fatero materno. Essa associa\u00e7\u00e3o subconsciente gera uma resposta emocional de acolhimento e prote\u00e7\u00e3o absoluta, facilitando o desligamento de preocupa\u00e7\u00f5es externas e cotidianas. Ouvir o oceano \u00e9 como retornar a um estado de calma prim\u00e1ria e biol\u00f3gica fundamental.<\/p>\n\n\n\n<p>Al\u00e9m do fator psicol\u00f3gico, o som das \u00e1guas em movimento produz frequ\u00eancias baixas que acalmam os neur\u00f4nios sobrecarregados pela luz das telas. Essa terapia sonora \u00e9 amplamente utilizada em centros de sa\u00fade mental para auxiliar no tratamento da ins\u00f4nia cr\u00f4nica. <strong>O mar funciona como um metr\u00f4nomo natural<\/strong> que regula o ritmo respirat\u00f3rio e a press\u00e3o sangu\u00ednea.<\/p>\n\n\n\n<p>No v\u00eddeo abaixo do TikTok <strong><em>Joaoguilhermeamatti<\/em><\/strong>, que conta com mais de <strong><em>161 mil<\/em><\/strong> seguidores, ele explica o efeito da natureza relacionado ao cortisol:<\/p>\n\n\n\n<blockquote class=\"tiktok-embed\" cite=\"https:\/\/www.tiktok.com\/@joaoguilhermeamatti\/video\/7610173439659347208\" data-video-id=\"7610173439659347208\" style=\"max-width: 605px;min-width: 325px;\" > <section> <a target=\"_blank\" title=\"@joaoguilhermeamatti\" href=\"https:\/\/www.tiktok.com\/@joaoguilhermeamatti?refer=embed\">@joaoguilhermeamatti<\/a> <p>A natureza n\u00e3o \u00e9 apenas lazer, \u00e9 qu\u00edmica cerebral. \ud83c\udf3f Voc\u00ea sabia que apenas 2 horas por semana em contato com o verde reduzem seu cortisol (horm\u00f4nio do estresse) em at\u00e9 21%? Enquanto a cidade esgota sua mente, a natureza regenera seu c\u00f3rtex pr\u00e9-frontal e devolve a serotonina que a rotina roubou. O rem\u00e9dio que voc\u00ea busca pode estar do lado de fora da porta. Mas, se mesmo em meio \u00e0 natureza voc\u00ea sente que sua mente n\u00e3o &#34;desliga&#34;, o problema pode estar nos seus sabotadores internos. Quer entender o que est\u00e1 travando sua evolu\u00e7\u00e3o? Eu preparei um Diagn\u00f3stico Exclusivo para identificar o que est\u00e1 hipnotizando sua mente e impedindo voc\u00ea de ser sua melhor vers\u00e3o. \ud83d\udc47 Comente &#34;DIAGN\u00d3STICO&#34; aqui embaixo e eu te envio o acesso no direct!<\/p> <a target=\"_blank\" title=\"\u266c som original - Jo\u00e3o Guilherme Amatti\" href=\"https:\/\/www.tiktok.com\/music\/som-original-7610173489315580688?refer=embed\">\u266c som original &#8211; Jo\u00e3o Guilherme Amatti<\/a> <\/section> <\/blockquote> <script async src=\"https:\/\/www.tiktok.com\/embed.js\"><\/script>\n\n\n\n<p>Leia tamb\u00e9m: <a href=\"https:\/\/www.correiobraziliense.com.br\/cbradar\/os-5-melhores-iogurtes-para-quem-tem-hipertensao-arterial-segundo-nutricionistas\/\" target=\"_blank\" rel=\"noreferrer noopener\">Os 5 melhores iogurtes para quem tem hipertens\u00e3o arterial, segundo nutricionistas<\/a><\/p>\n\n\n\n<h2 class=\"wp-block-heading\">Como a ci\u00eancia valida esses benef\u00edcios auditivos?<\/h2>\n\n\n\n<p>Pesquisas publicadas em peri\u00f3dicos de prest\u00edgio confirmam que a exposi\u00e7\u00e3o sonora \u00e0 natureza altera fisicamente as conex\u00f5es do nosso c\u00e9rebro. Volunt\u00e1rios que ouviram sons naturais apresentaram uma redu\u00e7\u00e3o dr\u00e1stica na atividade da am\u00edgdala cerebral, \u00e1rea respons\u00e1vel pelo medo e estresse. Isso prova que o contato auditivo com a natureza \u00e9 uma necessidade biol\u00f3gica para a sa\u00fade mental humana.<\/p>\n\n\n\n<p>A <strong>Organiza\u00e7\u00e3o Mundial da Sa\u00fade<\/strong> destaca que o ru\u00eddo ambiental excessivo \u00e9 um problema grave de sa\u00fade p\u00fablica que exige solu\u00e7\u00f5es pr\u00e1ticas. Para compreender como os ambientes sonoros saud\u00e1veis influenciam positivamente sua qualidade de vida, voc\u00ea deve consultar o portal oficial da <strong><a href=\"https:\/\/www.who.int\/europe\/news-room\/fact-sheets\/item\/noise\" target=\"_blank\" rel=\"noreferrer noopener\">World Health Organization<\/a><\/strong>. Priorizar o sil\u00eancio e sons naturais \u00e9 o caminho para uma <strong>mente equilibrada e saud\u00e1vel<\/strong>.<\/p>\n","protected":false},"excerpt":{"rendered":"<p>Ouvir sons da natureza \u00e9 uma pr\u00e1tica poderosa para restaurar o equil\u00edbrio mental em um mundo cada vez mais ruidoso e estressante. Estudos indicam que ru\u00eddos naturais, como o barulho da chuva ou das ondas do mar, reduzem os n\u00edveis de cortisol rapidamente. Essa conex\u00e3o sonora promove um relaxamento profundo e restaurador. Como o barulho [&hellip;]<\/p>\n","protected":false},"author":21,"featured_media":206891,"comment_status":"open","ping_status":"open","sticky":false,"template":"","format":"standard","meta":{"_yoast_wpseo_focuskw":"sons da natureza para relaxar","_yoast_wpseo_title":"","_yoast_wpseo_metadesc":"Sons da natureza podem reduzir o estresse, acalmar a mente e melhorar o foco e o sono ao criar um ambiente sonoro relaxante","jnews-multi-image_gallery":[],"jnews_single_post":{"format":"standard"},"jnews_primary_category":[],"jnews_social_meta":[],"jnews_override_counter":[],"footnotes":""},"categories":[119],"tags":[3559,121,1379,9984],"class_list":["post-206887","post","type-post","status-publish","format-standard","has-post-thumbnail","hentry","category-bem-estar","tag-corpo-humano","tag-estresse","tag-natureza","tag-som"],"yoast_head":"<!-- This site is optimized with the Yoast SEO plugin v24.6 - https:\/\/yoast.com\/wordpress\/plugins\/seo\/ -->\n<title>O som da natureza que acalma a mente e reduz o estresse naturalmente - Correio Braziliense - Radar<\/title>\n<meta name=\"description\" content=\"Sons da natureza podem reduzir o estresse, acalmar a mente e melhorar o foco e o sono ao criar um ambiente sonoro relaxante\" \/>\n<meta name=\"robots\" content=\"index, follow, max-snippet:-1, max-image-preview:large, max-video-preview:-1\" \/>\n<link rel=\"canonical\" href=\"https:\/\/www.correiobraziliense.com.br\/cbradar\/o-som-da-natureza-que-acalma-a-mente-e-reduz-o-estresse-naturalmente\/\" \/>\n<meta property=\"og:locale\" content=\"pt_BR\" \/>\n<meta property=\"og:type\" content=\"article\" \/>\n<meta property=\"og:title\" content=\"O som da natureza que acalma a mente e reduz o estresse naturalmente - Correio Braziliense - Radar\" \/>\n<meta property=\"og:description\" content=\"Sons da natureza podem reduzir o estresse, acalmar a mente e melhorar o foco e o sono ao criar um ambiente sonoro relaxante\" \/>\n<meta property=\"og:url\" content=\"https:\/\/www.correiobraziliense.com.br\/cbradar\/o-som-da-natureza-que-acalma-a-mente-e-reduz-o-estresse-naturalmente\/\" \/>\n<meta property=\"og:site_name\" content=\"Correio Braziliense - Radar\" \/>\n<meta property=\"article:published_time\" content=\"2026-03-12T09:55:00+00:00\" \/>\n<meta property=\"og:image\" content=\"https:\/\/www.correiobraziliense.com.br\/cbradar\/wp-content\/uploads\/2026\/03\/Gemini_Generated_Image_byf496byf496byf4-1-1.png\" \/>\n\t<meta property=\"og:image:width\" content=\"1280\" \/>\n\t<meta property=\"og:image:height\" content=\"720\" \/>\n\t<meta property=\"og:image:type\" content=\"image\/png\" \/>\n<meta name=\"author\" content=\"Patrick Silva\" \/>\n<meta name=\"twitter:card\" content=\"summary_large_image\" \/>\n<meta name=\"twitter:label1\" content=\"Escrito por\" \/>\n\t<meta name=\"twitter:data1\" content=\"Patrick Silva\" \/>\n\t<meta name=\"twitter:label2\" content=\"Est. tempo de leitura\" \/>\n\t<meta name=\"twitter:data2\" content=\"5 minutos\" \/>\n<!-- \/ Yoast SEO plugin. -->","yoast_head_json":{"title":"O som da natureza que acalma a mente e reduz o estresse naturalmente - Correio Braziliense - Radar","description":"Sons da natureza podem reduzir o estresse, acalmar a mente e melhorar o foco e o sono ao criar um ambiente sonoro relaxante","robots":{"index":"index","follow":"follow","max-snippet":"max-snippet:-1","max-image-preview":"max-image-preview:large","max-video-preview":"max-video-preview:-1"},"canonical":"https:\/\/www.correiobraziliense.com.br\/cbradar\/o-som-da-natureza-que-acalma-a-mente-e-reduz-o-estresse-naturalmente\/","og_locale":"pt_BR","og_type":"article","og_title":"O som da natureza que acalma a mente e reduz o estresse naturalmente - Correio Braziliense - Radar","og_description":"Sons da natureza podem reduzir o estresse, acalmar a mente e melhorar o foco e o sono ao criar um ambiente sonoro relaxante","og_url":"https:\/\/www.correiobraziliense.com.br\/cbradar\/o-som-da-natureza-que-acalma-a-mente-e-reduz-o-estresse-naturalmente\/","og_site_name":"Correio Braziliense - Radar","article_published_time":"2026-03-12T09:55:00+00:00","og_image":[{"width":1280,"height":720,"url":"https:\/\/www.correiobraziliense.com.br\/cbradar\/wp-content\/uploads\/2026\/03\/Gemini_Generated_Image_byf496byf496byf4-1-1.png","type":"image\/png"}],"author":"Patrick Silva","twitter_card":"summary_large_image","twitter_misc":{"Escrito por":"Patrick Silva","Est. tempo de leitura":"5 minutos"},"schema":{"@context":"https:\/\/schema.org","@graph":[{"@type":"WebPage","@id":"https:\/\/www.correiobraziliense.com.br\/cbradar\/o-som-da-natureza-que-acalma-a-mente-e-reduz-o-estresse-naturalmente\/","url":"https:\/\/www.correiobraziliense.com.br\/cbradar\/o-som-da-natureza-que-acalma-a-mente-e-reduz-o-estresse-naturalmente\/","name":"O som da natureza que acalma a mente e reduz o estresse naturalmente - Correio Braziliense - Radar","isPartOf":{"@id":"https:\/\/www.correiobraziliense.com.br\/cbradar\/#website"},"primaryImageOfPage":{"@id":"https:\/\/www.correiobraziliense.com.br\/cbradar\/o-som-da-natureza-que-acalma-a-mente-e-reduz-o-estresse-naturalmente\/#primaryimage"},"image":{"@id":"https:\/\/www.correiobraziliense.com.br\/cbradar\/o-som-da-natureza-que-acalma-a-mente-e-reduz-o-estresse-naturalmente\/#primaryimage"},"thumbnailUrl":"https:\/\/www.correiobraziliense.com.br\/cbradar\/wp-content\/uploads\/2026\/03\/Gemini_Generated_Image_byf496byf496byf4-1-1.png","datePublished":"2026-03-12T09:55:00+00:00","author":{"@id":"https:\/\/www.correiobraziliense.com.br\/cbradar\/#\/schema\/person\/5440b72be9c7eb74f446c846479dc4da"},"description":"Sons da natureza podem reduzir o estresse, acalmar a mente e melhorar o foco e o sono ao criar um ambiente sonoro relaxante","breadcrumb":{"@id":"https:\/\/www.correiobraziliense.com.br\/cbradar\/o-som-da-natureza-que-acalma-a-mente-e-reduz-o-estresse-naturalmente\/#breadcrumb"},"inLanguage":"pt-BR","potentialAction":[{"@type":"ReadAction","target":["https:\/\/www.correiobraziliense.com.br\/cbradar\/o-som-da-natureza-que-acalma-a-mente-e-reduz-o-estresse-naturalmente\/"]}]},{"@type":"ImageObject","inLanguage":"pt-BR","@id":"https:\/\/www.correiobraziliense.com.br\/cbradar\/o-som-da-natureza-que-acalma-a-mente-e-reduz-o-estresse-naturalmente\/#primaryimage","url":"https:\/\/www.correiobraziliense.com.br\/cbradar\/wp-content\/uploads\/2026\/03\/Gemini_Generated_Image_byf496byf496byf4-1-1.png","contentUrl":"https:\/\/www.correiobraziliense.com.br\/cbradar\/wp-content\/uploads\/2026\/03\/Gemini_Generated_Image_byf496byf496byf4-1-1.png","width":1280,"height":720,"caption":"Sons da natureza ajudam a reduzir o estresse e promover relaxamento profundo para mente e corpo"},{"@type":"BreadcrumbList","@id":"https:\/\/www.correiobraziliense.com.br\/cbradar\/o-som-da-natureza-que-acalma-a-mente-e-reduz-o-estresse-naturalmente\/#breadcrumb","itemListElement":[{"@type":"ListItem","position":1,"name":"In\u00edcio","item":"https:\/\/www.correiobraziliense.com.br\/cbradar\/"},{"@type":"ListItem","position":2,"name":"O som da natureza que acalma a mente e reduz o estresse naturalmente"}]},{"@type":"WebSite","@id":"https:\/\/www.correiobraziliense.com.br\/cbradar\/#website","url":"https:\/\/www.correiobraziliense.com.br\/cbradar\/","name":"Correio Braziliense - Radar","description":"Acompanhe as \u00faltimas not\u00edcias e fique bem informado sobre tudo o que acontece no Brasil e no mundo.","potentialAction":[{"@type":"SearchAction","target":{"@type":"EntryPoint","urlTemplate":"https:\/\/www.correiobraziliense.com.br\/cbradar\/?s={search_term_string}"},"query-input":{"@type":"PropertyValueSpecification","valueRequired":true,"valueName":"search_term_string"}}],"inLanguage":"pt-BR"},{"@type":"Person","@id":"https:\/\/www.correiobraziliense.com.br\/cbradar\/#\/schema\/person\/5440b72be9c7eb74f446c846479dc4da","name":"Patrick Silva","image":{"@type":"ImageObject","inLanguage":"pt-BR","@id":"https:\/\/www.correiobraziliense.com.br\/cbradar\/#\/schema\/person\/image\/","url":"https:\/\/secure.gravatar.com\/avatar\/944109df296fc087785c9715fd5f80b2?s=96&d=mm&r=g","contentUrl":"https:\/\/secure.gravatar.com\/avatar\/944109df296fc087785c9715fd5f80b2?s=96&d=mm&r=g","caption":"Patrick Silva"},"sameAs":["https:\/\/www.correiobraziliense.com.br\/cbradar\/"],"url":"https:\/\/www.correiobraziliense.com.br\/cbradar\/author\/patrick-silva\/"}]}},"_links":{"self":[{"href":"https:\/\/www.correiobraziliense.com.br\/cbradar\/wp-json\/wp\/v2\/posts\/206887","targetHints":{"allow":["GET"]}}],"collection":[{"href":"https:\/\/www.correiobraziliense.com.br\/cbradar\/wp-json\/wp\/v2\/posts"}],"about":[{"href":"https:\/\/www.correiobraziliense.com.br\/cbradar\/wp-json\/wp\/v2\/types\/post"}],"author":[{"embeddable":true,"href":"https:\/\/www.correiobraziliense.com.br\/cbradar\/wp-json\/wp\/v2\/users\/21"}],"replies":[{"embeddable":true,"href":"https:\/\/www.correiobraziliense.com.br\/cbradar\/wp-json\/wp\/v2\/comments?post=206887"}],"version-history":[{"count":2,"href":"https:\/\/www.correiobraziliense.com.br\/cbradar\/wp-json\/wp\/v2\/posts\/206887\/revisions"}],"predecessor-version":[{"id":206897,"href":"https:\/\/www.correiobraziliense.com.br\/cbradar\/wp-json\/wp\/v2\/posts\/206887\/revisions\/206897"}],"wp:featuredmedia":[{"embeddable":true,"href":"https:\/\/www.correiobraziliense.com.br\/cbradar\/wp-json\/wp\/v2\/media\/206891"}],"wp:attachment":[{"href":"https:\/\/www.correiobraziliense.com.br\/cbradar\/wp-json\/wp\/v2\/media?parent=206887"}],"wp:term":[{"taxonomy":"category","embeddable":true,"href":"https:\/\/www.correiobraziliense.com.br\/cbradar\/wp-json\/wp\/v2\/categories?post=206887"},{"taxonomy":"post_tag","embeddable":true,"href":"https:\/\/www.correiobraziliense.com.br\/cbradar\/wp-json\/wp\/v2\/tags?post=206887"}],"curies":[{"name":"wp","href":"https:\/\/api.w.org\/{rel}","templated":true}]}}