{"id":206888,"date":"2026-03-12T21:25:00","date_gmt":"2026-03-13T00:25:00","guid":{"rendered":"https:\/\/www.correiobraziliense.com.br\/cbradar\/?p=206888"},"modified":"2026-03-11T14:16:57","modified_gmt":"2026-03-11T17:16:57","slug":"quando-uma-simples-dor-de-cabeca-pode-ser-sinal-de-condicoes-neurologicas-mais-graves","status":"publish","type":"post","link":"https:\/\/www.correiobraziliense.com.br\/cbradar\/quando-uma-simples-dor-de-cabeca-pode-ser-sinal-de-condicoes-neurologicas-mais-graves\/","title":{"rendered":"Quando uma simples dor de cabe\u00e7a pode ser sinal de condi\u00e7\u00f5es neurol\u00f3gicas mais graves"},"content":{"rendered":"\n<p>Muitas pessoas ignoram dores de cabe\u00e7a frequentes, acreditando que sejam apenas estresse ou cansa\u00e7o acumulado no dia a dia. No entanto, certas caracter\u00edsticas desse desconforto podem indicar problemas neurol\u00f3gicos severos que exigem diagn\u00f3stico imediato. Identificar os sinais de alerta precocemente \u00e9 fundamental para garantir um tratamento eficaz e preservar sua sa\u00fade cerebral.<\/p>\n\n\n\n<h2 class=\"wp-block-heading\">Como identificar uma cefaleia que foge do padr\u00e3o comum?<\/h2>\n\n\n\n<p>Uma dor de cabe\u00e7a s\u00fabita e extremamente intensa, descrita muitas vezes como a pior da vida, deve ser tratada como emerg\u00eancia m\u00e9dica absoluta. Esse sintoma pode sinalizar a ruptura de um <strong>Aneurisma Cerebral<\/strong>, causando hemorragia subaracn\u00f3idea. Ignorar esse tipo de in\u00edcio repentino coloca a vida em risco, exigindo uma avalia\u00e7\u00e3o neurol\u00f3gica em ambiente hospitalar especializado e r\u00e1pido.<\/p>\n\n\n\n<p>A mudan\u00e7a dr\u00e1stica no padr\u00e3o de uma cefaleia cr\u00f4nica preexistente tamb\u00e9m requer aten\u00e7\u00e3o especial de profissionais da sa\u00fade. Se as crises se tornam mais frequentes ou resistentes aos medicamentos habituais, pode haver uma causa secund\u00e1ria subjacente. A <strong>Organiza\u00e7\u00e3o Mundial da Sa\u00fade<\/strong> alerta que dores progressivas devem ser investigadas para descartar tumores ou outras les\u00f5es expansivas intracranianas perigosas para voc\u00ea.<\/p>\n\n\n\n<figure class=\"wp-block-image size-full\"><img decoding=\"async\" width=\"1280\" height=\"720\" src=\"https:\/\/www.correiobraziliense.com.br\/cbradar\/wp-content\/uploads\/2026\/03\/Gemini_Generated_Image_u5dtxru5dtxru5dt-1-1.png\" alt=\"Quando uma simples dor de cabe\u00e7a pode ser sinal de condi\u00e7\u00f5es neurol\u00f3gicas mais graves\" class=\"wp-image-206900\" srcset=\"https:\/\/www.correiobraziliense.com.br\/cbradar\/wp-content\/uploads\/2026\/03\/Gemini_Generated_Image_u5dtxru5dtxru5dt-1-1.png 1280w, https:\/\/www.correiobraziliense.com.br\/cbradar\/wp-content\/uploads\/2026\/03\/Gemini_Generated_Image_u5dtxru5dtxru5dt-1-1-300x169.png 300w, https:\/\/www.correiobraziliense.com.br\/cbradar\/wp-content\/uploads\/2026\/03\/Gemini_Generated_Image_u5dtxru5dtxru5dt-1-1-768x432.png 768w, https:\/\/www.correiobraziliense.com.br\/cbradar\/wp-content\/uploads\/2026\/03\/Gemini_Generated_Image_u5dtxru5dtxru5dt-1-1-750x422.png 750w, https:\/\/www.correiobraziliense.com.br\/cbradar\/wp-content\/uploads\/2026\/03\/Gemini_Generated_Image_u5dtxru5dtxru5dt-1-1-1140x641.png 1140w\" sizes=\"(max-width: 1280px) 100vw, 1280px\" \/><figcaption class=\"wp-element-caption\">Algumas dores de cabe\u00e7a apresentam sinais de alerta que indicam necessidade de avalia\u00e7\u00e3o m\u00e9dica<\/figcaption><\/figure>\n\n\n\n<h2 class=\"wp-block-heading\">Quais sintomas acompanhantes indicam maior perigo biol\u00f3gico?<\/h2>\n\n\n\n<p>A presen\u00e7a de febre alta associada \u00e0 rigidez de nuca e dor de cabe\u00e7a \u00e9 um sinal cl\u00e1ssico de <strong>Meningite<\/strong>. Essa inflama\u00e7\u00e3o das membranas que revestem o sistema nervoso central pode evoluir rapidamente para quadros graves. Identificar esses sinais combinados \u00e9 crucial para buscar aux\u00edlio imediato e evitar sequelas permanentes decorrentes de infec\u00e7\u00f5es bacterianas ou virais agudas graves.<\/p>\n\n\n\n<p>D\u00e9ficits neurol\u00f3gicos focais, como fraqueza em um lado do corpo ou dificuldade na fala, sugerem um <strong>Acidente Vascular Cerebral<\/strong>. Nesses casos, a dor de cabe\u00e7a pode acompanhar a interrup\u00e7\u00e3o do fluxo sangu\u00edneo ou o sangramento cerebral ativo. O tempo de resposta \u00e9 o fator mais importante para a recupera\u00e7\u00e3o total do paciente nessas circunst\u00e2ncias cl\u00ednicas cr\u00edticas e urgentes hoje.<\/p>\n\n\n\n<h2 class=\"wp-block-heading\">Quando a dor se torna um alerta para procurar o m\u00e9dico?<\/h2>\n\n\n\n<p>Dores de cabe\u00e7a que pioram ao deitar ou que surgem principalmente durante o sono podem indicar aumento da press\u00e3o intracraniana. Esse fen\u00f4meno \u00e9 comum em casos de hidrocefalia ou obstru\u00e7\u00f5es no fluxo do l\u00edquido cefalorraquidiano. Monitorar o comportamento do sintoma em rela\u00e7\u00e3o \u00e0 postura corporal \u00e9 um passo valioso para auxiliar o neurologista durante a investiga\u00e7\u00e3o cl\u00ednica diagn\u00f3stica necess\u00e1ria.<\/p>\n\n\n\n<p>Apresento a seguir os principais sinais de bandeira vermelha que demandam uma avalia\u00e7\u00e3o especializada imediata para garantir sua seguran\u00e7a neurol\u00f3gica e bem-estar f\u00edsico:<\/p>\n\n\n\n<ul class=\"wp-block-list\">\n<li>In\u00edcio s\u00fabito tipo trov\u00e3o.<\/li>\n\n\n\n<li>Piora progressiva em semanas.<\/li>\n\n\n\n<li>In\u00edcio ap\u00f3s os cinquenta anos.<\/li>\n\n\n\n<li>Altera\u00e7\u00e3o do n\u00edvel de consci\u00eancia.<\/li>\n\n\n\n<li>Dor ap\u00f3s trauma craniano.<\/li>\n<\/ul>\n\n\n\n<h2 class=\"wp-block-heading\">Existe rela\u00e7\u00e3o entre a vis\u00e3o e problemas cerebrais graves?<\/h2>\n\n\n\n<p>A perda visual s\u00fabita ou a vis\u00e3o dupla acompanhada de dor de cabe\u00e7a intensa s\u00e3o sinais preocupantes de comprometimento vascular ou compress\u00e3o nervosa. Esses sintomas podem indicar desde um glaucoma agudo at\u00e9 problemas complexos como a trombose de seio venoso cerebral. <strong>Consultar um Especialista<\/strong> rapidamente \u00e9 essencial para evitar danos permanentes \u00e0 sua vis\u00e3o e integridade neurol\u00f3gica geral hoje.<\/p>\n\n\n\n<p>Muitas vezes, o nervo \u00f3ptico reflete altera\u00e7\u00f5es na press\u00e3o dentro do cr\u00e2nio que se manifestam como dores persistentes atr\u00e1s dos olhos. Detectar o papiledema em um exame oftalmol\u00f3gico de rotina pode salvar vidas ao sinalizar condi\u00e7\u00f5es ocultas perigosas. Manter os exames preventivos em dia \u00e9 a melhor forma de garantir que seu c\u00e9rebro esteja funcionando perfeitamente sempre.<\/p>\n\n\n\n<p>No v\u00eddeo abaixo do TikTok <strong><em>Portaldrauziovarella<\/em><\/strong>, que conta com mais de <strong><em>940 mil<\/em><\/strong> seguidores, ele explica sobre quando a dor de cabe\u00e7a se torna um problema:<\/p>\n\n\n\n<blockquote class=\"tiktok-embed\" cite=\"https:\/\/www.tiktok.com\/@portaldrauziovarella\/video\/7234986416596438278\" data-video-id=\"7234986416596438278\" style=\"max-width: 605px;min-width: 325px;\" > <section> <a target=\"_blank\" title=\"@portaldrauziovarella\" href=\"https:\/\/www.tiktok.com\/@portaldrauziovarella?refer=embed\">@portaldrauziovarella<\/a> Ser\u00e1 mesmo que \u00e9 s\u00f3 uma dorzinha de cabe\u00e7a? <a title=\"drauziovarella\" target=\"_blank\" href=\"https:\/\/www.tiktok.com\/tag\/drauziovarella?refer=embed\">#drauziovarella<\/a> <a title=\"dordecabeca\" target=\"_blank\" href=\"https:\/\/www.tiktok.com\/tag\/dordecabeca?refer=embed\">#dordecabeca<\/a> <a title=\"cefaleia\" target=\"_blank\" href=\"https:\/\/www.tiktok.com\/tag\/cefaleia?refer=embed\">#cefaleia<\/a> <a title=\"enxaqueca\" target=\"_blank\" href=\"https:\/\/www.tiktok.com\/tag\/enxaqueca?refer=embed\">#enxaqueca<\/a> <a target=\"_blank\" title=\"\u266c som original - Portal Drauzio\" href=\"https:\/\/www.tiktok.com\/music\/som-original-7234986446142704389?refer=embed\">\u266c som original &#8211; Portal Drauzio<\/a> <\/section> <\/blockquote> <script async src=\"https:\/\/www.tiktok.com\/embed.js\"><\/script>\n\n\n\n<p>Leia tamb\u00e9m: <a href=\"https:\/\/www.correiobraziliense.com.br\/cbradar\/os-5-melhores-iogurtes-para-quem-tem-hipertensao-arterial-segundo-nutricionistas\/\" target=\"_blank\" rel=\"noreferrer noopener\">Os 5 melhores iogurtes para quem tem hipertens\u00e3o arterial, segundo nutricionistas<\/a><\/p>\n\n\n\n<h2 class=\"wp-block-heading\">Quais s\u00e3o as orienta\u00e7\u00f5es da Mayo Clinic para esses casos?<\/h2>\n\n\n\n<p>A <strong>Mayo Clinic<\/strong> enfatiza que a maioria das dores de cabe\u00e7a n\u00e3o \u00e9 perigosa, mas o autoconhecimento \u00e9 vital para identificar desvios anormais. Reconhecer o momento exato de buscar ajuda profissional pode ser a diferen\u00e7a crucial entre uma recupera\u00e7\u00e3o plena e complica\u00e7\u00f5es irrevers\u00edveis. Seguir diretrizes de institui\u00e7\u00f5es reconhecidas mundialmente oferece a seguran\u00e7a necess\u00e1ria para cuidar da sua sa\u00fade.<\/p>\n\n\n\n<p>Para obter informa\u00e7\u00f5es detalhadas sobre os tipos de cefaleias e quando elas exigem aten\u00e7\u00e3o imediata, voc\u00ea deve consultar as orienta\u00e7\u00f5es oficiais da <strong><a target=\"_blank\" rel=\"noreferrer noopener\" href=\"https:\/\/www.mayoclinic.org\/symptoms\/headache\/basics\/when-to-see-doctor\/sym-20050800\">Mayo Clinic<\/a><\/strong>. Este recurso t\u00e9cnico fundamental oferece um guia completo para ajudar na identifica\u00e7\u00e3o precoce de sinais de perigo e na tomada de decis\u00e3o consciente sobre sua sa\u00fade neurol\u00f3gica e bem-estar f\u00edsico hoje mesmo.<\/p>\n","protected":false},"excerpt":{"rendered":"<p>Muitas pessoas ignoram dores de cabe\u00e7a frequentes, acreditando que sejam apenas estresse ou cansa\u00e7o acumulado no dia a dia. No entanto, certas caracter\u00edsticas desse desconforto podem indicar problemas neurol\u00f3gicos severos que exigem diagn\u00f3stico imediato. Identificar os sinais de alerta precocemente \u00e9 fundamental para garantir um tratamento eficaz e preservar sua sa\u00fade cerebral. Como identificar uma [&hellip;]<\/p>\n","protected":false},"author":21,"featured_media":206893,"comment_status":"open","ping_status":"open","sticky":false,"template":"","format":"standard","meta":{"_yoast_wpseo_focuskw":"sinais de alerta dor de cabe\u00e7a","_yoast_wpseo_title":"","_yoast_wpseo_metadesc":"Certas dores de cabe\u00e7a podem indicar problemas neurol\u00f3gicos graves e exigem aten\u00e7\u00e3o imediata quando surgem com sinais espec\u00edficos de alerta","jnews-multi-image_gallery":[],"jnews_single_post":{"format":"standard"},"jnews_primary_category":[],"jnews_social_meta":[],"jnews_override_counter":[],"footnotes":""},"categories":[119],"tags":[3559,1619,10741,5779],"class_list":["post-206888","post","type-post","status-publish","format-standard","has-post-thumbnail","hentry","category-bem-estar","tag-corpo-humano","tag-dor-de-cabeca","tag-neurologia","tag-sinais"],"yoast_head":"<!-- This site is optimized with the Yoast SEO plugin v24.6 - https:\/\/yoast.com\/wordpress\/plugins\/seo\/ -->\n<title>Quando uma simples dor de cabe\u00e7a pode ser sinal de condi\u00e7\u00f5es neurol\u00f3gicas mais graves - Correio Braziliense - Radar<\/title>\n<meta name=\"description\" content=\"Certas dores de cabe\u00e7a podem indicar problemas neurol\u00f3gicos graves e exigem aten\u00e7\u00e3o imediata quando surgem com sinais espec\u00edficos de alerta\" \/>\n<meta name=\"robots\" content=\"index, follow, max-snippet:-1, max-image-preview:large, max-video-preview:-1\" \/>\n<link rel=\"canonical\" href=\"https:\/\/www.correiobraziliense.com.br\/cbradar\/quando-uma-simples-dor-de-cabeca-pode-ser-sinal-de-condicoes-neurologicas-mais-graves\/\" \/>\n<meta property=\"og:locale\" content=\"pt_BR\" \/>\n<meta property=\"og:type\" content=\"article\" \/>\n<meta property=\"og:title\" content=\"Quando uma simples dor de cabe\u00e7a pode ser sinal de condi\u00e7\u00f5es neurol\u00f3gicas mais graves - Correio Braziliense - Radar\" \/>\n<meta property=\"og:description\" content=\"Certas dores de cabe\u00e7a podem indicar problemas neurol\u00f3gicos graves e exigem aten\u00e7\u00e3o imediata quando surgem com sinais espec\u00edficos de alerta\" \/>\n<meta property=\"og:url\" content=\"https:\/\/www.correiobraziliense.com.br\/cbradar\/quando-uma-simples-dor-de-cabeca-pode-ser-sinal-de-condicoes-neurologicas-mais-graves\/\" \/>\n<meta property=\"og:site_name\" content=\"Correio Braziliense - Radar\" \/>\n<meta property=\"article:published_time\" content=\"2026-03-13T00:25:00+00:00\" \/>\n<meta property=\"og:image\" content=\"https:\/\/www.correiobraziliense.com.br\/cbradar\/wp-content\/uploads\/2026\/03\/Gemini_Generated_Image_nxia95nxia95nxia-1-1.png\" \/>\n\t<meta property=\"og:image:width\" content=\"1280\" \/>\n\t<meta property=\"og:image:height\" content=\"720\" \/>\n\t<meta property=\"og:image:type\" content=\"image\/png\" \/>\n<meta name=\"author\" content=\"Patrick Silva\" \/>\n<meta name=\"twitter:card\" content=\"summary_large_image\" \/>\n<meta name=\"twitter:label1\" content=\"Escrito por\" \/>\n\t<meta name=\"twitter:data1\" content=\"Patrick Silva\" \/>\n\t<meta name=\"twitter:label2\" content=\"Est. tempo de leitura\" \/>\n\t<meta name=\"twitter:data2\" content=\"5 minutos\" \/>\n<!-- \/ Yoast SEO plugin. -->","yoast_head_json":{"title":"Quando uma simples dor de cabe\u00e7a pode ser sinal de condi\u00e7\u00f5es neurol\u00f3gicas mais graves - Correio Braziliense - Radar","description":"Certas dores de cabe\u00e7a podem indicar problemas neurol\u00f3gicos graves e exigem aten\u00e7\u00e3o imediata quando surgem com sinais espec\u00edficos de alerta","robots":{"index":"index","follow":"follow","max-snippet":"max-snippet:-1","max-image-preview":"max-image-preview:large","max-video-preview":"max-video-preview:-1"},"canonical":"https:\/\/www.correiobraziliense.com.br\/cbradar\/quando-uma-simples-dor-de-cabeca-pode-ser-sinal-de-condicoes-neurologicas-mais-graves\/","og_locale":"pt_BR","og_type":"article","og_title":"Quando uma simples dor de cabe\u00e7a pode ser sinal de condi\u00e7\u00f5es neurol\u00f3gicas mais graves - Correio Braziliense - Radar","og_description":"Certas dores de cabe\u00e7a podem indicar problemas neurol\u00f3gicos graves e exigem aten\u00e7\u00e3o imediata quando surgem com sinais espec\u00edficos de alerta","og_url":"https:\/\/www.correiobraziliense.com.br\/cbradar\/quando-uma-simples-dor-de-cabeca-pode-ser-sinal-de-condicoes-neurologicas-mais-graves\/","og_site_name":"Correio Braziliense - Radar","article_published_time":"2026-03-13T00:25:00+00:00","og_image":[{"width":1280,"height":720,"url":"https:\/\/www.correiobraziliense.com.br\/cbradar\/wp-content\/uploads\/2026\/03\/Gemini_Generated_Image_nxia95nxia95nxia-1-1.png","type":"image\/png"}],"author":"Patrick Silva","twitter_card":"summary_large_image","twitter_misc":{"Escrito por":"Patrick Silva","Est. tempo de leitura":"5 minutos"},"schema":{"@context":"https:\/\/schema.org","@graph":[{"@type":"WebPage","@id":"https:\/\/www.correiobraziliense.com.br\/cbradar\/quando-uma-simples-dor-de-cabeca-pode-ser-sinal-de-condicoes-neurologicas-mais-graves\/","url":"https:\/\/www.correiobraziliense.com.br\/cbradar\/quando-uma-simples-dor-de-cabeca-pode-ser-sinal-de-condicoes-neurologicas-mais-graves\/","name":"Quando uma simples dor de cabe\u00e7a pode ser sinal de condi\u00e7\u00f5es neurol\u00f3gicas mais graves - Correio Braziliense - Radar","isPartOf":{"@id":"https:\/\/www.correiobraziliense.com.br\/cbradar\/#website"},"primaryImageOfPage":{"@id":"https:\/\/www.correiobraziliense.com.br\/cbradar\/quando-uma-simples-dor-de-cabeca-pode-ser-sinal-de-condicoes-neurologicas-mais-graves\/#primaryimage"},"image":{"@id":"https:\/\/www.correiobraziliense.com.br\/cbradar\/quando-uma-simples-dor-de-cabeca-pode-ser-sinal-de-condicoes-neurologicas-mais-graves\/#primaryimage"},"thumbnailUrl":"https:\/\/www.correiobraziliense.com.br\/cbradar\/wp-content\/uploads\/2026\/03\/Gemini_Generated_Image_nxia95nxia95nxia-1-1.png","datePublished":"2026-03-13T00:25:00+00:00","author":{"@id":"https:\/\/www.correiobraziliense.com.br\/cbradar\/#\/schema\/person\/5440b72be9c7eb74f446c846479dc4da"},"description":"Certas dores de cabe\u00e7a podem indicar problemas neurol\u00f3gicos graves e exigem aten\u00e7\u00e3o imediata quando surgem com sinais espec\u00edficos de alerta","breadcrumb":{"@id":"https:\/\/www.correiobraziliense.com.br\/cbradar\/quando-uma-simples-dor-de-cabeca-pode-ser-sinal-de-condicoes-neurologicas-mais-graves\/#breadcrumb"},"inLanguage":"pt-BR","potentialAction":[{"@type":"ReadAction","target":["https:\/\/www.correiobraziliense.com.br\/cbradar\/quando-uma-simples-dor-de-cabeca-pode-ser-sinal-de-condicoes-neurologicas-mais-graves\/"]}]},{"@type":"ImageObject","inLanguage":"pt-BR","@id":"https:\/\/www.correiobraziliense.com.br\/cbradar\/quando-uma-simples-dor-de-cabeca-pode-ser-sinal-de-condicoes-neurologicas-mais-graves\/#primaryimage","url":"https:\/\/www.correiobraziliense.com.br\/cbradar\/wp-content\/uploads\/2026\/03\/Gemini_Generated_Image_nxia95nxia95nxia-1-1.png","contentUrl":"https:\/\/www.correiobraziliense.com.br\/cbradar\/wp-content\/uploads\/2026\/03\/Gemini_Generated_Image_nxia95nxia95nxia-1-1.png","width":1280,"height":720,"caption":"Algumas dores de cabe\u00e7a apresentam sinais de alerta que indicam necessidade de avalia\u00e7\u00e3o m\u00e9dica"},{"@type":"BreadcrumbList","@id":"https:\/\/www.correiobraziliense.com.br\/cbradar\/quando-uma-simples-dor-de-cabeca-pode-ser-sinal-de-condicoes-neurologicas-mais-graves\/#breadcrumb","itemListElement":[{"@type":"ListItem","position":1,"name":"In\u00edcio","item":"https:\/\/www.correiobraziliense.com.br\/cbradar\/"},{"@type":"ListItem","position":2,"name":"Quando uma simples dor de cabe\u00e7a pode ser sinal de condi\u00e7\u00f5es neurol\u00f3gicas mais graves"}]},{"@type":"WebSite","@id":"https:\/\/www.correiobraziliense.com.br\/cbradar\/#website","url":"https:\/\/www.correiobraziliense.com.br\/cbradar\/","name":"Correio Braziliense - Radar","description":"Acompanhe as \u00faltimas not\u00edcias e fique bem informado sobre tudo o que acontece no Brasil e no mundo.","potentialAction":[{"@type":"SearchAction","target":{"@type":"EntryPoint","urlTemplate":"https:\/\/www.correiobraziliense.com.br\/cbradar\/?s={search_term_string}"},"query-input":{"@type":"PropertyValueSpecification","valueRequired":true,"valueName":"search_term_string"}}],"inLanguage":"pt-BR"},{"@type":"Person","@id":"https:\/\/www.correiobraziliense.com.br\/cbradar\/#\/schema\/person\/5440b72be9c7eb74f446c846479dc4da","name":"Patrick Silva","image":{"@type":"ImageObject","inLanguage":"pt-BR","@id":"https:\/\/www.correiobraziliense.com.br\/cbradar\/#\/schema\/person\/image\/","url":"https:\/\/secure.gravatar.com\/avatar\/944109df296fc087785c9715fd5f80b2?s=96&d=mm&r=g","contentUrl":"https:\/\/secure.gravatar.com\/avatar\/944109df296fc087785c9715fd5f80b2?s=96&d=mm&r=g","caption":"Patrick Silva"},"sameAs":["https:\/\/www.correiobraziliense.com.br\/cbradar\/"],"url":"https:\/\/www.correiobraziliense.com.br\/cbradar\/author\/patrick-silva\/"}]}},"_links":{"self":[{"href":"https:\/\/www.correiobraziliense.com.br\/cbradar\/wp-json\/wp\/v2\/posts\/206888","targetHints":{"allow":["GET"]}}],"collection":[{"href":"https:\/\/www.correiobraziliense.com.br\/cbradar\/wp-json\/wp\/v2\/posts"}],"about":[{"href":"https:\/\/www.correiobraziliense.com.br\/cbradar\/wp-json\/wp\/v2\/types\/post"}],"author":[{"embeddable":true,"href":"https:\/\/www.correiobraziliense.com.br\/cbradar\/wp-json\/wp\/v2\/users\/21"}],"replies":[{"embeddable":true,"href":"https:\/\/www.correiobraziliense.com.br\/cbradar\/wp-json\/wp\/v2\/comments?post=206888"}],"version-history":[{"count":1,"href":"https:\/\/www.correiobraziliense.com.br\/cbradar\/wp-json\/wp\/v2\/posts\/206888\/revisions"}],"predecessor-version":[{"id":206903,"href":"https:\/\/www.correiobraziliense.com.br\/cbradar\/wp-json\/wp\/v2\/posts\/206888\/revisions\/206903"}],"wp:featuredmedia":[{"embeddable":true,"href":"https:\/\/www.correiobraziliense.com.br\/cbradar\/wp-json\/wp\/v2\/media\/206893"}],"wp:attachment":[{"href":"https:\/\/www.correiobraziliense.com.br\/cbradar\/wp-json\/wp\/v2\/media?parent=206888"}],"wp:term":[{"taxonomy":"category","embeddable":true,"href":"https:\/\/www.correiobraziliense.com.br\/cbradar\/wp-json\/wp\/v2\/categories?post=206888"},{"taxonomy":"post_tag","embeddable":true,"href":"https:\/\/www.correiobraziliense.com.br\/cbradar\/wp-json\/wp\/v2\/tags?post=206888"}],"curies":[{"name":"wp","href":"https:\/\/api.w.org\/{rel}","templated":true}]}}