{"id":206889,"date":"2026-03-13T11:25:00","date_gmt":"2026-03-13T14:25:00","guid":{"rendered":"https:\/\/www.correiobraziliense.com.br\/cbradar\/?p=206889"},"modified":"2026-03-11T11:59:52","modified_gmt":"2026-03-11T14:59:52","slug":"essa-e-a-razao-para-sentir-um-choque-quando-encosta-em-alguem-no-inverno","status":"publish","type":"post","link":"https:\/\/www.correiobraziliense.com.br\/cbradar\/essa-e-a-razao-para-sentir-um-choque-quando-encosta-em-alguem-no-inverno\/","title":{"rendered":"Essa \u00e9 a raz\u00e3o para sentir um \u201cchoque\u201d quando encosta em algu\u00e9m no inverno"},"content":{"rendered":"\n<p>Durante os meses mais frios, \u00e9 comum sentirmos pequenos estalos dolorosos ao tocar em objetos met\u00e1licos ou outras pessoas pr\u00f3ximas. Esse fen\u00f4meno f\u00edsico ocorre devido ao ac\u00famulo de cargas el\u00e9tricas na superf\u00edcie do corpo em ambientes muito secos. Entender a ci\u00eancia por tr\u00e1s desse inc\u00f4modo ajuda a evitar surpresas desagrad\u00e1veis no cotidiano.<\/p>\n\n\n\n<h2 class=\"wp-block-heading\">Por que o ar seco favorece esses estalos repentinos?<\/h2>\n\n\n\n<p>A baixa umidade relativa do ar durante o <a href=\"https:\/\/www.correiobraziliense.com.br\/cbradar\/a-suica-pernambucana-com-frio-no-nordeste-e-temperaturas-de-ate-10-c-e-o-festival-de-inverno-mais-disputado-da-america-latina\/\" target=\"_blank\" rel=\"noreferrer noopener\">inverno <\/a>transforma a atmosfera em um excelente isolante el\u00e9trico natural. Em dias \u00famidos, o vapor d&#8217;\u00e1gua ajuda a dissipar as cargas est\u00e1ticas de forma gradual e impercept\u00edvel. Sem essa umidade, a eletricidade fica <strong>acumulada na pele<\/strong>.<\/p>\n\n\n\n<p>Quando o corpo humano acumula muitos el\u00e9trons por meio do atrito, ele busca desesperadamente um caminho para a descarga. Ao encostar em algu\u00e9m ou em um metal, ocorre a transfer\u00eancia r\u00e1pida de energia em um microssegundo. Esse movimento brusco gera o <strong>choque caracter\u00edstico<\/strong> que sentimos no inverno.<\/p>\n\n\n\n<figure class=\"wp-block-image size-full\"><img decoding=\"async\" width=\"1280\" height=\"720\" src=\"https:\/\/www.correiobraziliense.com.br\/cbradar\/wp-content\/uploads\/2026\/03\/Gemini_Generated_Image_8sdzth8sdzth8sdz-1-1.png\" alt=\"Essa \u00e9 a raz\u00e3o para sentir um \u201cchoque\u201d quando encosta em algu\u00e9m no inverno\" class=\"wp-image-206898\" srcset=\"https:\/\/www.correiobraziliense.com.br\/cbradar\/wp-content\/uploads\/2026\/03\/Gemini_Generated_Image_8sdzth8sdzth8sdz-1-1.png 1280w, https:\/\/www.correiobraziliense.com.br\/cbradar\/wp-content\/uploads\/2026\/03\/Gemini_Generated_Image_8sdzth8sdzth8sdz-1-1-300x169.png 300w, https:\/\/www.correiobraziliense.com.br\/cbradar\/wp-content\/uploads\/2026\/03\/Gemini_Generated_Image_8sdzth8sdzth8sdz-1-1-768x432.png 768w, https:\/\/www.correiobraziliense.com.br\/cbradar\/wp-content\/uploads\/2026\/03\/Gemini_Generated_Image_8sdzth8sdzth8sdz-1-1-750x422.png 750w, https:\/\/www.correiobraziliense.com.br\/cbradar\/wp-content\/uploads\/2026\/03\/Gemini_Generated_Image_8sdzth8sdzth8sdz-1-1-1140x641.png 1140w\" sizes=\"(max-width: 1280px) 100vw, 1280px\" \/><figcaption class=\"wp-element-caption\">Encostar em metais no frio pode render estalos inc\u00f4modos e inesperados<\/figcaption><\/figure>\n\n\n\n<h2 class=\"wp-block-heading\">Como o atrito das roupas influencia a eletricidade est\u00e1tica?<\/h2>\n\n\n\n<p>O contato constante entre tecidos sint\u00e9ticos e o corpo humano \u00e9 o principal motor da gera\u00e7\u00e3o de cargas. Materiais como l\u00e3, poli\u00e9ster e seda tendem a roubar el\u00e9trons com facilidade durante o movimento cotidiano. O uso dessas pe\u00e7as aumenta a <strong>voltagem corporal<\/strong> de maneira silenciosa.<\/p>\n\n\n\n<p>Caminhar sobre carpetes ou se levantar de cadeiras estofadas tamb\u00e9m provoca a transfer\u00eancia de carga por fric\u00e7\u00e3o mec\u00e2nica. Em ambientes fechados com aquecimento central, a secura potencializa esse efeito de forma severa. O resultado \u00e9 um corpo carregado, pronto para um <strong>descarregamento r\u00e1pido<\/strong> e imediato.<\/p>\n\n\n\n<h2 class=\"wp-block-heading\">Quais medidas simples eliminam esse inc\u00f4modo invernal?<\/h2>\n\n\n\n<p>Manter a pele bem hidratada \u00e9 a forma mais eficaz de evitar o ac\u00famulo excessivo de energia est\u00e1tica. Cremes e lo\u00e7\u00f5es criam uma barreira protetora que impede o isolamento total da superf\u00edcie cut\u00e2nea. Essa pr\u00e1tica garante que o corpo permane\u00e7a em <strong>equil\u00edbrio el\u00e9trico<\/strong> constante e saud\u00e1vel.<\/p>\n\n\n\n<p>Adote estas estrat\u00e9gias fundamentais para manter o seu cotidiano livre de descargas el\u00e9tricas indesejadas:<\/p>\n\n\n\n<ul class=\"wp-block-list\">\n<li>Utilize umidificadores de ar nos ambientes internos.<\/li>\n\n\n\n<li>Prefira roupas feitas de algod\u00e3o ou fibras naturais.<\/li>\n\n\n\n<li>Toque em paredes antes de encostar em metais.<\/li>\n\n\n\n<li>Mantenha as m\u00e3os sempre hidratadas com cremes espec\u00edficos.<\/li>\n\n\n\n<li>Use cal\u00e7ados com solado de couro em vez de borracha.<\/li>\n<\/ul>\n\n\n\n<h2 class=\"wp-block-heading\">Existe algum perigo real nessas pequenas descargas el\u00e9tricas?<\/h2>\n\n\n\n<p>Na maioria das situa\u00e7\u00f5es cotidianas, os choques est\u00e1ticos s\u00e3o apenas desconfort\u00e1veis e n\u00e3o oferecem riscos biol\u00f3gicos \u00e0 sa\u00fade. A voltagem \u00e9 alta, mas a corrente el\u00e9trica \u00e9 extremamente baixa e dura apenas fra\u00e7\u00f5es de segundo. O corpo humano suporta essas <strong>descargas inofensivas<\/strong> tranquilamente em qualquer situa\u00e7\u00e3o.<\/p>\n\n\n\n<p>Entretanto, em ambientes com gases inflam\u00e1veis ou equipamentos eletr\u00f4nicos sens\u00edveis, a est\u00e1tica pode causar danos materiais ou inc\u00eandios. \u00c9 fundamental descarregar a energia antes de manusear componentes internos de computadores ou abastecer ve\u00edculos. A preven\u00e7\u00e3o evita acidentes em locais com <strong>risco de explos\u00e3o<\/strong> ou falhas.<\/p>\n\n\n\n<figure class=\"wp-block-image size-full\"><img decoding=\"async\" width=\"1280\" height=\"720\" src=\"https:\/\/www.correiobraziliense.com.br\/cbradar\/wp-content\/uploads\/2026\/03\/Gemini_Generated_Image_ajofr2ajofr2ajof-1-1.png\" alt=\"Essa \u00e9 a raz\u00e3o para sentir um \u201cchoque\u201d quando encosta em algu\u00e9m no inverno\" class=\"wp-image-206901\" srcset=\"https:\/\/www.correiobraziliense.com.br\/cbradar\/wp-content\/uploads\/2026\/03\/Gemini_Generated_Image_ajofr2ajofr2ajof-1-1.png 1280w, https:\/\/www.correiobraziliense.com.br\/cbradar\/wp-content\/uploads\/2026\/03\/Gemini_Generated_Image_ajofr2ajofr2ajof-1-1-300x169.png 300w, https:\/\/www.correiobraziliense.com.br\/cbradar\/wp-content\/uploads\/2026\/03\/Gemini_Generated_Image_ajofr2ajofr2ajof-1-1-768x432.png 768w, https:\/\/www.correiobraziliense.com.br\/cbradar\/wp-content\/uploads\/2026\/03\/Gemini_Generated_Image_ajofr2ajofr2ajof-1-1-750x422.png 750w, https:\/\/www.correiobraziliense.com.br\/cbradar\/wp-content\/uploads\/2026\/03\/Gemini_Generated_Image_ajofr2ajofr2ajof-1-1-1140x641.png 1140w\" sizes=\"(max-width: 1280px) 100vw, 1280px\" \/><figcaption class=\"wp-element-caption\">Encostar em metais no frio pode render estalos inc\u00f4modos e inesperados<\/figcaption><\/figure>\n\n\n\n<h2 class=\"wp-block-heading\">Qual \u00e9 a explica\u00e7\u00e3o f\u00edsica detalhada para esse fen\u00f4meno?<\/h2>\n\n\n\n<p>A ci\u00eancia define esse processo como eletriza\u00e7\u00e3o por contato ou atrito, onde h\u00e1 desequil\u00edbrio entre pr\u00f3tons e el\u00e9trons. Quando dois materiais se tocam, um deles tende a capturar part\u00edculas negativas, ficando carregado. O choque ocorre no exato momento da <strong>neutraliza\u00e7\u00e3o da carga<\/strong> el\u00e9trica entre as superf\u00edcies.<\/p>\n\n\n\n<p>Especialistas em f\u00edsica explicam que o desequil\u00edbrio de el\u00e9trons \u00e9 a causa raiz de toda fa\u00edsca est\u00e1tica observada. Compreender esses princ\u00edpios ajuda a evitar danos em aparelhos eletr\u00f4nicos sens\u00edveis. Acesse as explica\u00e7\u00f5es da <a target=\"_blank\" rel=\"noreferrer noopener\" href=\"https:\/\/www.loc.gov\/everyday-mysteries\/physics\/item\/how-does-static-electricity-work\/\">Library of Congress<\/a> para dominar este tema com <strong>m\u00e1ximo rigor cient\u00edfico<\/strong> e seguran\u00e7a.<\/p>\n","protected":false},"excerpt":{"rendered":"<p>Durante os meses mais frios, \u00e9 comum sentirmos pequenos estalos dolorosos ao tocar em objetos met\u00e1licos ou outras pessoas pr\u00f3ximas. Esse fen\u00f4meno f\u00edsico ocorre devido ao ac\u00famulo de cargas el\u00e9tricas na superf\u00edcie do corpo em ambientes muito secos. Entender a ci\u00eancia por tr\u00e1s desse inc\u00f4modo ajuda a evitar surpresas desagrad\u00e1veis no cotidiano. Por que o [&hellip;]<\/p>\n","protected":false},"author":21,"featured_media":206894,"comment_status":"open","ping_status":"open","sticky":false,"template":"","format":"standard","meta":{"_yoast_wpseo_focuskw":"Por que sentimos choques no inverno com o ar mais seco","_yoast_wpseo_title":"","_yoast_wpseo_metadesc":"Aquele estalo ao tocar metal no inverno n\u00e3o acontece por acaso. Um fator do clima ajuda a explicar os choques mais comuns.","jnews-multi-image_gallery":[],"jnews_single_post":{"format":"standard"},"jnews_primary_category":[],"jnews_social_meta":[],"jnews_override_counter":[],"footnotes":""},"categories":[112],"tags":[3346,15971,1102],"class_list":["post-206889","post","type-post","status-publish","format-standard","has-post-thumbnail","hentry","category-curiosidades","tag-choque","tag-descargas-eletricas","tag-inverno"],"yoast_head":"<!-- This site is optimized with the Yoast SEO plugin v24.6 - https:\/\/yoast.com\/wordpress\/plugins\/seo\/ -->\n<title>Essa \u00e9 a raz\u00e3o para sentir um \u201cchoque\u201d quando encosta em algu\u00e9m no inverno - Correio Braziliense - Radar<\/title>\n<meta name=\"description\" content=\"Aquele estalo ao tocar metal no inverno n\u00e3o acontece por acaso. Um fator do clima ajuda a explicar os choques mais comuns.\" \/>\n<meta name=\"robots\" content=\"index, follow, max-snippet:-1, max-image-preview:large, max-video-preview:-1\" \/>\n<link rel=\"canonical\" href=\"https:\/\/www.correiobraziliense.com.br\/cbradar\/essa-e-a-razao-para-sentir-um-choque-quando-encosta-em-alguem-no-inverno\/\" \/>\n<meta property=\"og:locale\" content=\"pt_BR\" \/>\n<meta property=\"og:type\" content=\"article\" \/>\n<meta property=\"og:title\" content=\"Essa \u00e9 a raz\u00e3o para sentir um \u201cchoque\u201d quando encosta em algu\u00e9m no inverno - Correio Braziliense - Radar\" \/>\n<meta property=\"og:description\" content=\"Aquele estalo ao tocar metal no inverno n\u00e3o acontece por acaso. Um fator do clima ajuda a explicar os choques mais comuns.\" \/>\n<meta property=\"og:url\" content=\"https:\/\/www.correiobraziliense.com.br\/cbradar\/essa-e-a-razao-para-sentir-um-choque-quando-encosta-em-alguem-no-inverno\/\" \/>\n<meta property=\"og:site_name\" content=\"Correio Braziliense - Radar\" \/>\n<meta property=\"article:published_time\" content=\"2026-03-13T14:25:00+00:00\" \/>\n<meta property=\"og:image\" content=\"https:\/\/www.correiobraziliense.com.br\/cbradar\/wp-content\/uploads\/2026\/03\/Gemini_Generated_Image_ygq4e7ygq4e7ygq4-1-1.png\" \/>\n\t<meta property=\"og:image:width\" content=\"1280\" \/>\n\t<meta property=\"og:image:height\" content=\"720\" \/>\n\t<meta property=\"og:image:type\" content=\"image\/png\" \/>\n<meta name=\"author\" content=\"Patrick Silva\" \/>\n<meta name=\"twitter:card\" content=\"summary_large_image\" \/>\n<meta name=\"twitter:label1\" content=\"Escrito por\" \/>\n\t<meta name=\"twitter:data1\" content=\"Patrick Silva\" \/>\n\t<meta name=\"twitter:label2\" content=\"Est. tempo de leitura\" \/>\n\t<meta name=\"twitter:data2\" content=\"4 minutos\" \/>\n<!-- \/ Yoast SEO plugin. -->","yoast_head_json":{"title":"Essa \u00e9 a raz\u00e3o para sentir um \u201cchoque\u201d quando encosta em algu\u00e9m no inverno - Correio Braziliense - Radar","description":"Aquele estalo ao tocar metal no inverno n\u00e3o acontece por acaso. Um fator do clima ajuda a explicar os choques mais comuns.","robots":{"index":"index","follow":"follow","max-snippet":"max-snippet:-1","max-image-preview":"max-image-preview:large","max-video-preview":"max-video-preview:-1"},"canonical":"https:\/\/www.correiobraziliense.com.br\/cbradar\/essa-e-a-razao-para-sentir-um-choque-quando-encosta-em-alguem-no-inverno\/","og_locale":"pt_BR","og_type":"article","og_title":"Essa \u00e9 a raz\u00e3o para sentir um \u201cchoque\u201d quando encosta em algu\u00e9m no inverno - Correio Braziliense - Radar","og_description":"Aquele estalo ao tocar metal no inverno n\u00e3o acontece por acaso. Um fator do clima ajuda a explicar os choques mais comuns.","og_url":"https:\/\/www.correiobraziliense.com.br\/cbradar\/essa-e-a-razao-para-sentir-um-choque-quando-encosta-em-alguem-no-inverno\/","og_site_name":"Correio Braziliense - Radar","article_published_time":"2026-03-13T14:25:00+00:00","og_image":[{"width":1280,"height":720,"url":"https:\/\/www.correiobraziliense.com.br\/cbradar\/wp-content\/uploads\/2026\/03\/Gemini_Generated_Image_ygq4e7ygq4e7ygq4-1-1.png","type":"image\/png"}],"author":"Patrick Silva","twitter_card":"summary_large_image","twitter_misc":{"Escrito por":"Patrick Silva","Est. tempo de leitura":"4 minutos"},"schema":{"@context":"https:\/\/schema.org","@graph":[{"@type":"WebPage","@id":"https:\/\/www.correiobraziliense.com.br\/cbradar\/essa-e-a-razao-para-sentir-um-choque-quando-encosta-em-alguem-no-inverno\/","url":"https:\/\/www.correiobraziliense.com.br\/cbradar\/essa-e-a-razao-para-sentir-um-choque-quando-encosta-em-alguem-no-inverno\/","name":"Essa \u00e9 a raz\u00e3o para sentir um \u201cchoque\u201d quando encosta em algu\u00e9m no inverno - Correio Braziliense - Radar","isPartOf":{"@id":"https:\/\/www.correiobraziliense.com.br\/cbradar\/#website"},"primaryImageOfPage":{"@id":"https:\/\/www.correiobraziliense.com.br\/cbradar\/essa-e-a-razao-para-sentir-um-choque-quando-encosta-em-alguem-no-inverno\/#primaryimage"},"image":{"@id":"https:\/\/www.correiobraziliense.com.br\/cbradar\/essa-e-a-razao-para-sentir-um-choque-quando-encosta-em-alguem-no-inverno\/#primaryimage"},"thumbnailUrl":"https:\/\/www.correiobraziliense.com.br\/cbradar\/wp-content\/uploads\/2026\/03\/Gemini_Generated_Image_ygq4e7ygq4e7ygq4-1-1.png","datePublished":"2026-03-13T14:25:00+00:00","author":{"@id":"https:\/\/www.correiobraziliense.com.br\/cbradar\/#\/schema\/person\/5440b72be9c7eb74f446c846479dc4da"},"description":"Aquele estalo ao tocar metal no inverno n\u00e3o acontece por acaso. Um fator do clima ajuda a explicar os choques mais comuns.","breadcrumb":{"@id":"https:\/\/www.correiobraziliense.com.br\/cbradar\/essa-e-a-razao-para-sentir-um-choque-quando-encosta-em-alguem-no-inverno\/#breadcrumb"},"inLanguage":"pt-BR","potentialAction":[{"@type":"ReadAction","target":["https:\/\/www.correiobraziliense.com.br\/cbradar\/essa-e-a-razao-para-sentir-um-choque-quando-encosta-em-alguem-no-inverno\/"]}]},{"@type":"ImageObject","inLanguage":"pt-BR","@id":"https:\/\/www.correiobraziliense.com.br\/cbradar\/essa-e-a-razao-para-sentir-um-choque-quando-encosta-em-alguem-no-inverno\/#primaryimage","url":"https:\/\/www.correiobraziliense.com.br\/cbradar\/wp-content\/uploads\/2026\/03\/Gemini_Generated_Image_ygq4e7ygq4e7ygq4-1-1.png","contentUrl":"https:\/\/www.correiobraziliense.com.br\/cbradar\/wp-content\/uploads\/2026\/03\/Gemini_Generated_Image_ygq4e7ygq4e7ygq4-1-1.png","width":1280,"height":720,"caption":"Encostar em metais no frio pode render estalos inc\u00f4modos e inesperados"},{"@type":"BreadcrumbList","@id":"https:\/\/www.correiobraziliense.com.br\/cbradar\/essa-e-a-razao-para-sentir-um-choque-quando-encosta-em-alguem-no-inverno\/#breadcrumb","itemListElement":[{"@type":"ListItem","position":1,"name":"In\u00edcio","item":"https:\/\/www.correiobraziliense.com.br\/cbradar\/"},{"@type":"ListItem","position":2,"name":"Essa \u00e9 a raz\u00e3o para sentir um \u201cchoque\u201d quando encosta em algu\u00e9m no inverno"}]},{"@type":"WebSite","@id":"https:\/\/www.correiobraziliense.com.br\/cbradar\/#website","url":"https:\/\/www.correiobraziliense.com.br\/cbradar\/","name":"Correio Braziliense - Radar","description":"Acompanhe as \u00faltimas not\u00edcias e fique bem informado sobre tudo o que acontece no Brasil e no mundo.","potentialAction":[{"@type":"SearchAction","target":{"@type":"EntryPoint","urlTemplate":"https:\/\/www.correiobraziliense.com.br\/cbradar\/?s={search_term_string}"},"query-input":{"@type":"PropertyValueSpecification","valueRequired":true,"valueName":"search_term_string"}}],"inLanguage":"pt-BR"},{"@type":"Person","@id":"https:\/\/www.correiobraziliense.com.br\/cbradar\/#\/schema\/person\/5440b72be9c7eb74f446c846479dc4da","name":"Patrick Silva","image":{"@type":"ImageObject","inLanguage":"pt-BR","@id":"https:\/\/www.correiobraziliense.com.br\/cbradar\/#\/schema\/person\/image\/","url":"https:\/\/secure.gravatar.com\/avatar\/944109df296fc087785c9715fd5f80b2?s=96&d=mm&r=g","contentUrl":"https:\/\/secure.gravatar.com\/avatar\/944109df296fc087785c9715fd5f80b2?s=96&d=mm&r=g","caption":"Patrick Silva"},"sameAs":["https:\/\/www.correiobraziliense.com.br\/cbradar\/"],"url":"https:\/\/www.correiobraziliense.com.br\/cbradar\/author\/patrick-silva\/"}]}},"_links":{"self":[{"href":"https:\/\/www.correiobraziliense.com.br\/cbradar\/wp-json\/wp\/v2\/posts\/206889","targetHints":{"allow":["GET"]}}],"collection":[{"href":"https:\/\/www.correiobraziliense.com.br\/cbradar\/wp-json\/wp\/v2\/posts"}],"about":[{"href":"https:\/\/www.correiobraziliense.com.br\/cbradar\/wp-json\/wp\/v2\/types\/post"}],"author":[{"embeddable":true,"href":"https:\/\/www.correiobraziliense.com.br\/cbradar\/wp-json\/wp\/v2\/users\/21"}],"replies":[{"embeddable":true,"href":"https:\/\/www.correiobraziliense.com.br\/cbradar\/wp-json\/wp\/v2\/comments?post=206889"}],"version-history":[{"count":4,"href":"https:\/\/www.correiobraziliense.com.br\/cbradar\/wp-json\/wp\/v2\/posts\/206889\/revisions"}],"predecessor-version":[{"id":206906,"href":"https:\/\/www.correiobraziliense.com.br\/cbradar\/wp-json\/wp\/v2\/posts\/206889\/revisions\/206906"}],"wp:featuredmedia":[{"embeddable":true,"href":"https:\/\/www.correiobraziliense.com.br\/cbradar\/wp-json\/wp\/v2\/media\/206894"}],"wp:attachment":[{"href":"https:\/\/www.correiobraziliense.com.br\/cbradar\/wp-json\/wp\/v2\/media?parent=206889"}],"wp:term":[{"taxonomy":"category","embeddable":true,"href":"https:\/\/www.correiobraziliense.com.br\/cbradar\/wp-json\/wp\/v2\/categories?post=206889"},{"taxonomy":"post_tag","embeddable":true,"href":"https:\/\/www.correiobraziliense.com.br\/cbradar\/wp-json\/wp\/v2\/tags?post=206889"}],"curies":[{"name":"wp","href":"https:\/\/api.w.org\/{rel}","templated":true}]}}