{"id":206930,"date":"2026-03-12T18:25:00","date_gmt":"2026-03-12T21:25:00","guid":{"rendered":"https:\/\/www.correiobraziliense.com.br\/cbradar\/?p=206930"},"modified":"2026-03-11T16:20:03","modified_gmt":"2026-03-11T19:20:03","slug":"treinar-todos-os-dias-pode-parecer-saudavel-mas-o-excesso-pode-sabotar-seu-corpo","status":"publish","type":"post","link":"https:\/\/www.correiobraziliense.com.br\/cbradar\/treinar-todos-os-dias-pode-parecer-saudavel-mas-o-excesso-pode-sabotar-seu-corpo\/","title":{"rendered":"Treinar todos os dias pode parecer saud\u00e1vel, mas o excesso pode sabotar seu corpo"},"content":{"rendered":"\n<p>O desejo de alcan\u00e7ar rapidamente o corpo ideal ou aliviar o estresse do cotidiano leva muitas pessoas a se dedicarem a sess\u00f5es di\u00e1rias de exerc\u00edcio f\u00edsico, mas, segundo especialistas, o corpo precisa tanto de est\u00edmulo quanto de descanso para otimizar desempenho, recupera\u00e7\u00e3o muscular e sa\u00fade geral.<\/p>\n\n\n\n<h2 class=\"wp-block-heading\">O que \u00e9 overtraining e quais s\u00e3o seus impactos na sa\u00fade?<\/h2>\n\n\n\n<p>O overtraining ocorre quando o corpo n\u00e3o se recupera adequadamente entre sess\u00f5es intensas de exerc\u00edcio, gerando dores persistentes, queda de desempenho, altera\u00e7\u00f5es no sono e no humor. Esse cansa\u00e7o excessivo n\u00e3o se resolve apenas com um dia de pausa, exigindo ajustes na intensidade, frequ\u00eancia e qualidade do treino.<\/p>\n\n\n\n<p>Reconhecer sinais como fadiga constante, irritabilidade, falta de motiva\u00e7\u00e3o e aumento de les\u00f5es \u00e9 essencial para reavaliar a rotina. Ao notar esses sintomas, \u00e9 importante reduzir a carga, priorizar o descanso e, se poss\u00edvel, buscar orienta\u00e7\u00e3o profissional para reestruturar o programa de exerc\u00edcios.<\/p>\n\n\n\n<p>Para compreender melhor como identificar sinais de <strong>overtraining<\/strong>, assista ao v\u00eddeo a seguir, no qual o especialista explica o assunto de forma clara e did\u00e1tica no canal respons\u00e1vel pelo conte\u00fado. Eu n\u00e3o consegui confirmar com seguran\u00e7a o nome do profissional nem o canal desse v\u00eddeo espec\u00edfico<\/p>\n\n\n\n<iframe loading=\"lazy\" width=\"1396\" height=\"785\" src=\"https:\/\/www.youtube.com\/embed\/wxFd352OowM\" title=\"Como Saber Se Voc\u00ea Est\u00e1 Em Overtraining?\" frameborder=\"0\" allow=\"accelerometer; autoplay; clipboard-write; encrypted-media; gyroscope; picture-in-picture; web-share\" referrerpolicy=\"strict-origin-when-cross-origin\" allowfullscreen><\/iframe>\n\n\n\n<h2 class=\"wp-block-heading\">Como organizar uma rotina de treinos saud\u00e1vel e equilibrada?<\/h2>\n\n\n\n<p>Movimentar-se diariamente pode ser muito ben\u00e9fico quando h\u00e1 equil\u00edbrio entre intensidade, volume e recupera\u00e7\u00e3o. Atividades como caminhadas, ioga, alongamentos e treinos regenerativos s\u00e3o boas op\u00e7\u00f5es para o dia a dia, especialmente quando combinadas com muscula\u00e7\u00e3o e exerc\u00edcios aer\u00f3bicos em dias alternados.<\/p>\n\n\n\n<p>Al\u00e9m da periodiza\u00e7\u00e3o dos treinos, \u00e9 fundamental considerar alimenta\u00e7\u00e3o balanceada e sono de qualidade para sustentar o rendimento. Esses fatores, aliados ao planejamento do exerc\u00edcio, ajudam a manter uma rotina eficaz sem comprometer <a href=\"https:\/\/www.correiobraziliense.com.br\/cbradar\/?p=205652&amp;preview=true\" target=\"_blank\" rel=\"noreferrer noopener\">sa\u00fade <\/a>hormonal, imunidade e bem-estar mental.<\/p>\n\n\n<div class=\"wp-block-image\">\n<figure class=\"aligncenter size-large\"><img decoding=\"async\" width=\"1024\" height=\"576\" src=\"https:\/\/www.correiobraziliense.com.br\/cbradar\/wp-content\/uploads\/2025\/08\/overtraining_1756404137928-1024x576.jpg\" alt=\"\" class=\"wp-image-94355\" srcset=\"https:\/\/www.correiobraziliense.com.br\/cbradar\/wp-content\/uploads\/2025\/08\/overtraining_1756404137928-1024x576.jpg 1024w, https:\/\/www.correiobraziliense.com.br\/cbradar\/wp-content\/uploads\/2025\/08\/overtraining_1756404137928-300x169.jpg 300w, https:\/\/www.correiobraziliense.com.br\/cbradar\/wp-content\/uploads\/2025\/08\/overtraining_1756404137928-768x432.jpg 768w, https:\/\/www.correiobraziliense.com.br\/cbradar\/wp-content\/uploads\/2025\/08\/overtraining_1756404137928-750x422.jpg 750w, https:\/\/www.correiobraziliense.com.br\/cbradar\/wp-content\/uploads\/2025\/08\/overtraining_1756404137928-1140x641.jpg 1140w, https:\/\/www.correiobraziliense.com.br\/cbradar\/wp-content\/uploads\/2025\/08\/overtraining_1756404137928.jpg 1280w\" sizes=\"(max-width: 1024px) 100vw, 1024px\" \/><figcaption class=\"wp-element-caption\">Overtraining &#8211; Cr\u00e9ditos: depositphotos.com \/ terovesalainen<\/figcaption><\/figure><\/div>\n\n\n<h2 class=\"wp-block-heading\">Quais atividades podem ser praticadas diariamente com seguran\u00e7a?<\/h2>\n\n\n\n<p>As atividades de baixa a moderada intensidade s\u00e3o as mais indicadas para quem deseja se exercitar todos os dias sem sobrecarregar o organismo. Elas favorecem o condicionamento cardiovascular, o controle do estresse e a manuten\u00e7\u00e3o da mobilidade, desde que se respeitem os limites individuais e sinais do corpo.<\/p>\n\n\n\n<p>A seguir, algumas pr\u00e1ticas geralmente bem toleradas para o dia a dia, quando ajustadas \u00e0 condi\u00e7\u00e3o f\u00edsica de cada pessoa:<\/p>\n\n\n\n<style>\n  .make-wrap{\n    max-width: 760px;\n    margin: 26px auto;\n    padding: 18px;\n    border-radius: 18px;\n    background: linear-gradient(135deg,#fff7fb 0%,#f6f2ff 100%);\n    border: 1px solid #f7d4ea;\n    box-shadow: 0 8px 20px rgba(236,72,153,.12);\n    font-family: system-ui, -apple-system, Segoe UI, Roboto, Helvetica, Arial, sans-serif;\n  }\n\n  .make-title{\n    display:flex; \n    align-items:center; \n    gap:10px;\n    margin:0 0 12px 4px;\n    font-size:1.2rem; \n    font-weight:900; \n    color:#9d174d;\n  }\n\n  .make-table{\n    width:100%;\n    border-collapse:separate;\n    border-spacing:0;\n    overflow:hidden;\n    border-radius:16px;\n    border:1px solid #f7d4ea;\n    background:#fff;\n    font-size:.92rem;\n  }\n\n  .make-table thead th{\n    background:linear-gradient(90deg,#fde7f3 0%,#f8e9ff 100%);\n    padding:12px;\n    color:#7a1e63;\n    font-weight:800;\n    text-align:left;\n    border-bottom:1px solid #f7d4ea;\n  }\n\n  .make-table tbody td{\n    padding:12px;\n    color:#374151;\n    vertical-align:top;\n    border-bottom:1px dashed #f7d4ea;\n  }\n\n  .make-table tbody tr:nth-child(odd){\n    background:#fffaff;\n  }\n\n  .price{\n    display:inline-flex;\n    align-items:center;\n    background:#fff7ed;\n    color:#b45309;\n    padding:6px 10px;\n    border-radius:10px;\n    border:1px solid #fed7aa;\n    font-weight:700;\n    white-space:nowrap;\n  }\n\n  .badge{\n    display:inline-block;\n    background:#fde7f3;\n    color:#c026d3;\n    border:1px solid #fecdd3;\n    padding:4px 10px;\n    border-radius:999px;\n    font-weight:700;\n    font-size:.78rem;\n  }\n\n  @media (max-width:720px){\n    .make-table thead{display:none}\n    .make-table, .make-table tbody, .make-table tr, .make-table td{\n      display:block; \n      width:100%;\n    }\n    .make-table tr{\n      margin-bottom:12px;\n      border:1px solid #f7d4ea;\n      border-radius:14px;\n      overflow:hidden;\n      background:#fff;\n    }\n    .make-table td[data-label]:before{\n      content:attr(data-label);\n      display:block;\n      font-weight:800;\n      color:#7a1e63;\n      margin-bottom:4px;\n    }\n    .make-table tbody td:last-child{border-bottom:none}\n  }\n<\/style>\n\n<div class=\"make-wrap\">\n  <h3 class=\"make-title\">\ud83c\udfc3\u200d\u2640\ufe0f\u2728 Atividades f\u00edsicas leves e seguras<\/h3>\n\n  <table class=\"make-table\">\n    <thead>\n      <tr>\n        <th>Atividade<\/th>\n        <th>Descri\u00e7\u00e3o<\/th>\n      <\/tr>\n    <\/thead>\n    <tbody>\n      <tr>\n        <td data-label=\"Atividade\">Caminhadas<\/td>\n        <td data-label=\"Descri\u00e7\u00e3o\">Caminhadas leves ou moderadas, em terreno plano ou com pequenas inclina\u00e7\u00f5es.<\/td>\n      <\/tr>\n      <tr>\n        <td data-label=\"Atividade\">Pedaladas recreativas<\/td>\n        <td data-label=\"Descri\u00e7\u00e3o\">Pedaladas recreativas, com ritmo confort\u00e1vel e sem grandes esfor\u00e7os prolongados.<\/td>\n      <\/tr>\n      <tr>\n        <td data-label=\"Atividade\">Mobilidade e alongamento<\/td>\n        <td data-label=\"Descri\u00e7\u00e3o\">Exerc\u00edcios de mobilidade articular e alongamentos suaves, focados em amplitude e conforto.<\/td>\n      <\/tr>\n      <tr>\n        <td data-label=\"Atividade\">Ioga ou pilates<\/td>\n        <td data-label=\"Descri\u00e7\u00e3o\">Pr\u00e1ticas de ioga ou pilates com \u00eanfase em controle respirat\u00f3rio e postura.<\/td>\n      <\/tr>\n    <\/tbody>\n  <\/table>\n\n  <p style=\"margin-top:14px; color:#6b7280; font-size:.9rem;\">\n    \ud83d\udca1 <strong>Dica:<\/strong> Atividades leves e regulares ajudam a melhorar a mobilidade, o equil\u00edbrio e o bem-estar geral.\n  <\/p>\n<\/div>\n\n\n\n\n<h2 class=\"wp-block-heading\">Treino inteligente e descanso adequado para resultados duradouros<\/h2>\n\n\n\n<p>O movimento \u00e9 essencial para a sa\u00fade, mas o verdadeiro sucesso nas pr\u00e1ticas f\u00edsicas est\u00e1 na combina\u00e7\u00e3o harmoniosa entre atividade e recupera\u00e7\u00e3o. Ouvir o corpo, ajustar cargas, variar est\u00edmulos e respeitar o sono permite preservar o bem-estar a longo prazo e reduzir o risco de les\u00f5es.<\/p>\n\n\n\n<p>Mais importante do que a frequ\u00eancia isolada \u00e9 a qualidade do treino, o planejamento e o autocuidado. Um treino inteligente, com pausas bem distribu\u00eddas, sempre supera rotinas autom\u00e1ticas e sem estrat\u00e9gia, promovendo melhor desempenho f\u00edsico e mental ao longo dos anos.<\/p>\n\n\n<a href=\"https:\/\/www.instagram.com\/dra.annaluisabf\/\" target=\"_blank\" rel=\"noopener\" style=\"text-decoration: none; color: inherit;\">\n    <span style=\"display: inline-block; border: 1px solid #ccc; border-radius: 10px; padding: 15px; max-width: 550px; font-family: sans-serif; box-shadow: 0 2px 5px rgba(0,0,0,0.1); width: 100%;\">\n\n      <!-- T\u00edtulo -->\n      <span style=\"display: block; margin: 0 0 15px 0; font-weight: bold; color: #2c3e50; text-align: center;\">\n        Entre em contato:\n      <\/span>\n\n      <!-- Linha do perfil -->\n      <span style=\"display: flex; align-items: center; gap: 15px;\">\n        <img decoding=\"async\"\n          src=\"https:\/\/www.correiobraziliense.com.br\/cbradar\/wp-content\/uploads\/2025\/08\/dra_anna_luisa.jpeg\"\n          alt=\"Foto da Dra. Anna Lu\u00edsa\"\n          style=\"border-radius: 50%; width: 80px; height: 80px; object-fit: cover;\"\n        \/>\n        <span style=\"display: flex; flex-direction: column;\">\n          <span style=\"font-size: 18px; font-weight: 700; color: #2c3e50;\">Dra. Anna Lu\u00edsa Barbosa Fernandes<\/span>\n          <span style=\"color: #555;\">CRM-GO 33.271<\/span>\n        <\/span>\n      <\/span>\n\n      <!-- Redes -->\n      <span style=\"display: flex; align-items: center; gap: 10px; margin-top: 12px;\">\n        <img decoding=\"async\" src=\"https:\/\/cdn-icons-png.flaticon.com\/24\/1384\/1384063.png\" alt=\"Instagram\" width=\"24\" height=\"24\" \/>\n        <span style=\"text-decoration: underline; color: #2c3e50;\">@dra.annaluisabf<\/span>\n      <\/span>\n\n    <\/span>\n  <\/a>","protected":false},"excerpt":{"rendered":"<p>O desejo de alcan\u00e7ar rapidamente o corpo ideal ou aliviar o estresse do cotidiano leva muitas pessoas a se dedicarem a sess\u00f5es di\u00e1rias de exerc\u00edcio f\u00edsico, mas, segundo especialistas, o corpo precisa tanto de est\u00edmulo quanto de descanso para otimizar desempenho, recupera\u00e7\u00e3o muscular e sa\u00fade geral. O que \u00e9 overtraining e quais s\u00e3o seus impactos [&hellip;]<\/p>\n","protected":false},"author":14,"featured_media":0,"comment_status":"open","ping_status":"open","sticky":false,"template":"","format":"standard","meta":{"_yoast_wpseo_focuskw":"","_yoast_wpseo_title":"","_yoast_wpseo_metadesc":"","jnews-multi-image_gallery":[],"jnews_single_post":[],"jnews_primary_category":[],"jnews_social_meta":[],"jnews_override_counter":[],"footnotes":""},"categories":[4404],"post_tag":[120,247,1318],"class_list":["post-206930","post","type-post","status-publish","format-standard","hentry","category-saude","tag-bem-estar","tag-qualidade-de-vida","tag-saude-2"],"yoast_head":"<!-- This site is optimized with the Yoast SEO plugin v24.6 - https:\/\/yoast.com\/wordpress\/plugins\/seo\/ -->\n<title>Treinar todos os dias pode parecer saud\u00e1vel, mas o excesso pode sabotar seu corpo - Correio Braziliense - Radar<\/title>\n<meta name=\"robots\" content=\"index, follow, max-snippet:-1, max-image-preview:large, max-video-preview:-1\" \/>\n<link rel=\"canonical\" href=\"https:\/\/www.correiobraziliense.com.br\/cbradar\/treinar-todos-os-dias-pode-parecer-saudavel-mas-o-excesso-pode-sabotar-seu-corpo\/\" \/>\n<meta property=\"og:locale\" content=\"pt_BR\" \/>\n<meta property=\"og:type\" content=\"article\" \/>\n<meta property=\"og:title\" content=\"Treinar todos os dias pode parecer saud\u00e1vel, mas o excesso pode sabotar seu corpo - Correio Braziliense - Radar\" \/>\n<meta property=\"og:description\" content=\"O desejo de alcan\u00e7ar rapidamente o corpo ideal ou aliviar o estresse do cotidiano leva muitas pessoas a se dedicarem a sess\u00f5es di\u00e1rias de exerc\u00edcio f\u00edsico, mas, segundo especialistas, o corpo precisa tanto de est\u00edmulo quanto de descanso para otimizar desempenho, recupera\u00e7\u00e3o muscular e sa\u00fade geral. O que \u00e9 overtraining e quais s\u00e3o seus impactos [&hellip;]\" \/>\n<meta property=\"og:url\" content=\"https:\/\/www.correiobraziliense.com.br\/cbradar\/treinar-todos-os-dias-pode-parecer-saudavel-mas-o-excesso-pode-sabotar-seu-corpo\/\" \/>\n<meta property=\"og:site_name\" content=\"Correio Braziliense - Radar\" \/>\n<meta property=\"article:published_time\" content=\"2026-03-12T21:25:00+00:00\" \/>\n<meta property=\"og:image\" content=\"https:\/\/www.correiobraziliense.com.br\/cbradar\/wp-content\/uploads\/2025\/08\/overtraining_1756404137928.jpg\" \/>\n\t<meta property=\"og:image:width\" content=\"1280\" \/>\n\t<meta property=\"og:image:height\" content=\"720\" \/>\n\t<meta property=\"og:image:type\" content=\"image\/jpeg\" \/>\n<meta name=\"author\" content=\"guilherme_saude\" \/>\n<meta name=\"twitter:card\" content=\"summary_large_image\" \/>\n<meta name=\"twitter:label1\" content=\"Escrito por\" \/>\n\t<meta name=\"twitter:data1\" content=\"guilherme_saude\" \/>\n\t<meta name=\"twitter:label2\" content=\"Est. tempo de leitura\" \/>\n\t<meta name=\"twitter:data2\" content=\"3 minutos\" \/>\n<!-- \/ Yoast SEO plugin. -->","yoast_head_json":{"title":"Treinar todos os dias pode parecer saud\u00e1vel, mas o excesso pode sabotar seu corpo - Correio Braziliense - Radar","robots":{"index":"index","follow":"follow","max-snippet":"max-snippet:-1","max-image-preview":"max-image-preview:large","max-video-preview":"max-video-preview:-1"},"canonical":"https:\/\/www.correiobraziliense.com.br\/cbradar\/treinar-todos-os-dias-pode-parecer-saudavel-mas-o-excesso-pode-sabotar-seu-corpo\/","og_locale":"pt_BR","og_type":"article","og_title":"Treinar todos os dias pode parecer saud\u00e1vel, mas o excesso pode sabotar seu corpo - Correio Braziliense - Radar","og_description":"O desejo de alcan\u00e7ar rapidamente o corpo ideal ou aliviar o estresse do cotidiano leva muitas pessoas a se dedicarem a sess\u00f5es di\u00e1rias de exerc\u00edcio f\u00edsico, mas, segundo especialistas, o corpo precisa tanto de est\u00edmulo quanto de descanso para otimizar desempenho, recupera\u00e7\u00e3o muscular e sa\u00fade geral. O que \u00e9 overtraining e quais s\u00e3o seus impactos [&hellip;]","og_url":"https:\/\/www.correiobraziliense.com.br\/cbradar\/treinar-todos-os-dias-pode-parecer-saudavel-mas-o-excesso-pode-sabotar-seu-corpo\/","og_site_name":"Correio Braziliense - Radar","article_published_time":"2026-03-12T21:25:00+00:00","og_image":[{"width":1280,"height":720,"url":"https:\/\/www.correiobraziliense.com.br\/cbradar\/wp-content\/uploads\/2025\/08\/overtraining_1756404137928.jpg","type":"image\/jpeg"}],"author":"guilherme_saude","twitter_card":"summary_large_image","twitter_misc":{"Escrito por":"guilherme_saude","Est. tempo de leitura":"3 minutos"},"schema":{"@context":"https:\/\/schema.org","@graph":[{"@type":"WebPage","@id":"https:\/\/www.correiobraziliense.com.br\/cbradar\/treinar-todos-os-dias-pode-parecer-saudavel-mas-o-excesso-pode-sabotar-seu-corpo\/","url":"https:\/\/www.correiobraziliense.com.br\/cbradar\/treinar-todos-os-dias-pode-parecer-saudavel-mas-o-excesso-pode-sabotar-seu-corpo\/","name":"Treinar todos os dias pode parecer saud\u00e1vel, mas o excesso pode sabotar seu corpo - Correio Braziliense - Radar","isPartOf":{"@id":"https:\/\/www.correiobraziliense.com.br\/cbradar\/#website"},"primaryImageOfPage":{"@id":"https:\/\/www.correiobraziliense.com.br\/cbradar\/treinar-todos-os-dias-pode-parecer-saudavel-mas-o-excesso-pode-sabotar-seu-corpo\/#primaryimage"},"image":{"@id":"https:\/\/www.correiobraziliense.com.br\/cbradar\/treinar-todos-os-dias-pode-parecer-saudavel-mas-o-excesso-pode-sabotar-seu-corpo\/#primaryimage"},"thumbnailUrl":"https:\/\/www.correiobraziliense.com.br\/cbradar\/wp-content\/uploads\/2025\/08\/overtraining_1756404137928-1024x576.jpg","datePublished":"2026-03-12T21:25:00+00:00","author":{"@id":"https:\/\/www.correiobraziliense.com.br\/cbradar\/#\/schema\/person\/5aa4bf3c8fa699c267933611de12978b"},"breadcrumb":{"@id":"https:\/\/www.correiobraziliense.com.br\/cbradar\/treinar-todos-os-dias-pode-parecer-saudavel-mas-o-excesso-pode-sabotar-seu-corpo\/#breadcrumb"},"inLanguage":"pt-BR","potentialAction":[{"@type":"ReadAction","target":["https:\/\/www.correiobraziliense.com.br\/cbradar\/treinar-todos-os-dias-pode-parecer-saudavel-mas-o-excesso-pode-sabotar-seu-corpo\/"]}]},{"@type":"ImageObject","inLanguage":"pt-BR","@id":"https:\/\/www.correiobraziliense.com.br\/cbradar\/treinar-todos-os-dias-pode-parecer-saudavel-mas-o-excesso-pode-sabotar-seu-corpo\/#primaryimage","url":"https:\/\/www.correiobraziliense.com.br\/cbradar\/wp-content\/uploads\/2025\/08\/overtraining_1756404137928.jpg","contentUrl":"https:\/\/www.correiobraziliense.com.br\/cbradar\/wp-content\/uploads\/2025\/08\/overtraining_1756404137928.jpg","width":1280,"height":720,"caption":"Overtraining - Cr\u00e9ditos: depositphotos.com \/ terovesalainen"},{"@type":"BreadcrumbList","@id":"https:\/\/www.correiobraziliense.com.br\/cbradar\/treinar-todos-os-dias-pode-parecer-saudavel-mas-o-excesso-pode-sabotar-seu-corpo\/#breadcrumb","itemListElement":[{"@type":"ListItem","position":1,"name":"In\u00edcio","item":"https:\/\/www.correiobraziliense.com.br\/cbradar\/"},{"@type":"ListItem","position":2,"name":"Treinar todos os dias pode parecer saud\u00e1vel, mas o excesso pode sabotar seu corpo"}]},{"@type":"WebSite","@id":"https:\/\/www.correiobraziliense.com.br\/cbradar\/#website","url":"https:\/\/www.correiobraziliense.com.br\/cbradar\/","name":"Correio Braziliense - Radar","description":"Acompanhe as \u00faltimas not\u00edcias e fique bem informado sobre tudo o que acontece no Brasil e no mundo.","potentialAction":[{"@type":"SearchAction","target":{"@type":"EntryPoint","urlTemplate":"https:\/\/www.correiobraziliense.com.br\/cbradar\/?s={search_term_string}"},"query-input":{"@type":"PropertyValueSpecification","valueRequired":true,"valueName":"search_term_string"}}],"inLanguage":"pt-BR"},{"@type":"Person","@id":"https:\/\/www.correiobraziliense.com.br\/cbradar\/#\/schema\/person\/5aa4bf3c8fa699c267933611de12978b","name":"guilherme_saude","image":{"@type":"ImageObject","inLanguage":"pt-BR","@id":"https:\/\/www.correiobraziliense.com.br\/cbradar\/#\/schema\/person\/image\/","url":"https:\/\/secure.gravatar.com\/avatar\/df9adfb835d344bc0af109d41756253f?s=96&d=mm&r=g","contentUrl":"https:\/\/secure.gravatar.com\/avatar\/df9adfb835d344bc0af109d41756253f?s=96&d=mm&r=g","caption":"guilherme_saude"},"url":"https:\/\/www.correiobraziliense.com.br\/cbradar\/author\/guilherme_saude\/"}]}},"_links":{"self":[{"href":"https:\/\/www.correiobraziliense.com.br\/cbradar\/wp-json\/wp\/v2\/posts\/206930","targetHints":{"allow":["GET"]}}],"collection":[{"href":"https:\/\/www.correiobraziliense.com.br\/cbradar\/wp-json\/wp\/v2\/posts"}],"about":[{"href":"https:\/\/www.correiobraziliense.com.br\/cbradar\/wp-json\/wp\/v2\/types\/post"}],"author":[{"embeddable":true,"href":"https:\/\/www.correiobraziliense.com.br\/cbradar\/wp-json\/wp\/v2\/users\/14"}],"replies":[{"embeddable":true,"href":"https:\/\/www.correiobraziliense.com.br\/cbradar\/wp-json\/wp\/v2\/comments?post=206930"}],"version-history":[{"count":1,"href":"https:\/\/www.correiobraziliense.com.br\/cbradar\/wp-json\/wp\/v2\/posts\/206930\/revisions"}],"predecessor-version":[{"id":207035,"href":"https:\/\/www.correiobraziliense.com.br\/cbradar\/wp-json\/wp\/v2\/posts\/206930\/revisions\/207035"}],"wp:attachment":[{"href":"https:\/\/www.correiobraziliense.com.br\/cbradar\/wp-json\/wp\/v2\/media?parent=206930"}],"wp:term":[{"taxonomy":"category","embeddable":true,"href":"https:\/\/www.correiobraziliense.com.br\/cbradar\/wp-json\/wp\/v2\/categories?post=206930"},{"taxonomy":"post_tag","embeddable":true,"href":"https:\/\/www.correiobraziliense.com.br\/cbradar\/wp-json\/wp\/v2\/post_tag?post=206930"}],"curies":[{"name":"wp","href":"https:\/\/api.w.org\/{rel}","templated":true}]}}