{"id":206940,"date":"2026-03-13T17:05:00","date_gmt":"2026-03-13T20:05:00","guid":{"rendered":"https:\/\/www.correiobraziliense.com.br\/cbradar\/?p=206940"},"modified":"2026-03-11T12:43:17","modified_gmt":"2026-03-11T15:43:17","slug":"quem-nasce-nesses-meses-costuma-dormir-melhor-ao-longo-da-vida","status":"publish","type":"post","link":"https:\/\/www.correiobraziliense.com.br\/cbradar\/quem-nasce-nesses-meses-costuma-dormir-melhor-ao-longo-da-vida\/","title":{"rendered":"Quem nasce nesses meses costuma dormir melhor ao longo da vida"},"content":{"rendered":"\n<p>O m\u00eas em que nascemos influencia profundamente diversos aspectos biol\u00f3gicos, incluindo a qualidade do sono e o ritmo circadiano ao longo de toda a vida adulta. Pesquisas cient\u00edficas indicam que a exposi\u00e7\u00e3o \u00e0 luz solar durante a gesta\u00e7\u00e3o molda o rel\u00f3gio interno do beb\u00ea de maneira permanente, funcional e tamb\u00e9m muito intensa.<\/p>\n\n\n\n<h2 class=\"wp-block-heading\">Como o m\u00eas de nascimento impacta o rel\u00f3gio biol\u00f3gico humano?<\/h2>\n\n\n\n<p>A ci\u00eancia do cronotipo estuda como o per\u00edodo do ano em que um indiv\u00edduo nasce define sua prefer\u00eancia por acordar cedo ou dormir tarde. Beb\u00eas expostos a ciclos de luz espec\u00edficos durante o desenvolvimento fetal apresentam ajustes permanentes no n\u00facleo supraquiasm\u00e1tico cerebral. Esse ajuste biol\u00f3gico determina como o corpo gerencia a produ\u00e7\u00e3o de melatonina durante as noites.<\/p>\n\n\n\n<p>Quem nasce em <strong><a href=\"https:\/\/www.correiobraziliense.com.br\/cbradar\/filhos-nascidos-nesses-meses-tendem-a-ter-maior-sensibilidade-emocional-segundo-a-astrologia\/\" target=\"_blank\" rel=\"noreferrer noopener\">meses <\/a><\/strong>com dias mais curtos e menos luz solar tende a desenvolver um ritmo circadiano mais est\u00e1vel e saud\u00e1vel. Essa configura\u00e7\u00e3o natural favorece um sono profundo e reparador, essencial para a regenera\u00e7\u00e3o celular e o equil\u00edbrio das fun\u00e7\u00f5es cognitivas di\u00e1rias. \u00c9 uma vantagem fisiol\u00f3gica silenciosa que acompanha o ser humano desde os seus primeiros momentos e fases.<\/p>\n\n\n\n<figure class=\"wp-block-image size-full\"><img decoding=\"async\" width=\"1280\" height=\"720\" src=\"https:\/\/www.correiobraziliense.com.br\/cbradar\/wp-content\/uploads\/2026\/03\/Gemini_Generated_Image_z1mg3tz1mg3tz1mg-1-1.png\" alt=\"Quem nasce nesses meses costuma dormir melhor ao longo da vida\" class=\"wp-image-206945\" srcset=\"https:\/\/www.correiobraziliense.com.br\/cbradar\/wp-content\/uploads\/2026\/03\/Gemini_Generated_Image_z1mg3tz1mg3tz1mg-1-1.png 1280w, https:\/\/www.correiobraziliense.com.br\/cbradar\/wp-content\/uploads\/2026\/03\/Gemini_Generated_Image_z1mg3tz1mg3tz1mg-1-1-300x169.png 300w, https:\/\/www.correiobraziliense.com.br\/cbradar\/wp-content\/uploads\/2026\/03\/Gemini_Generated_Image_z1mg3tz1mg3tz1mg-1-1-768x432.png 768w, https:\/\/www.correiobraziliense.com.br\/cbradar\/wp-content\/uploads\/2026\/03\/Gemini_Generated_Image_z1mg3tz1mg3tz1mg-1-1-750x422.png 750w, https:\/\/www.correiobraziliense.com.br\/cbradar\/wp-content\/uploads\/2026\/03\/Gemini_Generated_Image_z1mg3tz1mg3tz1mg-1-1-1140x641.png 1140w\" sizes=\"(max-width: 1280px) 100vw, 1280px\" \/><figcaption class=\"wp-element-caption\">O m\u00eas de nascimento pode ter liga\u00e7\u00e3o com o cronotipo e o padr\u00e3o de sono<\/figcaption><\/figure>\n\n\n\n<h2 class=\"wp-block-heading\">Quais meses favorecem um repouso noturno mais profundo e reparador?<\/h2>\n\n\n\n<p>Indiv\u00edduos nascidos durante o outono e o inverno costumam apresentar uma maior facilidade para manter rotinas de sono consistentes e produtivas. Pesquisas sugerem que esses meses favorecem o desenvolvimento de cronotipos matutinos, que est\u00e3o associados a menores \u00edndices de ins\u00f4nia e fadiga cr\u00f4nica. Dormir bem \u00e9 um pilar fundamental para manter a sa\u00fade mental e a disposi\u00e7\u00e3o f\u00edsica.<\/p>\n\n\n\n<p>Em contraste, nascidos na primavera ou no ver\u00e3o frequentemente possuem maior propens\u00e3o a serem pessoas noturnas, o que pode dificultar o descanso adequado. A estabilidade do sono em beb\u00eas de meses frios reflete um ajuste mais preciso do organismo aos ciclos naturais de luz e escurid\u00e3o. Essa harmonia biol\u00f3gica resulta em noites mais tranquilas e dias muito mais en\u00e9rgicos.<\/p>\n\n\n\n<h2 class=\"wp-block-heading\">O que a ci\u00eancia diz sobre a luz solar na gesta\u00e7\u00e3o?<\/h2>\n\n\n\n<p>A intensidade da luz captada pela m\u00e3e durante a gravidez atua como um sinalizador para o desenvolvimento do sistema end\u00f3crino do feto. Esse est\u00edmulo ambiental molda a sensibilidade do beb\u00ea \u00e0 luz ap\u00f3s o nascimento, influenciando diretamente a qualidade do repouso noturno futuro. \u00c9 fascinante como o ambiente externo dita as regras do nosso funcionamento biol\u00f3gico interno e permanente.<\/p>\n\n\n\n<p>Observe estes fatores determinantes que explicam a rela\u00e7\u00e3o entre o desenvolvimento fetal e os padr\u00f5es de repouso:<\/p>\n\n\n\n<ul class=\"wp-block-list\">\n<li>N\u00edveis de vitamina D processados pela gestante no per\u00edodo.<\/li>\n\n\n\n<li>Tempo de exposi\u00e7\u00e3o \u00e0 luz natural durante os trimestres.<\/li>\n\n\n\n<li>Varia\u00e7\u00f5es sazonais na temperatura ambiente dos primeiros meses.<\/li>\n\n\n\n<li>Ajuste da gl\u00e2ndula pineal conforme a esta\u00e7\u00e3o do nascimento.<\/li>\n\n\n\n<li>Estabilidade da melatonina produzida pelo corpo do rec\u00e9m-nascido.<\/li>\n<\/ul>\n\n\n\n<h2 class=\"wp-block-heading\">Existe rela\u00e7\u00e3o entre a esta\u00e7\u00e3o do ano e os dist\u00farbios de sono?<\/h2>\n\n\n\n<p>Estudos demonstram que a esta\u00e7\u00e3o de nascimento pode estar ligada \u00e0 predisposi\u00e7\u00e3o para certos dist\u00farbios como a apneia ou o despertar precoce. Pessoas nascidas em per\u00edodos de transi\u00e7\u00e3o clim\u00e1tica podem enfrentar maiores desafios para sincronizar o rel\u00f3gio interno com as exig\u00eancias da vida moderna. Manter a higiene do sono \u00e9 crucial para compensar qualquer tend\u00eancia gen\u00e9tica e biol\u00f3gica.<\/p>\n\n\n\n<p>A regularidade do sono impacta diretamente na longevidade e na preven\u00e7\u00e3o de doen\u00e7as metab\u00f3licas graves em homens e mulheres maduros. Compreender sua origem biol\u00f3gica ajuda a adotar estrat\u00e9gias personalizadas para melhorar o descanso noturno e garantir vitalidade m\u00e1xima. O conhecimento cient\u00edfico permite que cada pessoa ajuste seu estilo de vida para obter o <strong>m\u00e1ximo desempenho biol\u00f3gico<\/strong> di\u00e1rio.<\/p>\n\n\n\n<figure class=\"wp-block-image size-full\"><img decoding=\"async\" width=\"1280\" height=\"720\" src=\"https:\/\/www.correiobraziliense.com.br\/cbradar\/wp-content\/uploads\/2026\/03\/Gemini_Generated_Image_dy8nkcdy8nkcdy8n-1-1.png\" alt=\"Quem nasce nesses meses costuma dormir melhor ao longo da vida\" class=\"wp-image-206946\" srcset=\"https:\/\/www.correiobraziliense.com.br\/cbradar\/wp-content\/uploads\/2026\/03\/Gemini_Generated_Image_dy8nkcdy8nkcdy8n-1-1.png 1280w, https:\/\/www.correiobraziliense.com.br\/cbradar\/wp-content\/uploads\/2026\/03\/Gemini_Generated_Image_dy8nkcdy8nkcdy8n-1-1-300x169.png 300w, https:\/\/www.correiobraziliense.com.br\/cbradar\/wp-content\/uploads\/2026\/03\/Gemini_Generated_Image_dy8nkcdy8nkcdy8n-1-1-768x432.png 768w, https:\/\/www.correiobraziliense.com.br\/cbradar\/wp-content\/uploads\/2026\/03\/Gemini_Generated_Image_dy8nkcdy8nkcdy8n-1-1-750x422.png 750w, https:\/\/www.correiobraziliense.com.br\/cbradar\/wp-content\/uploads\/2026\/03\/Gemini_Generated_Image_dy8nkcdy8nkcdy8n-1-1-1140x641.png 1140w\" sizes=\"(max-width: 1280px) 100vw, 1280px\" \/><figcaption class=\"wp-element-caption\">O m\u00eas de nascimento pode ter liga\u00e7\u00e3o com o cronotipo e o padr\u00e3o de sono<\/figcaption><\/figure>\n\n\n\n<h2 class=\"wp-block-heading\">Como as pesquisas internacionais validam esses padr\u00f5es biol\u00f3gicos?<\/h2>\n\n\n\n<p>Institui\u00e7\u00f5es renomadas realizam acompanhamentos de longo prazo para mapear como o m\u00eas natal influencia a sa\u00fade sist\u00eamica de popula\u00e7\u00f5es globais diversas. Esses dados fornecem evid\u00eancias s\u00f3lidas sobre a conex\u00e3o entre o ambiente sazonal e o comportamento humano ao longo das d\u00e9cadas. \u00c9 fundamental basear nossos h\u00e1bitos em informa\u00e7\u00f5es comprovadas por especialistas de autoridade mundial e <strong>grande credibilidade<\/strong> cient\u00edfica.<\/p>\n\n\n\n<p>Pesquisas cient\u00edficas confirmam que o m\u00eas de nascimento pode influenciar aspectos biol\u00f3gicos como qualidade do sono e ritmo circadiano, com efeitos observados desde a inf\u00e2ncia at\u00e9 a vida adulta. A <strong><a href=\"https:\/\/journals.physiology.org\/doi\/full\/10.1152\/physiolgenomics.00023.2015\" target=\"_blank\" rel=\"noreferrer noopener\">exposi\u00e7\u00e3o <\/a><\/strong>\u00e0 luz solar durante a gesta\u00e7\u00e3o, via m\u00e3e, molda o rel\u00f3gio interno fetal por meio de horm\u00f4nios como melatonina e altera\u00e7\u00f5es na express\u00e3o g\u00eanica.<\/p>\n","protected":false},"excerpt":{"rendered":"<p>O m\u00eas em que nascemos influencia profundamente diversos aspectos biol\u00f3gicos, incluindo a qualidade do sono e o ritmo circadiano ao longo de toda a vida adulta. Pesquisas cient\u00edficas indicam que a exposi\u00e7\u00e3o \u00e0 luz solar durante a gesta\u00e7\u00e3o molda o rel\u00f3gio interno do beb\u00ea de maneira permanente, funcional e tamb\u00e9m muito intensa. Como o m\u00eas [&hellip;]<\/p>\n","protected":false},"author":21,"featured_media":206949,"comment_status":"open","ping_status":"open","sticky":false,"template":"","format":"standard","meta":{"_yoast_wpseo_focuskw":"M\u00eas de nascimento influencia ritmo biol\u00f3gico e sono","_yoast_wpseo_title":"","_yoast_wpseo_metadesc":"O m\u00eas de nascimento pode influenciar o rel\u00f3gio biol\u00f3gico e a qualidade do sono ao longo da vida. A ci\u00eancia aponta conex\u00f5es curiosas.","jnews-multi-image_gallery":[],"jnews_single_post":{"format":"standard"},"jnews_primary_category":[],"jnews_social_meta":[],"jnews_override_counter":[],"footnotes":""},"categories":[112],"tags":[14485,13559,1678],"class_list":["post-206940","post","type-post","status-publish","format-standard","has-post-thumbnail","hentry","category-curiosidades","tag-dormi","tag-mes-de-nascimento-2","tag-vida"],"yoast_head":"<!-- This site is optimized with the Yoast SEO plugin v24.6 - https:\/\/yoast.com\/wordpress\/plugins\/seo\/ -->\n<title>Quem nasce nesses meses costuma dormir melhor ao longo da vida - Correio Braziliense - Radar<\/title>\n<meta name=\"description\" content=\"O m\u00eas de nascimento pode influenciar o rel\u00f3gio biol\u00f3gico e a qualidade do sono ao longo da vida. A ci\u00eancia aponta conex\u00f5es curiosas.\" \/>\n<meta name=\"robots\" content=\"index, follow, max-snippet:-1, max-image-preview:large, max-video-preview:-1\" \/>\n<link rel=\"canonical\" href=\"https:\/\/www.correiobraziliense.com.br\/cbradar\/quem-nasce-nesses-meses-costuma-dormir-melhor-ao-longo-da-vida\/\" \/>\n<meta property=\"og:locale\" content=\"pt_BR\" \/>\n<meta property=\"og:type\" content=\"article\" \/>\n<meta property=\"og:title\" content=\"Quem nasce nesses meses costuma dormir melhor ao longo da vida - Correio Braziliense - Radar\" \/>\n<meta property=\"og:description\" content=\"O m\u00eas de nascimento pode influenciar o rel\u00f3gio biol\u00f3gico e a qualidade do sono ao longo da vida. A ci\u00eancia aponta conex\u00f5es curiosas.\" \/>\n<meta property=\"og:url\" content=\"https:\/\/www.correiobraziliense.com.br\/cbradar\/quem-nasce-nesses-meses-costuma-dormir-melhor-ao-longo-da-vida\/\" \/>\n<meta property=\"og:site_name\" content=\"Correio Braziliense - Radar\" \/>\n<meta property=\"article:published_time\" content=\"2026-03-13T20:05:00+00:00\" \/>\n<meta property=\"og:image\" content=\"https:\/\/www.correiobraziliense.com.br\/cbradar\/wp-content\/uploads\/2026\/03\/Gemini_Generated_Image_r4nt5kr4nt5kr4nt-1-1.png\" \/>\n\t<meta property=\"og:image:width\" content=\"1280\" \/>\n\t<meta property=\"og:image:height\" content=\"720\" \/>\n\t<meta property=\"og:image:type\" content=\"image\/png\" \/>\n<meta name=\"author\" content=\"Patrick Silva\" \/>\n<meta name=\"twitter:card\" content=\"summary_large_image\" \/>\n<meta name=\"twitter:label1\" content=\"Escrito por\" \/>\n\t<meta name=\"twitter:data1\" content=\"Patrick Silva\" \/>\n\t<meta name=\"twitter:label2\" content=\"Est. tempo de leitura\" \/>\n\t<meta name=\"twitter:data2\" content=\"5 minutos\" \/>\n<!-- \/ Yoast SEO plugin. -->","yoast_head_json":{"title":"Quem nasce nesses meses costuma dormir melhor ao longo da vida - Correio Braziliense - Radar","description":"O m\u00eas de nascimento pode influenciar o rel\u00f3gio biol\u00f3gico e a qualidade do sono ao longo da vida. A ci\u00eancia aponta conex\u00f5es curiosas.","robots":{"index":"index","follow":"follow","max-snippet":"max-snippet:-1","max-image-preview":"max-image-preview:large","max-video-preview":"max-video-preview:-1"},"canonical":"https:\/\/www.correiobraziliense.com.br\/cbradar\/quem-nasce-nesses-meses-costuma-dormir-melhor-ao-longo-da-vida\/","og_locale":"pt_BR","og_type":"article","og_title":"Quem nasce nesses meses costuma dormir melhor ao longo da vida - Correio Braziliense - Radar","og_description":"O m\u00eas de nascimento pode influenciar o rel\u00f3gio biol\u00f3gico e a qualidade do sono ao longo da vida. A ci\u00eancia aponta conex\u00f5es curiosas.","og_url":"https:\/\/www.correiobraziliense.com.br\/cbradar\/quem-nasce-nesses-meses-costuma-dormir-melhor-ao-longo-da-vida\/","og_site_name":"Correio Braziliense - Radar","article_published_time":"2026-03-13T20:05:00+00:00","og_image":[{"width":1280,"height":720,"url":"https:\/\/www.correiobraziliense.com.br\/cbradar\/wp-content\/uploads\/2026\/03\/Gemini_Generated_Image_r4nt5kr4nt5kr4nt-1-1.png","type":"image\/png"}],"author":"Patrick Silva","twitter_card":"summary_large_image","twitter_misc":{"Escrito por":"Patrick Silva","Est. tempo de leitura":"5 minutos"},"schema":{"@context":"https:\/\/schema.org","@graph":[{"@type":"WebPage","@id":"https:\/\/www.correiobraziliense.com.br\/cbradar\/quem-nasce-nesses-meses-costuma-dormir-melhor-ao-longo-da-vida\/","url":"https:\/\/www.correiobraziliense.com.br\/cbradar\/quem-nasce-nesses-meses-costuma-dormir-melhor-ao-longo-da-vida\/","name":"Quem nasce nesses meses costuma dormir melhor ao longo da vida - Correio Braziliense - Radar","isPartOf":{"@id":"https:\/\/www.correiobraziliense.com.br\/cbradar\/#website"},"primaryImageOfPage":{"@id":"https:\/\/www.correiobraziliense.com.br\/cbradar\/quem-nasce-nesses-meses-costuma-dormir-melhor-ao-longo-da-vida\/#primaryimage"},"image":{"@id":"https:\/\/www.correiobraziliense.com.br\/cbradar\/quem-nasce-nesses-meses-costuma-dormir-melhor-ao-longo-da-vida\/#primaryimage"},"thumbnailUrl":"https:\/\/www.correiobraziliense.com.br\/cbradar\/wp-content\/uploads\/2026\/03\/Gemini_Generated_Image_r4nt5kr4nt5kr4nt-1-1.png","datePublished":"2026-03-13T20:05:00+00:00","author":{"@id":"https:\/\/www.correiobraziliense.com.br\/cbradar\/#\/schema\/person\/5440b72be9c7eb74f446c846479dc4da"},"description":"O m\u00eas de nascimento pode influenciar o rel\u00f3gio biol\u00f3gico e a qualidade do sono ao longo da vida. A ci\u00eancia aponta conex\u00f5es curiosas.","breadcrumb":{"@id":"https:\/\/www.correiobraziliense.com.br\/cbradar\/quem-nasce-nesses-meses-costuma-dormir-melhor-ao-longo-da-vida\/#breadcrumb"},"inLanguage":"pt-BR","potentialAction":[{"@type":"ReadAction","target":["https:\/\/www.correiobraziliense.com.br\/cbradar\/quem-nasce-nesses-meses-costuma-dormir-melhor-ao-longo-da-vida\/"]}]},{"@type":"ImageObject","inLanguage":"pt-BR","@id":"https:\/\/www.correiobraziliense.com.br\/cbradar\/quem-nasce-nesses-meses-costuma-dormir-melhor-ao-longo-da-vida\/#primaryimage","url":"https:\/\/www.correiobraziliense.com.br\/cbradar\/wp-content\/uploads\/2026\/03\/Gemini_Generated_Image_r4nt5kr4nt5kr4nt-1-1.png","contentUrl":"https:\/\/www.correiobraziliense.com.br\/cbradar\/wp-content\/uploads\/2026\/03\/Gemini_Generated_Image_r4nt5kr4nt5kr4nt-1-1.png","width":1280,"height":720,"caption":"O m\u00eas de nascimento pode ter liga\u00e7\u00e3o com o cronotipo e o padr\u00e3o de sono"},{"@type":"BreadcrumbList","@id":"https:\/\/www.correiobraziliense.com.br\/cbradar\/quem-nasce-nesses-meses-costuma-dormir-melhor-ao-longo-da-vida\/#breadcrumb","itemListElement":[{"@type":"ListItem","position":1,"name":"In\u00edcio","item":"https:\/\/www.correiobraziliense.com.br\/cbradar\/"},{"@type":"ListItem","position":2,"name":"Quem nasce nesses meses costuma dormir melhor ao longo da vida"}]},{"@type":"WebSite","@id":"https:\/\/www.correiobraziliense.com.br\/cbradar\/#website","url":"https:\/\/www.correiobraziliense.com.br\/cbradar\/","name":"Correio Braziliense - Radar","description":"Acompanhe as \u00faltimas not\u00edcias e fique bem informado sobre tudo o que acontece no Brasil e no mundo.","potentialAction":[{"@type":"SearchAction","target":{"@type":"EntryPoint","urlTemplate":"https:\/\/www.correiobraziliense.com.br\/cbradar\/?s={search_term_string}"},"query-input":{"@type":"PropertyValueSpecification","valueRequired":true,"valueName":"search_term_string"}}],"inLanguage":"pt-BR"},{"@type":"Person","@id":"https:\/\/www.correiobraziliense.com.br\/cbradar\/#\/schema\/person\/5440b72be9c7eb74f446c846479dc4da","name":"Patrick Silva","image":{"@type":"ImageObject","inLanguage":"pt-BR","@id":"https:\/\/www.correiobraziliense.com.br\/cbradar\/#\/schema\/person\/image\/","url":"https:\/\/secure.gravatar.com\/avatar\/944109df296fc087785c9715fd5f80b2?s=96&d=mm&r=g","contentUrl":"https:\/\/secure.gravatar.com\/avatar\/944109df296fc087785c9715fd5f80b2?s=96&d=mm&r=g","caption":"Patrick Silva"},"sameAs":["https:\/\/www.correiobraziliense.com.br\/cbradar\/"],"url":"https:\/\/www.correiobraziliense.com.br\/cbradar\/author\/patrick-silva\/"}]}},"_links":{"self":[{"href":"https:\/\/www.correiobraziliense.com.br\/cbradar\/wp-json\/wp\/v2\/posts\/206940","targetHints":{"allow":["GET"]}}],"collection":[{"href":"https:\/\/www.correiobraziliense.com.br\/cbradar\/wp-json\/wp\/v2\/posts"}],"about":[{"href":"https:\/\/www.correiobraziliense.com.br\/cbradar\/wp-json\/wp\/v2\/types\/post"}],"author":[{"embeddable":true,"href":"https:\/\/www.correiobraziliense.com.br\/cbradar\/wp-json\/wp\/v2\/users\/21"}],"replies":[{"embeddable":true,"href":"https:\/\/www.correiobraziliense.com.br\/cbradar\/wp-json\/wp\/v2\/comments?post=206940"}],"version-history":[{"count":4,"href":"https:\/\/www.correiobraziliense.com.br\/cbradar\/wp-json\/wp\/v2\/posts\/206940\/revisions"}],"predecessor-version":[{"id":206951,"href":"https:\/\/www.correiobraziliense.com.br\/cbradar\/wp-json\/wp\/v2\/posts\/206940\/revisions\/206951"}],"wp:featuredmedia":[{"embeddable":true,"href":"https:\/\/www.correiobraziliense.com.br\/cbradar\/wp-json\/wp\/v2\/media\/206949"}],"wp:attachment":[{"href":"https:\/\/www.correiobraziliense.com.br\/cbradar\/wp-json\/wp\/v2\/media?parent=206940"}],"wp:term":[{"taxonomy":"category","embeddable":true,"href":"https:\/\/www.correiobraziliense.com.br\/cbradar\/wp-json\/wp\/v2\/categories?post=206940"},{"taxonomy":"post_tag","embeddable":true,"href":"https:\/\/www.correiobraziliense.com.br\/cbradar\/wp-json\/wp\/v2\/tags?post=206940"}],"curies":[{"name":"wp","href":"https:\/\/api.w.org\/{rel}","templated":true}]}}