{"id":206966,"date":"2026-03-13T17:25:00","date_gmt":"2026-03-13T20:25:00","guid":{"rendered":"https:\/\/www.correiobraziliense.com.br\/cbradar\/?p=206966"},"modified":"2026-03-11T13:58:17","modified_gmt":"2026-03-11T16:58:17","slug":"se-voce-quer-envelhecer-com-mais-bem-estar-emocional-diga-adeus-a-esses-habitos","status":"publish","type":"post","link":"https:\/\/www.correiobraziliense.com.br\/cbradar\/se-voce-quer-envelhecer-com-mais-bem-estar-emocional-diga-adeus-a-esses-habitos\/","title":{"rendered":"Se voc\u00ea quer envelhecer com mais bem-estar emocional, diga adeus a esses h\u00e1bitos"},"content":{"rendered":"\n<p>Cultivar a paz mental durante o envelhecimento exige uma revis\u00e3o profunda dos comportamentos que acumulamos ao longo das d\u00e9cadas. Abandonar v\u00edcios emocionais e h\u00e1bitos limitantes permite que a maturidade seja vivida com leveza e plenitude real. Foque em escolhas conscientes que promovam a serenidade interior e a resili\u00eancia emocional necess\u00e1ria para os dias atuais.<\/p>\n\n\n\n<h2 class=\"wp-block-heading\">Por que guardar m\u00e1goas antigas encurta sua alegria presente?<\/h2>\n\n\n\n<p>Reter ressentimentos de situa\u00e7\u00f5es passadas gera um estresse oxidativo constante que prejudica as c\u00e9lulas cerebrais e o equil\u00edbrio hormonal. Quando voc\u00ea perdoa, liberta seu organismo da carga t\u00f3xica de horm\u00f4nios como o cortisol, que costumam causar inflama\u00e7\u00f5es sist\u00eamicas silenciosas e perigosas. Priorizar a paz interior \u00e9 fundamental para manter a sa\u00fade emocional em dia e <strong>viver com leveza<\/strong>.<\/p>\n\n\n\n<p>A mente humana tende a remoer conflitos antigos, criando um ciclo de negatividade que impede o aproveitamento dos momentos atuais e felizes. Especialistas afirmam que o desapego emocional \u00e9 uma habilidade trein\u00e1vel que melhora drasticamente a qualidade das rela\u00e7\u00f5es familiares e interpessoais modernas. Escolher o perd\u00e3o di\u00e1rio \u00e9 uma estrat\u00e9gia inteligente para garantir uma <strong>longevidade mental verdadeiramente saud\u00e1vel<\/strong> hoje.<\/p>\n\n\n\n<figure class=\"wp-block-image size-full\"><img decoding=\"async\" width=\"1280\" height=\"720\" src=\"https:\/\/www.correiobraziliense.com.br\/cbradar\/wp-content\/uploads\/2026\/03\/Gemini_Generated_Image_h2uk67h2uk67h2uk-1-1.png\" alt=\"Se voc\u00ea quer envelhecer com mais bem-estar emocional, diga adeus a esses h\u00e1bitos\" class=\"wp-image-206969\" srcset=\"https:\/\/www.correiobraziliense.com.br\/cbradar\/wp-content\/uploads\/2026\/03\/Gemini_Generated_Image_h2uk67h2uk67h2uk-1-1.png 1280w, https:\/\/www.correiobraziliense.com.br\/cbradar\/wp-content\/uploads\/2026\/03\/Gemini_Generated_Image_h2uk67h2uk67h2uk-1-1-300x169.png 300w, https:\/\/www.correiobraziliense.com.br\/cbradar\/wp-content\/uploads\/2026\/03\/Gemini_Generated_Image_h2uk67h2uk67h2uk-1-1-768x432.png 768w, https:\/\/www.correiobraziliense.com.br\/cbradar\/wp-content\/uploads\/2026\/03\/Gemini_Generated_Image_h2uk67h2uk67h2uk-1-1-750x422.png 750w, https:\/\/www.correiobraziliense.com.br\/cbradar\/wp-content\/uploads\/2026\/03\/Gemini_Generated_Image_h2uk67h2uk67h2uk-1-1-1140x641.png 1140w\" sizes=\"(max-width: 1280px) 100vw, 1280px\" \/><figcaption class=\"wp-element-caption\">A paz mental ap\u00f3s os 50 pode depender de abandonar alguns h\u00e1bitos silenciosos<\/figcaption><\/figure>\n\n\n\n<h2 class=\"wp-block-heading\">Como o isolamento social impacta a neuroplasticidade na maturidade?<\/h2>\n\n\n\n<p>Evitar o contato com novas pessoas e ambientes reduz drasticamente os est\u00edmulos necess\u00e1rios para manter o <strong><a href=\"https:\/\/www.correiobraziliense.com.br\/cbradar\/david-sinclair-pesquisador-de-longevidade-se-voce-tem-mais-de-45-anos-reduzir-acucar-pode-ajudar-a-envelhecer-melhor\/\" target=\"_blank\" rel=\"noreferrer noopener\">c\u00e9rebro <\/a><\/strong>ativo e resiliente. A solid\u00e3o cr\u00f4nica est\u00e1 associada ao decl\u00ednio cognitivo acelerado e ao surgimento de quadros depressivos graves em adultos de meia-idade. Manter uma rede de apoio s\u00f3lida e vibrante \u00e9 essencial para garantir o <strong>bem-estar emocional cont\u00ednuo<\/strong> e seguro.<\/p>\n\n\n\n<p>Interagir com gera\u00e7\u00f5es diferentes promove a troca de experi\u00eancias e desafia a mente a processar informa\u00e7\u00f5es novas e variadas constantemente. O engajamento comunit\u00e1rio funciona como um t\u00f4nico para a sa\u00fade mental, prevenindo o isolamento que costuma acompanhar o processo natural de envelhecimento. Fortalecer la\u00e7os sociais \u00e9 um investimento direto na sua pr\u00f3pria felicidade e na sua <strong>percep\u00e7\u00e3o de valor pessoal<\/strong>.<\/p>\n\n\n\n<h2 class=\"wp-block-heading\">Quais padr\u00f5es de pensamento negativo devem ser evitados hoje?<\/h2>\n\n\n\n<p>Focar constantemente no pior cen\u00e1rio poss\u00edvel treina o c\u00e9rebro para viver em estado de alerta e ansiedade constante e prejudicial. Substituir a autocr\u00edtica excessiva por afirma\u00e7\u00f5es positivas e realistas ajuda a construir uma autoimagem mais forte, equilibrada e muito resiliente. Monitorar o di\u00e1logo interno \u00e9 o primeiro passo para conquistar uma mente livre de preocupa\u00e7\u00f5es in\u00fateis, pesadas e <strong>realmente paralisantes<\/strong>.<\/p>\n\n\n\n<p>Adote estas novas atitudes mentais para transformar sua rotina e garantir uma estabilidade psicol\u00f3gica muito superior e duradoura:<\/p>\n\n\n\n<ul class=\"wp-block-list\">\n<li>Pratique a gratid\u00e3o por pequenas conquistas di\u00e1rias.<\/li>\n\n\n\n<li>Evite compara\u00e7\u00f5es injustas com a vida alheia.<\/li>\n\n\n\n<li>Estabele\u00e7a metas realistas e f\u00e1ceis de alcan\u00e7ar.<\/li>\n\n\n\n<li>Aceite as mudan\u00e7as f\u00edsicas com paci\u00eancia e amor.<\/li>\n\n\n\n<li>Foque em solu\u00e7\u00f5es em vez de reclamar sempre.<\/li>\n<\/ul>\n\n\n\n<h2 class=\"wp-block-heading\">Vale a pena ignorar os sinais de cansa\u00e7o mental di\u00e1rio?<\/h2>\n\n\n\n<p>Muitas pessoas ignoram a exaust\u00e3o psicol\u00f3gica, acreditando que a produtividade constante \u00e9 o \u00fanico caminho para o sucesso e felicidade. No entanto, o esgotamento mental n\u00e3o tratado leva a falhas de mem\u00f3ria e irritabilidade severa nas intera\u00e7\u00f5es sociais e familiares cotidianas. Respeitar os limites do pr\u00f3prio corpo \u00e9 uma forma de <strong>amor-proprio essencial<\/strong> para manter a clareza.<\/p>\n\n\n\n<p>Pausas regulares para medita\u00e7\u00e3o ou lazer simples ajudam a restaurar os n\u00edveis de energia necess\u00e1rios para enfrentar os desafios da maturidade. Aprender a descansar sem sentir culpa \u00e9 uma vit\u00f3ria pessoal que promove uma vida muito mais equilibrada, calma e produtiva. Valorize o \u00f3cio criativo como uma ferramenta poderosa para preservar sua <strong>sa\u00fade mental e vitalidade<\/strong> plena.<\/p>\n\n\n\n<figure class=\"wp-block-image size-full\"><img decoding=\"async\" width=\"1280\" height=\"720\" src=\"https:\/\/www.correiobraziliense.com.br\/cbradar\/wp-content\/uploads\/2026\/03\/Gemini_Generated_Image_2ppixo2ppixo2ppi-1-1.png\" alt=\"Se voc\u00ea quer envelhecer com mais bem-estar emocional, diga adeus a esses h\u00e1bitos\" class=\"wp-image-206971\" srcset=\"https:\/\/www.correiobraziliense.com.br\/cbradar\/wp-content\/uploads\/2026\/03\/Gemini_Generated_Image_2ppixo2ppixo2ppi-1-1.png 1280w, https:\/\/www.correiobraziliense.com.br\/cbradar\/wp-content\/uploads\/2026\/03\/Gemini_Generated_Image_2ppixo2ppixo2ppi-1-1-300x169.png 300w, https:\/\/www.correiobraziliense.com.br\/cbradar\/wp-content\/uploads\/2026\/03\/Gemini_Generated_Image_2ppixo2ppixo2ppi-1-1-768x432.png 768w, https:\/\/www.correiobraziliense.com.br\/cbradar\/wp-content\/uploads\/2026\/03\/Gemini_Generated_Image_2ppixo2ppixo2ppi-1-1-750x422.png 750w, https:\/\/www.correiobraziliense.com.br\/cbradar\/wp-content\/uploads\/2026\/03\/Gemini_Generated_Image_2ppixo2ppixo2ppi-1-1-1140x641.png 1140w\" sizes=\"(max-width: 1280px) 100vw, 1280px\" \/><figcaption class=\"wp-element-caption\">A paz mental ap\u00f3s os 50 pode depender de abandonar alguns h\u00e1bitos silenciosos<\/figcaption><\/figure>\n\n\n\n<h2 class=\"wp-block-heading\">De que maneira a ci\u00eancia orienta a preven\u00e7\u00e3o do estresse cr\u00f4nico?<\/h2>\n\n\n\n<p>A <strong>American Psychological Association<\/strong> refor\u00e7a que o gerenciamento do estresse \u00e9 o pilar principal para evitar doen\u00e7as degenerativas em longo prazo. Adotar t\u00e9cnicas de respira\u00e7\u00e3o e manter o foco no presente reduz a ativa\u00e7\u00e3o do sistema nervoso simp\u00e1tico, promovendo um relaxamento biol\u00f3gico profundo. Seguir orienta\u00e7\u00f5es de especialistas garante que seu processo de envelhecimento seja pautado na <strong>m\u00e1xima seguran\u00e7a emocional<\/strong>.<\/p>\n\n\n\n<p>Consultar materiais educativos sobre sa\u00fade mental ajuda a identificar comportamentos que precisam ser modificados para garantir uma vida mais longa e feliz. \u00d3rg\u00e3os internacionais oferecem guias pr\u00e1ticos para fortalecer a resili\u00eancia emocional diante das adversidades naturais que surgem com o tempo e a idade. Acesse as <a target=\"_blank\" rel=\"noreferrer noopener\" href=\"https:\/\/www.apa.org\/topics\/stress\/tips\">estrat\u00e9gias de gerenciamento de estresse<\/a> da <strong>APA<\/strong> para transformar sua qualidade de vida.<\/p>\n","protected":false},"excerpt":{"rendered":"<p>Cultivar a paz mental durante o envelhecimento exige uma revis\u00e3o profunda dos comportamentos que acumulamos ao longo das d\u00e9cadas. Abandonar v\u00edcios emocionais e h\u00e1bitos limitantes permite que a maturidade seja vivida com leveza e plenitude real. Foque em escolhas conscientes que promovam a serenidade interior e a resili\u00eancia emocional necess\u00e1ria para os dias atuais. Por [&hellip;]<\/p>\n","protected":false},"author":21,"featured_media":206972,"comment_status":"open","ping_status":"open","sticky":false,"template":"","format":"standard","meta":{"_yoast_wpseo_focuskw":"H\u00e1bitos emocionais que roubam a paz mental ap\u00f3s os 50 anos","_yoast_wpseo_title":"","_yoast_wpseo_metadesc":"Alguns h\u00e1bitos emocionais podem roubar a paz mental com o passar dos anos. Identificar certos padr\u00f5es muda a forma de envelhecer.","jnews-multi-image_gallery":[],"jnews_single_post":{"format":"standard"},"jnews_primary_category":[],"jnews_social_meta":[],"jnews_override_counter":[],"footnotes":""},"categories":[112],"tags":[5018,1575,1904],"class_list":["post-206966","post","type-post","status-publish","format-standard","has-post-thumbnail","hentry","category-curiosidades","tag-emocional","tag-envelhecer","tag-habitos"],"yoast_head":"<!-- This site is optimized with the Yoast SEO plugin v24.6 - https:\/\/yoast.com\/wordpress\/plugins\/seo\/ -->\n<title>Se voc\u00ea quer envelhecer com mais bem-estar emocional, diga adeus a esses h\u00e1bitos - Correio Braziliense - Radar<\/title>\n<meta name=\"description\" content=\"Alguns h\u00e1bitos emocionais podem roubar a paz mental com o passar dos anos. Identificar certos padr\u00f5es muda a forma de envelhecer.\" \/>\n<meta name=\"robots\" content=\"index, follow, max-snippet:-1, max-image-preview:large, max-video-preview:-1\" \/>\n<link rel=\"canonical\" href=\"https:\/\/www.correiobraziliense.com.br\/cbradar\/se-voce-quer-envelhecer-com-mais-bem-estar-emocional-diga-adeus-a-esses-habitos\/\" \/>\n<meta property=\"og:locale\" content=\"pt_BR\" \/>\n<meta property=\"og:type\" content=\"article\" \/>\n<meta property=\"og:title\" content=\"Se voc\u00ea quer envelhecer com mais bem-estar emocional, diga adeus a esses h\u00e1bitos - Correio Braziliense - Radar\" \/>\n<meta property=\"og:description\" content=\"Alguns h\u00e1bitos emocionais podem roubar a paz mental com o passar dos anos. Identificar certos padr\u00f5es muda a forma de envelhecer.\" \/>\n<meta property=\"og:url\" content=\"https:\/\/www.correiobraziliense.com.br\/cbradar\/se-voce-quer-envelhecer-com-mais-bem-estar-emocional-diga-adeus-a-esses-habitos\/\" \/>\n<meta property=\"og:site_name\" content=\"Correio Braziliense - Radar\" \/>\n<meta property=\"article:published_time\" content=\"2026-03-13T20:25:00+00:00\" \/>\n<meta property=\"og:image\" content=\"https:\/\/www.correiobraziliense.com.br\/cbradar\/wp-content\/uploads\/2026\/03\/Gemini_Generated_Image_r6dqb9r6dqb9r6dq-1-1.png\" \/>\n\t<meta property=\"og:image:width\" content=\"1280\" \/>\n\t<meta property=\"og:image:height\" content=\"720\" \/>\n\t<meta property=\"og:image:type\" content=\"image\/png\" \/>\n<meta name=\"author\" content=\"Patrick Silva\" \/>\n<meta name=\"twitter:card\" content=\"summary_large_image\" \/>\n<meta name=\"twitter:label1\" content=\"Escrito por\" \/>\n\t<meta name=\"twitter:data1\" content=\"Patrick Silva\" \/>\n\t<meta name=\"twitter:label2\" content=\"Est. tempo de leitura\" \/>\n\t<meta name=\"twitter:data2\" content=\"5 minutos\" \/>\n<!-- \/ Yoast SEO plugin. -->","yoast_head_json":{"title":"Se voc\u00ea quer envelhecer com mais bem-estar emocional, diga adeus a esses h\u00e1bitos - Correio Braziliense - Radar","description":"Alguns h\u00e1bitos emocionais podem roubar a paz mental com o passar dos anos. Identificar certos padr\u00f5es muda a forma de envelhecer.","robots":{"index":"index","follow":"follow","max-snippet":"max-snippet:-1","max-image-preview":"max-image-preview:large","max-video-preview":"max-video-preview:-1"},"canonical":"https:\/\/www.correiobraziliense.com.br\/cbradar\/se-voce-quer-envelhecer-com-mais-bem-estar-emocional-diga-adeus-a-esses-habitos\/","og_locale":"pt_BR","og_type":"article","og_title":"Se voc\u00ea quer envelhecer com mais bem-estar emocional, diga adeus a esses h\u00e1bitos - Correio Braziliense - Radar","og_description":"Alguns h\u00e1bitos emocionais podem roubar a paz mental com o passar dos anos. Identificar certos padr\u00f5es muda a forma de envelhecer.","og_url":"https:\/\/www.correiobraziliense.com.br\/cbradar\/se-voce-quer-envelhecer-com-mais-bem-estar-emocional-diga-adeus-a-esses-habitos\/","og_site_name":"Correio Braziliense - Radar","article_published_time":"2026-03-13T20:25:00+00:00","og_image":[{"width":1280,"height":720,"url":"https:\/\/www.correiobraziliense.com.br\/cbradar\/wp-content\/uploads\/2026\/03\/Gemini_Generated_Image_r6dqb9r6dqb9r6dq-1-1.png","type":"image\/png"}],"author":"Patrick Silva","twitter_card":"summary_large_image","twitter_misc":{"Escrito por":"Patrick Silva","Est. tempo de leitura":"5 minutos"},"schema":{"@context":"https:\/\/schema.org","@graph":[{"@type":"WebPage","@id":"https:\/\/www.correiobraziliense.com.br\/cbradar\/se-voce-quer-envelhecer-com-mais-bem-estar-emocional-diga-adeus-a-esses-habitos\/","url":"https:\/\/www.correiobraziliense.com.br\/cbradar\/se-voce-quer-envelhecer-com-mais-bem-estar-emocional-diga-adeus-a-esses-habitos\/","name":"Se voc\u00ea quer envelhecer com mais bem-estar emocional, diga adeus a esses h\u00e1bitos - Correio Braziliense - Radar","isPartOf":{"@id":"https:\/\/www.correiobraziliense.com.br\/cbradar\/#website"},"primaryImageOfPage":{"@id":"https:\/\/www.correiobraziliense.com.br\/cbradar\/se-voce-quer-envelhecer-com-mais-bem-estar-emocional-diga-adeus-a-esses-habitos\/#primaryimage"},"image":{"@id":"https:\/\/www.correiobraziliense.com.br\/cbradar\/se-voce-quer-envelhecer-com-mais-bem-estar-emocional-diga-adeus-a-esses-habitos\/#primaryimage"},"thumbnailUrl":"https:\/\/www.correiobraziliense.com.br\/cbradar\/wp-content\/uploads\/2026\/03\/Gemini_Generated_Image_r6dqb9r6dqb9r6dq-1-1.png","datePublished":"2026-03-13T20:25:00+00:00","author":{"@id":"https:\/\/www.correiobraziliense.com.br\/cbradar\/#\/schema\/person\/5440b72be9c7eb74f446c846479dc4da"},"description":"Alguns h\u00e1bitos emocionais podem roubar a paz mental com o passar dos anos. Identificar certos padr\u00f5es muda a forma de envelhecer.","breadcrumb":{"@id":"https:\/\/www.correiobraziliense.com.br\/cbradar\/se-voce-quer-envelhecer-com-mais-bem-estar-emocional-diga-adeus-a-esses-habitos\/#breadcrumb"},"inLanguage":"pt-BR","potentialAction":[{"@type":"ReadAction","target":["https:\/\/www.correiobraziliense.com.br\/cbradar\/se-voce-quer-envelhecer-com-mais-bem-estar-emocional-diga-adeus-a-esses-habitos\/"]}]},{"@type":"ImageObject","inLanguage":"pt-BR","@id":"https:\/\/www.correiobraziliense.com.br\/cbradar\/se-voce-quer-envelhecer-com-mais-bem-estar-emocional-diga-adeus-a-esses-habitos\/#primaryimage","url":"https:\/\/www.correiobraziliense.com.br\/cbradar\/wp-content\/uploads\/2026\/03\/Gemini_Generated_Image_r6dqb9r6dqb9r6dq-1-1.png","contentUrl":"https:\/\/www.correiobraziliense.com.br\/cbradar\/wp-content\/uploads\/2026\/03\/Gemini_Generated_Image_r6dqb9r6dqb9r6dq-1-1.png","width":1280,"height":720,"caption":"A paz mental ap\u00f3s os 50 pode depender de abandonar alguns h\u00e1bitos silenciosos"},{"@type":"BreadcrumbList","@id":"https:\/\/www.correiobraziliense.com.br\/cbradar\/se-voce-quer-envelhecer-com-mais-bem-estar-emocional-diga-adeus-a-esses-habitos\/#breadcrumb","itemListElement":[{"@type":"ListItem","position":1,"name":"In\u00edcio","item":"https:\/\/www.correiobraziliense.com.br\/cbradar\/"},{"@type":"ListItem","position":2,"name":"Se voc\u00ea quer envelhecer com mais bem-estar emocional, diga adeus a esses h\u00e1bitos"}]},{"@type":"WebSite","@id":"https:\/\/www.correiobraziliense.com.br\/cbradar\/#website","url":"https:\/\/www.correiobraziliense.com.br\/cbradar\/","name":"Correio Braziliense - Radar","description":"Acompanhe as \u00faltimas not\u00edcias e fique bem informado sobre tudo o que acontece no Brasil e no mundo.","potentialAction":[{"@type":"SearchAction","target":{"@type":"EntryPoint","urlTemplate":"https:\/\/www.correiobraziliense.com.br\/cbradar\/?s={search_term_string}"},"query-input":{"@type":"PropertyValueSpecification","valueRequired":true,"valueName":"search_term_string"}}],"inLanguage":"pt-BR"},{"@type":"Person","@id":"https:\/\/www.correiobraziliense.com.br\/cbradar\/#\/schema\/person\/5440b72be9c7eb74f446c846479dc4da","name":"Patrick Silva","image":{"@type":"ImageObject","inLanguage":"pt-BR","@id":"https:\/\/www.correiobraziliense.com.br\/cbradar\/#\/schema\/person\/image\/","url":"https:\/\/secure.gravatar.com\/avatar\/944109df296fc087785c9715fd5f80b2?s=96&d=mm&r=g","contentUrl":"https:\/\/secure.gravatar.com\/avatar\/944109df296fc087785c9715fd5f80b2?s=96&d=mm&r=g","caption":"Patrick Silva"},"sameAs":["https:\/\/www.correiobraziliense.com.br\/cbradar\/"],"url":"https:\/\/www.correiobraziliense.com.br\/cbradar\/author\/patrick-silva\/"}]}},"_links":{"self":[{"href":"https:\/\/www.correiobraziliense.com.br\/cbradar\/wp-json\/wp\/v2\/posts\/206966","targetHints":{"allow":["GET"]}}],"collection":[{"href":"https:\/\/www.correiobraziliense.com.br\/cbradar\/wp-json\/wp\/v2\/posts"}],"about":[{"href":"https:\/\/www.correiobraziliense.com.br\/cbradar\/wp-json\/wp\/v2\/types\/post"}],"author":[{"embeddable":true,"href":"https:\/\/www.correiobraziliense.com.br\/cbradar\/wp-json\/wp\/v2\/users\/21"}],"replies":[{"embeddable":true,"href":"https:\/\/www.correiobraziliense.com.br\/cbradar\/wp-json\/wp\/v2\/comments?post=206966"}],"version-history":[{"count":6,"href":"https:\/\/www.correiobraziliense.com.br\/cbradar\/wp-json\/wp\/v2\/posts\/206966\/revisions"}],"predecessor-version":[{"id":206975,"href":"https:\/\/www.correiobraziliense.com.br\/cbradar\/wp-json\/wp\/v2\/posts\/206966\/revisions\/206975"}],"wp:featuredmedia":[{"embeddable":true,"href":"https:\/\/www.correiobraziliense.com.br\/cbradar\/wp-json\/wp\/v2\/media\/206972"}],"wp:attachment":[{"href":"https:\/\/www.correiobraziliense.com.br\/cbradar\/wp-json\/wp\/v2\/media?parent=206966"}],"wp:term":[{"taxonomy":"category","embeddable":true,"href":"https:\/\/www.correiobraziliense.com.br\/cbradar\/wp-json\/wp\/v2\/categories?post=206966"},{"taxonomy":"post_tag","embeddable":true,"href":"https:\/\/www.correiobraziliense.com.br\/cbradar\/wp-json\/wp\/v2\/tags?post=206966"}],"curies":[{"name":"wp","href":"https:\/\/api.w.org\/{rel}","templated":true}]}}