{"id":206985,"date":"2026-03-13T22:25:00","date_gmt":"2026-03-14T01:25:00","guid":{"rendered":"https:\/\/www.correiobraziliense.com.br\/cbradar\/?p=206985"},"modified":"2026-03-11T14:31:16","modified_gmt":"2026-03-11T17:31:16","slug":"qual-e-a-arvore-que-cresce-mais-rapido-do-mundo","status":"publish","type":"post","link":"https:\/\/www.correiobraziliense.com.br\/cbradar\/qual-e-a-arvore-que-cresce-mais-rapido-do-mundo\/","title":{"rendered":"Qual \u00e9 a \u00e1rvore que cresce mais r\u00e1pido do mundo"},"content":{"rendered":"\n<p>Natureza surpreende com esp\u00e9cies vegetais que atingem alturas impressionantes em pouqu\u00edssimo tempo, desafiando a percep\u00e7\u00e3o comum sobre o crescimento das florestas. Identificar a \u00e1rvore que det\u00e9m o recorde mundial de velocidade exige observar dados bot\u00e2nicos precisos sobre biomassa e altura anual. Compreender esse fen\u00f4meno biol\u00f3gico ajuda no reflorestamento e na economia verde.<\/p>\n\n\n\n<h2 class=\"wp-block-heading\">Qual esp\u00e9cie det\u00e9m o recorde oficial de desenvolvimento vertical?<\/h2>\n\n\n\n<p>A <strong>Paulownia tomentosa<\/strong>, popularmente conhecida como <strong>Kiri Japon\u00eas<\/strong>, \u00e9 amplamente reconhecida pelos bot\u00e2nicos como a <a href=\"https:\/\/www.correiobraziliense.com.br\/cbradar\/a-arvore-tropical-que-produz-frutos-doces-e-ainda-atrai-passaros-para-o-quintal\/\" target=\"_blank\" rel=\"noreferrer noopener\">\u00e1rvore <\/a>de crescimento mais acelerado do planeta. Sob condi\u00e7\u00f5es ideais de solo e clima, essa esp\u00e9cie pode atingir at\u00e9 seis metros de altura em apenas um ano.<\/p>\n\n\n\n<p>Essa planta possui uma capacidade fotossint\u00e9tica superior, permitindo que ela processe nutrientes e g\u00e1s carb\u00f4nico com uma rapidez inigual\u00e1vel na natureza. Al\u00e9m do crescimento vertical, seu tronco ganha di\u00e2metro consider\u00e1vel em pouco tempo, tornando-a uma op\u00e7\u00e3o valiosa para a <strong>produ\u00e7\u00e3o de madeira<\/strong>.<\/p>\n\n\n\n<figure class=\"wp-block-image size-full\"><img decoding=\"async\" width=\"1280\" height=\"720\" src=\"https:\/\/www.correiobraziliense.com.br\/cbradar\/wp-content\/uploads\/2026\/03\/Gemini_Generated_Image_ohyypcohyypcohyy-1-1.png\" alt=\"Qual \u00e9 a \u00e1rvore que cresce mais r\u00e1pido do mundo\" class=\"wp-image-206987\" srcset=\"https:\/\/www.correiobraziliense.com.br\/cbradar\/wp-content\/uploads\/2026\/03\/Gemini_Generated_Image_ohyypcohyypcohyy-1-1.png 1280w, https:\/\/www.correiobraziliense.com.br\/cbradar\/wp-content\/uploads\/2026\/03\/Gemini_Generated_Image_ohyypcohyypcohyy-1-1-300x169.png 300w, https:\/\/www.correiobraziliense.com.br\/cbradar\/wp-content\/uploads\/2026\/03\/Gemini_Generated_Image_ohyypcohyypcohyy-1-1-768x432.png 768w, https:\/\/www.correiobraziliense.com.br\/cbradar\/wp-content\/uploads\/2026\/03\/Gemini_Generated_Image_ohyypcohyypcohyy-1-1-750x422.png 750w, https:\/\/www.correiobraziliense.com.br\/cbradar\/wp-content\/uploads\/2026\/03\/Gemini_Generated_Image_ohyypcohyypcohyy-1-1-1140x641.png 1140w\" sizes=\"(max-width: 1280px) 100vw, 1280px\" \/><figcaption class=\"wp-element-caption\">Entre as \u00e1rvores do mundo, uma esp\u00e9cie se destaca pela velocidade de crescimento<\/figcaption><\/figure>\n\n\n\n<h2 class=\"wp-block-heading\">Como o ambiente influencia essa velocidade t\u00e3o impressionante?<\/h2>\n\n\n\n<p>O desenvolvimento acelerado depende diretamente da disponibilidade de luz solar intensa e de um sistema de irriga\u00e7\u00e3o bem planejado pelos cultivadores. Solos ricos em mat\u00e9ria org\u00e2nica fornecem os minerais necess\u00e1rios para que as c\u00e9lulas vegetais se multipliquem de forma constante e <strong>muito vigorosa<\/strong>.<\/p>\n\n\n\n<p>Embora seja extremamente resiliente, o frio intenso pode desacelerar o ritmo biol\u00f3gico dessa \u00e1rvore majestosa durante os meses de inverno rigoroso. O equil\u00edbrio entre temperatura e umidade \u00e9 o segredo para que a planta mantenha sua vitalidade e atinja a <strong>maturidade comercial precoce<\/strong>.<\/p>\n\n\n\n<h2 class=\"wp-block-heading\">Quais s\u00e3o as principais utilidades dessa \u00e1rvore para o planeta?<\/h2>\n\n\n\n<p>Al\u00e9m da explora\u00e7\u00e3o madeireira, essa esp\u00e9cie desempenha um papel fundamental na recupera\u00e7\u00e3o de \u00e1reas degradadas e no combate ao aquecimento global. Suas folhas largas absorvem grandes quantidades de poluentes, ajudando a purificar o ar de centros urbanos e grandes <strong>zonas industriais polu\u00eddas<\/strong>.<\/p>\n\n\n\n<p>Siga rigorosamente este roteiro de pr\u00e1ticas e conhecimentos t\u00e9cnicos para maximizar os benef\u00edcios ecol\u00f3gicos dessa esp\u00e9cie em seus projetos de paisagismo sustent\u00e1vel:<\/p>\n\n\n\n<ul class=\"wp-block-list\">\n<li>Plantio em \u00e1reas com drenagem eficiente.<\/li>\n\n\n\n<li>Poda de condu\u00e7\u00e3o nos primeiros anos.<\/li>\n\n\n\n<li>Monitoramento constante de pragas locais.<\/li>\n\n\n\n<li>Aduba\u00e7\u00e3o nitrogenada em per\u00edodos de crescimento.<\/li>\n\n\n\n<li>Espa\u00e7amento adequado entre as mudas jovens.<\/li>\n<\/ul>\n\n\n\n<h2 class=\"wp-block-heading\">Existe alguma outra planta que compita com esse ritmo?<\/h2>\n\n\n\n<p>O <strong>Eucalipto<\/strong> tamb\u00e9m \u00e9 famoso por sua rapidez, sendo muito utilizado em reflorestamentos comerciais em diversas regi\u00f5es do territ\u00f3rio brasileiro. No entanto, ele costuma perder em velocidade bruta quando comparado ao desempenho excepcional da <strong>Paulownia<\/strong> em condi\u00e7\u00f5es clim\u00e1ticas controladas e <strong>solos muito f\u00e9rteis<\/strong>.<\/p>\n\n\n\n<p>Algumas variedades de bambu, que tecnicamente s\u00e3o gram\u00edneas, podem crescer ainda mais r\u00e1pido, mas n\u00e3o formam troncos de madeira maci\u00e7a. Para fins florestais e de constru\u00e7\u00e3o civil, a <strong>\u00c1rvore Imperatriz<\/strong> continua sendo a refer\u00eancia mundial absoluta em ganho de <strong>biomassa vegetal s\u00f3lida<\/strong>.<\/p>\n\n\n\n<figure class=\"wp-block-image size-full\"><img decoding=\"async\" width=\"1280\" height=\"720\" src=\"https:\/\/www.correiobraziliense.com.br\/cbradar\/wp-content\/uploads\/2026\/03\/Gemini_Generated_Image_gyqfwngyqfwngyqf-1-1.png\" alt=\"Qual \u00e9 a \u00e1rvore que cresce mais r\u00e1pido do mundo\" class=\"wp-image-206989\" srcset=\"https:\/\/www.correiobraziliense.com.br\/cbradar\/wp-content\/uploads\/2026\/03\/Gemini_Generated_Image_gyqfwngyqfwngyqf-1-1.png 1280w, https:\/\/www.correiobraziliense.com.br\/cbradar\/wp-content\/uploads\/2026\/03\/Gemini_Generated_Image_gyqfwngyqfwngyqf-1-1-300x169.png 300w, https:\/\/www.correiobraziliense.com.br\/cbradar\/wp-content\/uploads\/2026\/03\/Gemini_Generated_Image_gyqfwngyqfwngyqf-1-1-768x432.png 768w, https:\/\/www.correiobraziliense.com.br\/cbradar\/wp-content\/uploads\/2026\/03\/Gemini_Generated_Image_gyqfwngyqfwngyqf-1-1-750x422.png 750w, https:\/\/www.correiobraziliense.com.br\/cbradar\/wp-content\/uploads\/2026\/03\/Gemini_Generated_Image_gyqfwngyqfwngyqf-1-1-1140x641.png 1140w\" sizes=\"(max-width: 1280px) 100vw, 1280px\" \/><figcaption class=\"wp-element-caption\">Entre as \u00e1rvores do mundo, uma esp\u00e9cie se destaca pela velocidade de crescimento<\/figcaption><\/figure>\n\n\n\n<h2 class=\"wp-block-heading\">Como a ci\u00eancia classifica oficialmente essas gigantes da natureza?<\/h2>\n\n\n\n<p>Bot\u00e2nicos utilizam crit\u00e9rios rigorosos de medi\u00e7\u00e3o para validar recordes de crescimento e produtividade em diferentes biomas ao redor do globo. Essas an\u00e1lises garantem que as informa\u00e7\u00f5es sobre reflorestamento sejam baseadas em evid\u00eancias reais e seguras para investidores e para o <strong>meio ambiente global<\/strong>.<\/p>\n\n\n\n<p>Para entender os dados t\u00e9cnicos sobre a produtividade dessa esp\u00e9cie, consulte as informa\u00e7\u00f5es detalhadas no portal oficial da organiza\u00e7\u00e3o internacional de bot\u00e2nica. Acesse os registros sobre a <a target=\"_blank\" rel=\"noreferrer noopener\" href=\"https:\/\/plants.ces.ncsu.edu\/plants\/paulownia-tomentosa\/\">Paulownia tomentosa<\/a> para verificar as caracter\u00edsticas morfol\u00f3gicas e as exig\u00eancias de cultivo recomendadas pelos especialistas mundiais.<\/p>\n","protected":false},"excerpt":{"rendered":"<p>Natureza surpreende com esp\u00e9cies vegetais que atingem alturas impressionantes em pouqu\u00edssimo tempo, desafiando a percep\u00e7\u00e3o comum sobre o crescimento das florestas. Identificar a \u00e1rvore que det\u00e9m o recorde mundial de velocidade exige observar dados bot\u00e2nicos precisos sobre biomassa e altura anual. Compreender esse fen\u00f4meno biol\u00f3gico ajuda no reflorestamento e na economia verde. Qual esp\u00e9cie det\u00e9m [&hellip;]<\/p>\n","protected":false},"author":21,"featured_media":206991,"comment_status":"open","ping_status":"open","sticky":false,"template":"","format":"standard","meta":{"_yoast_wpseo_focuskw":"\u00c1rvore que cresce mais r\u00e1pido no mundo Paulownia tomentosa","_yoast_wpseo_title":"","_yoast_wpseo_metadesc":"Uma \u00e1rvore surpreende cientistas por crescer v\u00e1rios metros em apenas um ano. A esp\u00e9cie chama aten\u00e7\u00e3o pela velocidade.","jnews-multi-image_gallery":[],"jnews_single_post":{"format":"standard"},"jnews_primary_category":[],"jnews_social_meta":[],"jnews_override_counter":[],"footnotes":""},"categories":[112],"tags":[1599,15973],"class_list":["post-206985","post","type-post","status-publish","format-standard","has-post-thumbnail","hentry","category-curiosidades","tag-arvore","tag-paulownia-tomentosa"],"yoast_head":"<!-- This site is optimized with the Yoast SEO plugin v24.6 - https:\/\/yoast.com\/wordpress\/plugins\/seo\/ -->\n<title>Qual \u00e9 a \u00e1rvore que cresce mais r\u00e1pido do mundo - Correio Braziliense - Radar<\/title>\n<meta name=\"description\" content=\"Uma \u00e1rvore surpreende cientistas por crescer v\u00e1rios metros em apenas um ano. A esp\u00e9cie chama aten\u00e7\u00e3o pela velocidade.\" \/>\n<meta name=\"robots\" content=\"index, follow, max-snippet:-1, max-image-preview:large, max-video-preview:-1\" \/>\n<link rel=\"canonical\" href=\"https:\/\/www.correiobraziliense.com.br\/cbradar\/qual-e-a-arvore-que-cresce-mais-rapido-do-mundo\/\" \/>\n<meta property=\"og:locale\" content=\"pt_BR\" \/>\n<meta property=\"og:type\" content=\"article\" \/>\n<meta property=\"og:title\" content=\"Qual \u00e9 a \u00e1rvore que cresce mais r\u00e1pido do mundo - Correio Braziliense - Radar\" \/>\n<meta property=\"og:description\" content=\"Uma \u00e1rvore surpreende cientistas por crescer v\u00e1rios metros em apenas um ano. A esp\u00e9cie chama aten\u00e7\u00e3o pela velocidade.\" \/>\n<meta property=\"og:url\" content=\"https:\/\/www.correiobraziliense.com.br\/cbradar\/qual-e-a-arvore-que-cresce-mais-rapido-do-mundo\/\" \/>\n<meta property=\"og:site_name\" content=\"Correio Braziliense - Radar\" \/>\n<meta property=\"article:published_time\" content=\"2026-03-14T01:25:00+00:00\" \/>\n<meta property=\"og:image\" content=\"https:\/\/www.correiobraziliense.com.br\/cbradar\/wp-content\/uploads\/2026\/03\/Gemini_Generated_Image_u6rqlsu6rqlsu6rq-1-1-1.png\" \/>\n\t<meta property=\"og:image:width\" content=\"1280\" \/>\n\t<meta property=\"og:image:height\" content=\"720\" \/>\n\t<meta property=\"og:image:type\" content=\"image\/png\" \/>\n<meta name=\"author\" content=\"Patrick Silva\" \/>\n<meta name=\"twitter:card\" content=\"summary_large_image\" \/>\n<meta name=\"twitter:label1\" content=\"Escrito por\" \/>\n\t<meta name=\"twitter:data1\" content=\"Patrick Silva\" \/>\n\t<meta name=\"twitter:label2\" content=\"Est. tempo de leitura\" \/>\n\t<meta name=\"twitter:data2\" content=\"4 minutos\" \/>\n<!-- \/ Yoast SEO plugin. -->","yoast_head_json":{"title":"Qual \u00e9 a \u00e1rvore que cresce mais r\u00e1pido do mundo - Correio Braziliense - Radar","description":"Uma \u00e1rvore surpreende cientistas por crescer v\u00e1rios metros em apenas um ano. A esp\u00e9cie chama aten\u00e7\u00e3o pela velocidade.","robots":{"index":"index","follow":"follow","max-snippet":"max-snippet:-1","max-image-preview":"max-image-preview:large","max-video-preview":"max-video-preview:-1"},"canonical":"https:\/\/www.correiobraziliense.com.br\/cbradar\/qual-e-a-arvore-que-cresce-mais-rapido-do-mundo\/","og_locale":"pt_BR","og_type":"article","og_title":"Qual \u00e9 a \u00e1rvore que cresce mais r\u00e1pido do mundo - Correio Braziliense - Radar","og_description":"Uma \u00e1rvore surpreende cientistas por crescer v\u00e1rios metros em apenas um ano. A esp\u00e9cie chama aten\u00e7\u00e3o pela velocidade.","og_url":"https:\/\/www.correiobraziliense.com.br\/cbradar\/qual-e-a-arvore-que-cresce-mais-rapido-do-mundo\/","og_site_name":"Correio Braziliense - Radar","article_published_time":"2026-03-14T01:25:00+00:00","og_image":[{"width":1280,"height":720,"url":"https:\/\/www.correiobraziliense.com.br\/cbradar\/wp-content\/uploads\/2026\/03\/Gemini_Generated_Image_u6rqlsu6rqlsu6rq-1-1-1.png","type":"image\/png"}],"author":"Patrick Silva","twitter_card":"summary_large_image","twitter_misc":{"Escrito por":"Patrick Silva","Est. tempo de leitura":"4 minutos"},"schema":{"@context":"https:\/\/schema.org","@graph":[{"@type":"WebPage","@id":"https:\/\/www.correiobraziliense.com.br\/cbradar\/qual-e-a-arvore-que-cresce-mais-rapido-do-mundo\/","url":"https:\/\/www.correiobraziliense.com.br\/cbradar\/qual-e-a-arvore-que-cresce-mais-rapido-do-mundo\/","name":"Qual \u00e9 a \u00e1rvore que cresce mais r\u00e1pido do mundo - Correio Braziliense - Radar","isPartOf":{"@id":"https:\/\/www.correiobraziliense.com.br\/cbradar\/#website"},"primaryImageOfPage":{"@id":"https:\/\/www.correiobraziliense.com.br\/cbradar\/qual-e-a-arvore-que-cresce-mais-rapido-do-mundo\/#primaryimage"},"image":{"@id":"https:\/\/www.correiobraziliense.com.br\/cbradar\/qual-e-a-arvore-que-cresce-mais-rapido-do-mundo\/#primaryimage"},"thumbnailUrl":"https:\/\/www.correiobraziliense.com.br\/cbradar\/wp-content\/uploads\/2026\/03\/Gemini_Generated_Image_u6rqlsu6rqlsu6rq-1-1-1.png","datePublished":"2026-03-14T01:25:00+00:00","author":{"@id":"https:\/\/www.correiobraziliense.com.br\/cbradar\/#\/schema\/person\/5440b72be9c7eb74f446c846479dc4da"},"description":"Uma \u00e1rvore surpreende cientistas por crescer v\u00e1rios metros em apenas um ano. A esp\u00e9cie chama aten\u00e7\u00e3o pela velocidade.","breadcrumb":{"@id":"https:\/\/www.correiobraziliense.com.br\/cbradar\/qual-e-a-arvore-que-cresce-mais-rapido-do-mundo\/#breadcrumb"},"inLanguage":"pt-BR","potentialAction":[{"@type":"ReadAction","target":["https:\/\/www.correiobraziliense.com.br\/cbradar\/qual-e-a-arvore-que-cresce-mais-rapido-do-mundo\/"]}]},{"@type":"ImageObject","inLanguage":"pt-BR","@id":"https:\/\/www.correiobraziliense.com.br\/cbradar\/qual-e-a-arvore-que-cresce-mais-rapido-do-mundo\/#primaryimage","url":"https:\/\/www.correiobraziliense.com.br\/cbradar\/wp-content\/uploads\/2026\/03\/Gemini_Generated_Image_u6rqlsu6rqlsu6rq-1-1-1.png","contentUrl":"https:\/\/www.correiobraziliense.com.br\/cbradar\/wp-content\/uploads\/2026\/03\/Gemini_Generated_Image_u6rqlsu6rqlsu6rq-1-1-1.png","width":1280,"height":720,"caption":"Entre as \u00e1rvores do mundo, uma esp\u00e9cie se destaca pela velocidade de crescimento"},{"@type":"BreadcrumbList","@id":"https:\/\/www.correiobraziliense.com.br\/cbradar\/qual-e-a-arvore-que-cresce-mais-rapido-do-mundo\/#breadcrumb","itemListElement":[{"@type":"ListItem","position":1,"name":"In\u00edcio","item":"https:\/\/www.correiobraziliense.com.br\/cbradar\/"},{"@type":"ListItem","position":2,"name":"Qual \u00e9 a \u00e1rvore que cresce mais r\u00e1pido do mundo"}]},{"@type":"WebSite","@id":"https:\/\/www.correiobraziliense.com.br\/cbradar\/#website","url":"https:\/\/www.correiobraziliense.com.br\/cbradar\/","name":"Correio Braziliense - Radar","description":"Acompanhe as \u00faltimas not\u00edcias e fique bem informado sobre tudo o que acontece no Brasil e no mundo.","potentialAction":[{"@type":"SearchAction","target":{"@type":"EntryPoint","urlTemplate":"https:\/\/www.correiobraziliense.com.br\/cbradar\/?s={search_term_string}"},"query-input":{"@type":"PropertyValueSpecification","valueRequired":true,"valueName":"search_term_string"}}],"inLanguage":"pt-BR"},{"@type":"Person","@id":"https:\/\/www.correiobraziliense.com.br\/cbradar\/#\/schema\/person\/5440b72be9c7eb74f446c846479dc4da","name":"Patrick Silva","image":{"@type":"ImageObject","inLanguage":"pt-BR","@id":"https:\/\/www.correiobraziliense.com.br\/cbradar\/#\/schema\/person\/image\/","url":"https:\/\/secure.gravatar.com\/avatar\/944109df296fc087785c9715fd5f80b2?s=96&d=mm&r=g","contentUrl":"https:\/\/secure.gravatar.com\/avatar\/944109df296fc087785c9715fd5f80b2?s=96&d=mm&r=g","caption":"Patrick Silva"},"sameAs":["https:\/\/www.correiobraziliense.com.br\/cbradar\/"],"url":"https:\/\/www.correiobraziliense.com.br\/cbradar\/author\/patrick-silva\/"}]}},"_links":{"self":[{"href":"https:\/\/www.correiobraziliense.com.br\/cbradar\/wp-json\/wp\/v2\/posts\/206985","targetHints":{"allow":["GET"]}}],"collection":[{"href":"https:\/\/www.correiobraziliense.com.br\/cbradar\/wp-json\/wp\/v2\/posts"}],"about":[{"href":"https:\/\/www.correiobraziliense.com.br\/cbradar\/wp-json\/wp\/v2\/types\/post"}],"author":[{"embeddable":true,"href":"https:\/\/www.correiobraziliense.com.br\/cbradar\/wp-json\/wp\/v2\/users\/21"}],"replies":[{"embeddable":true,"href":"https:\/\/www.correiobraziliense.com.br\/cbradar\/wp-json\/wp\/v2\/comments?post=206985"}],"version-history":[{"count":5,"href":"https:\/\/www.correiobraziliense.com.br\/cbradar\/wp-json\/wp\/v2\/posts\/206985\/revisions"}],"predecessor-version":[{"id":206993,"href":"https:\/\/www.correiobraziliense.com.br\/cbradar\/wp-json\/wp\/v2\/posts\/206985\/revisions\/206993"}],"wp:featuredmedia":[{"embeddable":true,"href":"https:\/\/www.correiobraziliense.com.br\/cbradar\/wp-json\/wp\/v2\/media\/206991"}],"wp:attachment":[{"href":"https:\/\/www.correiobraziliense.com.br\/cbradar\/wp-json\/wp\/v2\/media?parent=206985"}],"wp:term":[{"taxonomy":"category","embeddable":true,"href":"https:\/\/www.correiobraziliense.com.br\/cbradar\/wp-json\/wp\/v2\/categories?post=206985"},{"taxonomy":"post_tag","embeddable":true,"href":"https:\/\/www.correiobraziliense.com.br\/cbradar\/wp-json\/wp\/v2\/tags?post=206985"}],"curies":[{"name":"wp","href":"https:\/\/api.w.org\/{rel}","templated":true}]}}