{"id":206994,"date":"2026-03-13T16:15:00","date_gmt":"2026-03-13T19:15:00","guid":{"rendered":"https:\/\/www.correiobraziliense.com.br\/cbradar\/?p=206994"},"modified":"2026-03-11T14:41:43","modified_gmt":"2026-03-11T17:41:43","slug":"qual-e-a-arvore-mais-antiga-do-mundo-ainda-viva","status":"publish","type":"post","link":"https:\/\/www.correiobraziliense.com.br\/cbradar\/qual-e-a-arvore-mais-antiga-do-mundo-ainda-viva\/","title":{"rendered":"Qual \u00e9 a \u00e1rvore mais antiga do mundo ainda viva"},"content":{"rendered":"\n<p>A natureza preserva tesouros biol\u00f3gicos que desafiam a passagem dos mil\u00eanios e oferecem uma vis\u00e3o fascinante sobre a resist\u00eancia da vida na Terra. Identificar o organismo vegetal mais idoso exige observar esp\u00e9cimes localizados em regi\u00f5es remotas e protegidas. Conhecer essas \u00e1rvores milenares ajuda a valorizar o patrim\u00f4nio ambiental global e a entender o clima.<\/p>\n\n\n\n<h2 class=\"wp-block-heading\">Qual \u00e9 o segredo do Pinheiro de Bristlecone para viver tanto tempo?<\/h2>\n\n\n\n<p>O <strong>Pinheiro de Bristlecone<\/strong> sobrevive em condi\u00e7\u00f5es extremas de altitude e ventos fortes nas montanhas \u00e1ridas da Calif\u00f3rnia h\u00e1 mil\u00eanios. Sua madeira densa e resinosa protege o tronco contra o ataque de pragas agressivas e a decomposi\u00e7\u00e3o natural causada pelos fungos. Essa adapta\u00e7\u00e3o biol\u00f3gica \u00fanica permite que a planta cres\u00e7a de forma muito lenta e extremamente segura.<\/p>\n\n\n\n<p>Muitas dessas \u00e1rvores antigas possuem uma resina especial que impede a perda excessiva de umidade durante os longos per\u00edodos de seca severa. O sistema radicular \u00e9 capaz de extrair nutrientes essenciais de solos pobres e rochosos, garantindo a sobreviv\u00eancia em ambientes onde outras esp\u00e9cies falhariam. \u00c9 um exemplo magn\u00edfico de como a resili\u00eancia f\u00edsica gera uma <strong>longevidade extraordin\u00e1ria<\/strong> constante.<\/p>\n\n\n\n<figure class=\"wp-block-image size-full\"><img decoding=\"async\" width=\"1280\" height=\"720\" src=\"https:\/\/www.correiobraziliense.com.br\/cbradar\/wp-content\/uploads\/2026\/03\/Gemini_Generated_Image_kfo7plkfo7plkfo7-1-1.png\" alt=\"Qual \u00e9 a \u00e1rvore mais antiga do mundo ainda viva\" class=\"wp-image-206996\" srcset=\"https:\/\/www.correiobraziliense.com.br\/cbradar\/wp-content\/uploads\/2026\/03\/Gemini_Generated_Image_kfo7plkfo7plkfo7-1-1.png 1280w, https:\/\/www.correiobraziliense.com.br\/cbradar\/wp-content\/uploads\/2026\/03\/Gemini_Generated_Image_kfo7plkfo7plkfo7-1-1-300x169.png 300w, https:\/\/www.correiobraziliense.com.br\/cbradar\/wp-content\/uploads\/2026\/03\/Gemini_Generated_Image_kfo7plkfo7plkfo7-1-1-768x432.png 768w, https:\/\/www.correiobraziliense.com.br\/cbradar\/wp-content\/uploads\/2026\/03\/Gemini_Generated_Image_kfo7plkfo7plkfo7-1-1-750x422.png 750w, https:\/\/www.correiobraziliense.com.br\/cbradar\/wp-content\/uploads\/2026\/03\/Gemini_Generated_Image_kfo7plkfo7plkfo7-1-1-1140x641.png 1140w\" sizes=\"(max-width: 1280px) 100vw, 1280px\" \/><figcaption class=\"wp-element-caption\">Uma \u00e1rvore milenar guarda registros do clima da Terra por milhares de anos<\/figcaption><\/figure>\n\n\n\n<h2 class=\"wp-block-heading\">Como os cientistas determinam a idade real de uma \u00e1rvore milenar?<\/h2>\n\n\n\n<p>A t\u00e9cnica da dendrocronologia permite que pesquisadores contem os an\u00e9is de crescimento presentes no interior do tronco sem derrubar o exemplar original. Utilizando sondas especiais, os especialistas extraem amostras finas que revelam a hist\u00f3ria clim\u00e1tica e biol\u00f3gica de cada ano vivido pela planta. Esse m\u00e9todo cient\u00edfico \u00e9 fundamental para validar recordes mundiais com total <strong>rigor t\u00e9cnico e credibilidade<\/strong>.<\/p>\n\n\n\n<p>Al\u00e9m dos an\u00e9is, a data\u00e7\u00e3o por carbono catorze oferece uma camada extra de precis\u00e3o para identificar a origem temporal de organismos clonais. Analisar os dados coletados ajuda a mapear as mudan\u00e7as ambientais profundas que ocorreram no planeta ao longo de cinco mil anos. A ci\u00eancia moderna garante que cada descoberta seja documentada para preservar a <strong>mem\u00f3ria biol\u00f3gica da Terra<\/strong> perfeitamente.<\/p>\n\n\n\n<h2 class=\"wp-block-heading\">Quais caracter\u00edsticas biol\u00f3gicas garantem essa prote\u00e7\u00e3o contra o tempo?<\/h2>\n\n\n\n<p>\u00c1rvores milenares desenvolvem tecidos que s\u00e3o quase imunes ao apodrecimento e mant\u00eam uma capacidade regenerativa superior mesmo ap\u00f3s sofrerem danos clim\u00e1ticos severos. Suas c\u00e9lulas permanecem ativas e funcionais por s\u00e9culos, evitando o decl\u00ednio gen\u00e9tico que costuma afetar plantas mais jovens e fr\u00e1geis. O foco na efici\u00eancia energ\u00e9tica permite que esses organismos alcancem uma <strong>idade biol\u00f3gica impressionante<\/strong> e muito est\u00e1vel.<\/p>\n\n\n\n<p>Adote estes crit\u00e9rios t\u00e9cnicos para compreender os pilares que sustentam a sobreviv\u00eancia desses gigantes vegetais em ambientes hostis:<\/p>\n\n\n\n<figure class=\"wp-block-image size-large\"><img decoding=\"async\" width=\"1213\" height=\"720\" src=\"https:\/\/www.correiobraziliense.com.br\/cbradar\/wp-content\/uploads\/2026\/03\/convertido-25-1213x720.jpg\" alt=\"\" class=\"wp-image-207002\" srcset=\"https:\/\/www.correiobraziliense.com.br\/cbradar\/wp-content\/uploads\/2026\/03\/convertido-25-1213x720.jpg 1213w, https:\/\/www.correiobraziliense.com.br\/cbradar\/wp-content\/uploads\/2026\/03\/convertido-25-300x178.jpg 300w, https:\/\/www.correiobraziliense.com.br\/cbradar\/wp-content\/uploads\/2026\/03\/convertido-25-768x456.jpg 768w, https:\/\/www.correiobraziliense.com.br\/cbradar\/wp-content\/uploads\/2026\/03\/convertido-25-750x445.jpg 750w, https:\/\/www.correiobraziliense.com.br\/cbradar\/wp-content\/uploads\/2026\/03\/convertido-25-1140x677.jpg 1140w, https:\/\/www.correiobraziliense.com.br\/cbradar\/wp-content\/uploads\/2026\/03\/convertido-25.jpg 1280w\" sizes=\"(max-width: 1213px) 100vw, 1213px\" \/><\/figure>\n\n\n\n<h2 class=\"wp-block-heading\">Existe diferen\u00e7a entre \u00e1rvores individuais e sistemas clonais antigos?<\/h2>\n\n\n\n<p>O <strong>Matusal\u00e9m<\/strong> \u00e9 considerado o indiv\u00edduo mais velho, possuindo um tronco \u00fanico que ultrapassa a marca de quatro mil e oitocentos anos. J\u00e1 os sistemas clonais, como o <strong>Pando<\/strong>, s\u00e3o col\u00f4nias de \u00e1rvores geneticamente id\u00eanticas que compartilham a mesma rede de ra\u00edzes subterr\u00e2neas. Ambos representam formas distintas de resist\u00eancia, mas cada um possui sua pr\u00f3pria <strong>import\u00e2ncia ecol\u00f3gica e biol\u00f3gica<\/strong> \u00fanica.<\/p>\n\n\n\n<p>Enquanto a <strong><a href=\"https:\/\/www.correiobraziliense.com.br\/cbradar\/a-arvore-tropical-que-produz-frutos-doces-e-ainda-atrai-passaros-para-o-quintal\/\" target=\"_blank\" rel=\"noreferrer noopener\">\u00e1rvore <\/a><\/strong>individual enfrenta os desafios sozinha, o sistema clonal distribui os nutrientes e a energia por toda a sua vasta rede. Essa coopera\u00e7\u00e3o biol\u00f3gica permite que a col\u00f4nia sobreviva por dezenas de milhares de anos, renovando seus troncos conforme necess\u00e1rio. Compreender essas diferen\u00e7as \u00e9 vital para proteger a biodiversidade e garantir a <strong>preserva\u00e7\u00e3o de organismos ancestrais<\/strong> preciosos.<\/p>\n\n\n\n<figure class=\"wp-block-image size-full\"><img decoding=\"async\" width=\"1280\" height=\"720\" src=\"https:\/\/www.correiobraziliense.com.br\/cbradar\/wp-content\/uploads\/2026\/03\/Gemini_Generated_Image_uuqi4nuuqi4nuuqi-1-1-1.png\" alt=\"Qual \u00e9 a \u00e1rvore mais antiga do mundo ainda viva\" class=\"wp-image-207000\" srcset=\"https:\/\/www.correiobraziliense.com.br\/cbradar\/wp-content\/uploads\/2026\/03\/Gemini_Generated_Image_uuqi4nuuqi4nuuqi-1-1-1.png 1280w, https:\/\/www.correiobraziliense.com.br\/cbradar\/wp-content\/uploads\/2026\/03\/Gemini_Generated_Image_uuqi4nuuqi4nuuqi-1-1-1-300x169.png 300w, https:\/\/www.correiobraziliense.com.br\/cbradar\/wp-content\/uploads\/2026\/03\/Gemini_Generated_Image_uuqi4nuuqi4nuuqi-1-1-1-768x432.png 768w, https:\/\/www.correiobraziliense.com.br\/cbradar\/wp-content\/uploads\/2026\/03\/Gemini_Generated_Image_uuqi4nuuqi4nuuqi-1-1-1-750x422.png 750w, https:\/\/www.correiobraziliense.com.br\/cbradar\/wp-content\/uploads\/2026\/03\/Gemini_Generated_Image_uuqi4nuuqi4nuuqi-1-1-1-1140x641.png 1140w\" sizes=\"(max-width: 1280px) 100vw, 1280px\" \/><figcaption class=\"wp-element-caption\">Uma \u00e1rvore milenar guarda registros do clima da Terra por milhares de anos<\/figcaption><\/figure>\n\n\n\n<h2 class=\"wp-block-heading\">Como a conserva\u00e7\u00e3o dessas esp\u00e9cies protege o futuro do planeta?<\/h2>\n\n\n\n<p>Proteger o habitat do <strong>Pinheiro de Bristlecone<\/strong> \u00e9 essencial para manter o registro hist\u00f3rico do clima mundial gravado em seus an\u00e9is. Esses organismos milenares funcionam como sentinelas das mudan\u00e7as ambientais, oferecendo dados valiosos para pesquisas sobre o aquecimento global e ecologia. A conserva\u00e7\u00e3o ativa evita que a a\u00e7\u00e3o humana destrua tesouros que levaram eras para atingir a <strong>majestade e import\u00e2ncia<\/strong> atual.<\/p>\n\n\n\n<p>Autoridades florestais mant\u00eam a localiza\u00e7\u00e3o exata de exemplares como o <strong>Matusal\u00e9m<\/strong> em segredo para evitar o vandalismo e o turismo predat\u00f3rio excessivo. Seguir as orienta\u00e7\u00f5es de \u00f3rg\u00e3os internacionais garante que as gera\u00e7\u00f5es futuras ainda possam estudar essas maravilhas da natureza com seguran\u00e7a. Acesse os dados oficiais do <a target=\"_blank\" rel=\"noreferrer noopener\" href=\"https:\/\/www.fs.usda.gov\/detail\/inyo\/specialplaces\/?cid=stelprdb5129900\">U.S. Forest Service<\/a> para conhecer os esfor\u00e7os de preserva\u00e7\u00e3o dessas <strong>\u00e1rvores lend\u00e1rias e milenares<\/strong>.<\/p>\n","protected":false},"excerpt":{"rendered":"<p>A natureza preserva tesouros biol\u00f3gicos que desafiam a passagem dos mil\u00eanios e oferecem uma vis\u00e3o fascinante sobre a resist\u00eancia da vida na Terra. Identificar o organismo vegetal mais idoso exige observar esp\u00e9cimes localizados em regi\u00f5es remotas e protegidas. Conhecer essas \u00e1rvores milenares ajuda a valorizar o patrim\u00f4nio ambiental global e a entender o clima. Qual [&hellip;]<\/p>\n","protected":false},"author":21,"featured_media":207006,"comment_status":"open","ping_status":"open","sticky":false,"template":"","format":"standard","meta":{"_yoast_wpseo_focuskw":"\u00c1rvore mais antiga do mundo Pinheiro de Bristlecone","_yoast_wpseo_title":"","_yoast_wpseo_metadesc":"Uma \u00e1rvore nas montanhas dos Estados Unidos desafia o tempo h\u00e1 milhares de anos. Sua resist\u00eancia impressiona cientistas.","jnews-multi-image_gallery":[],"jnews_single_post":{"format":"standard"},"jnews_primary_category":[],"jnews_social_meta":[],"jnews_override_counter":[],"footnotes":""},"categories":[112],"tags":[15974,1599,226,15975],"class_list":["post-206994","post","type-post","status-publish","format-standard","has-post-thumbnail","hentry","category-curiosidades","tag-antiga","tag-arvore","tag-mundo","tag-pinheiro"],"yoast_head":"<!-- This site is optimized with the Yoast SEO plugin v24.6 - https:\/\/yoast.com\/wordpress\/plugins\/seo\/ -->\n<title>Qual \u00e9 a \u00e1rvore mais antiga do mundo ainda viva - Correio Braziliense - Radar<\/title>\n<meta name=\"description\" content=\"Uma \u00e1rvore nas montanhas dos Estados Unidos desafia o tempo h\u00e1 milhares de anos. Sua resist\u00eancia impressiona cientistas.\" \/>\n<meta name=\"robots\" content=\"index, follow, max-snippet:-1, max-image-preview:large, max-video-preview:-1\" \/>\n<link rel=\"canonical\" href=\"https:\/\/www.correiobraziliense.com.br\/cbradar\/qual-e-a-arvore-mais-antiga-do-mundo-ainda-viva\/\" \/>\n<meta property=\"og:locale\" content=\"pt_BR\" \/>\n<meta property=\"og:type\" content=\"article\" \/>\n<meta property=\"og:title\" content=\"Qual \u00e9 a \u00e1rvore mais antiga do mundo ainda viva - Correio Braziliense - Radar\" \/>\n<meta property=\"og:description\" content=\"Uma \u00e1rvore nas montanhas dos Estados Unidos desafia o tempo h\u00e1 milhares de anos. Sua resist\u00eancia impressiona cientistas.\" \/>\n<meta property=\"og:url\" content=\"https:\/\/www.correiobraziliense.com.br\/cbradar\/qual-e-a-arvore-mais-antiga-do-mundo-ainda-viva\/\" \/>\n<meta property=\"og:site_name\" content=\"Correio Braziliense - Radar\" \/>\n<meta property=\"article:published_time\" content=\"2026-03-13T19:15:00+00:00\" \/>\n<meta property=\"og:image\" content=\"https:\/\/www.correiobraziliense.com.br\/cbradar\/wp-content\/uploads\/2026\/03\/Gemini_Generated_Image_5zgsi55zgsi55zgs-1-1.png\" \/>\n\t<meta property=\"og:image:width\" content=\"1280\" \/>\n\t<meta property=\"og:image:height\" content=\"720\" \/>\n\t<meta property=\"og:image:type\" content=\"image\/png\" \/>\n<meta name=\"author\" content=\"Patrick Silva\" \/>\n<meta name=\"twitter:card\" content=\"summary_large_image\" \/>\n<meta name=\"twitter:label1\" content=\"Escrito por\" \/>\n\t<meta name=\"twitter:data1\" content=\"Patrick Silva\" \/>\n\t<meta name=\"twitter:label2\" content=\"Est. tempo de leitura\" \/>\n\t<meta name=\"twitter:data2\" content=\"5 minutos\" \/>\n<!-- \/ Yoast SEO plugin. -->","yoast_head_json":{"title":"Qual \u00e9 a \u00e1rvore mais antiga do mundo ainda viva - Correio Braziliense - Radar","description":"Uma \u00e1rvore nas montanhas dos Estados Unidos desafia o tempo h\u00e1 milhares de anos. Sua resist\u00eancia impressiona cientistas.","robots":{"index":"index","follow":"follow","max-snippet":"max-snippet:-1","max-image-preview":"max-image-preview:large","max-video-preview":"max-video-preview:-1"},"canonical":"https:\/\/www.correiobraziliense.com.br\/cbradar\/qual-e-a-arvore-mais-antiga-do-mundo-ainda-viva\/","og_locale":"pt_BR","og_type":"article","og_title":"Qual \u00e9 a \u00e1rvore mais antiga do mundo ainda viva - Correio Braziliense - Radar","og_description":"Uma \u00e1rvore nas montanhas dos Estados Unidos desafia o tempo h\u00e1 milhares de anos. Sua resist\u00eancia impressiona cientistas.","og_url":"https:\/\/www.correiobraziliense.com.br\/cbradar\/qual-e-a-arvore-mais-antiga-do-mundo-ainda-viva\/","og_site_name":"Correio Braziliense - Radar","article_published_time":"2026-03-13T19:15:00+00:00","og_image":[{"width":1280,"height":720,"url":"https:\/\/www.correiobraziliense.com.br\/cbradar\/wp-content\/uploads\/2026\/03\/Gemini_Generated_Image_5zgsi55zgsi55zgs-1-1.png","type":"image\/png"}],"author":"Patrick Silva","twitter_card":"summary_large_image","twitter_misc":{"Escrito por":"Patrick Silva","Est. tempo de leitura":"5 minutos"},"schema":{"@context":"https:\/\/schema.org","@graph":[{"@type":"WebPage","@id":"https:\/\/www.correiobraziliense.com.br\/cbradar\/qual-e-a-arvore-mais-antiga-do-mundo-ainda-viva\/","url":"https:\/\/www.correiobraziliense.com.br\/cbradar\/qual-e-a-arvore-mais-antiga-do-mundo-ainda-viva\/","name":"Qual \u00e9 a \u00e1rvore mais antiga do mundo ainda viva - Correio Braziliense - Radar","isPartOf":{"@id":"https:\/\/www.correiobraziliense.com.br\/cbradar\/#website"},"primaryImageOfPage":{"@id":"https:\/\/www.correiobraziliense.com.br\/cbradar\/qual-e-a-arvore-mais-antiga-do-mundo-ainda-viva\/#primaryimage"},"image":{"@id":"https:\/\/www.correiobraziliense.com.br\/cbradar\/qual-e-a-arvore-mais-antiga-do-mundo-ainda-viva\/#primaryimage"},"thumbnailUrl":"https:\/\/www.correiobraziliense.com.br\/cbradar\/wp-content\/uploads\/2026\/03\/Gemini_Generated_Image_5zgsi55zgsi55zgs-1-1.png","datePublished":"2026-03-13T19:15:00+00:00","author":{"@id":"https:\/\/www.correiobraziliense.com.br\/cbradar\/#\/schema\/person\/5440b72be9c7eb74f446c846479dc4da"},"description":"Uma \u00e1rvore nas montanhas dos Estados Unidos desafia o tempo h\u00e1 milhares de anos. Sua resist\u00eancia impressiona cientistas.","breadcrumb":{"@id":"https:\/\/www.correiobraziliense.com.br\/cbradar\/qual-e-a-arvore-mais-antiga-do-mundo-ainda-viva\/#breadcrumb"},"inLanguage":"pt-BR","potentialAction":[{"@type":"ReadAction","target":["https:\/\/www.correiobraziliense.com.br\/cbradar\/qual-e-a-arvore-mais-antiga-do-mundo-ainda-viva\/"]}]},{"@type":"ImageObject","inLanguage":"pt-BR","@id":"https:\/\/www.correiobraziliense.com.br\/cbradar\/qual-e-a-arvore-mais-antiga-do-mundo-ainda-viva\/#primaryimage","url":"https:\/\/www.correiobraziliense.com.br\/cbradar\/wp-content\/uploads\/2026\/03\/Gemini_Generated_Image_5zgsi55zgsi55zgs-1-1.png","contentUrl":"https:\/\/www.correiobraziliense.com.br\/cbradar\/wp-content\/uploads\/2026\/03\/Gemini_Generated_Image_5zgsi55zgsi55zgs-1-1.png","width":1280,"height":720,"caption":"Uma \u00e1rvore milenar guarda registros do clima da Terra por milhares de anos"},{"@type":"BreadcrumbList","@id":"https:\/\/www.correiobraziliense.com.br\/cbradar\/qual-e-a-arvore-mais-antiga-do-mundo-ainda-viva\/#breadcrumb","itemListElement":[{"@type":"ListItem","position":1,"name":"In\u00edcio","item":"https:\/\/www.correiobraziliense.com.br\/cbradar\/"},{"@type":"ListItem","position":2,"name":"Qual \u00e9 a \u00e1rvore mais antiga do mundo ainda viva"}]},{"@type":"WebSite","@id":"https:\/\/www.correiobraziliense.com.br\/cbradar\/#website","url":"https:\/\/www.correiobraziliense.com.br\/cbradar\/","name":"Correio Braziliense - Radar","description":"Acompanhe as \u00faltimas not\u00edcias e fique bem informado sobre tudo o que acontece no Brasil e no mundo.","potentialAction":[{"@type":"SearchAction","target":{"@type":"EntryPoint","urlTemplate":"https:\/\/www.correiobraziliense.com.br\/cbradar\/?s={search_term_string}"},"query-input":{"@type":"PropertyValueSpecification","valueRequired":true,"valueName":"search_term_string"}}],"inLanguage":"pt-BR"},{"@type":"Person","@id":"https:\/\/www.correiobraziliense.com.br\/cbradar\/#\/schema\/person\/5440b72be9c7eb74f446c846479dc4da","name":"Patrick Silva","image":{"@type":"ImageObject","inLanguage":"pt-BR","@id":"https:\/\/www.correiobraziliense.com.br\/cbradar\/#\/schema\/person\/image\/","url":"https:\/\/secure.gravatar.com\/avatar\/944109df296fc087785c9715fd5f80b2?s=96&d=mm&r=g","contentUrl":"https:\/\/secure.gravatar.com\/avatar\/944109df296fc087785c9715fd5f80b2?s=96&d=mm&r=g","caption":"Patrick Silva"},"sameAs":["https:\/\/www.correiobraziliense.com.br\/cbradar\/"],"url":"https:\/\/www.correiobraziliense.com.br\/cbradar\/author\/patrick-silva\/"}]}},"_links":{"self":[{"href":"https:\/\/www.correiobraziliense.com.br\/cbradar\/wp-json\/wp\/v2\/posts\/206994","targetHints":{"allow":["GET"]}}],"collection":[{"href":"https:\/\/www.correiobraziliense.com.br\/cbradar\/wp-json\/wp\/v2\/posts"}],"about":[{"href":"https:\/\/www.correiobraziliense.com.br\/cbradar\/wp-json\/wp\/v2\/types\/post"}],"author":[{"embeddable":true,"href":"https:\/\/www.correiobraziliense.com.br\/cbradar\/wp-json\/wp\/v2\/users\/21"}],"replies":[{"embeddable":true,"href":"https:\/\/www.correiobraziliense.com.br\/cbradar\/wp-json\/wp\/v2\/comments?post=206994"}],"version-history":[{"count":8,"href":"https:\/\/www.correiobraziliense.com.br\/cbradar\/wp-json\/wp\/v2\/posts\/206994\/revisions"}],"predecessor-version":[{"id":207005,"href":"https:\/\/www.correiobraziliense.com.br\/cbradar\/wp-json\/wp\/v2\/posts\/206994\/revisions\/207005"}],"wp:featuredmedia":[{"embeddable":true,"href":"https:\/\/www.correiobraziliense.com.br\/cbradar\/wp-json\/wp\/v2\/media\/207006"}],"wp:attachment":[{"href":"https:\/\/www.correiobraziliense.com.br\/cbradar\/wp-json\/wp\/v2\/media?parent=206994"}],"wp:term":[{"taxonomy":"category","embeddable":true,"href":"https:\/\/www.correiobraziliense.com.br\/cbradar\/wp-json\/wp\/v2\/categories?post=206994"},{"taxonomy":"post_tag","embeddable":true,"href":"https:\/\/www.correiobraziliense.com.br\/cbradar\/wp-json\/wp\/v2\/tags?post=206994"}],"curies":[{"name":"wp","href":"https:\/\/api.w.org\/{rel}","templated":true}]}}