{"id":207043,"date":"2026-03-11T17:30:14","date_gmt":"2026-03-11T20:30:14","guid":{"rendered":"https:\/\/www.correiobraziliense.com.br\/cbradar\/?p=207043"},"modified":"2026-03-11T17:30:17","modified_gmt":"2026-03-11T20:30:17","slug":"a-psicologia-destaca-as-duas-cores-usadas-por-pessoas-com-personalidade-criativa","status":"publish","type":"post","link":"https:\/\/www.correiobraziliense.com.br\/cbradar\/a-psicologia-destaca-as-duas-cores-usadas-por-pessoas-com-personalidade-criativa\/","title":{"rendered":"A psicologia destaca as duas cores usadas por pessoas com personalidade criativa"},"content":{"rendered":"\n<p>A psicologia das cores revela que indiv\u00edduos com personalidade criativa costumam gravitar em torno de tonalidades que estimulam o pensamento divergente e a inova\u00e7\u00e3o constante. Entender como essas prefer\u00eancias visuais influenciam o comportamento humano permite otimizar ambientes de trabalho e estudo. Adote essas descobertas para potencializar sua pr\u00f3pria capacidade inventiva.<\/p>\n\n\n\n<h2 class=\"wp-block-heading\">Por que o azul estimula tanto a imagina\u00e7\u00e3o profunda?<\/h2>\n\n\n\n<p>O azul \u00e9 frequentemente associado \u00e0 calma e \u00e0 vastid\u00e3o do oceano, criando um estado mental relaxado necess\u00e1rio para novas ideias. Essa cor ajuda a reduzir a ansiedade, permitindo que o c\u00e9rebro explore caminhos inovadores sem a press\u00e3o do estresse cotidiano e <strong>pensar fora da caixa<\/strong>.<\/p>\n\n\n\n<p>Pesquisas indicam que ambientes azulados favorecem o desempenho em tarefas de resolu\u00e7\u00e3o de problemas que exigem originalidade e fluidez de pensamento. Ao utilizar essa tonalidade, voc\u00ea sinaliza ao sistema nervoso que \u00e9 seguro experimentar, promovendo uma <strong>mentalidade aberta ao novo<\/strong> e descobertas surpreendentes.<\/p>\n\n\n\n<figure class=\"wp-block-image size-full\"><img decoding=\"async\" width=\"1280\" height=\"720\" src=\"https:\/\/www.correiobraziliense.com.br\/cbradar\/wp-content\/uploads\/2026\/03\/Gemini_Generated_Image_uwm73wuwm73wuwm7-1-1.png\" alt=\"A psicologia destaca as duas cores usadas por pessoas com personalidade criativa\" class=\"wp-image-207052\" srcset=\"https:\/\/www.correiobraziliense.com.br\/cbradar\/wp-content\/uploads\/2026\/03\/Gemini_Generated_Image_uwm73wuwm73wuwm7-1-1.png 1280w, https:\/\/www.correiobraziliense.com.br\/cbradar\/wp-content\/uploads\/2026\/03\/Gemini_Generated_Image_uwm73wuwm73wuwm7-1-1-300x169.png 300w, https:\/\/www.correiobraziliense.com.br\/cbradar\/wp-content\/uploads\/2026\/03\/Gemini_Generated_Image_uwm73wuwm73wuwm7-1-1-768x432.png 768w, https:\/\/www.correiobraziliense.com.br\/cbradar\/wp-content\/uploads\/2026\/03\/Gemini_Generated_Image_uwm73wuwm73wuwm7-1-1-750x422.png 750w, https:\/\/www.correiobraziliense.com.br\/cbradar\/wp-content\/uploads\/2026\/03\/Gemini_Generated_Image_uwm73wuwm73wuwm7-1-1-1140x641.png 1140w\" sizes=\"(max-width: 1280px) 100vw, 1280px\" \/><figcaption class=\"wp-element-caption\">A cor preferida pode revelar tra\u00e7os ligados \u00e0 criatividade e inova\u00e7\u00e3o<\/figcaption><\/figure>\n\n\n\n<h2 class=\"wp-block-heading\">Qual \u00e9 o papel do amarelo na energia criativa di\u00e1ria?<\/h2>\n\n\n\n<p>O amarelo simboliza o sol e a luminosidade, sendo uma cor que naturalmente eleva o otimismo e a disposi\u00e7\u00e3o mental. Para pessoas <a href=\"https:\/\/www.correiobraziliense.com.br\/cbradar\/como-consumir-melancia-de-forma-criativa-e-potencializar-seus-efeitos-nutritivos\/\" target=\"_blank\" rel=\"noreferrer noopener\">criativas<\/a>, essa tonalidade funciona como um combust\u00edvel emocional que estimula a comunica\u00e7\u00e3o e a troca de conceitos inovadores entre os colaboradores.<\/p>\n\n\n\n<p>Ao contr\u00e1rio do azul, o amarelo traz uma vibra\u00e7\u00e3o de urg\u00eancia e entusiasmo que \u00e9 essencial para a execu\u00e7\u00e3o de projetos autorais. Essa cor ajuda a manter o foco na cria\u00e7\u00e3o, evitando a prostra\u00e7\u00e3o e garantindo que o <strong>processo inventivo permane\u00e7a din\u00e2mico<\/strong> e muito vibrante.<\/p>\n\n\n\n<figure class=\"wp-block-image size-full\"><img decoding=\"async\" width=\"1280\" height=\"720\" src=\"https:\/\/www.correiobraziliense.com.br\/cbradar\/wp-content\/uploads\/2026\/03\/Gemini_Generated_Image_psnxwvpsnxwvpsnx-1-1.png\" alt=\"A psicologia destaca as duas cores usadas por pessoas com personalidade criativa\" class=\"wp-image-207054\" srcset=\"https:\/\/www.correiobraziliense.com.br\/cbradar\/wp-content\/uploads\/2026\/03\/Gemini_Generated_Image_psnxwvpsnxwvpsnx-1-1.png 1280w, https:\/\/www.correiobraziliense.com.br\/cbradar\/wp-content\/uploads\/2026\/03\/Gemini_Generated_Image_psnxwvpsnxwvpsnx-1-1-300x169.png 300w, https:\/\/www.correiobraziliense.com.br\/cbradar\/wp-content\/uploads\/2026\/03\/Gemini_Generated_Image_psnxwvpsnxwvpsnx-1-1-768x432.png 768w, https:\/\/www.correiobraziliense.com.br\/cbradar\/wp-content\/uploads\/2026\/03\/Gemini_Generated_Image_psnxwvpsnxwvpsnx-1-1-750x422.png 750w, https:\/\/www.correiobraziliense.com.br\/cbradar\/wp-content\/uploads\/2026\/03\/Gemini_Generated_Image_psnxwvpsnxwvpsnx-1-1-1140x641.png 1140w\" sizes=\"(max-width: 1280px) 100vw, 1280px\" \/><figcaption class=\"wp-element-caption\">A cor preferida pode revelar tra\u00e7os ligados \u00e0 criatividade e inova\u00e7\u00e3o<\/figcaption><\/figure>\n\n\n\n<h2 class=\"wp-block-heading\">De que maneira a cor influencia o humor do criador?<\/h2>\n\n\n\n<p>As cores agem diretamente no sistema l\u00edmbico, modulando as emo\u00e7\u00f5es que impulsionam ou bloqueiam o desejo de criar algo in\u00e9dito. Um ambiente cromaticamente equilibrado reduz o cansa\u00e7o mental e permite que o criador mantenha a <strong>inspira\u00e7\u00e3o por per\u00edodos mais longos<\/strong> e produtivos.<\/p>\n\n\n\n<p>Ignorar o impacto das tonalidades pode levar ao bloqueio criativo e \u00e0 desmotiva\u00e7\u00e3o cr\u00f4nica em profissionais que dependem da inova\u00e7\u00e3o. Escolher conscientemente a paleta de cores ao seu redor \u00e9 uma forma de <strong>cuidar da sa\u00fade mental<\/strong> e garantir produtividade constante.<\/p>\n\n\n\n<h2 class=\"wp-block-heading\">Quais combina\u00e7\u00f5es visuais favorecem o surgimento de ideias?<\/h2>\n\n\n\n<p>Mesclar tons quentes e frios cria um equil\u00edbrio sensorial que mant\u00e9m a mente alerta, mas suficientemente tranquila para criar. Essa dualidade entre o azul e o amarelo \u00e9 a marca registrada de espa\u00e7os projetados para inspirar artistas que buscam a <strong>excel\u00eancia est\u00e9tica funcional<\/strong>.<\/p>\n\n\n\n<p>Siga rigorosamente este roteiro de cores para transformar seu espa\u00e7o de cria\u00e7\u00e3o em um local de alta performance intelectual:<\/p>\n\n\n\n<figure class=\"wp-block-image size-large\"><img decoding=\"async\" width=\"1249\" height=\"720\" src=\"https:\/\/www.correiobraziliense.com.br\/cbradar\/wp-content\/uploads\/2026\/03\/convertido-26-1249x720.jpg\" alt=\"\" class=\"wp-image-207053\" srcset=\"https:\/\/www.correiobraziliense.com.br\/cbradar\/wp-content\/uploads\/2026\/03\/convertido-26-1249x720.jpg 1249w, https:\/\/www.correiobraziliense.com.br\/cbradar\/wp-content\/uploads\/2026\/03\/convertido-26-300x173.jpg 300w, https:\/\/www.correiobraziliense.com.br\/cbradar\/wp-content\/uploads\/2026\/03\/convertido-26-768x443.jpg 768w, https:\/\/www.correiobraziliense.com.br\/cbradar\/wp-content\/uploads\/2026\/03\/convertido-26-750x432.jpg 750w, https:\/\/www.correiobraziliense.com.br\/cbradar\/wp-content\/uploads\/2026\/03\/convertido-26-1140x657.jpg 1140w, https:\/\/www.correiobraziliense.com.br\/cbradar\/wp-content\/uploads\/2026\/03\/convertido-26.jpg 1280w\" sizes=\"(max-width: 1249px) 100vw, 1249px\" \/><\/figure>\n\n\n\n<h2 class=\"wp-block-heading\">Como a ci\u00eancia valida a psicologia crom\u00e1tica na inova\u00e7\u00e3o?<\/h2>\n\n\n\n<p>Estudos acad\u00eamicos comprovam que a percep\u00e7\u00e3o visual das cores altera as ondas cerebrais ligadas \u00e0 aten\u00e7\u00e3o e ao relaxamento. Ao compreender esses mecanismos, empresas globais projetam escrit\u00f3rios que favorecem a colabora\u00e7\u00e3o e o surgimento de patentes e solu\u00e7\u00f5es tecnol\u00f3gicas <strong>altamente disruptivas e modernas<\/strong>.<\/p>\n\n\n\n<p>A ci\u00eancia das cores continua sendo um campo vasto de pesquisa para entender como o c\u00e9rebro humano interpreta est\u00edmulos visuais complexos. Acesse os dados da <a href=\"https:\/\/www.psychologytoday.com\/us\/blog\/habits-not-hacks\/201408\/color-psychology-how-colors-influence-the-mind\" target=\"_blank\" rel=\"noreferrer noopener\">Psychology Today<\/a> para verificar como diferentes matizes impactam o desempenho cognitivo e a intelig\u00eancia emocional de forma profissional.<\/p>\n","protected":false},"excerpt":{"rendered":"<p>A psicologia das cores revela que indiv\u00edduos com personalidade criativa costumam gravitar em torno de tonalidades que estimulam o pensamento divergente e a inova\u00e7\u00e3o constante. Entender como essas prefer\u00eancias visuais influenciam o comportamento humano permite otimizar ambientes de trabalho e estudo. Adote essas descobertas para potencializar sua pr\u00f3pria capacidade inventiva. Por que o azul estimula [&hellip;]<\/p>\n","protected":false},"author":21,"featured_media":207058,"comment_status":"open","ping_status":"open","sticky":false,"template":"","format":"standard","meta":{"_yoast_wpseo_focuskw":"Cores associadas \u00e0 criatividade na psicologia das cores","_yoast_wpseo_title":"","_yoast_wpseo_metadesc":"Certas cores podem estimular criatividade e novas ideias no c\u00e9rebro. A psicologia explica por que algumas tonalidades inspiram.","jnews-multi-image_gallery":[],"jnews_single_post":{"format":"standard"},"jnews_primary_category":[],"jnews_social_meta":[],"jnews_override_counter":[],"footnotes":""},"categories":[112],"tags":[1034,15976,4400,404],"class_list":["post-207043","post","type-post","status-publish","format-standard","has-post-thumbnail","hentry","category-curiosidades","tag-cores","tag-criativa","tag-personalidade","tag-psicologia"],"yoast_head":"<!-- This site is optimized with the Yoast SEO plugin v24.6 - https:\/\/yoast.com\/wordpress\/plugins\/seo\/ -->\n<title>A psicologia destaca as duas cores usadas por pessoas com personalidade criativa - Correio Braziliense - Radar<\/title>\n<meta name=\"description\" content=\"Certas cores podem estimular criatividade e novas ideias no c\u00e9rebro. A psicologia explica por que algumas tonalidades inspiram.\" \/>\n<meta name=\"robots\" content=\"index, follow, max-snippet:-1, max-image-preview:large, max-video-preview:-1\" \/>\n<link rel=\"canonical\" href=\"https:\/\/www.correiobraziliense.com.br\/cbradar\/a-psicologia-destaca-as-duas-cores-usadas-por-pessoas-com-personalidade-criativa\/\" \/>\n<meta property=\"og:locale\" content=\"pt_BR\" \/>\n<meta property=\"og:type\" content=\"article\" \/>\n<meta property=\"og:title\" content=\"A psicologia destaca as duas cores usadas por pessoas com personalidade criativa - Correio Braziliense - Radar\" \/>\n<meta property=\"og:description\" content=\"Certas cores podem estimular criatividade e novas ideias no c\u00e9rebro. A psicologia explica por que algumas tonalidades inspiram.\" \/>\n<meta property=\"og:url\" content=\"https:\/\/www.correiobraziliense.com.br\/cbradar\/a-psicologia-destaca-as-duas-cores-usadas-por-pessoas-com-personalidade-criativa\/\" \/>\n<meta property=\"og:site_name\" content=\"Correio Braziliense - Radar\" \/>\n<meta property=\"article:published_time\" content=\"2026-03-11T20:30:14+00:00\" \/>\n<meta property=\"article:modified_time\" content=\"2026-03-11T20:30:17+00:00\" \/>\n<meta property=\"og:image\" content=\"https:\/\/www.correiobraziliense.com.br\/cbradar\/wp-content\/uploads\/2026\/03\/Gemini_Generated_Image_7di0267di0267di0-1-1.png\" \/>\n\t<meta property=\"og:image:width\" content=\"1280\" \/>\n\t<meta property=\"og:image:height\" content=\"720\" \/>\n\t<meta property=\"og:image:type\" content=\"image\/png\" \/>\n<meta name=\"author\" content=\"Patrick Silva\" \/>\n<meta name=\"twitter:card\" content=\"summary_large_image\" \/>\n<meta name=\"twitter:label1\" content=\"Escrito por\" \/>\n\t<meta name=\"twitter:data1\" content=\"Patrick Silva\" \/>\n\t<meta name=\"twitter:label2\" content=\"Est. tempo de leitura\" \/>\n\t<meta name=\"twitter:data2\" content=\"4 minutos\" \/>\n<!-- \/ Yoast SEO plugin. -->","yoast_head_json":{"title":"A psicologia destaca as duas cores usadas por pessoas com personalidade criativa - Correio Braziliense - Radar","description":"Certas cores podem estimular criatividade e novas ideias no c\u00e9rebro. A psicologia explica por que algumas tonalidades inspiram.","robots":{"index":"index","follow":"follow","max-snippet":"max-snippet:-1","max-image-preview":"max-image-preview:large","max-video-preview":"max-video-preview:-1"},"canonical":"https:\/\/www.correiobraziliense.com.br\/cbradar\/a-psicologia-destaca-as-duas-cores-usadas-por-pessoas-com-personalidade-criativa\/","og_locale":"pt_BR","og_type":"article","og_title":"A psicologia destaca as duas cores usadas por pessoas com personalidade criativa - Correio Braziliense - Radar","og_description":"Certas cores podem estimular criatividade e novas ideias no c\u00e9rebro. A psicologia explica por que algumas tonalidades inspiram.","og_url":"https:\/\/www.correiobraziliense.com.br\/cbradar\/a-psicologia-destaca-as-duas-cores-usadas-por-pessoas-com-personalidade-criativa\/","og_site_name":"Correio Braziliense - Radar","article_published_time":"2026-03-11T20:30:14+00:00","article_modified_time":"2026-03-11T20:30:17+00:00","og_image":[{"width":1280,"height":720,"url":"https:\/\/www.correiobraziliense.com.br\/cbradar\/wp-content\/uploads\/2026\/03\/Gemini_Generated_Image_7di0267di0267di0-1-1.png","type":"image\/png"}],"author":"Patrick Silva","twitter_card":"summary_large_image","twitter_misc":{"Escrito por":"Patrick Silva","Est. tempo de leitura":"4 minutos"},"schema":{"@context":"https:\/\/schema.org","@graph":[{"@type":"WebPage","@id":"https:\/\/www.correiobraziliense.com.br\/cbradar\/a-psicologia-destaca-as-duas-cores-usadas-por-pessoas-com-personalidade-criativa\/","url":"https:\/\/www.correiobraziliense.com.br\/cbradar\/a-psicologia-destaca-as-duas-cores-usadas-por-pessoas-com-personalidade-criativa\/","name":"A psicologia destaca as duas cores usadas por pessoas com personalidade criativa - Correio Braziliense - Radar","isPartOf":{"@id":"https:\/\/www.correiobraziliense.com.br\/cbradar\/#website"},"primaryImageOfPage":{"@id":"https:\/\/www.correiobraziliense.com.br\/cbradar\/a-psicologia-destaca-as-duas-cores-usadas-por-pessoas-com-personalidade-criativa\/#primaryimage"},"image":{"@id":"https:\/\/www.correiobraziliense.com.br\/cbradar\/a-psicologia-destaca-as-duas-cores-usadas-por-pessoas-com-personalidade-criativa\/#primaryimage"},"thumbnailUrl":"https:\/\/www.correiobraziliense.com.br\/cbradar\/wp-content\/uploads\/2026\/03\/Gemini_Generated_Image_7di0267di0267di0-1-1.png","datePublished":"2026-03-11T20:30:14+00:00","dateModified":"2026-03-11T20:30:17+00:00","author":{"@id":"https:\/\/www.correiobraziliense.com.br\/cbradar\/#\/schema\/person\/5440b72be9c7eb74f446c846479dc4da"},"description":"Certas cores podem estimular criatividade e novas ideias no c\u00e9rebro. A psicologia explica por que algumas tonalidades inspiram.","breadcrumb":{"@id":"https:\/\/www.correiobraziliense.com.br\/cbradar\/a-psicologia-destaca-as-duas-cores-usadas-por-pessoas-com-personalidade-criativa\/#breadcrumb"},"inLanguage":"pt-BR","potentialAction":[{"@type":"ReadAction","target":["https:\/\/www.correiobraziliense.com.br\/cbradar\/a-psicologia-destaca-as-duas-cores-usadas-por-pessoas-com-personalidade-criativa\/"]}]},{"@type":"ImageObject","inLanguage":"pt-BR","@id":"https:\/\/www.correiobraziliense.com.br\/cbradar\/a-psicologia-destaca-as-duas-cores-usadas-por-pessoas-com-personalidade-criativa\/#primaryimage","url":"https:\/\/www.correiobraziliense.com.br\/cbradar\/wp-content\/uploads\/2026\/03\/Gemini_Generated_Image_7di0267di0267di0-1-1.png","contentUrl":"https:\/\/www.correiobraziliense.com.br\/cbradar\/wp-content\/uploads\/2026\/03\/Gemini_Generated_Image_7di0267di0267di0-1-1.png","width":1280,"height":720,"caption":"A cor preferida pode revelar tra\u00e7os ligados \u00e0 criatividade e inova\u00e7\u00e3o"},{"@type":"BreadcrumbList","@id":"https:\/\/www.correiobraziliense.com.br\/cbradar\/a-psicologia-destaca-as-duas-cores-usadas-por-pessoas-com-personalidade-criativa\/#breadcrumb","itemListElement":[{"@type":"ListItem","position":1,"name":"In\u00edcio","item":"https:\/\/www.correiobraziliense.com.br\/cbradar\/"},{"@type":"ListItem","position":2,"name":"A psicologia destaca as duas cores usadas por pessoas com personalidade criativa"}]},{"@type":"WebSite","@id":"https:\/\/www.correiobraziliense.com.br\/cbradar\/#website","url":"https:\/\/www.correiobraziliense.com.br\/cbradar\/","name":"Correio Braziliense - Radar","description":"Acompanhe as \u00faltimas not\u00edcias e fique bem informado sobre tudo o que acontece no Brasil e no mundo.","potentialAction":[{"@type":"SearchAction","target":{"@type":"EntryPoint","urlTemplate":"https:\/\/www.correiobraziliense.com.br\/cbradar\/?s={search_term_string}"},"query-input":{"@type":"PropertyValueSpecification","valueRequired":true,"valueName":"search_term_string"}}],"inLanguage":"pt-BR"},{"@type":"Person","@id":"https:\/\/www.correiobraziliense.com.br\/cbradar\/#\/schema\/person\/5440b72be9c7eb74f446c846479dc4da","name":"Patrick Silva","image":{"@type":"ImageObject","inLanguage":"pt-BR","@id":"https:\/\/www.correiobraziliense.com.br\/cbradar\/#\/schema\/person\/image\/","url":"https:\/\/secure.gravatar.com\/avatar\/944109df296fc087785c9715fd5f80b2?s=96&d=mm&r=g","contentUrl":"https:\/\/secure.gravatar.com\/avatar\/944109df296fc087785c9715fd5f80b2?s=96&d=mm&r=g","caption":"Patrick Silva"},"sameAs":["https:\/\/www.correiobraziliense.com.br\/cbradar\/"],"url":"https:\/\/www.correiobraziliense.com.br\/cbradar\/author\/patrick-silva\/"}]}},"_links":{"self":[{"href":"https:\/\/www.correiobraziliense.com.br\/cbradar\/wp-json\/wp\/v2\/posts\/207043","targetHints":{"allow":["GET"]}}],"collection":[{"href":"https:\/\/www.correiobraziliense.com.br\/cbradar\/wp-json\/wp\/v2\/posts"}],"about":[{"href":"https:\/\/www.correiobraziliense.com.br\/cbradar\/wp-json\/wp\/v2\/types\/post"}],"author":[{"embeddable":true,"href":"https:\/\/www.correiobraziliense.com.br\/cbradar\/wp-json\/wp\/v2\/users\/21"}],"replies":[{"embeddable":true,"href":"https:\/\/www.correiobraziliense.com.br\/cbradar\/wp-json\/wp\/v2\/comments?post=207043"}],"version-history":[{"count":6,"href":"https:\/\/www.correiobraziliense.com.br\/cbradar\/wp-json\/wp\/v2\/posts\/207043\/revisions"}],"predecessor-version":[{"id":207071,"href":"https:\/\/www.correiobraziliense.com.br\/cbradar\/wp-json\/wp\/v2\/posts\/207043\/revisions\/207071"}],"wp:featuredmedia":[{"embeddable":true,"href":"https:\/\/www.correiobraziliense.com.br\/cbradar\/wp-json\/wp\/v2\/media\/207058"}],"wp:attachment":[{"href":"https:\/\/www.correiobraziliense.com.br\/cbradar\/wp-json\/wp\/v2\/media?parent=207043"}],"wp:term":[{"taxonomy":"category","embeddable":true,"href":"https:\/\/www.correiobraziliense.com.br\/cbradar\/wp-json\/wp\/v2\/categories?post=207043"},{"taxonomy":"post_tag","embeddable":true,"href":"https:\/\/www.correiobraziliense.com.br\/cbradar\/wp-json\/wp\/v2\/tags?post=207043"}],"curies":[{"name":"wp","href":"https:\/\/api.w.org\/{rel}","templated":true}]}}