{"id":207061,"date":"2026-03-12T21:35:00","date_gmt":"2026-03-13T00:35:00","guid":{"rendered":"https:\/\/www.correiobraziliense.com.br\/cbradar\/?p=207061"},"modified":"2026-03-11T18:57:20","modified_gmt":"2026-03-11T21:57:20","slug":"sentir-fome-a-cada-poucas-horas-pode-ser-sinal-de-que-seu-corpo-esta-funcionando-bem","status":"publish","type":"post","link":"https:\/\/www.correiobraziliense.com.br\/cbradar\/sentir-fome-a-cada-poucas-horas-pode-ser-sinal-de-que-seu-corpo-esta-funcionando-bem\/","title":{"rendered":"Sentir fome a cada poucas horas pode ser sinal de que seu corpo est\u00e1 funcionando bem"},"content":{"rendered":"\n<p>Compreender o funcionamento do organismo humano passa, inevitavelmente, por reconhecer a fome como um mecanismo natural e essencial. Sentir fome \u00e9 um reflexo de um sistema biol\u00f3gico que opera de maneira eficaz, englobando a sinaliza\u00e7\u00e3o hormonal que, de forma ritmada, guia a ingest\u00e3o alimentar. Este processo \u00e9 uma dan\u00e7a harmoniosa entre a grelina, horm\u00f4nio relacionado ao apetite, e a leptina, respons\u00e1vel por promover a sensa\u00e7\u00e3o de saciedade, contribuindo para o equil\u00edbrio energ\u00e9tico e o metabolismo saud\u00e1vel.<\/p>\n\n\n\n<h2 class=\"wp-block-heading\">Como funciona o ciclo hormonal da fome ao longo do dia?<\/h2>\n\n\n\n<p>An\u00e1lises cient\u00edficas ajudam a compreender melhor o ciclo de fome e seu ritmo natural. Estudos, como o publicado na revista&nbsp;<em>Diabetes<\/em>, confirmam o papel crucial da grelina no desencadeamento do apetite e na prepara\u00e7\u00e3o do organismo para a refei\u00e7\u00e3o.<\/p>\n\n\n\n<p>Observou-se que, em adultos saud\u00e1veis, a fome aparece de forma r\u00edtmica, geralmente a cada tr\u00eas a quatro horas, refletindo o tempo de digest\u00e3o e absor\u00e7\u00e3o de nutrientes. Altera\u00e7\u00f5es importantes nesse intervalo podem interferir no equil\u00edbrio energ\u00e9tico e na regula\u00e7\u00e3o hormonal ao longo do dia.<\/p>\n\n\n\n<h2 class=\"wp-block-heading\">Quais sinais indicam que a fome pode estar desregulada?<\/h2>\n\n\n\n<p>Desvios significativos da frequ\u00eancia considerada habitual de fome podem sinalizar dist\u00farbios hormonais ou metab\u00f3licos. Quando a fome \u00e9 constante, muito intensa ou ausente por longos per\u00edodos, \u00e9 importante observar outros sintomas associados.<\/p>\n\n\n\n<style>\n  .make-wrap{\n    max-width: 760px;\n    margin: 26px auto;\n    padding: 18px;\n    border-radius: 18px;\n    background: linear-gradient(135deg,#fff7fb 0%,#f6f2ff 100%);\n    border: 1px solid #f7d4ea;\n    box-shadow: 0 8px 20px rgba(236,72,153,.12);\n    font-family: system-ui, -apple-system, Segoe UI, Roboto, Helvetica, Arial, sans-serif;\n  }\n\n  .make-title{\n    display:flex; \n    align-items:center; \n    gap:10px;\n    margin:0 0 12px 4px;\n    font-size:1.2rem; \n    font-weight:900; \n    color:#9d174d;\n  }\n\n  .make-table{\n    width:100%;\n    border-collapse:separate;\n    border-spacing:0;\n    overflow:hidden;\n    border-radius:16px;\n    border:1px solid #f7d4ea;\n    background:#fff;\n    font-size:.92rem;\n  }\n\n  .make-table thead th{\n    background:linear-gradient(90deg,#fde7f3 0%,#f8e9ff 100%);\n    padding:12px;\n    color:#7a1e63;\n    font-weight:800;\n    text-align:left;\n    border-bottom:1px solid #f7d4ea;\n  }\n\n  .make-table tbody td{\n    padding:12px;\n    color:#374151;\n    vertical-align:top;\n    border-bottom:1px dashed #f7d4ea;\n  }\n\n  .make-table tbody tr:nth-child(odd){\n    background:#fffaff;\n  }\n\n  .price{\n    display:inline-flex;\n    align-items:center;\n    background:#fff7ed;\n    color:#b45309;\n    padding:6px 10px;\n    border-radius:10px;\n    border:1px solid #fed7aa;\n    font-weight:700;\n    white-space:nowrap;\n  }\n\n  .badge{\n    display:inline-block;\n    background:#fde7f3;\n    color:#c026d3;\n    border:1px solid #fecdd3;\n    padding:4px 10px;\n    border-radius:999px;\n    font-weight:700;\n    font-size:.78rem;\n  }\n\n  @media (max-width:720px){\n    .make-table thead{display:none}\n    .make-table, .make-table tbody, .make-table tr, .make-table td{\n      display:block; \n      width:100%;\n    }\n    .make-table tr{\n      margin-bottom:12px;\n      border:1px solid #f7d4ea;\n      border-radius:14px;\n      overflow:hidden;\n      background:#fff;\n    }\n    .make-table td[data-label]:before{\n      content:attr(data-label);\n      display:block;\n      font-weight:800;\n      color:#7a1e63;\n      margin-bottom:4px;\n    }\n    .make-table tbody td:last-child{border-bottom:none}\n  }\n<\/style>\n\n<div class=\"make-wrap\">\n  <h3 class=\"make-title\">\u26a0\ufe0f\u2728 Sinais de poss\u00edvel desequil\u00edbrio metab\u00f3lico<\/h3>\n\n  <table class=\"make-table\">\n    <thead>\n      <tr>\n        <th>Sinal<\/th>\n        <th>Descri\u00e7\u00e3o<\/th>\n      <\/tr>\n    <\/thead>\n    <tbody>\n      <tr>\n        <td data-label=\"Sinal\">Altera\u00e7\u00f5es no apetite<\/td>\n        <td data-label=\"Descri\u00e7\u00e3o\">Fome insaci\u00e1vel ou aus\u00eancia prolongada de apetite.<\/td>\n      <\/tr>\n      <tr>\n        <td data-label=\"Sinal\">Cansa\u00e7o constante<\/td>\n        <td data-label=\"Descri\u00e7\u00e3o\">Fadiga frequente e queda de energia ao longo do dia.<\/td>\n      <\/tr>\n      <tr>\n        <td data-label=\"Sinal\">Dificuldade de concentra\u00e7\u00e3o<\/td>\n        <td data-label=\"Descri\u00e7\u00e3o\">Dificuldades de concentra\u00e7\u00e3o e irritabilidade.<\/td>\n      <\/tr>\n      <tr>\n        <td data-label=\"Sinal\">Mudan\u00e7as de peso<\/td>\n        <td data-label=\"Descri\u00e7\u00e3o\">Varia\u00e7\u00f5es de peso sem causa aparente.<\/td>\n      <\/tr>\n    <\/tbody>\n  <\/table>\n\n  <p style=\"margin-top:14px; color:#6b7280; font-size:.9rem;\">\n    \ud83d\udca1 <strong>Dica:<\/strong> Ao notar esses sinais com frequ\u00eancia, buscar avalia\u00e7\u00e3o m\u00e9dica pode ajudar a identificar poss\u00edveis desequil\u00edbrios metab\u00f3licos.\n  <\/p>\n<\/div>\n\n\n\n\n<h2 class=\"wp-block-heading\">Como o sono influencia a percep\u00e7\u00e3o de fome?<\/h2>\n\n\n\n<p>O sono afeta diretamente os n\u00edveis hormonais que regulam o apetite e a saciedade. Pesquisas demonstram que uma noite mal dormida pode aumentar a grelina e diminuir a leptina, favorecendo o aumento do apetite no dia seguinte.<\/p>\n\n\n\n<p>Pessoas com priva\u00e7\u00e3o de sono tendem a comer mais e t\u00eam mais dificuldade em reconhecer a saciedade, o que pode favorecer o ganho de peso. Por isso, dormir bem \u00e9 um componente importante na manuten\u00e7\u00e3o de uma alimenta\u00e7\u00e3o equilibrada e de um metabolismo regulado.<\/p>\n\n\n<div class=\"wp-block-image\">\n<figure class=\"aligncenter size-large\"><img decoding=\"async\" width=\"1024\" height=\"576\" src=\"https:\/\/www.correiobraziliense.com.br\/cbradar\/wp-content\/uploads\/2025\/06\/fome_1750075749242-1024x576.jpg\" alt=\"\" class=\"wp-image-54162\" srcset=\"https:\/\/www.correiobraziliense.com.br\/cbradar\/wp-content\/uploads\/2025\/06\/fome_1750075749242-1024x576.jpg 1024w, https:\/\/www.correiobraziliense.com.br\/cbradar\/wp-content\/uploads\/2025\/06\/fome_1750075749242-300x169.jpg 300w, https:\/\/www.correiobraziliense.com.br\/cbradar\/wp-content\/uploads\/2025\/06\/fome_1750075749242-768x432.jpg 768w, https:\/\/www.correiobraziliense.com.br\/cbradar\/wp-content\/uploads\/2025\/06\/fome_1750075749242-750x422.jpg 750w, https:\/\/www.correiobraziliense.com.br\/cbradar\/wp-content\/uploads\/2025\/06\/fome_1750075749242-1140x641.jpg 1140w, https:\/\/www.correiobraziliense.com.br\/cbradar\/wp-content\/uploads\/2025\/06\/fome_1750075749242.jpg 1280w\" sizes=\"(max-width: 1024px) 100vw, 1024px\" \/><figcaption class=\"wp-element-caption\">Fome &#8211; Cr\u00e9ditos: depositphotos.com \/ evgenyataman<\/figcaption><\/figure><\/div>\n\n\n<h2 class=\"wp-block-heading\">Quando \u00e9 importante buscar avalia\u00e7\u00e3o m\u00e9dica sobre o padr\u00e3o de fome?<\/h2>\n\n\n\n<p>Em condi\u00e7\u00f5es normais, a fome se manifesta de maneira moderada entre refei\u00e7\u00f5es balanceadas, com intervalos regulares. Quando esse padr\u00e3o se afasta de forma consistente do habitual, pode ser necess\u00e1rio investigar causas hormonais, metab\u00f3licas ou comportamentais.<\/p>\n\n\n\n<p>Exames de sangue, como glicemia em jejum e n\u00edveis de insulina, podem oferecer insights sobre o estado metab\u00f3lico do indiv\u00edduo. Somente profissionais de sa\u00fade, como m\u00e9dicos e nutricionistas, podem realizar o diagn\u00f3stico adequado e indicar o tratamento mais eficaz.<\/p>\n\n\n<a href=\"https:\/\/www.instagram.com\/dra.annaluisabf\/\" target=\"_blank\" rel=\"noopener\" style=\"text-decoration: none; color: inherit;\">\n    <span style=\"display: inline-block; border: 1px solid #ccc; border-radius: 10px; padding: 15px; max-width: 550px; font-family: sans-serif; box-shadow: 0 2px 5px rgba(0,0,0,0.1); width: 100%;\">\n\n      <!-- T\u00edtulo -->\n      <span style=\"display: block; margin: 0 0 15px 0; font-weight: bold; color: #2c3e50; text-align: center;\">\n        Entre em contato:\n      <\/span>\n\n      <!-- Linha do perfil -->\n      <span style=\"display: flex; align-items: center; gap: 15px;\">\n        <img decoding=\"async\"\n          src=\"https:\/\/www.correiobraziliense.com.br\/cbradar\/wp-content\/uploads\/2025\/08\/dra_anna_luisa.jpeg\"\n          alt=\"Foto da Dra. Anna Lu\u00edsa\"\n          style=\"border-radius: 50%; width: 80px; height: 80px; object-fit: cover;\"\n        \/>\n        <span style=\"display: flex; flex-direction: column;\">\n          <span style=\"font-size: 18px; font-weight: 700; color: #2c3e50;\">Dra. Anna Lu\u00edsa Barbosa Fernandes<\/span>\n          <span style=\"color: #555;\">CRM-GO 33.271<\/span>\n        <\/span>\n      <\/span>\n\n      <!-- Redes -->\n      <span style=\"display: flex; align-items: center; gap: 10px; margin-top: 12px;\">\n        <img decoding=\"async\" src=\"https:\/\/cdn-icons-png.flaticon.com\/24\/1384\/1384063.png\" alt=\"Instagram\" width=\"24\" height=\"24\" \/>\n        <span style=\"text-decoration: underline; color: #2c3e50;\">@dra.annaluisabf<\/span>\n      <\/span>\n\n    <\/span>\n  <\/a>","protected":false},"excerpt":{"rendered":"<p>Compreender o funcionamento do organismo humano passa, inevitavelmente, por reconhecer a fome como um mecanismo natural e essencial. Sentir fome \u00e9 um reflexo de um sistema biol\u00f3gico que opera de maneira eficaz, englobando a sinaliza\u00e7\u00e3o hormonal que, de forma ritmada, guia a ingest\u00e3o alimentar. Este processo \u00e9 uma dan\u00e7a harmoniosa entre a grelina, horm\u00f4nio relacionado [&hellip;]<\/p>\n","protected":false},"author":14,"featured_media":54161,"comment_status":"open","ping_status":"open","sticky":false,"template":"","format":"standard","meta":{"_yoast_wpseo_focuskw":"Sentir fome","_yoast_wpseo_title":"","_yoast_wpseo_metadesc":"A fome \u00e9 um sinal natural do corpo e pode revelar muito sobre horm\u00f4nios e metabolismo. Entenda quando isso \u00e9 saud\u00e1vel.","jnews-multi-image_gallery":[],"jnews_single_post":{"format":"standard"},"jnews_primary_category":[],"jnews_social_meta":[],"jnews_override_counter":[],"footnotes":""},"categories":[4404],"post_tag":[120,247,1318],"class_list":["post-207061","post","type-post","status-publish","format-standard","has-post-thumbnail","hentry","category-saude","tag-bem-estar","tag-qualidade-de-vida","tag-saude-2"],"yoast_head":"<!-- This site is optimized with the Yoast SEO plugin v24.6 - https:\/\/yoast.com\/wordpress\/plugins\/seo\/ -->\n<title>Sentir fome a cada poucas horas pode ser sinal de que seu corpo est\u00e1 funcionando bem - Correio Braziliense - Radar<\/title>\n<meta name=\"description\" content=\"A fome \u00e9 um sinal natural do corpo e pode revelar muito sobre horm\u00f4nios e metabolismo. Entenda quando isso \u00e9 saud\u00e1vel.\" \/>\n<meta name=\"robots\" content=\"index, follow, max-snippet:-1, max-image-preview:large, max-video-preview:-1\" \/>\n<link rel=\"canonical\" href=\"https:\/\/www.correiobraziliense.com.br\/cbradar\/sentir-fome-a-cada-poucas-horas-pode-ser-sinal-de-que-seu-corpo-esta-funcionando-bem\/\" \/>\n<meta property=\"og:locale\" content=\"pt_BR\" \/>\n<meta property=\"og:type\" content=\"article\" \/>\n<meta property=\"og:title\" content=\"Sentir fome a cada poucas horas pode ser sinal de que seu corpo est\u00e1 funcionando bem - Correio Braziliense - Radar\" \/>\n<meta property=\"og:description\" content=\"A fome \u00e9 um sinal natural do corpo e pode revelar muito sobre horm\u00f4nios e metabolismo. Entenda quando isso \u00e9 saud\u00e1vel.\" \/>\n<meta property=\"og:url\" content=\"https:\/\/www.correiobraziliense.com.br\/cbradar\/sentir-fome-a-cada-poucas-horas-pode-ser-sinal-de-que-seu-corpo-esta-funcionando-bem\/\" \/>\n<meta property=\"og:site_name\" content=\"Correio Braziliense - Radar\" \/>\n<meta property=\"article:published_time\" content=\"2026-03-13T00:35:00+00:00\" \/>\n<meta property=\"og:image\" content=\"https:\/\/www.correiobraziliense.com.br\/cbradar\/wp-content\/uploads\/2025\/06\/fome_1750075693094.jpg\" \/>\n\t<meta property=\"og:image:width\" content=\"1280\" \/>\n\t<meta property=\"og:image:height\" content=\"720\" \/>\n\t<meta property=\"og:image:type\" content=\"image\/jpeg\" \/>\n<meta name=\"author\" content=\"guilherme_saude\" \/>\n<meta name=\"twitter:card\" content=\"summary_large_image\" \/>\n<meta name=\"twitter:label1\" content=\"Escrito por\" \/>\n\t<meta name=\"twitter:data1\" content=\"guilherme_saude\" \/>\n\t<meta name=\"twitter:label2\" content=\"Est. tempo de leitura\" \/>\n\t<meta name=\"twitter:data2\" content=\"4 minutos\" \/>\n<!-- \/ Yoast SEO plugin. -->","yoast_head_json":{"title":"Sentir fome a cada poucas horas pode ser sinal de que seu corpo est\u00e1 funcionando bem - Correio Braziliense - Radar","description":"A fome \u00e9 um sinal natural do corpo e pode revelar muito sobre horm\u00f4nios e metabolismo. Entenda quando isso \u00e9 saud\u00e1vel.","robots":{"index":"index","follow":"follow","max-snippet":"max-snippet:-1","max-image-preview":"max-image-preview:large","max-video-preview":"max-video-preview:-1"},"canonical":"https:\/\/www.correiobraziliense.com.br\/cbradar\/sentir-fome-a-cada-poucas-horas-pode-ser-sinal-de-que-seu-corpo-esta-funcionando-bem\/","og_locale":"pt_BR","og_type":"article","og_title":"Sentir fome a cada poucas horas pode ser sinal de que seu corpo est\u00e1 funcionando bem - Correio Braziliense - Radar","og_description":"A fome \u00e9 um sinal natural do corpo e pode revelar muito sobre horm\u00f4nios e metabolismo. Entenda quando isso \u00e9 saud\u00e1vel.","og_url":"https:\/\/www.correiobraziliense.com.br\/cbradar\/sentir-fome-a-cada-poucas-horas-pode-ser-sinal-de-que-seu-corpo-esta-funcionando-bem\/","og_site_name":"Correio Braziliense - Radar","article_published_time":"2026-03-13T00:35:00+00:00","og_image":[{"width":1280,"height":720,"url":"https:\/\/www.correiobraziliense.com.br\/cbradar\/wp-content\/uploads\/2025\/06\/fome_1750075693094.jpg","type":"image\/jpeg"}],"author":"guilherme_saude","twitter_card":"summary_large_image","twitter_misc":{"Escrito por":"guilherme_saude","Est. tempo de leitura":"4 minutos"},"schema":{"@context":"https:\/\/schema.org","@graph":[{"@type":"WebPage","@id":"https:\/\/www.correiobraziliense.com.br\/cbradar\/sentir-fome-a-cada-poucas-horas-pode-ser-sinal-de-que-seu-corpo-esta-funcionando-bem\/","url":"https:\/\/www.correiobraziliense.com.br\/cbradar\/sentir-fome-a-cada-poucas-horas-pode-ser-sinal-de-que-seu-corpo-esta-funcionando-bem\/","name":"Sentir fome a cada poucas horas pode ser sinal de que seu corpo est\u00e1 funcionando bem - Correio Braziliense - Radar","isPartOf":{"@id":"https:\/\/www.correiobraziliense.com.br\/cbradar\/#website"},"primaryImageOfPage":{"@id":"https:\/\/www.correiobraziliense.com.br\/cbradar\/sentir-fome-a-cada-poucas-horas-pode-ser-sinal-de-que-seu-corpo-esta-funcionando-bem\/#primaryimage"},"image":{"@id":"https:\/\/www.correiobraziliense.com.br\/cbradar\/sentir-fome-a-cada-poucas-horas-pode-ser-sinal-de-que-seu-corpo-esta-funcionando-bem\/#primaryimage"},"thumbnailUrl":"https:\/\/www.correiobraziliense.com.br\/cbradar\/wp-content\/uploads\/2025\/06\/fome_1750075693094.jpg","datePublished":"2026-03-13T00:35:00+00:00","author":{"@id":"https:\/\/www.correiobraziliense.com.br\/cbradar\/#\/schema\/person\/5aa4bf3c8fa699c267933611de12978b"},"description":"A fome \u00e9 um sinal natural do corpo e pode revelar muito sobre horm\u00f4nios e metabolismo. Entenda quando isso \u00e9 saud\u00e1vel.","breadcrumb":{"@id":"https:\/\/www.correiobraziliense.com.br\/cbradar\/sentir-fome-a-cada-poucas-horas-pode-ser-sinal-de-que-seu-corpo-esta-funcionando-bem\/#breadcrumb"},"inLanguage":"pt-BR","potentialAction":[{"@type":"ReadAction","target":["https:\/\/www.correiobraziliense.com.br\/cbradar\/sentir-fome-a-cada-poucas-horas-pode-ser-sinal-de-que-seu-corpo-esta-funcionando-bem\/"]}]},{"@type":"ImageObject","inLanguage":"pt-BR","@id":"https:\/\/www.correiobraziliense.com.br\/cbradar\/sentir-fome-a-cada-poucas-horas-pode-ser-sinal-de-que-seu-corpo-esta-funcionando-bem\/#primaryimage","url":"https:\/\/www.correiobraziliense.com.br\/cbradar\/wp-content\/uploads\/2025\/06\/fome_1750075693094.jpg","contentUrl":"https:\/\/www.correiobraziliense.com.br\/cbradar\/wp-content\/uploads\/2025\/06\/fome_1750075693094.jpg","width":1280,"height":720,"caption":"Fome - Cr\u00e9ditos: depositphotos.com \/ AtlasStudio"},{"@type":"BreadcrumbList","@id":"https:\/\/www.correiobraziliense.com.br\/cbradar\/sentir-fome-a-cada-poucas-horas-pode-ser-sinal-de-que-seu-corpo-esta-funcionando-bem\/#breadcrumb","itemListElement":[{"@type":"ListItem","position":1,"name":"In\u00edcio","item":"https:\/\/www.correiobraziliense.com.br\/cbradar\/"},{"@type":"ListItem","position":2,"name":"Sentir fome a cada poucas horas pode ser sinal de que seu corpo est\u00e1 funcionando bem"}]},{"@type":"WebSite","@id":"https:\/\/www.correiobraziliense.com.br\/cbradar\/#website","url":"https:\/\/www.correiobraziliense.com.br\/cbradar\/","name":"Correio Braziliense - Radar","description":"Acompanhe as \u00faltimas not\u00edcias e fique bem informado sobre tudo o que acontece no Brasil e no mundo.","potentialAction":[{"@type":"SearchAction","target":{"@type":"EntryPoint","urlTemplate":"https:\/\/www.correiobraziliense.com.br\/cbradar\/?s={search_term_string}"},"query-input":{"@type":"PropertyValueSpecification","valueRequired":true,"valueName":"search_term_string"}}],"inLanguage":"pt-BR"},{"@type":"Person","@id":"https:\/\/www.correiobraziliense.com.br\/cbradar\/#\/schema\/person\/5aa4bf3c8fa699c267933611de12978b","name":"guilherme_saude","image":{"@type":"ImageObject","inLanguage":"pt-BR","@id":"https:\/\/www.correiobraziliense.com.br\/cbradar\/#\/schema\/person\/image\/","url":"https:\/\/secure.gravatar.com\/avatar\/df9adfb835d344bc0af109d41756253f?s=96&d=mm&r=g","contentUrl":"https:\/\/secure.gravatar.com\/avatar\/df9adfb835d344bc0af109d41756253f?s=96&d=mm&r=g","caption":"guilherme_saude"},"url":"https:\/\/www.correiobraziliense.com.br\/cbradar\/author\/guilherme_saude\/"}]}},"_links":{"self":[{"href":"https:\/\/www.correiobraziliense.com.br\/cbradar\/wp-json\/wp\/v2\/posts\/207061","targetHints":{"allow":["GET"]}}],"collection":[{"href":"https:\/\/www.correiobraziliense.com.br\/cbradar\/wp-json\/wp\/v2\/posts"}],"about":[{"href":"https:\/\/www.correiobraziliense.com.br\/cbradar\/wp-json\/wp\/v2\/types\/post"}],"author":[{"embeddable":true,"href":"https:\/\/www.correiobraziliense.com.br\/cbradar\/wp-json\/wp\/v2\/users\/14"}],"replies":[{"embeddable":true,"href":"https:\/\/www.correiobraziliense.com.br\/cbradar\/wp-json\/wp\/v2\/comments?post=207061"}],"version-history":[{"count":1,"href":"https:\/\/www.correiobraziliense.com.br\/cbradar\/wp-json\/wp\/v2\/posts\/207061\/revisions"}],"predecessor-version":[{"id":207142,"href":"https:\/\/www.correiobraziliense.com.br\/cbradar\/wp-json\/wp\/v2\/posts\/207061\/revisions\/207142"}],"wp:featuredmedia":[{"embeddable":true,"href":"https:\/\/www.correiobraziliense.com.br\/cbradar\/wp-json\/wp\/v2\/media\/54161"}],"wp:attachment":[{"href":"https:\/\/www.correiobraziliense.com.br\/cbradar\/wp-json\/wp\/v2\/media?parent=207061"}],"wp:term":[{"taxonomy":"category","embeddable":true,"href":"https:\/\/www.correiobraziliense.com.br\/cbradar\/wp-json\/wp\/v2\/categories?post=207061"},{"taxonomy":"post_tag","embeddable":true,"href":"https:\/\/www.correiobraziliense.com.br\/cbradar\/wp-json\/wp\/v2\/post_tag?post=207061"}],"curies":[{"name":"wp","href":"https:\/\/api.w.org\/{rel}","templated":true}]}}