{"id":207062,"date":"2026-03-14T07:25:00","date_gmt":"2026-03-14T10:25:00","guid":{"rendered":"https:\/\/www.correiobraziliense.com.br\/cbradar\/?p=207062"},"modified":"2026-03-13T10:31:56","modified_gmt":"2026-03-13T13:31:56","slug":"sintomas-de-perda-de-memoria-cinco-sinais-a-ter-em-conta-apos-os-50-anos","status":"publish","type":"post","link":"https:\/\/www.correiobraziliense.com.br\/cbradar\/sintomas-de-perda-de-memoria-cinco-sinais-a-ter-em-conta-apos-os-50-anos\/","title":{"rendered":"Sintomas de perda de mem\u00f3ria? Cinco sinais a ter em conta ap\u00f3s os 50 anos"},"content":{"rendered":"\n<p>Identificar os <strong>sintomas de perda de mem\u00f3ria<\/strong> na maturidade exige aten\u00e7\u00e3o redobrada aos m\u00ednimos detalhes do cotidiano. Avaliar e monitorar essas pequenas confus\u00f5es mentais di\u00e1rias ajuda a distinguir o processo de envelhecimento natural de quadros neurol\u00f3gicos severos que exigem tratamento m\u00e9dico imediato.<\/p>\n\n\n\n<h2 class=\"wp-block-heading\">Quais s\u00e3o as mudan\u00e7as normais do envelhecimento cerebral?<\/h2>\n\n\n\n<p>O c\u00e9rebro humano passa por profundas transforma\u00e7\u00f5es estruturais com o avan\u00e7o da idade, tornando o resgate de informa\u00e7\u00f5es um pouco mais lento. \u00c9 perfeitamente comum esquecer o nome de um antigo conhecido ou demorar alguns minutos para lembrar onde guardou os \u00f3culos de leitura.<\/p>\n\n\n\n<p>Esses pequenos lapsos espor\u00e1dicos n\u00e3o indicam necessariamente o in\u00edcio de uma dem\u00eancia. O \u00f3rg\u00e3o de sa\u00fade p\u00fablica do <strong>Brasil<\/strong>, o <a href=\"https:\/\/www.gov.br\/saude\/pt-br\/assuntos\/saude-de-a-a-z\/a\/alzheimer\" target=\"_blank\" rel=\"noreferrer noopener\"><strong>Minist\u00e9rio da Sa\u00fade<\/strong><\/a>, orienta firmemente que a preocupa\u00e7\u00e3o familiar deve surgir apenas quando os esquecimentos repetitivos come\u00e7am a paralisar completamente a rotina di\u00e1ria.<\/p>\n\n\n<div class=\"wp-block-image\">\n<figure class=\"aligncenter size-large\"><img decoding=\"async\" width=\"1024\" height=\"576\" src=\"https:\/\/www.correiobraziliense.com.br\/cbradar\/wp-content\/uploads\/2026\/01\/imagem_2026-01-11_011234186-1024x576.png\" alt=\"Rela\u00e7\u00e3o entre tristeza, dopamina e a busca do c\u00e9rebro por alimentos doces\" class=\"wp-image-172332\" srcset=\"https:\/\/www.correiobraziliense.com.br\/cbradar\/wp-content\/uploads\/2026\/01\/imagem_2026-01-11_011234186-1024x576.png 1024w, https:\/\/www.correiobraziliense.com.br\/cbradar\/wp-content\/uploads\/2026\/01\/imagem_2026-01-11_011234186-300x169.png 300w, https:\/\/www.correiobraziliense.com.br\/cbradar\/wp-content\/uploads\/2026\/01\/imagem_2026-01-11_011234186-768x432.png 768w, https:\/\/www.correiobraziliense.com.br\/cbradar\/wp-content\/uploads\/2026\/01\/imagem_2026-01-11_011234186-750x422.png 750w, https:\/\/www.correiobraziliense.com.br\/cbradar\/wp-content\/uploads\/2026\/01\/imagem_2026-01-11_011234186-1140x641.png 1140w, https:\/\/www.correiobraziliense.com.br\/cbradar\/wp-content\/uploads\/2026\/01\/imagem_2026-01-11_011234186.png 1280w\" sizes=\"(max-width: 1024px) 100vw, 1024px\" \/><figcaption class=\"wp-element-caption\">Sintomas de perda de mem\u00f3ria ap\u00f3s os 50 anos<\/figcaption><\/figure><\/div>\n\n\n<h2 class=\"wp-block-heading\">Como diferenciar o esquecimento comum de um quadro preocupante?<\/h2>\n\n\n\n<p>A diferen\u00e7a principal e mais alarmante reside na frequ\u00eancia e no impacto pr\u00e1tico dessas falhas cognitivas. Enquanto o envelhecimento saud\u00e1vel preserva a total independ\u00eancia do indiv\u00edduo, o decl\u00ednio neurol\u00f3gico patol\u00f3gico rouba a autonomia gradativamente ao longo dos meses.<\/p>\n\n\n\n<p>Para facilitar a identifica\u00e7\u00e3o precoce do problema e garantir a seguran\u00e7a do paciente, preste muita aten\u00e7\u00e3o nestes <strong>cinco<\/strong> sinais de alerta:<\/p>\n\n\n\n<ul class=\"wp-block-list\">\n<li>Esquecer informa\u00e7\u00f5es rec\u00e9m-aprendidas e fazer exatamente a mesma pergunta v\u00e1rias vezes ao dia.<\/li>\n\n\n\n<li>Demonstrar dificuldade inesperada e grande frustra\u00e7\u00e3o para seguir uma receita culin\u00e1ria familiar.<\/li>\n\n\n\n<li>Apresentar confus\u00e3o severa com datas de anivers\u00e1rios, esta\u00e7\u00f5es do ano ou a pr\u00f3pria passagem do tempo.<\/li>\n\n\n\n<li>Ter problemas frequentes e pausas longas para acompanhar ou participar de uma conversa normal.<\/li>\n\n\n\n<li>Exibir altera\u00e7\u00f5es bruscas e inexplic\u00e1veis de humor, tornando-se uma pessoa mais agressiva ou medrosa.<\/li>\n<\/ul>\n\n\n\n<h2 class=\"wp-block-heading\">Por que a desorienta\u00e7\u00e3o em locais familiares \u00e9 um sinal grave?<\/h2>\n\n\n\n<p>Perder-se no pr\u00f3prio bairro de resid\u00eancia ou esquecer completamente o caminho tradicional de volta para casa \u00e9 um indicativo forte de desorganiza\u00e7\u00e3o espacial profunda. Esse sintoma ultrapassa a distra\u00e7\u00e3o passageira e afeta diretamente a seguran\u00e7a f\u00edsica do idoso nas ruas.<\/p>\n\n\n\n<p>Condi\u00e7\u00f5es neurol\u00f3gicas severas afetam o <a href=\"https:\/\/pt.wikipedia.org\/wiki\/Hipocampo\" target=\"_blank\" rel=\"noreferrer noopener\"><strong>hipocampo<\/strong><\/a> de forma agressiva logo no in\u00edcio da patologia. Les\u00f5es precoces nesta importante regi\u00e3o cerebral comprometem severamente a capacidade do indiv\u00edduo de processar, criar e reter novas mem\u00f3rias espaciais a curto e longo prazo.<\/p>\n\n\n\n<p>Leia tamb\u00e9m: <a href=\"https:\/\/www.correiobraziliense.com.br\/cbradar\/a-fruta-mais-antioxidante-da-natureza-que-ajuda-a-proteger-as-celulas-contra-o-cancer\/\" target=\"_blank\" rel=\"noreferrer noopener\">A fruta mais antioxidante da natureza que ajuda a proteger as c\u00e9lulas contra o c\u00e2ncer<\/a><\/p>\n\n\n\n<h2 class=\"wp-block-heading\">Quais altera\u00e7\u00f5es de humor e comportamento acompanham o decl\u00ednio cognitivo?<\/h2>\n\n\n\n<p>Mudan\u00e7as dr\u00e1sticas de personalidade frequentemente precedem os lapsos de lembran\u00e7a mais evidentes. O paciente afetuoso pode se tornar subitamente muito desconfiado, ap\u00e1tico, deprimido ou ansioso, especialmente quando est\u00e1 fora da sua zona de conforto e sente-se confuso com o ambiente.<\/p>\n\n\n\n<p>No v\u00eddeo a seguir, <strong><em>Daniel Escobar Neurologista<\/em><\/strong>, com mais de 100 mil seguidores, fala um pouco sobre o decl\u00ednio cognitivo:<\/p>\n\n\n\n<blockquote class=\"instagram-media\" data-instgrm-captioned data-instgrm-permalink=\"https:\/\/www.instagram.com\/reel\/DUI1G0rgI96\/?utm_source=ig_embed&amp;utm_campaign=loading\" data-instgrm-version=\"14\" style=\" background:#FFF; border:0; border-radius:3px; box-shadow:0 0 1px 0 rgba(0,0,0,0.5),0 1px 10px 0 rgba(0,0,0,0.15); margin: 1px; max-width:540px; min-width:326px; padding:0; width:99.375%; width:-webkit-calc(100% - 2px); width:calc(100% - 2px);\"><div style=\"padding:16px;\"> <a href=\"https:\/\/www.instagram.com\/reel\/DUI1G0rgI96\/?utm_source=ig_embed&amp;utm_campaign=loading\" style=\" background:#FFFFFF; line-height:0; padding:0 0; text-align:center; text-decoration:none; width:100%;\" target=\"_blank\"> <div style=\" display: flex; flex-direction: row; align-items: center;\"> <div style=\"background-color: #F4F4F4; border-radius: 50%; flex-grow: 0; height: 40px; margin-right: 14px; width: 40px;\"><\/div> <div style=\"display: flex; flex-direction: column; flex-grow: 1; justify-content: center;\"> <div style=\" background-color: #F4F4F4; border-radius: 4px; flex-grow: 0; height: 14px; margin-bottom: 6px; width: 100px;\"><\/div> <div style=\" background-color: #F4F4F4; border-radius: 4px; flex-grow: 0; height: 14px; width: 60px;\"><\/div><\/div><\/div><div style=\"padding: 19% 0;\"><\/div> <div style=\"display:block; height:50px; margin:0 auto 12px; width:50px;\"><svg width=\"50px\" height=\"50px\" viewBox=\"0 0 60 60\" version=\"1.1\" xmlns=\"https:\/\/www.w3.org\/2000\/svg\" xmlns:xlink=\"https:\/\/www.w3.org\/1999\/xlink\"><g stroke=\"none\" stroke-width=\"1\" fill=\"none\" fill-rule=\"evenodd\"><g transform=\"translate(-511.000000, -20.000000)\" fill=\"#000000\"><g><path d=\"M556.869,30.41 C554.814,30.41 553.148,32.076 553.148,34.131 C553.148,36.186 554.814,37.852 556.869,37.852 C558.924,37.852 560.59,36.186 560.59,34.131 C560.59,32.076 558.924,30.41 556.869,30.41 M541,60.657 C535.114,60.657 530.342,55.887 530.342,50 C530.342,44.114 535.114,39.342 541,39.342 C546.887,39.342 551.658,44.114 551.658,50 C551.658,55.887 546.887,60.657 541,60.657 M541,33.886 C532.1,33.886 524.886,41.1 524.886,50 C524.886,58.899 532.1,66.113 541,66.113 C549.9,66.113 557.115,58.899 557.115,50 C557.115,41.1 549.9,33.886 541,33.886 M565.378,62.101 C565.244,65.022 564.756,66.606 564.346,67.663 C563.803,69.06 563.154,70.057 562.106,71.106 C561.058,72.155 560.06,72.803 558.662,73.347 C557.607,73.757 556.021,74.244 553.102,74.378 C549.944,74.521 548.997,74.552 541,74.552 C533.003,74.552 532.056,74.521 528.898,74.378 C525.979,74.244 524.393,73.757 523.338,73.347 C521.94,72.803 520.942,72.155 519.894,71.106 C518.846,70.057 518.197,69.06 517.654,67.663 C517.244,66.606 516.755,65.022 516.623,62.101 C516.479,58.943 516.448,57.996 516.448,50 C516.448,42.003 516.479,41.056 516.623,37.899 C516.755,34.978 517.244,33.391 517.654,32.338 C518.197,30.938 518.846,29.942 519.894,28.894 C520.942,27.846 521.94,27.196 523.338,26.654 C524.393,26.244 525.979,25.756 528.898,25.623 C532.057,25.479 533.004,25.448 541,25.448 C548.997,25.448 549.943,25.479 553.102,25.623 C556.021,25.756 557.607,26.244 558.662,26.654 C560.06,27.196 561.058,27.846 562.106,28.894 C563.154,29.942 563.803,30.938 564.346,32.338 C564.756,33.391 565.244,34.978 565.378,37.899 C565.522,41.056 565.552,42.003 565.552,50 C565.552,57.996 565.522,58.943 565.378,62.101 M570.82,37.631 C570.674,34.438 570.167,32.258 569.425,30.349 C568.659,28.377 567.633,26.702 565.965,25.035 C564.297,23.368 562.623,22.342 560.652,21.575 C558.743,20.834 556.562,20.326 553.369,20.18 C550.169,20.033 549.148,20 541,20 C532.853,20 531.831,20.033 528.631,20.18 C525.438,20.326 523.257,20.834 521.349,21.575 C519.376,22.342 517.703,23.368 516.035,25.035 C514.368,26.702 513.342,28.377 512.574,30.349 C511.834,32.258 511.326,34.438 511.181,37.631 C511.035,40.831 511,41.851 511,50 C511,58.147 511.035,59.17 511.181,62.369 C511.326,65.562 511.834,67.743 512.574,69.651 C513.342,71.625 514.368,73.296 516.035,74.965 C517.703,76.634 519.376,77.658 521.349,78.425 C523.257,79.167 525.438,79.673 528.631,79.82 C531.831,79.965 532.853,80.001 541,80.001 C549.148,80.001 550.169,79.965 553.369,79.82 C556.562,79.673 558.743,79.167 560.652,78.425 C562.623,77.658 564.297,76.634 565.965,74.965 C567.633,73.296 568.659,71.625 569.425,69.651 C570.167,67.743 570.674,65.562 570.82,62.369 C570.966,59.17 571,58.147 571,50 C571,41.851 570.966,40.831 570.82,37.631\"><\/path><\/g><\/g><\/g><\/svg><\/div><div style=\"padding-top: 8px;\"> <div style=\" color:#3897f0; font-family:Arial,sans-serif; font-size:14px; font-style:normal; font-weight:550; line-height:18px;\">Ver essa foto no Instagram<\/div><\/div><div style=\"padding: 12.5% 0;\"><\/div> <div style=\"display: flex; flex-direction: row; margin-bottom: 14px; align-items: center;\"><div> <div style=\"background-color: #F4F4F4; border-radius: 50%; height: 12.5px; width: 12.5px; transform: translateX(0px) translateY(7px);\"><\/div> <div style=\"background-color: #F4F4F4; height: 12.5px; transform: rotate(-45deg) translateX(3px) translateY(1px); width: 12.5px; flex-grow: 0; margin-right: 14px; margin-left: 2px;\"><\/div> <div style=\"background-color: #F4F4F4; border-radius: 50%; height: 12.5px; width: 12.5px; transform: translateX(9px) translateY(-18px);\"><\/div><\/div><div style=\"margin-left: 8px;\"> <div style=\" background-color: #F4F4F4; border-radius: 50%; flex-grow: 0; height: 20px; width: 20px;\"><\/div> <div style=\" width: 0; height: 0; border-top: 2px solid transparent; border-left: 6px solid #f4f4f4; border-bottom: 2px solid transparent; transform: translateX(16px) translateY(-4px) rotate(30deg)\"><\/div><\/div><div style=\"margin-left: auto;\"> <div style=\" width: 0px; border-top: 8px solid #F4F4F4; border-right: 8px solid transparent; transform: translateY(16px);\"><\/div> <div style=\" background-color: #F4F4F4; flex-grow: 0; height: 12px; width: 16px; transform: translateY(-4px);\"><\/div> <div style=\" width: 0; height: 0; border-top: 8px solid #F4F4F4; border-left: 8px solid transparent; transform: translateY(-4px) translateX(8px);\"><\/div><\/div><\/div> <div style=\"display: flex; flex-direction: column; flex-grow: 1; justify-content: center; margin-bottom: 24px;\"> <div style=\" background-color: #F4F4F4; border-radius: 4px; flex-grow: 0; height: 14px; margin-bottom: 6px; width: 224px;\"><\/div> <div style=\" background-color: #F4F4F4; border-radius: 4px; flex-grow: 0; height: 14px; width: 144px;\"><\/div><\/div><\/a><p style=\" color:#c9c8cd; font-family:Arial,sans-serif; font-size:14px; line-height:17px; margin-bottom:0; margin-top:8px; overflow:hidden; padding:8px 0 7px; text-align:center; text-overflow:ellipsis; white-space:nowrap;\"><a href=\"https:\/\/www.instagram.com\/reel\/DUI1G0rgI96\/?utm_source=ig_embed&amp;utm_campaign=loading\" style=\" color:#c9c8cd; font-family:Arial,sans-serif; font-size:14px; font-style:normal; font-weight:normal; line-height:17px; text-decoration:none;\" target=\"_blank\">Um post compartilhado por Daniel Escobar Neurologista (@danielescobar.neuro)<\/a><\/p><\/div><\/blockquote>\n<script async src=\"\/\/www.instagram.com\/embed.js\"><\/script>\n\n\n\n<h3 class=\"wp-block-heading\">Qual a rela\u00e7\u00e3o direta entre o isolamento social e as falhas mentais?<\/h3>\n\n\n\n<p>O afastamento repentino de atividades sociais, festas ou hobbies adorados ocorre porque a pr\u00f3pria pessoa percebe intimamente suas crescentes dificuldades de racioc\u00ednio. A frustra\u00e7\u00e3o com as pr\u00f3prias limita\u00e7\u00f5es verbais e cognitivas gera um profundo retraimento social defensivo.<\/p>\n\n\n\n<p>Institui\u00e7\u00f5es m\u00e9dicas globais de alto prest\u00edgio, como a <a href=\"https:\/\/www.alz.org\/br\/demencia-alzheimer-brasil.asp\" target=\"_blank\" rel=\"noreferrer noopener\"><strong>Alzheimer&#8217;s Association<\/strong><\/a>, destacam atrav\u00e9s de extensas pesquisas que a depress\u00e3o severa e a apatia persistente s\u00e3o sintomas psicol\u00f3gicos iniciais que n\u00e3o devem ser ignorados por familiares atentos.<\/p>\n\n\n\n<h2 class=\"wp-block-heading\">Quando \u00e9 o momento exato e seguro para buscar ajuda m\u00e9dica especializada?<\/h2>\n\n\n\n<p>A busca imediata por avalia\u00e7\u00e3o neurol\u00f3gica profissional deve acontecer assim que os esquecimentos di\u00e1rios come\u00e7arem a afetar o pagamento correto de contas, a higiene pessoal rigorosa ou a intera\u00e7\u00e3o familiar pac\u00edfica. Interven\u00e7\u00f5es cl\u00ednicas precoces melhoram consideravelmente a qualidade de vida di\u00e1ria.<\/p>\n\n\n\n<h3 class=\"wp-block-heading\">O impacto vital do diagn\u00f3stico e do tratamento precoce no paciente<\/h3>\n\n\n\n<p>Agende uma consulta completa e relate minuciosamente todos os eventos adversos ao m\u00e9dico especialista com o total apoio de um familiar de confian\u00e7a. Ocultar sintomas por medo ou vergonha apenas acelera a degrada\u00e7\u00e3o silenciosa do c\u00e9rebro ao longo do tempo.<\/p>\n\n\n\n<p>O recebimento de um diagn\u00f3stico precoce abre grandes portas para tratamentos farmacol\u00f3gicos modernos e terapias comportamentais inovadoras. Estas abordagens cientificamente comprovadas retardam significativamente o avan\u00e7o dos sintomas destrutivos, garantindo muitos anos de dias mais tranquilos, l\u00facidos e seguros para todos.<\/p>\n","protected":false},"excerpt":{"rendered":"<p>Identificar os sintomas de perda de mem\u00f3ria na maturidade exige aten\u00e7\u00e3o redobrada aos m\u00ednimos detalhes do cotidiano. Avaliar e monitorar essas pequenas confus\u00f5es mentais di\u00e1rias ajuda a distinguir o processo de envelhecimento natural de quadros neurol\u00f3gicos severos que exigem tratamento m\u00e9dico imediato. Quais s\u00e3o as mudan\u00e7as normais do envelhecimento cerebral? O c\u00e9rebro humano passa por [&hellip;]<\/p>\n","protected":false},"author":11,"featured_media":208041,"comment_status":"open","ping_status":"open","sticky":false,"template":"","format":"standard","meta":{"_yoast_wpseo_focuskw":"sintomas de perda de mem\u00f3ria","_yoast_wpseo_title":"","_yoast_wpseo_metadesc":"Esquece coisas com frequ\u00eancia? Reconhe\u00e7a os cinco sintomas de perda de mem\u00f3ria ap\u00f3s os 50 anos e saiba quando procurar avalia\u00e7\u00e3o m\u00e9dica.","jnews-multi-image_gallery":[],"jnews_single_post":{"format":"standard"},"jnews_primary_category":[],"jnews_social_meta":[],"jnews_override_counter":[],"footnotes":""},"categories":[119],"post_tag":[2304,6396,1225,405],"class_list":["post-207062","post","type-post","status-publish","format-standard","has-post-thumbnail","hentry","category-bem-estar","tag-alzheimer","tag-cognicao","tag-envelhecimento","tag-saude-mental"],"yoast_head":"<!-- This site is optimized with the Yoast SEO plugin v24.6 - https:\/\/yoast.com\/wordpress\/plugins\/seo\/ -->\n<title>Sintomas de perda de mem\u00f3ria? Cinco sinais a ter em conta ap\u00f3s os 50 anos - Correio Braziliense - Radar<\/title>\n<meta name=\"description\" content=\"Esquece coisas com frequ\u00eancia? Reconhe\u00e7a os cinco sintomas de perda de mem\u00f3ria ap\u00f3s os 50 anos e saiba quando procurar avalia\u00e7\u00e3o m\u00e9dica.\" \/>\n<meta name=\"robots\" content=\"index, follow, max-snippet:-1, max-image-preview:large, max-video-preview:-1\" \/>\n<link rel=\"canonical\" href=\"https:\/\/www.correiobraziliense.com.br\/cbradar\/sintomas-de-perda-de-memoria-cinco-sinais-a-ter-em-conta-apos-os-50-anos\/\" \/>\n<meta property=\"og:locale\" content=\"pt_BR\" \/>\n<meta property=\"og:type\" content=\"article\" \/>\n<meta property=\"og:title\" content=\"Sintomas de perda de mem\u00f3ria? Cinco sinais a ter em conta ap\u00f3s os 50 anos - Correio Braziliense - Radar\" \/>\n<meta property=\"og:description\" content=\"Esquece coisas com frequ\u00eancia? Reconhe\u00e7a os cinco sintomas de perda de mem\u00f3ria ap\u00f3s os 50 anos e saiba quando procurar avalia\u00e7\u00e3o m\u00e9dica.\" \/>\n<meta property=\"og:url\" content=\"https:\/\/www.correiobraziliense.com.br\/cbradar\/sintomas-de-perda-de-memoria-cinco-sinais-a-ter-em-conta-apos-os-50-anos\/\" \/>\n<meta property=\"og:site_name\" content=\"Correio Braziliense - Radar\" \/>\n<meta property=\"article:published_time\" content=\"2026-03-14T10:25:00+00:00\" \/>\n<meta property=\"og:image\" content=\"https:\/\/www.correiobraziliense.com.br\/cbradar\/wp-content\/uploads\/2026\/03\/freepik__idoso-de-aproximadamente-60-anos-sentado-mesa-da-c__56464.jpeg\" \/>\n\t<meta property=\"og:image:width\" content=\"1280\" \/>\n\t<meta property=\"og:image:height\" content=\"720\" \/>\n\t<meta property=\"og:image:type\" content=\"image\/jpeg\" \/>\n<meta name=\"author\" content=\"Paulo Custodio\" \/>\n<meta name=\"twitter:card\" content=\"summary_large_image\" \/>\n<meta name=\"twitter:label1\" content=\"Escrito por\" \/>\n\t<meta name=\"twitter:data1\" content=\"Paulo Custodio\" \/>\n\t<meta name=\"twitter:label2\" content=\"Est. tempo de leitura\" \/>\n\t<meta name=\"twitter:data2\" content=\"5 minutos\" \/>\n<!-- \/ Yoast SEO plugin. -->","yoast_head_json":{"title":"Sintomas de perda de mem\u00f3ria? Cinco sinais a ter em conta ap\u00f3s os 50 anos - Correio Braziliense - Radar","description":"Esquece coisas com frequ\u00eancia? Reconhe\u00e7a os cinco sintomas de perda de mem\u00f3ria ap\u00f3s os 50 anos e saiba quando procurar avalia\u00e7\u00e3o m\u00e9dica.","robots":{"index":"index","follow":"follow","max-snippet":"max-snippet:-1","max-image-preview":"max-image-preview:large","max-video-preview":"max-video-preview:-1"},"canonical":"https:\/\/www.correiobraziliense.com.br\/cbradar\/sintomas-de-perda-de-memoria-cinco-sinais-a-ter-em-conta-apos-os-50-anos\/","og_locale":"pt_BR","og_type":"article","og_title":"Sintomas de perda de mem\u00f3ria? Cinco sinais a ter em conta ap\u00f3s os 50 anos - Correio Braziliense - Radar","og_description":"Esquece coisas com frequ\u00eancia? Reconhe\u00e7a os cinco sintomas de perda de mem\u00f3ria ap\u00f3s os 50 anos e saiba quando procurar avalia\u00e7\u00e3o m\u00e9dica.","og_url":"https:\/\/www.correiobraziliense.com.br\/cbradar\/sintomas-de-perda-de-memoria-cinco-sinais-a-ter-em-conta-apos-os-50-anos\/","og_site_name":"Correio Braziliense - Radar","article_published_time":"2026-03-14T10:25:00+00:00","og_image":[{"width":1280,"height":720,"url":"https:\/\/www.correiobraziliense.com.br\/cbradar\/wp-content\/uploads\/2026\/03\/freepik__idoso-de-aproximadamente-60-anos-sentado-mesa-da-c__56464.jpeg","type":"image\/jpeg"}],"author":"Paulo Custodio","twitter_card":"summary_large_image","twitter_misc":{"Escrito por":"Paulo Custodio","Est. tempo de leitura":"5 minutos"},"schema":{"@context":"https:\/\/schema.org","@graph":[{"@type":"WebPage","@id":"https:\/\/www.correiobraziliense.com.br\/cbradar\/sintomas-de-perda-de-memoria-cinco-sinais-a-ter-em-conta-apos-os-50-anos\/","url":"https:\/\/www.correiobraziliense.com.br\/cbradar\/sintomas-de-perda-de-memoria-cinco-sinais-a-ter-em-conta-apos-os-50-anos\/","name":"Sintomas de perda de mem\u00f3ria? Cinco sinais a ter em conta ap\u00f3s os 50 anos - Correio Braziliense - Radar","isPartOf":{"@id":"https:\/\/www.correiobraziliense.com.br\/cbradar\/#website"},"primaryImageOfPage":{"@id":"https:\/\/www.correiobraziliense.com.br\/cbradar\/sintomas-de-perda-de-memoria-cinco-sinais-a-ter-em-conta-apos-os-50-anos\/#primaryimage"},"image":{"@id":"https:\/\/www.correiobraziliense.com.br\/cbradar\/sintomas-de-perda-de-memoria-cinco-sinais-a-ter-em-conta-apos-os-50-anos\/#primaryimage"},"thumbnailUrl":"https:\/\/www.correiobraziliense.com.br\/cbradar\/wp-content\/uploads\/2026\/03\/freepik__idoso-de-aproximadamente-60-anos-sentado-mesa-da-c__56464.jpeg","datePublished":"2026-03-14T10:25:00+00:00","author":{"@id":"https:\/\/www.correiobraziliense.com.br\/cbradar\/#\/schema\/person\/4cec7857301a9a1a2ef249893cd908d3"},"description":"Esquece coisas com frequ\u00eancia? Reconhe\u00e7a os cinco sintomas de perda de mem\u00f3ria ap\u00f3s os 50 anos e saiba quando procurar avalia\u00e7\u00e3o m\u00e9dica.","breadcrumb":{"@id":"https:\/\/www.correiobraziliense.com.br\/cbradar\/sintomas-de-perda-de-memoria-cinco-sinais-a-ter-em-conta-apos-os-50-anos\/#breadcrumb"},"inLanguage":"pt-BR","potentialAction":[{"@type":"ReadAction","target":["https:\/\/www.correiobraziliense.com.br\/cbradar\/sintomas-de-perda-de-memoria-cinco-sinais-a-ter-em-conta-apos-os-50-anos\/"]}]},{"@type":"ImageObject","inLanguage":"pt-BR","@id":"https:\/\/www.correiobraziliense.com.br\/cbradar\/sintomas-de-perda-de-memoria-cinco-sinais-a-ter-em-conta-apos-os-50-anos\/#primaryimage","url":"https:\/\/www.correiobraziliense.com.br\/cbradar\/wp-content\/uploads\/2026\/03\/freepik__idoso-de-aproximadamente-60-anos-sentado-mesa-da-c__56464.jpeg","contentUrl":"https:\/\/www.correiobraziliense.com.br\/cbradar\/wp-content\/uploads\/2026\/03\/freepik__idoso-de-aproximadamente-60-anos-sentado-mesa-da-c__56464.jpeg","width":1280,"height":720,"caption":"Confus\u00e3o frequente sobre lugares, datas ou nomes pode ser sinal de altera\u00e7\u00f5es cognitivas importantes"},{"@type":"BreadcrumbList","@id":"https:\/\/www.correiobraziliense.com.br\/cbradar\/sintomas-de-perda-de-memoria-cinco-sinais-a-ter-em-conta-apos-os-50-anos\/#breadcrumb","itemListElement":[{"@type":"ListItem","position":1,"name":"In\u00edcio","item":"https:\/\/www.correiobraziliense.com.br\/cbradar\/"},{"@type":"ListItem","position":2,"name":"Sintomas de perda de mem\u00f3ria? Cinco sinais a ter em conta ap\u00f3s os 50 anos"}]},{"@type":"WebSite","@id":"https:\/\/www.correiobraziliense.com.br\/cbradar\/#website","url":"https:\/\/www.correiobraziliense.com.br\/cbradar\/","name":"Correio Braziliense - Radar","description":"Acompanhe as \u00faltimas not\u00edcias e fique bem informado sobre tudo o que acontece no Brasil e no mundo.","potentialAction":[{"@type":"SearchAction","target":{"@type":"EntryPoint","urlTemplate":"https:\/\/www.correiobraziliense.com.br\/cbradar\/?s={search_term_string}"},"query-input":{"@type":"PropertyValueSpecification","valueRequired":true,"valueName":"search_term_string"}}],"inLanguage":"pt-BR"},{"@type":"Person","@id":"https:\/\/www.correiobraziliense.com.br\/cbradar\/#\/schema\/person\/4cec7857301a9a1a2ef249893cd908d3","name":"Paulo Custodio","image":{"@type":"ImageObject","inLanguage":"pt-BR","@id":"https:\/\/www.correiobraziliense.com.br\/cbradar\/#\/schema\/person\/image\/","url":"https:\/\/secure.gravatar.com\/avatar\/bcd67168d1534e8fcf4f45c726a87cea?s=96&d=mm&r=g","contentUrl":"https:\/\/secure.gravatar.com\/avatar\/bcd67168d1534e8fcf4f45c726a87cea?s=96&d=mm&r=g","caption":"Paulo Custodio"},"sameAs":["https:\/\/www.correiobraziliense.com.br\/cbradar"],"url":"https:\/\/www.correiobraziliense.com.br\/cbradar\/author\/paulomyth\/"}]}},"_links":{"self":[{"href":"https:\/\/www.correiobraziliense.com.br\/cbradar\/wp-json\/wp\/v2\/posts\/207062","targetHints":{"allow":["GET"]}}],"collection":[{"href":"https:\/\/www.correiobraziliense.com.br\/cbradar\/wp-json\/wp\/v2\/posts"}],"about":[{"href":"https:\/\/www.correiobraziliense.com.br\/cbradar\/wp-json\/wp\/v2\/types\/post"}],"author":[{"embeddable":true,"href":"https:\/\/www.correiobraziliense.com.br\/cbradar\/wp-json\/wp\/v2\/users\/11"}],"replies":[{"embeddable":true,"href":"https:\/\/www.correiobraziliense.com.br\/cbradar\/wp-json\/wp\/v2\/comments?post=207062"}],"version-history":[{"count":1,"href":"https:\/\/www.correiobraziliense.com.br\/cbradar\/wp-json\/wp\/v2\/posts\/207062\/revisions"}],"predecessor-version":[{"id":207064,"href":"https:\/\/www.correiobraziliense.com.br\/cbradar\/wp-json\/wp\/v2\/posts\/207062\/revisions\/207064"}],"wp:featuredmedia":[{"embeddable":true,"href":"https:\/\/www.correiobraziliense.com.br\/cbradar\/wp-json\/wp\/v2\/media\/208041"}],"wp:attachment":[{"href":"https:\/\/www.correiobraziliense.com.br\/cbradar\/wp-json\/wp\/v2\/media?parent=207062"}],"wp:term":[{"taxonomy":"category","embeddable":true,"href":"https:\/\/www.correiobraziliense.com.br\/cbradar\/wp-json\/wp\/v2\/categories?post=207062"},{"taxonomy":"post_tag","embeddable":true,"href":"https:\/\/www.correiobraziliense.com.br\/cbradar\/wp-json\/wp\/v2\/post_tag?post=207062"}],"curies":[{"name":"wp","href":"https:\/\/api.w.org\/{rel}","templated":true}]}}