{"id":207066,"date":"2026-03-14T13:25:00","date_gmt":"2026-03-14T16:25:00","guid":{"rendered":"https:\/\/www.correiobraziliense.com.br\/cbradar\/?p=207066"},"modified":"2026-03-13T10:33:41","modified_gmt":"2026-03-13T13:33:41","slug":"para-que-serve-na-verdade-o-pequeno-furo-na-panela","status":"publish","type":"post","link":"https:\/\/www.correiobraziliense.com.br\/cbradar\/para-que-serve-na-verdade-o-pequeno-furo-na-panela\/","title":{"rendered":"Para que serve na verdade o pequeno furo na panela"},"content":{"rendered":"\n<p>Muitas pessoas cozinham diariamente sem saber para que serve o <strong>pequeno furo na panela<\/strong> de vidro. Esse detalhe t\u00e9cnico simples evita acidentes dom\u00e9sticos graves e garante que sua comida chegue ao ponto perfeito sem sujar a estrutura do fog\u00e3o inteiro.<\/p>\n\n\n\n<h2 class=\"wp-block-heading\">Qual a fun\u00e7\u00e3o principal dessa abertura t\u00e9rmica?<\/h2>\n\n\n\n<p>A utilidade prim\u00e1ria dessa sa\u00edda estrat\u00e9gica \u00e9 liberar o vapor gerado pela ebuli\u00e7\u00e3o dos l\u00edquidos durante o preparo das refei\u00e7\u00f5es di\u00e1rias. Sem esse escape constante, a press\u00e3o interna aumentaria rapidamente e faria a tampa trepidar sem parar sobre o recipiente.<\/p>\n\n\n\n<p>Essa libera\u00e7\u00e3o cont\u00ednua e controlada estabiliza a temperatura da \u00e1gua fervente e protege o ambiente dom\u00e9stico. Ao manter o calor equilibrado, voc\u00ea evita que o l\u00edquido suba de forma descontrolada pelas bordas, o que poderia apagar a chama e causar vazamentos.<\/p>\n\n\n<div class=\"wp-block-image\">\n<figure class=\"aligncenter size-full\"><img decoding=\"async\" width=\"1280\" height=\"720\" src=\"https:\/\/www.correiobraziliense.com.br\/cbradar\/wp-content\/uploads\/2026\/03\/imagem_2026-03-11_173027861.png\" alt=\"Close cinematogr\u00e1fico no furo da tampa com vapor escapando sob luz dourada.\" class=\"wp-image-207083\" srcset=\"https:\/\/www.correiobraziliense.com.br\/cbradar\/wp-content\/uploads\/2026\/03\/imagem_2026-03-11_173027861.png 1280w, https:\/\/www.correiobraziliense.com.br\/cbradar\/wp-content\/uploads\/2026\/03\/imagem_2026-03-11_173027861-300x169.png 300w, https:\/\/www.correiobraziliense.com.br\/cbradar\/wp-content\/uploads\/2026\/03\/imagem_2026-03-11_173027861-768x432.png 768w, https:\/\/www.correiobraziliense.com.br\/cbradar\/wp-content\/uploads\/2026\/03\/imagem_2026-03-11_173027861-750x422.png 750w, https:\/\/www.correiobraziliense.com.br\/cbradar\/wp-content\/uploads\/2026\/03\/imagem_2026-03-11_173027861-1140x641.png 1140w\" sizes=\"(max-width: 1280px) 100vw, 1280px\" \/><figcaption class=\"wp-element-caption\">Close cinematogr\u00e1fico no furo da tampa com vapor escapando sob luz dourada.<\/figcaption><\/figure><\/div>\n\n\n<h2 class=\"wp-block-heading\">Por que o escape evita o derramamento de l\u00edquidos densos?<\/h2>\n\n\n\n<p>Quando voc\u00ea cozinha alimentos ricos em amido, como arroz ou macarr\u00e3o, bolhas espessas se formam e sobem at\u00e9 a superf\u00edcie do caldo. O respiradouro atua quebrando a tens\u00e3o superficial dessa espuma branca antes que ela transborde e suje o fog\u00e3o.<\/p>\n\n\n\n<p>Para atestar a seguran\u00e7a dos utens\u00edlios, os \u00f3rg\u00e3os competentes avaliam constantemente a resist\u00eancia dos produtos. O <a href=\"https:\/\/www.gov.br\/inmetro\/pt-br\" target=\"_blank\" rel=\"noreferrer noopener\"><strong>Inmetro<\/strong><\/a> realiza testes rigorosos em vasilhames met\u00e1licos e vidros temperados para garantir que suportem o calor extremo sem oferecer nenhum risco f\u00edsico aos cozinheiros.<\/p>\n\n\n\n<p>Leia tamb\u00e9m: <a href=\"https:\/\/www.correiobraziliense.com.br\/cbradar\/o-verdadeiro-significado-de-esconder-um-potinho-com-cristais-brancos-de-tempero-atras-da-porta\/\" target=\"_blank\" rel=\"noreferrer noopener\">O verdadeiro significado de esconder um potinho com cristais brancos de tempero atr\u00e1s da porta<\/a><\/p>\n\n\n\n<h2 class=\"wp-block-heading\">Como esse detalhe estrutural afeta o sabor final da comida?<\/h2>\n\n\n\n<p>Ao controlar a sa\u00edda cont\u00ednua de umidade, o respiradouro ajuda a reduzir caldos e engrossar molhos na medida mais precisa poss\u00edvel. Receitas complexas que exigem um cozimento longo e brando se beneficiam muito desse design focado na manuten\u00e7\u00e3o do calor.<\/p>\n\n\n\n<p>Al\u00e9m da textura, a transpar\u00eancia do vidro aliada ao escape de ar quente mant\u00e9m a superf\u00edcie totalmente desemba\u00e7ada. Assim, voc\u00ea consegue monitorar o ponto exato da carne ou dos legumes sem precisar levantar a pe\u00e7a de vidro e perder toda a caloria.<\/p>\n\n\n<div class=\"wp-block-image\">\n<figure class=\"aligncenter size-full\"><img decoding=\"async\" width=\"1280\" height=\"720\" src=\"https:\/\/www.correiobraziliense.com.br\/cbradar\/wp-content\/uploads\/2026\/03\/imagem_2026-03-11_173040764.png\" alt=\"M\u00e3o inserindo term\u00f4metro culin\u00e1rio pelo orif\u00edcio da tampa de vidro.\" class=\"wp-image-207085\" srcset=\"https:\/\/www.correiobraziliense.com.br\/cbradar\/wp-content\/uploads\/2026\/03\/imagem_2026-03-11_173040764.png 1280w, https:\/\/www.correiobraziliense.com.br\/cbradar\/wp-content\/uploads\/2026\/03\/imagem_2026-03-11_173040764-300x169.png 300w, https:\/\/www.correiobraziliense.com.br\/cbradar\/wp-content\/uploads\/2026\/03\/imagem_2026-03-11_173040764-768x432.png 768w, https:\/\/www.correiobraziliense.com.br\/cbradar\/wp-content\/uploads\/2026\/03\/imagem_2026-03-11_173040764-750x422.png 750w, https:\/\/www.correiobraziliense.com.br\/cbradar\/wp-content\/uploads\/2026\/03\/imagem_2026-03-11_173040764-1140x641.png 1140w\" sizes=\"(max-width: 1280px) 100vw, 1280px\" \/><figcaption class=\"wp-element-caption\">M\u00e3o inserindo term\u00f4metro culin\u00e1rio pelo orif\u00edcio da tampa de vidro.<\/figcaption><\/figure><\/div>\n\n\n<h3 class=\"wp-block-heading\">Existe alguma regra sobre o tamanho ideal da fura\u00e7\u00e3o?<\/h3>\n\n\n\n<p>Os fabricantes de utilidades dom\u00e9sticas calculam a circunfer\u00eancia exata do respiradouro com base no di\u00e2metro total do utens\u00edlio escolhido. Um corte muito grande liberaria energia demais, atrasando o processo de fervura e gastando muito mais g\u00e1s ao longo do m\u00eas.<\/p>\n\n\n\n<p>Por outro lado, uma sa\u00edda min\u00fascula n\u00e3o daria conta de aliviar a tens\u00e3o gerada pela fervura prolongada. O c\u00e1lculo milim\u00e9trico da ind\u00fastria visa o equil\u00edbrio perfeito entre reten\u00e7\u00e3o t\u00e9rmica e escape de seguran\u00e7a durante as rotinas culin\u00e1rias di\u00e1rias.<\/p>\n\n\n\n<h2 class=\"wp-block-heading\">Quais outros usos pr\u00e1ticos esse orif\u00edcio possui na cozinha?<\/h2>\n\n\n\n<p>Muitos chefs de cozinha utilizam essa pequena passagem para inserir term\u00f4metros culin\u00e1rios de haste longa diretamente no alimento. Isso permite medir a temperatura interna de frituras com alta precis\u00e3o milim\u00e9trica, sem expor as m\u00e3os desprotegidas ao respingo de \u00f3leo quente.<\/p>\n\n\n\n<p>Abaixo est\u00e3o outras vantagens utilit\u00e1rias que facilitam bastante a rotina de quem passa horas preparando o almo\u00e7o:<\/p>\n\n\n\n<ul class=\"wp-block-list\">\n<li><strong>Apoio de colheres:<\/strong> Alguns designs modernos permitem encaixar a ponta de utens\u00edlios finos de silicone ou madeira.<\/li>\n\n\n\n<li><strong>Escoamento direcionado:<\/strong> O buraquinho ajuda na retirada de excesso de l\u00edquidos sem que voc\u00ea abra totalmente o recipiente.<\/li>\n\n\n\n<li><strong>Manejo de massas:<\/strong> Essencial para evitar acidentes graves ao cozinhar feij\u00e3o ou ingredientes que soltam muita pel\u00edcula.<\/li>\n<\/ul>\n\n\n<div class=\"wp-block-image\">\n<figure class=\"aligncenter size-full\"><img decoding=\"async\" width=\"1280\" height=\"720\" src=\"https:\/\/www.correiobraziliense.com.br\/cbradar\/wp-content\/uploads\/2026\/03\/imagem_2026-03-11_173049637.png\" alt=\"Vis\u00e3o em primeira pessoa de um fog\u00e3o limpo e uma panela cozinhando com seguran\u00e7a.\" class=\"wp-image-207084\" srcset=\"https:\/\/www.correiobraziliense.com.br\/cbradar\/wp-content\/uploads\/2026\/03\/imagem_2026-03-11_173049637.png 1280w, https:\/\/www.correiobraziliense.com.br\/cbradar\/wp-content\/uploads\/2026\/03\/imagem_2026-03-11_173049637-300x169.png 300w, https:\/\/www.correiobraziliense.com.br\/cbradar\/wp-content\/uploads\/2026\/03\/imagem_2026-03-11_173049637-768x432.png 768w, https:\/\/www.correiobraziliense.com.br\/cbradar\/wp-content\/uploads\/2026\/03\/imagem_2026-03-11_173049637-750x422.png 750w, https:\/\/www.correiobraziliense.com.br\/cbradar\/wp-content\/uploads\/2026\/03\/imagem_2026-03-11_173049637-1140x641.png 1140w\" sizes=\"(max-width: 1280px) 100vw, 1280px\" \/><figcaption class=\"wp-element-caption\">Vis\u00e3o em primeira pessoa de um fog\u00e3o limpo e uma panela cozinhando com seguran\u00e7a.<\/figcaption><\/figure><\/div>\n\n\n<h2 class=\"wp-block-heading\">O que fazer se a sua tampa n\u00e3o tiver o respiradouro?<\/h2>\n\n\n\n<p>Nem todos os modelos comercializados v\u00eam com essa tecnologia de f\u00e1brica inclu\u00edda. Equipamentos de press\u00e3o possuem sistemas pr\u00f3prios complexos de v\u00e1lvulas. Certos recipientes r\u00fasticos, detalhados frequentemente na <a href=\"https:\/\/pt.wikipedia.org\/wiki\/Panela_de_barro\" target=\"_blank\" rel=\"noreferrer noopener\"><strong>Wikip\u00e9dia<\/strong><\/a>, absorvem e distribuem o fogo de modo \u00fanico, dispensando totalmente os furos secund\u00e1rios.<\/p>\n\n\n\n<p>Se o seu conjunto atual de utens\u00edlios n\u00e3o possui essa v\u00e1lvula de al\u00edvio, basta deixar uma pequena fresta aberta ao posicionar a cobertura inclinada. Esse truque b\u00e1sico recria perfeitamente o efeito do respiradouro, garantindo refei\u00e7\u00f5es deliciosas e seguran\u00e7a m\u00e1xima para todos.<\/p>\n","protected":false},"excerpt":{"rendered":"<p>Muitas pessoas cozinham diariamente sem saber para que serve o pequeno furo na panela de vidro. Esse detalhe t\u00e9cnico simples evita acidentes dom\u00e9sticos graves e garante que sua comida chegue ao ponto perfeito sem sujar a estrutura do fog\u00e3o inteiro. Qual a fun\u00e7\u00e3o principal dessa abertura t\u00e9rmica? A utilidade prim\u00e1ria dessa sa\u00edda estrat\u00e9gica \u00e9 liberar [&hellip;]<\/p>\n","protected":false},"author":11,"featured_media":208037,"comment_status":"open","ping_status":"open","sticky":false,"template":"","format":"standard","meta":{"_yoast_wpseo_focuskw":"pequeno furo na panela","_yoast_wpseo_title":"","_yoast_wpseo_metadesc":"Voc\u00ea sempre se perguntou qual a real utilidade daquele buraco na tampa de vidro? A resposta vai mudar sua forma de preparar as refei\u00e7\u00f5es di\u00e1rias.","jnews-multi-image_gallery":[],"jnews_single_post":{"format":"standard"},"jnews_primary_category":[],"jnews_social_meta":[],"jnews_override_counter":[],"footnotes":""},"categories":[143],"tags":[687,1396,10711,10575],"class_list":["post-207066","post","type-post","status-publish","format-standard","has-post-thumbnail","hentry","category-casa-e-decoracao","tag-cozinha","tag-culinaria","tag-panela","tag-utilidades"],"yoast_head":"<!-- This site is optimized with the Yoast SEO plugin v24.6 - https:\/\/yoast.com\/wordpress\/plugins\/seo\/ -->\n<title>Para que serve na verdade o pequeno furo na panela - Correio Braziliense - Radar<\/title>\n<meta name=\"description\" content=\"Voc\u00ea sempre se perguntou qual a real utilidade daquele buraco na tampa de vidro? A resposta vai mudar sua forma de preparar as refei\u00e7\u00f5es di\u00e1rias.\" \/>\n<meta name=\"robots\" content=\"index, follow, max-snippet:-1, max-image-preview:large, max-video-preview:-1\" \/>\n<link rel=\"canonical\" href=\"https:\/\/www.correiobraziliense.com.br\/cbradar\/para-que-serve-na-verdade-o-pequeno-furo-na-panela\/\" \/>\n<meta property=\"og:locale\" content=\"pt_BR\" \/>\n<meta property=\"og:type\" content=\"article\" \/>\n<meta property=\"og:title\" content=\"Para que serve na verdade o pequeno furo na panela - Correio Braziliense - Radar\" \/>\n<meta property=\"og:description\" content=\"Voc\u00ea sempre se perguntou qual a real utilidade daquele buraco na tampa de vidro? A resposta vai mudar sua forma de preparar as refei\u00e7\u00f5es di\u00e1rias.\" \/>\n<meta property=\"og:url\" content=\"https:\/\/www.correiobraziliense.com.br\/cbradar\/para-que-serve-na-verdade-o-pequeno-furo-na-panela\/\" \/>\n<meta property=\"og:site_name\" content=\"Correio Braziliense - Radar\" \/>\n<meta property=\"article:published_time\" content=\"2026-03-14T16:25:00+00:00\" \/>\n<meta property=\"og:image\" content=\"https:\/\/www.correiobraziliense.com.br\/cbradar\/wp-content\/uploads\/2026\/03\/freepik__tampa-de-panela-de-vidro-transparente-sobre-panela__56468.jpeg\" \/>\n\t<meta property=\"og:image:width\" content=\"1280\" \/>\n\t<meta property=\"og:image:height\" content=\"720\" \/>\n\t<meta property=\"og:image:type\" content=\"image\/jpeg\" \/>\n<meta name=\"author\" content=\"Paulo Custodio\" \/>\n<meta name=\"twitter:card\" content=\"summary_large_image\" \/>\n<meta name=\"twitter:label1\" content=\"Escrito por\" \/>\n\t<meta name=\"twitter:data1\" content=\"Paulo Custodio\" \/>\n\t<meta name=\"twitter:label2\" content=\"Est. tempo de leitura\" \/>\n\t<meta name=\"twitter:data2\" content=\"5 minutos\" \/>\n<!-- \/ Yoast SEO plugin. -->","yoast_head_json":{"title":"Para que serve na verdade o pequeno furo na panela - Correio Braziliense - Radar","description":"Voc\u00ea sempre se perguntou qual a real utilidade daquele buraco na tampa de vidro? A resposta vai mudar sua forma de preparar as refei\u00e7\u00f5es di\u00e1rias.","robots":{"index":"index","follow":"follow","max-snippet":"max-snippet:-1","max-image-preview":"max-image-preview:large","max-video-preview":"max-video-preview:-1"},"canonical":"https:\/\/www.correiobraziliense.com.br\/cbradar\/para-que-serve-na-verdade-o-pequeno-furo-na-panela\/","og_locale":"pt_BR","og_type":"article","og_title":"Para que serve na verdade o pequeno furo na panela - Correio Braziliense - Radar","og_description":"Voc\u00ea sempre se perguntou qual a real utilidade daquele buraco na tampa de vidro? A resposta vai mudar sua forma de preparar as refei\u00e7\u00f5es di\u00e1rias.","og_url":"https:\/\/www.correiobraziliense.com.br\/cbradar\/para-que-serve-na-verdade-o-pequeno-furo-na-panela\/","og_site_name":"Correio Braziliense - Radar","article_published_time":"2026-03-14T16:25:00+00:00","og_image":[{"width":1280,"height":720,"url":"https:\/\/www.correiobraziliense.com.br\/cbradar\/wp-content\/uploads\/2026\/03\/freepik__tampa-de-panela-de-vidro-transparente-sobre-panela__56468.jpeg","type":"image\/jpeg"}],"author":"Paulo Custodio","twitter_card":"summary_large_image","twitter_misc":{"Escrito por":"Paulo Custodio","Est. tempo de leitura":"5 minutos"},"schema":{"@context":"https:\/\/schema.org","@graph":[{"@type":"WebPage","@id":"https:\/\/www.correiobraziliense.com.br\/cbradar\/para-que-serve-na-verdade-o-pequeno-furo-na-panela\/","url":"https:\/\/www.correiobraziliense.com.br\/cbradar\/para-que-serve-na-verdade-o-pequeno-furo-na-panela\/","name":"Para que serve na verdade o pequeno furo na panela - Correio Braziliense - Radar","isPartOf":{"@id":"https:\/\/www.correiobraziliense.com.br\/cbradar\/#website"},"primaryImageOfPage":{"@id":"https:\/\/www.correiobraziliense.com.br\/cbradar\/para-que-serve-na-verdade-o-pequeno-furo-na-panela\/#primaryimage"},"image":{"@id":"https:\/\/www.correiobraziliense.com.br\/cbradar\/para-que-serve-na-verdade-o-pequeno-furo-na-panela\/#primaryimage"},"thumbnailUrl":"https:\/\/www.correiobraziliense.com.br\/cbradar\/wp-content\/uploads\/2026\/03\/freepik__tampa-de-panela-de-vidro-transparente-sobre-panela__56468.jpeg","datePublished":"2026-03-14T16:25:00+00:00","author":{"@id":"https:\/\/www.correiobraziliense.com.br\/cbradar\/#\/schema\/person\/4cec7857301a9a1a2ef249893cd908d3"},"description":"Voc\u00ea sempre se perguntou qual a real utilidade daquele buraco na tampa de vidro? A resposta vai mudar sua forma de preparar as refei\u00e7\u00f5es di\u00e1rias.","breadcrumb":{"@id":"https:\/\/www.correiobraziliense.com.br\/cbradar\/para-que-serve-na-verdade-o-pequeno-furo-na-panela\/#breadcrumb"},"inLanguage":"pt-BR","potentialAction":[{"@type":"ReadAction","target":["https:\/\/www.correiobraziliense.com.br\/cbradar\/para-que-serve-na-verdade-o-pequeno-furo-na-panela\/"]}]},{"@type":"ImageObject","inLanguage":"pt-BR","@id":"https:\/\/www.correiobraziliense.com.br\/cbradar\/para-que-serve-na-verdade-o-pequeno-furo-na-panela\/#primaryimage","url":"https:\/\/www.correiobraziliense.com.br\/cbradar\/wp-content\/uploads\/2026\/03\/freepik__tampa-de-panela-de-vidro-transparente-sobre-panela__56468.jpeg","contentUrl":"https:\/\/www.correiobraziliense.com.br\/cbradar\/wp-content\/uploads\/2026\/03\/freepik__tampa-de-panela-de-vidro-transparente-sobre-panela__56468.jpeg","width":1280,"height":720,"caption":"O pequeno furo na tampa de vidro permite a sa\u00edda do vapor durante o cozimento"},{"@type":"BreadcrumbList","@id":"https:\/\/www.correiobraziliense.com.br\/cbradar\/para-que-serve-na-verdade-o-pequeno-furo-na-panela\/#breadcrumb","itemListElement":[{"@type":"ListItem","position":1,"name":"In\u00edcio","item":"https:\/\/www.correiobraziliense.com.br\/cbradar\/"},{"@type":"ListItem","position":2,"name":"Para que serve na verdade o pequeno furo na panela"}]},{"@type":"WebSite","@id":"https:\/\/www.correiobraziliense.com.br\/cbradar\/#website","url":"https:\/\/www.correiobraziliense.com.br\/cbradar\/","name":"Correio Braziliense - Radar","description":"Acompanhe as \u00faltimas not\u00edcias e fique bem informado sobre tudo o que acontece no Brasil e no mundo.","potentialAction":[{"@type":"SearchAction","target":{"@type":"EntryPoint","urlTemplate":"https:\/\/www.correiobraziliense.com.br\/cbradar\/?s={search_term_string}"},"query-input":{"@type":"PropertyValueSpecification","valueRequired":true,"valueName":"search_term_string"}}],"inLanguage":"pt-BR"},{"@type":"Person","@id":"https:\/\/www.correiobraziliense.com.br\/cbradar\/#\/schema\/person\/4cec7857301a9a1a2ef249893cd908d3","name":"Paulo Custodio","image":{"@type":"ImageObject","inLanguage":"pt-BR","@id":"https:\/\/www.correiobraziliense.com.br\/cbradar\/#\/schema\/person\/image\/","url":"https:\/\/secure.gravatar.com\/avatar\/bcd67168d1534e8fcf4f45c726a87cea?s=96&d=mm&r=g","contentUrl":"https:\/\/secure.gravatar.com\/avatar\/bcd67168d1534e8fcf4f45c726a87cea?s=96&d=mm&r=g","caption":"Paulo Custodio"},"sameAs":["https:\/\/www.correiobraziliense.com.br\/cbradar"],"url":"https:\/\/www.correiobraziliense.com.br\/cbradar\/author\/paulomyth\/"}]}},"_links":{"self":[{"href":"https:\/\/www.correiobraziliense.com.br\/cbradar\/wp-json\/wp\/v2\/posts\/207066","targetHints":{"allow":["GET"]}}],"collection":[{"href":"https:\/\/www.correiobraziliense.com.br\/cbradar\/wp-json\/wp\/v2\/posts"}],"about":[{"href":"https:\/\/www.correiobraziliense.com.br\/cbradar\/wp-json\/wp\/v2\/types\/post"}],"author":[{"embeddable":true,"href":"https:\/\/www.correiobraziliense.com.br\/cbradar\/wp-json\/wp\/v2\/users\/11"}],"replies":[{"embeddable":true,"href":"https:\/\/www.correiobraziliense.com.br\/cbradar\/wp-json\/wp\/v2\/comments?post=207066"}],"version-history":[{"count":1,"href":"https:\/\/www.correiobraziliense.com.br\/cbradar\/wp-json\/wp\/v2\/posts\/207066\/revisions"}],"predecessor-version":[{"id":207086,"href":"https:\/\/www.correiobraziliense.com.br\/cbradar\/wp-json\/wp\/v2\/posts\/207066\/revisions\/207086"}],"wp:featuredmedia":[{"embeddable":true,"href":"https:\/\/www.correiobraziliense.com.br\/cbradar\/wp-json\/wp\/v2\/media\/208037"}],"wp:attachment":[{"href":"https:\/\/www.correiobraziliense.com.br\/cbradar\/wp-json\/wp\/v2\/media?parent=207066"}],"wp:term":[{"taxonomy":"category","embeddable":true,"href":"https:\/\/www.correiobraziliense.com.br\/cbradar\/wp-json\/wp\/v2\/categories?post=207066"},{"taxonomy":"post_tag","embeddable":true,"href":"https:\/\/www.correiobraziliense.com.br\/cbradar\/wp-json\/wp\/v2\/tags?post=207066"}],"curies":[{"name":"wp","href":"https:\/\/api.w.org\/{rel}","templated":true}]}}