{"id":207073,"date":"2026-03-11T19:59:09","date_gmt":"2026-03-11T22:59:09","guid":{"rendered":"https:\/\/www.correiobraziliense.com.br\/cbradar\/?p=207073"},"modified":"2026-03-11T19:59:11","modified_gmt":"2026-03-11T22:59:11","slug":"proverbio-africano-se-quer-ir-rapido-va-sozinho-se-quer-ir-longe-va-acompanhado","status":"publish","type":"post","link":"https:\/\/www.correiobraziliense.com.br\/cbradar\/proverbio-africano-se-quer-ir-rapido-va-sozinho-se-quer-ir-longe-va-acompanhado\/","title":{"rendered":"Prov\u00e9rbio africano: \u201cSe quer ir r\u00e1pido, v\u00e1 sozinho; se quer ir longe, v\u00e1 acompanhado.\u201d"},"content":{"rendered":"\n<p>Colabora\u00e7\u00e3o e parcerias estrat\u00e9gicas representam os pilares fundamentais para alcan\u00e7ar objetivos grandiosos e duradouros em qualquer \u00e1rea da vida humana contempor\u00e2nea. Embora o esfor\u00e7o individual permita agilidade imediata, a uni\u00e3o de talentos complementares garante a sustentabilidade necess\u00e1ria para superar desafios complexos. Compreender essa sabedoria ancestral transforma a maneira como constru\u00edmos projetos.<\/p>\n\n\n\n<h2 class=\"wp-block-heading\">Por que a velocidade solit\u00e1ria pode comprometer o seu sucesso futuro?<\/h2>\n\n\n\n<p>Caminhar sem companhia permite que voc\u00ea tome decis\u00f5es r\u00e1pidas sem a necessidade de consensos ou debates demorados entre s\u00f3cios. Essa agilidade \u00e9 \u00fatil em fases iniciais de projetos que exigem execu\u00e7\u00e3o imediata e ajustes constantes no percurso. No entanto, a aus\u00eancia de feedback externo aumenta <strong><a href=\"https:\/\/www.correiobraziliense.com.br\/cbradar\/o-que-significa-amor-fati-a-filosofia-de-nietzsche-que-ensina-a-aceitar-o-destino\/\" target=\"_blank\" rel=\"noreferrer noopener\">significativamente <\/a><\/strong>as chances de erros estrat\u00e9gicos que podem ser fatais.<\/p>\n\n\n\n<p>O isolamento profissional limita a vis\u00e3o perif\u00e9rica sobre os riscos reais que envolvem uma jornada de alto impacto. Sem outras perspectivas, o indiv\u00edduo tende a repetir padr\u00f5es de comportamento que impedem a inova\u00e7\u00e3o e o crescimento saud\u00e1vel. A rapidez inicial muitas vezes resulta em um esgotamento precoce, pois o fardo das responsabilidades recai sobre <strong>um \u00fanico indiv\u00edduo<\/strong>.<\/p>\n\n\n\n<figure class=\"wp-block-image size-full\"><img decoding=\"async\" width=\"1280\" height=\"720\" src=\"https:\/\/www.correiobraziliense.com.br\/cbradar\/wp-content\/uploads\/2026\/03\/Gemini_Generated_Image_1xotg71xotg71xot-1-1.png\" alt=\"Prov\u00e9rbio africano: \u201cSe quer ir r\u00e1pido, v\u00e1 sozinho; se quer ir longe, v\u00e1 acompanhado.\u201d\" class=\"wp-image-207076\" srcset=\"https:\/\/www.correiobraziliense.com.br\/cbradar\/wp-content\/uploads\/2026\/03\/Gemini_Generated_Image_1xotg71xotg71xot-1-1.png 1280w, https:\/\/www.correiobraziliense.com.br\/cbradar\/wp-content\/uploads\/2026\/03\/Gemini_Generated_Image_1xotg71xotg71xot-1-1-300x169.png 300w, https:\/\/www.correiobraziliense.com.br\/cbradar\/wp-content\/uploads\/2026\/03\/Gemini_Generated_Image_1xotg71xotg71xot-1-1-768x432.png 768w, https:\/\/www.correiobraziliense.com.br\/cbradar\/wp-content\/uploads\/2026\/03\/Gemini_Generated_Image_1xotg71xotg71xot-1-1-750x422.png 750w, https:\/\/www.correiobraziliense.com.br\/cbradar\/wp-content\/uploads\/2026\/03\/Gemini_Generated_Image_1xotg71xotg71xot-1-1-1140x641.png 1140w\" sizes=\"(max-width: 1280px) 100vw, 1280px\" \/><figcaption class=\"wp-element-caption\">Caminhar sozinho pode acelerar decis\u00f5es, mas projetos duradouros costumam nascer da colabora\u00e7\u00e3o entre talentos<\/figcaption><\/figure>\n\n\n\n<h2 class=\"wp-block-heading\">Como a for\u00e7a do coletivo amplia os seus horizontes profissionais?<\/h2>\n\n\n\n<p>Quando um grupo compartilha um prop\u00f3sito claro, as habilidades individuais se somam para criar solu\u00e7\u00f5es muito mais robustas e criativas. O suporte m\u00fatuo permite que a equipe mantenha o f\u00f4lego mesmo diante de crises severas que paralisariam uma pessoa sozinha. A diversidade de ideias \u00e9 o combust\u00edvel necess\u00e1rio para alcan\u00e7ar patamares de <strong>excel\u00eancia e reconhecimento global<\/strong>.<\/p>\n\n\n\n<p>A coopera\u00e7\u00e3o gera uma rede de seguran\u00e7a emocional e t\u00e9cnica que favorece a resili\u00eancia em longo prazo. Dividir as tarefas permite que cada membro foque em sua \u00e1rea de maior compet\u00eancia, otimizando o tempo total do projeto. Parcerias s\u00f3lidas s\u00e3o a base para construir legados que permanecem relevantes para a sociedade mesmo ap\u00f3s d\u00e9cadas de trabalho intenso.<\/p>\n\n\n\n<h2 class=\"wp-block-heading\">Quais atitudes fundamentais garantem uma parceria duradoura e produtiva?<\/h2>\n\n\n\n<p>Estabelecer uma comunica\u00e7\u00e3o transparente e baseada na confian\u00e7a m\u00fatua \u00e9 o primeiro passo para evitar conflitos desnecess\u00e1rios no dia a dia. \u00c9 essencial que todos os envolvidos compreendam seus pap\u00e9is e responsabilidades dentro da estrutura coletiva para garantir a harmonia. O respeito \u00e0 individualidade fortalece o v\u00ednculo e promove um ambiente de <strong>crescimento m\u00fatuo e constante<\/strong>.<\/p>\n\n\n\n<p>Siga rigorosamente este roteiro para fortalecer os la\u00e7os de coopera\u00e7\u00e3o em qualquer projeto que voc\u00ea deseje realizar:<\/p>\n\n\n\n<ul class=\"wp-block-list\">\n<li>Defina metas claras e compartilhadas por todos.<\/li>\n\n\n\n<li>Pratique a escuta ativa durante as reuni\u00f5es.<\/li>\n\n\n\n<li>Reconhe\u00e7a publicamente as conquistas da sua equipe.<\/li>\n\n\n\n<li>Mantenha a \u00e9tica em todas as negocia\u00e7\u00f5es.<\/li>\n\n\n\n<li>Apoie o desenvolvimento pessoal dos seus parceiros.<\/li>\n<\/ul>\n\n\n\n<h2 class=\"wp-block-heading\">De que maneira o apoio m\u00fatuo evita o esgotamento f\u00edsico?<\/h2>\n\n\n\n<p>Compartilhar a carga de trabalho reduz drasticamente os n\u00edveis de estresse e ansiedade associados \u00e0 gest\u00e3o de grandes empreendimentos. Quando as tarefas s\u00e3o distribu\u00eddas de forma justa, cada colaborador consegue manter um equil\u00edbrio saud\u00e1vel entre a vida pessoal e profissional. Esse cuidado coletivo previne o surgimento de doen\u00e7as ocupacionais ligadas \u00e0 fadiga mental e ao <strong>esgotamento severo<\/strong>.<\/p>\n\n\n\n<p>Ter algu\u00e9m para dividir as preocupa\u00e7\u00f5es financeiras e operacionais permite que o empreendedor foque em estrat\u00e9gias de expans\u00e3o reais. A presen\u00e7a de parceiros comprometidos gera um sentimento de pertencimento que motiva a busca por resultados extraordin\u00e1rios diariamente. O sucesso compartilhado \u00e9 muito mais gratificante e sustent\u00e1vel do que qualquer vit\u00f3ria alcan\u00e7ada no mais absoluto e total isolamento.<\/p>\n\n\n\n<figure class=\"wp-block-image size-full\"><img decoding=\"async\" width=\"1280\" height=\"720\" src=\"https:\/\/www.correiobraziliense.com.br\/cbradar\/wp-content\/uploads\/2026\/03\/Gemini_Generated_Image_pcbyaqpcbyaqpcby-1-1.png\" alt=\"Prov\u00e9rbio africano: \u201cSe quer ir r\u00e1pido, v\u00e1 sozinho; se quer ir longe, v\u00e1 acompanhado.\u201d\" class=\"wp-image-207077\" srcset=\"https:\/\/www.correiobraziliense.com.br\/cbradar\/wp-content\/uploads\/2026\/03\/Gemini_Generated_Image_pcbyaqpcbyaqpcby-1-1.png 1280w, https:\/\/www.correiobraziliense.com.br\/cbradar\/wp-content\/uploads\/2026\/03\/Gemini_Generated_Image_pcbyaqpcbyaqpcby-1-1-300x169.png 300w, https:\/\/www.correiobraziliense.com.br\/cbradar\/wp-content\/uploads\/2026\/03\/Gemini_Generated_Image_pcbyaqpcbyaqpcby-1-1-768x432.png 768w, https:\/\/www.correiobraziliense.com.br\/cbradar\/wp-content\/uploads\/2026\/03\/Gemini_Generated_Image_pcbyaqpcbyaqpcby-1-1-750x422.png 750w, https:\/\/www.correiobraziliense.com.br\/cbradar\/wp-content\/uploads\/2026\/03\/Gemini_Generated_Image_pcbyaqpcbyaqpcby-1-1-1140x641.png 1140w\" sizes=\"(max-width: 1280px) 100vw, 1280px\" \/><figcaption class=\"wp-element-caption\">Caminhar sozinho pode acelerar decis\u00f5es, mas projetos duradouros costumam nascer da colabora\u00e7\u00e3o entre talentos<\/figcaption><\/figure>\n\n\n\n<h2 class=\"wp-block-heading\">Qual \u00e9 a base cient\u00edfica para o trabalho em equipe?<\/h2>\n\n\n\n<p>A psicologia social estuda como a coopera\u00e7\u00e3o entre seres humanos foi essencial para a sobreviv\u00eancia da esp\u00e9cie ao longo dos mil\u00eanios. Indiv\u00edduos que trabalham em conjunto apresentam melhores indicadores de sa\u00fade mental e satisfa\u00e7\u00e3o pessoal do que aqueles que vivem isolados. O sentimento de comunidade ativa \u00e1reas do c\u00e9rebro ligadas ao prazer e \u00e0 <strong>seguran\u00e7a emocional profunda<\/strong>.<\/p>\n\n\n\n<p>Institui\u00e7\u00f5es como a <strong>United Nations<\/strong> promovem a colabora\u00e7\u00e3o global como o \u00fanico caminho para resolver problemas humanit\u00e1rios e ambientais de grande escala. Seguir essas diretrizes de coopera\u00e7\u00e3o t\u00e9cnica internacional garante que os esfor\u00e7os individuais se transformem em benef\u00edcios reais para toda a humanidade hoje. Acesse as <a target=\"_blank\" rel=\"noreferrer noopener\" href=\"https:\/\/sdgs.un.org\/goals\/goal17\">metas de coopera\u00e7\u00e3o global<\/a> para entender como as parcerias estrat\u00e9gicas moldam o nosso futuro comum.<\/p>\n","protected":false},"excerpt":{"rendered":"<p>Colabora\u00e7\u00e3o e parcerias estrat\u00e9gicas representam os pilares fundamentais para alcan\u00e7ar objetivos grandiosos e duradouros em qualquer \u00e1rea da vida humana contempor\u00e2nea. Embora o esfor\u00e7o individual permita agilidade imediata, a uni\u00e3o de talentos complementares garante a sustentabilidade necess\u00e1ria para superar desafios complexos. Compreender essa sabedoria ancestral transforma a maneira como constru\u00edmos projetos. Por que a velocidade [&hellip;]<\/p>\n","protected":false},"author":21,"featured_media":207074,"comment_status":"open","ping_status":"open","sticky":false,"template":"","format":"standard","meta":{"_yoast_wpseo_focuskw":"Import\u00e2ncia da colabora\u00e7\u00e3o e parcerias para o sucesso","_yoast_wpseo_title":"","_yoast_wpseo_metadesc":"Trabalhar sozinho pode trazer rapidez, mas a coopera\u00e7\u00e3o revela vantagens surpreendentes. Uma ideia simples muda a forma de crescer.","jnews-multi-image_gallery":[],"jnews_single_post":{"format":"standard"},"jnews_primary_category":[],"jnews_social_meta":[],"jnews_override_counter":[],"footnotes":""},"categories":[112],"post_tag":[395,12223,15978,4665],"class_list":["post-207073","post","type-post","status-publish","format-standard","has-post-thumbnail","hentry","category-curiosidades","tag-futuro","tag-proverbio","tag-proverbio-africano","tag-sucesso"],"yoast_head":"<!-- This site is optimized with the Yoast SEO plugin v24.6 - https:\/\/yoast.com\/wordpress\/plugins\/seo\/ -->\n<title>Prov\u00e9rbio africano: \u201cSe quer ir r\u00e1pido, v\u00e1 sozinho; se quer ir longe, v\u00e1 acompanhado.\u201d - Correio Braziliense - Radar<\/title>\n<meta name=\"description\" content=\"Trabalhar sozinho pode trazer rapidez, mas a coopera\u00e7\u00e3o revela vantagens surpreendentes. Uma ideia simples muda a forma de crescer.\" \/>\n<meta name=\"robots\" content=\"index, follow, max-snippet:-1, max-image-preview:large, max-video-preview:-1\" \/>\n<link rel=\"canonical\" href=\"https:\/\/www.correiobraziliense.com.br\/cbradar\/proverbio-africano-se-quer-ir-rapido-va-sozinho-se-quer-ir-longe-va-acompanhado\/\" \/>\n<meta property=\"og:locale\" content=\"pt_BR\" \/>\n<meta property=\"og:type\" content=\"article\" \/>\n<meta property=\"og:title\" content=\"Prov\u00e9rbio africano: \u201cSe quer ir r\u00e1pido, v\u00e1 sozinho; se quer ir longe, v\u00e1 acompanhado.\u201d - Correio Braziliense - Radar\" \/>\n<meta property=\"og:description\" content=\"Trabalhar sozinho pode trazer rapidez, mas a coopera\u00e7\u00e3o revela vantagens surpreendentes. Uma ideia simples muda a forma de crescer.\" \/>\n<meta property=\"og:url\" content=\"https:\/\/www.correiobraziliense.com.br\/cbradar\/proverbio-africano-se-quer-ir-rapido-va-sozinho-se-quer-ir-longe-va-acompanhado\/\" \/>\n<meta property=\"og:site_name\" content=\"Correio Braziliense - Radar\" \/>\n<meta property=\"article:published_time\" content=\"2026-03-11T22:59:09+00:00\" \/>\n<meta property=\"article:modified_time\" content=\"2026-03-11T22:59:11+00:00\" \/>\n<meta property=\"og:image\" content=\"https:\/\/www.correiobraziliense.com.br\/cbradar\/wp-content\/uploads\/2026\/03\/Gemini_Generated_Image_dggblqdggblqdggb-1-1.png\" \/>\n\t<meta property=\"og:image:width\" content=\"1280\" \/>\n\t<meta property=\"og:image:height\" content=\"720\" \/>\n\t<meta property=\"og:image:type\" content=\"image\/png\" \/>\n<meta name=\"author\" content=\"Patrick Silva\" \/>\n<meta name=\"twitter:card\" content=\"summary_large_image\" \/>\n<meta name=\"twitter:label1\" content=\"Escrito por\" \/>\n\t<meta name=\"twitter:data1\" content=\"Patrick Silva\" \/>\n\t<meta name=\"twitter:label2\" content=\"Est. tempo de leitura\" \/>\n\t<meta name=\"twitter:data2\" content=\"5 minutos\" \/>\n<!-- \/ Yoast SEO plugin. -->","yoast_head_json":{"title":"Prov\u00e9rbio africano: \u201cSe quer ir r\u00e1pido, v\u00e1 sozinho; se quer ir longe, v\u00e1 acompanhado.\u201d - Correio Braziliense - Radar","description":"Trabalhar sozinho pode trazer rapidez, mas a coopera\u00e7\u00e3o revela vantagens surpreendentes. Uma ideia simples muda a forma de crescer.","robots":{"index":"index","follow":"follow","max-snippet":"max-snippet:-1","max-image-preview":"max-image-preview:large","max-video-preview":"max-video-preview:-1"},"canonical":"https:\/\/www.correiobraziliense.com.br\/cbradar\/proverbio-africano-se-quer-ir-rapido-va-sozinho-se-quer-ir-longe-va-acompanhado\/","og_locale":"pt_BR","og_type":"article","og_title":"Prov\u00e9rbio africano: \u201cSe quer ir r\u00e1pido, v\u00e1 sozinho; se quer ir longe, v\u00e1 acompanhado.\u201d - Correio Braziliense - Radar","og_description":"Trabalhar sozinho pode trazer rapidez, mas a coopera\u00e7\u00e3o revela vantagens surpreendentes. Uma ideia simples muda a forma de crescer.","og_url":"https:\/\/www.correiobraziliense.com.br\/cbradar\/proverbio-africano-se-quer-ir-rapido-va-sozinho-se-quer-ir-longe-va-acompanhado\/","og_site_name":"Correio Braziliense - Radar","article_published_time":"2026-03-11T22:59:09+00:00","article_modified_time":"2026-03-11T22:59:11+00:00","og_image":[{"width":1280,"height":720,"url":"https:\/\/www.correiobraziliense.com.br\/cbradar\/wp-content\/uploads\/2026\/03\/Gemini_Generated_Image_dggblqdggblqdggb-1-1.png","type":"image\/png"}],"author":"Patrick Silva","twitter_card":"summary_large_image","twitter_misc":{"Escrito por":"Patrick Silva","Est. tempo de leitura":"5 minutos"},"schema":{"@context":"https:\/\/schema.org","@graph":[{"@type":"WebPage","@id":"https:\/\/www.correiobraziliense.com.br\/cbradar\/proverbio-africano-se-quer-ir-rapido-va-sozinho-se-quer-ir-longe-va-acompanhado\/","url":"https:\/\/www.correiobraziliense.com.br\/cbradar\/proverbio-africano-se-quer-ir-rapido-va-sozinho-se-quer-ir-longe-va-acompanhado\/","name":"Prov\u00e9rbio africano: \u201cSe quer ir r\u00e1pido, v\u00e1 sozinho; se quer ir longe, v\u00e1 acompanhado.\u201d - Correio Braziliense - Radar","isPartOf":{"@id":"https:\/\/www.correiobraziliense.com.br\/cbradar\/#website"},"primaryImageOfPage":{"@id":"https:\/\/www.correiobraziliense.com.br\/cbradar\/proverbio-africano-se-quer-ir-rapido-va-sozinho-se-quer-ir-longe-va-acompanhado\/#primaryimage"},"image":{"@id":"https:\/\/www.correiobraziliense.com.br\/cbradar\/proverbio-africano-se-quer-ir-rapido-va-sozinho-se-quer-ir-longe-va-acompanhado\/#primaryimage"},"thumbnailUrl":"https:\/\/www.correiobraziliense.com.br\/cbradar\/wp-content\/uploads\/2026\/03\/Gemini_Generated_Image_dggblqdggblqdggb-1-1.png","datePublished":"2026-03-11T22:59:09+00:00","dateModified":"2026-03-11T22:59:11+00:00","author":{"@id":"https:\/\/www.correiobraziliense.com.br\/cbradar\/#\/schema\/person\/5440b72be9c7eb74f446c846479dc4da"},"description":"Trabalhar sozinho pode trazer rapidez, mas a coopera\u00e7\u00e3o revela vantagens surpreendentes. Uma ideia simples muda a forma de crescer.","breadcrumb":{"@id":"https:\/\/www.correiobraziliense.com.br\/cbradar\/proverbio-africano-se-quer-ir-rapido-va-sozinho-se-quer-ir-longe-va-acompanhado\/#breadcrumb"},"inLanguage":"pt-BR","potentialAction":[{"@type":"ReadAction","target":["https:\/\/www.correiobraziliense.com.br\/cbradar\/proverbio-africano-se-quer-ir-rapido-va-sozinho-se-quer-ir-longe-va-acompanhado\/"]}]},{"@type":"ImageObject","inLanguage":"pt-BR","@id":"https:\/\/www.correiobraziliense.com.br\/cbradar\/proverbio-africano-se-quer-ir-rapido-va-sozinho-se-quer-ir-longe-va-acompanhado\/#primaryimage","url":"https:\/\/www.correiobraziliense.com.br\/cbradar\/wp-content\/uploads\/2026\/03\/Gemini_Generated_Image_dggblqdggblqdggb-1-1.png","contentUrl":"https:\/\/www.correiobraziliense.com.br\/cbradar\/wp-content\/uploads\/2026\/03\/Gemini_Generated_Image_dggblqdggblqdggb-1-1.png","width":1280,"height":720,"caption":"Caminhar sozinho pode acelerar decis\u00f5es, mas projetos duradouros costumam nascer da colabora\u00e7\u00e3o entre talentos"},{"@type":"BreadcrumbList","@id":"https:\/\/www.correiobraziliense.com.br\/cbradar\/proverbio-africano-se-quer-ir-rapido-va-sozinho-se-quer-ir-longe-va-acompanhado\/#breadcrumb","itemListElement":[{"@type":"ListItem","position":1,"name":"In\u00edcio","item":"https:\/\/www.correiobraziliense.com.br\/cbradar\/"},{"@type":"ListItem","position":2,"name":"Prov\u00e9rbio africano: \u201cSe quer ir r\u00e1pido, v\u00e1 sozinho; se quer ir longe, v\u00e1 acompanhado.\u201d"}]},{"@type":"WebSite","@id":"https:\/\/www.correiobraziliense.com.br\/cbradar\/#website","url":"https:\/\/www.correiobraziliense.com.br\/cbradar\/","name":"Correio Braziliense - Radar","description":"Acompanhe as \u00faltimas not\u00edcias e fique bem informado sobre tudo o que acontece no Brasil e no mundo.","potentialAction":[{"@type":"SearchAction","target":{"@type":"EntryPoint","urlTemplate":"https:\/\/www.correiobraziliense.com.br\/cbradar\/?s={search_term_string}"},"query-input":{"@type":"PropertyValueSpecification","valueRequired":true,"valueName":"search_term_string"}}],"inLanguage":"pt-BR"},{"@type":"Person","@id":"https:\/\/www.correiobraziliense.com.br\/cbradar\/#\/schema\/person\/5440b72be9c7eb74f446c846479dc4da","name":"Patrick Silva","image":{"@type":"ImageObject","inLanguage":"pt-BR","@id":"https:\/\/www.correiobraziliense.com.br\/cbradar\/#\/schema\/person\/image\/","url":"https:\/\/secure.gravatar.com\/avatar\/944109df296fc087785c9715fd5f80b2?s=96&d=mm&r=g","contentUrl":"https:\/\/secure.gravatar.com\/avatar\/944109df296fc087785c9715fd5f80b2?s=96&d=mm&r=g","caption":"Patrick Silva"},"sameAs":["https:\/\/www.correiobraziliense.com.br\/cbradar\/"],"url":"https:\/\/www.correiobraziliense.com.br\/cbradar\/author\/patrick-silva\/"}]}},"_links":{"self":[{"href":"https:\/\/www.correiobraziliense.com.br\/cbradar\/wp-json\/wp\/v2\/posts\/207073","targetHints":{"allow":["GET"]}}],"collection":[{"href":"https:\/\/www.correiobraziliense.com.br\/cbradar\/wp-json\/wp\/v2\/posts"}],"about":[{"href":"https:\/\/www.correiobraziliense.com.br\/cbradar\/wp-json\/wp\/v2\/types\/post"}],"author":[{"embeddable":true,"href":"https:\/\/www.correiobraziliense.com.br\/cbradar\/wp-json\/wp\/v2\/users\/21"}],"replies":[{"embeddable":true,"href":"https:\/\/www.correiobraziliense.com.br\/cbradar\/wp-json\/wp\/v2\/comments?post=207073"}],"version-history":[{"count":3,"href":"https:\/\/www.correiobraziliense.com.br\/cbradar\/wp-json\/wp\/v2\/posts\/207073\/revisions"}],"predecessor-version":[{"id":207079,"href":"https:\/\/www.correiobraziliense.com.br\/cbradar\/wp-json\/wp\/v2\/posts\/207073\/revisions\/207079"}],"wp:featuredmedia":[{"embeddable":true,"href":"https:\/\/www.correiobraziliense.com.br\/cbradar\/wp-json\/wp\/v2\/media\/207074"}],"wp:attachment":[{"href":"https:\/\/www.correiobraziliense.com.br\/cbradar\/wp-json\/wp\/v2\/media?parent=207073"}],"wp:term":[{"taxonomy":"category","embeddable":true,"href":"https:\/\/www.correiobraziliense.com.br\/cbradar\/wp-json\/wp\/v2\/categories?post=207073"},{"taxonomy":"post_tag","embeddable":true,"href":"https:\/\/www.correiobraziliense.com.br\/cbradar\/wp-json\/wp\/v2\/post_tag?post=207073"}],"curies":[{"name":"wp","href":"https:\/\/api.w.org\/{rel}","templated":true}]}}