{"id":207087,"date":"2026-03-14T00:55:00","date_gmt":"2026-03-14T03:55:00","guid":{"rendered":"https:\/\/www.correiobraziliense.com.br\/cbradar\/?p=207087"},"modified":"2026-03-13T21:58:29","modified_gmt":"2026-03-14T00:58:29","slug":"misturar-areia-fina-e-cal-hidratada-pode-melhorar-o-reboco-e-muitos-pedreiros-usam-esse-truque","status":"publish","type":"post","link":"https:\/\/www.correiobraziliense.com.br\/cbradar\/misturar-areia-fina-e-cal-hidratada-pode-melhorar-o-reboco-e-muitos-pedreiros-usam-esse-truque\/","title":{"rendered":"Misturar areia fina e cal hidratada pode melhorar o reboco e muitos pedreiros usam esse truque"},"content":{"rendered":"\n<p>Ao <strong>misturar areia fina e cal hidratada<\/strong> na massa de cimento, voc\u00ea garante um acabamento de parede muito liso e resistente a fissuras. Essa t\u00e9cnica profissional aumenta a ader\u00eancia da argamassa e facilita o deslizamento da desempenadeira durante a aplica\u00e7\u00e3o di\u00e1ria.<\/p>\n\n\n\n<h2 class=\"wp-block-heading\">Por que a cal adiciona tanta qualidade \u00e0 massa?<\/h2>\n\n\n\n<p>A cal atua como um aglomerante pl\u00e1stico poderoso na constru\u00e7\u00e3o civil. Ela ret\u00e9m a \u00e1gua na mistura por muito mais tempo, o que evita o ressecamento precoce e o surgimento de trincas indesejadas na parede rec\u00e9m-acabada.<\/p>\n\n\n\n<p>O material tamb\u00e9m possui propriedades fungicidas naturais. Esse composto alcalino ajuda a evitar a prolifera\u00e7\u00e3o de mofo em ambientes \u00famidos, protegendo a integridade da alvenaria ao longo dos anos.<\/p>\n\n\n<div class=\"wp-block-image\">\n<figure class=\"aligncenter size-full\"><img decoding=\"async\" width=\"1280\" height=\"720\" src=\"https:\/\/www.correiobraziliense.com.br\/cbradar\/wp-content\/uploads\/2026\/03\/imagem_2026-03-11_174409368.png\" alt=\"M\u00e3o de pedreiro deslizando desempenadeira em reboco liso sob luz solar.\" class=\"wp-image-207096\" srcset=\"https:\/\/www.correiobraziliense.com.br\/cbradar\/wp-content\/uploads\/2026\/03\/imagem_2026-03-11_174409368.png 1280w, https:\/\/www.correiobraziliense.com.br\/cbradar\/wp-content\/uploads\/2026\/03\/imagem_2026-03-11_174409368-300x169.png 300w, https:\/\/www.correiobraziliense.com.br\/cbradar\/wp-content\/uploads\/2026\/03\/imagem_2026-03-11_174409368-768x432.png 768w, https:\/\/www.correiobraziliense.com.br\/cbradar\/wp-content\/uploads\/2026\/03\/imagem_2026-03-11_174409368-750x422.png 750w, https:\/\/www.correiobraziliense.com.br\/cbradar\/wp-content\/uploads\/2026\/03\/imagem_2026-03-11_174409368-1140x641.png 1140w\" sizes=\"(max-width: 1280px) 100vw, 1280px\" \/><figcaption class=\"wp-element-caption\">M\u00e3o de pedreiro deslizando desempenadeira em reboco liso sob luz solar.<\/figcaption><\/figure><\/div>\n\n\n<h2 class=\"wp-block-heading\">Qual \u00e9 a fun\u00e7\u00e3o exata da areia fina no acabamento?<\/h2>\n\n\n\n<p>Os gr\u00e3os mi\u00fados preenchem os microporos da superf\u00edcie com alta precis\u00e3o milim\u00e9trica. O uso desse agregado espec\u00edfico resulta em uma textura visualmente suave, ideal para receber as camadas de massa corrida e pintura convencional depois da cura estipulada.<\/p>\n\n\n\n<p>Se voc\u00ea utilizar granula\u00e7\u00f5es grossas nessa etapa final, o visual ficar\u00e1 r\u00fastico e exigir\u00e1 muito material de nivelamento no futuro. A escolha correta do agregado economiza dinheiro, reduz o desperd\u00edcio de insumos e encurta o cronograma da pintura.<\/p>\n\n\n<div class=\"wp-block-image\">\n<figure class=\"aligncenter size-full\"><img decoding=\"async\" width=\"1280\" height=\"720\" src=\"https:\/\/www.correiobraziliense.com.br\/cbradar\/wp-content\/uploads\/2026\/03\/imagem_2026-03-11_174421267.png\" alt=\"Close macro na textura cremosa da massa de cal e areia fina.\" class=\"wp-image-207092\" srcset=\"https:\/\/www.correiobraziliense.com.br\/cbradar\/wp-content\/uploads\/2026\/03\/imagem_2026-03-11_174421267.png 1280w, https:\/\/www.correiobraziliense.com.br\/cbradar\/wp-content\/uploads\/2026\/03\/imagem_2026-03-11_174421267-300x169.png 300w, https:\/\/www.correiobraziliense.com.br\/cbradar\/wp-content\/uploads\/2026\/03\/imagem_2026-03-11_174421267-768x432.png 768w, https:\/\/www.correiobraziliense.com.br\/cbradar\/wp-content\/uploads\/2026\/03\/imagem_2026-03-11_174421267-750x422.png 750w, https:\/\/www.correiobraziliense.com.br\/cbradar\/wp-content\/uploads\/2026\/03\/imagem_2026-03-11_174421267-1140x641.png 1140w\" sizes=\"(max-width: 1280px) 100vw, 1280px\" \/><figcaption class=\"wp-element-caption\">Close macro na textura cremosa da massa de cal e areia fina.<\/figcaption><\/figure><\/div>\n\n\n<h2 class=\"wp-block-heading\">Qual \u00e9 a propor\u00e7\u00e3o ideal para fazer essa argamassa render?<\/h2>\n\n\n\n<p>A receita mais comum entre os profissionais de alvenaria utiliza medidas precisas de aglomerantes. O tra\u00e7o cl\u00e1ssico exige <strong>1<\/strong> medida de cimento, <strong>2<\/strong> medidas de cal e <strong>6<\/strong> medidas de areia muito bem peneirada.<\/p>\n\n\n\n<p>Misture sempre os materiais secos primeiro, antes de adicionar a \u00e1gua limpa de maneira gradual. A <strong>Associa\u00e7\u00e3o Brasileira de Cimento Portland<\/strong> publica manuais no <a href=\"https:\/\/abcp.org.br\/produtos-e-sistemas\/argamassas\/\" target=\"_blank\" rel=\"noreferrer noopener\"><strong>portal oficial da ABCP<\/strong><\/a> com tabelas rigorosas de tra\u00e7os para manter o padr\u00e3o de seguran\u00e7a nas obras.<\/p>\n\n\n\n<h3 class=\"wp-block-heading\">O que acontece se a mistura receber material em excesso?<\/h3>\n\n\n\n<p>O excesso de agregados finos deixa a argamassa extremamente fraca e quebradi\u00e7a ap\u00f3s a secagem. Uma dosagem incorreta faz a parede esfarelar ao menor toque, o que compromete a fixa\u00e7\u00e3o segura de buchas, quadros ou prateleiras no c\u00f4modo.<\/p>\n\n\n\n<p>Por outro lado, o exagero no uso do cimento torna a massa dura demais e suscet\u00edvel a fissuras de retra\u00e7\u00e3o. O equil\u00edbrio milim\u00e9trico dos componentes \u00e9 o verdadeiro segredo dos pedreiros para entregar uma obra impec\u00e1vel e altamente duradoura.<\/p>\n\n\n<div class=\"wp-block-image\">\n<figure class=\"aligncenter size-full\"><img decoding=\"async\" width=\"1280\" height=\"720\" src=\"https:\/\/www.correiobraziliense.com.br\/cbradar\/wp-content\/uploads\/2026\/03\/imagem_2026-03-11_174428385.png\" alt=\"Pedreiro nivelando a parede com r\u00e9gua em ambiente de reforma real.\" class=\"wp-image-207093\" srcset=\"https:\/\/www.correiobraziliense.com.br\/cbradar\/wp-content\/uploads\/2026\/03\/imagem_2026-03-11_174428385.png 1280w, https:\/\/www.correiobraziliense.com.br\/cbradar\/wp-content\/uploads\/2026\/03\/imagem_2026-03-11_174428385-300x169.png 300w, https:\/\/www.correiobraziliense.com.br\/cbradar\/wp-content\/uploads\/2026\/03\/imagem_2026-03-11_174428385-768x432.png 768w, https:\/\/www.correiobraziliense.com.br\/cbradar\/wp-content\/uploads\/2026\/03\/imagem_2026-03-11_174428385-750x422.png 750w, https:\/\/www.correiobraziliense.com.br\/cbradar\/wp-content\/uploads\/2026\/03\/imagem_2026-03-11_174428385-1140x641.png 1140w\" sizes=\"(max-width: 1280px) 100vw, 1280px\" \/><figcaption class=\"wp-element-caption\">Pedreiro nivelando a parede com r\u00e9gua em ambiente de reforma real.<\/figcaption><\/figure><\/div>\n\n\n<h2 class=\"wp-block-heading\">Como preparar a superf\u00edcie antes de aplicar a mistura?<\/h2>\n\n\n\n<p>Nenhuma argamassa atinge sua resist\u00eancia m\u00e1xima sobre bases sujas ou repletas de poeira acumulada. Antes de iniciar o servi\u00e7o de revestimento, limpe toda a parede de blocos com uma vassoura resistente para remover poeira e restos de argamassa.<\/p>\n\n\n\n<p>Leia os passos pr\u00e1ticos recomendados para preparar a sua base de tijolos com total efici\u00eancia:<\/p>\n\n\n\n<ul class=\"wp-block-list\">\n<li><strong>Chapisco pr\u00e9vio:<\/strong> Aplique uma camada fina e \u00e1spera de cimento para criar uma ancoragem firme.<\/li>\n\n\n\n<li><strong>Umedecimento:<\/strong> Molhe levemente os blocos para evitar que roubem a \u00e1gua da sua massa fresca.<\/li>\n\n\n\n<li><strong>Mestras e taliscas:<\/strong> Fixe pequenas guias niveladas na parede para orientar a espessura exata do material.<\/li>\n<\/ul>\n\n\n\n<p>Leia tamb\u00e9m: <a href=\"https:\/\/www.correiobraziliense.com.br\/cbradar\/o-verdadeiro-significado-de-esconder-um-potinho-com-cristais-brancos-de-tempero-atras-da-porta\/\" target=\"_blank\" rel=\"noreferrer noopener\">O verdadeiro significado de esconder um potinho com cristais brancos de tempero atr\u00e1s da porta<\/a><\/p>\n\n\n\n<h2 class=\"wp-block-heading\">Existem riscos reais ao utilizar aglomerantes de baixa qualidade?<\/h2>\n\n\n\n<p>Produtos comerciais que n\u00e3o passaram pelo processo industrial completo de hidrata\u00e7\u00e3o causam problemas estruturais graves. O p\u00f3 inst\u00e1vel reage com a \u00e1gua diretamente na parede, expandindo fisicamente e criando bolhas, manchas ou crateras indesej\u00e1veis no seu revestimento novinho.<\/p>\n\n\n\n<p>Para evitar preju\u00edzos financeiros massivos, verifique a embalagem no dep\u00f3sito e compre marcas validadas no mercado. Uma parede bem executada exige componentes perfeitamente estabilizados quimicamente e o respeito total ao tempo de manuseio.<\/p>\n\n\n<div class=\"wp-block-image\">\n<figure class=\"aligncenter size-full\"><img decoding=\"async\" width=\"1280\" height=\"720\" src=\"https:\/\/www.correiobraziliense.com.br\/cbradar\/wp-content\/uploads\/2026\/03\/imagem_2026-03-11_174437776.png\" alt=\"Perspectiva em primeira pessoa aplicando a massa lisa nos tijolos.\" class=\"wp-image-207094\" srcset=\"https:\/\/www.correiobraziliense.com.br\/cbradar\/wp-content\/uploads\/2026\/03\/imagem_2026-03-11_174437776.png 1280w, https:\/\/www.correiobraziliense.com.br\/cbradar\/wp-content\/uploads\/2026\/03\/imagem_2026-03-11_174437776-300x169.png 300w, https:\/\/www.correiobraziliense.com.br\/cbradar\/wp-content\/uploads\/2026\/03\/imagem_2026-03-11_174437776-768x432.png 768w, https:\/\/www.correiobraziliense.com.br\/cbradar\/wp-content\/uploads\/2026\/03\/imagem_2026-03-11_174437776-750x422.png 750w, https:\/\/www.correiobraziliense.com.br\/cbradar\/wp-content\/uploads\/2026\/03\/imagem_2026-03-11_174437776-1140x641.png 1140w\" sizes=\"(max-width: 1280px) 100vw, 1280px\" \/><figcaption class=\"wp-element-caption\">Perspectiva em primeira pessoa aplicando a massa lisa nos tijolos.<\/figcaption><\/figure><\/div>\n\n\n<h2 class=\"wp-block-heading\">Quanto tempo devo esperar para pintar a parede nova?<\/h2>\n\n\n\n<p>A pressa durante a fase final da obra \u00e9 a principal inimiga de um acabamento perene. O complexo processo qu\u00edmico de endurecimento interno leva cerca de <strong>28 dias<\/strong> para atingir a estabilidade m\u00e1xima e a evapora\u00e7\u00e3o completa da \u00e1gua.<\/p>\n\n\n\n<p>Aplicar tintas de acabamento ou seladores acr\u00edlicos antes desse prazo cr\u00edtico prende a umidade residual dentro da estrutura porosa. Isso resulta em manchas escuras persistentes, bolhas est\u00e9ticas na parede e o descolamento vis\u00edvel da pel\u00edcula protetora em poucos meses de uso do im\u00f3vel.<\/p>\n","protected":false},"excerpt":{"rendered":"<p>Ao misturar areia fina e cal hidratada na massa de cimento, voc\u00ea garante um acabamento de parede muito liso e resistente a fissuras. Essa t\u00e9cnica profissional aumenta a ader\u00eancia da argamassa e facilita o deslizamento da desempenadeira durante a aplica\u00e7\u00e3o di\u00e1ria. Por que a cal adiciona tanta qualidade \u00e0 massa? A cal atua como um [&hellip;]<\/p>\n","protected":false},"author":11,"featured_media":208066,"comment_status":"open","ping_status":"open","sticky":false,"template":"","format":"standard","meta":{"_yoast_wpseo_focuskw":"misturar areia fina e cal hidratada","_yoast_wpseo_title":"","_yoast_wpseo_metadesc":"Quer um acabamento de parede liso e sem trincas? A combina\u00e7\u00e3o exata de cal e areia fina transforma a qualidade da sua obra de forma simples e duradoura.","jnews-multi-image_gallery":[],"jnews_single_post":{"format":"standard"},"jnews_primary_category":[],"jnews_social_meta":[],"jnews_override_counter":[],"footnotes":""},"categories":[143],"tags":[15281,15329,11541,15979],"class_list":["post-207087","post","type-post","status-publish","format-standard","has-post-thumbnail","hentry","category-casa-e-decoracao","tag-acabamento","tag-alvenaria","tag-construcao","tag-reboco"],"yoast_head":"<!-- This site is optimized with the Yoast SEO plugin v24.6 - https:\/\/yoast.com\/wordpress\/plugins\/seo\/ -->\n<title>Misturar areia fina e cal hidratada pode melhorar o reboco e muitos pedreiros usam esse truque - Correio Braziliense - Radar<\/title>\n<meta name=\"description\" content=\"Quer um acabamento de parede liso e sem trincas? A combina\u00e7\u00e3o exata de cal e areia fina transforma a qualidade da sua obra de forma simples e duradoura.\" \/>\n<meta name=\"robots\" content=\"index, follow, max-snippet:-1, max-image-preview:large, max-video-preview:-1\" \/>\n<link rel=\"canonical\" href=\"https:\/\/www.correiobraziliense.com.br\/cbradar\/misturar-areia-fina-e-cal-hidratada-pode-melhorar-o-reboco-e-muitos-pedreiros-usam-esse-truque\/\" \/>\n<meta property=\"og:locale\" content=\"pt_BR\" \/>\n<meta property=\"og:type\" content=\"article\" \/>\n<meta property=\"og:title\" content=\"Misturar areia fina e cal hidratada pode melhorar o reboco e muitos pedreiros usam esse truque - Correio Braziliense - Radar\" \/>\n<meta property=\"og:description\" content=\"Quer um acabamento de parede liso e sem trincas? A combina\u00e7\u00e3o exata de cal e areia fina transforma a qualidade da sua obra de forma simples e duradoura.\" \/>\n<meta property=\"og:url\" content=\"https:\/\/www.correiobraziliense.com.br\/cbradar\/misturar-areia-fina-e-cal-hidratada-pode-melhorar-o-reboco-e-muitos-pedreiros-usam-esse-truque\/\" \/>\n<meta property=\"og:site_name\" content=\"Correio Braziliense - Radar\" \/>\n<meta property=\"article:published_time\" content=\"2026-03-14T03:55:00+00:00\" \/>\n<meta property=\"og:image\" content=\"https:\/\/www.correiobraziliense.com.br\/cbradar\/wp-content\/uploads\/2026\/03\/freepik__pedreiro-aplicando-argamassa-lisa-em-uma-parede-de__56471.jpeg\" \/>\n\t<meta property=\"og:image:width\" content=\"1280\" \/>\n\t<meta property=\"og:image:height\" content=\"720\" \/>\n\t<meta property=\"og:image:type\" content=\"image\/jpeg\" \/>\n<meta name=\"author\" content=\"Paulo Custodio\" \/>\n<meta name=\"twitter:card\" content=\"summary_large_image\" \/>\n<meta name=\"twitter:label1\" content=\"Escrito por\" \/>\n\t<meta name=\"twitter:data1\" content=\"Paulo Custodio\" \/>\n\t<meta name=\"twitter:label2\" content=\"Est. tempo de leitura\" \/>\n\t<meta name=\"twitter:data2\" content=\"5 minutos\" \/>\n<!-- \/ Yoast SEO plugin. -->","yoast_head_json":{"title":"Misturar areia fina e cal hidratada pode melhorar o reboco e muitos pedreiros usam esse truque - Correio Braziliense - Radar","description":"Quer um acabamento de parede liso e sem trincas? A combina\u00e7\u00e3o exata de cal e areia fina transforma a qualidade da sua obra de forma simples e duradoura.","robots":{"index":"index","follow":"follow","max-snippet":"max-snippet:-1","max-image-preview":"max-image-preview:large","max-video-preview":"max-video-preview:-1"},"canonical":"https:\/\/www.correiobraziliense.com.br\/cbradar\/misturar-areia-fina-e-cal-hidratada-pode-melhorar-o-reboco-e-muitos-pedreiros-usam-esse-truque\/","og_locale":"pt_BR","og_type":"article","og_title":"Misturar areia fina e cal hidratada pode melhorar o reboco e muitos pedreiros usam esse truque - Correio Braziliense - Radar","og_description":"Quer um acabamento de parede liso e sem trincas? A combina\u00e7\u00e3o exata de cal e areia fina transforma a qualidade da sua obra de forma simples e duradoura.","og_url":"https:\/\/www.correiobraziliense.com.br\/cbradar\/misturar-areia-fina-e-cal-hidratada-pode-melhorar-o-reboco-e-muitos-pedreiros-usam-esse-truque\/","og_site_name":"Correio Braziliense - Radar","article_published_time":"2026-03-14T03:55:00+00:00","og_image":[{"width":1280,"height":720,"url":"https:\/\/www.correiobraziliense.com.br\/cbradar\/wp-content\/uploads\/2026\/03\/freepik__pedreiro-aplicando-argamassa-lisa-em-uma-parede-de__56471.jpeg","type":"image\/jpeg"}],"author":"Paulo Custodio","twitter_card":"summary_large_image","twitter_misc":{"Escrito por":"Paulo Custodio","Est. tempo de leitura":"5 minutos"},"schema":{"@context":"https:\/\/schema.org","@graph":[{"@type":"WebPage","@id":"https:\/\/www.correiobraziliense.com.br\/cbradar\/misturar-areia-fina-e-cal-hidratada-pode-melhorar-o-reboco-e-muitos-pedreiros-usam-esse-truque\/","url":"https:\/\/www.correiobraziliense.com.br\/cbradar\/misturar-areia-fina-e-cal-hidratada-pode-melhorar-o-reboco-e-muitos-pedreiros-usam-esse-truque\/","name":"Misturar areia fina e cal hidratada pode melhorar o reboco e muitos pedreiros usam esse truque - Correio Braziliense - Radar","isPartOf":{"@id":"https:\/\/www.correiobraziliense.com.br\/cbradar\/#website"},"primaryImageOfPage":{"@id":"https:\/\/www.correiobraziliense.com.br\/cbradar\/misturar-areia-fina-e-cal-hidratada-pode-melhorar-o-reboco-e-muitos-pedreiros-usam-esse-truque\/#primaryimage"},"image":{"@id":"https:\/\/www.correiobraziliense.com.br\/cbradar\/misturar-areia-fina-e-cal-hidratada-pode-melhorar-o-reboco-e-muitos-pedreiros-usam-esse-truque\/#primaryimage"},"thumbnailUrl":"https:\/\/www.correiobraziliense.com.br\/cbradar\/wp-content\/uploads\/2026\/03\/freepik__pedreiro-aplicando-argamassa-lisa-em-uma-parede-de__56471.jpeg","datePublished":"2026-03-14T03:55:00+00:00","author":{"@id":"https:\/\/www.correiobraziliense.com.br\/cbradar\/#\/schema\/person\/4cec7857301a9a1a2ef249893cd908d3"},"description":"Quer um acabamento de parede liso e sem trincas? A combina\u00e7\u00e3o exata de cal e areia fina transforma a qualidade da sua obra de forma simples e duradoura.","breadcrumb":{"@id":"https:\/\/www.correiobraziliense.com.br\/cbradar\/misturar-areia-fina-e-cal-hidratada-pode-melhorar-o-reboco-e-muitos-pedreiros-usam-esse-truque\/#breadcrumb"},"inLanguage":"pt-BR","potentialAction":[{"@type":"ReadAction","target":["https:\/\/www.correiobraziliense.com.br\/cbradar\/misturar-areia-fina-e-cal-hidratada-pode-melhorar-o-reboco-e-muitos-pedreiros-usam-esse-truque\/"]}]},{"@type":"ImageObject","inLanguage":"pt-BR","@id":"https:\/\/www.correiobraziliense.com.br\/cbradar\/misturar-areia-fina-e-cal-hidratada-pode-melhorar-o-reboco-e-muitos-pedreiros-usam-esse-truque\/#primaryimage","url":"https:\/\/www.correiobraziliense.com.br\/cbradar\/wp-content\/uploads\/2026\/03\/freepik__pedreiro-aplicando-argamassa-lisa-em-uma-parede-de__56471.jpeg","contentUrl":"https:\/\/www.correiobraziliense.com.br\/cbradar\/wp-content\/uploads\/2026\/03\/freepik__pedreiro-aplicando-argamassa-lisa-em-uma-parede-de__56471.jpeg","width":1280,"height":720,"caption":"A mistura de areia fina com cal hidratada deixa a argamassa mais pl\u00e1stica e f\u00e1cil de aplicar"},{"@type":"BreadcrumbList","@id":"https:\/\/www.correiobraziliense.com.br\/cbradar\/misturar-areia-fina-e-cal-hidratada-pode-melhorar-o-reboco-e-muitos-pedreiros-usam-esse-truque\/#breadcrumb","itemListElement":[{"@type":"ListItem","position":1,"name":"In\u00edcio","item":"https:\/\/www.correiobraziliense.com.br\/cbradar\/"},{"@type":"ListItem","position":2,"name":"Misturar areia fina e cal hidratada pode melhorar o reboco e muitos pedreiros usam esse truque"}]},{"@type":"WebSite","@id":"https:\/\/www.correiobraziliense.com.br\/cbradar\/#website","url":"https:\/\/www.correiobraziliense.com.br\/cbradar\/","name":"Correio Braziliense - Radar","description":"Acompanhe as \u00faltimas not\u00edcias e fique bem informado sobre tudo o que acontece no Brasil e no mundo.","potentialAction":[{"@type":"SearchAction","target":{"@type":"EntryPoint","urlTemplate":"https:\/\/www.correiobraziliense.com.br\/cbradar\/?s={search_term_string}"},"query-input":{"@type":"PropertyValueSpecification","valueRequired":true,"valueName":"search_term_string"}}],"inLanguage":"pt-BR"},{"@type":"Person","@id":"https:\/\/www.correiobraziliense.com.br\/cbradar\/#\/schema\/person\/4cec7857301a9a1a2ef249893cd908d3","name":"Paulo Custodio","image":{"@type":"ImageObject","inLanguage":"pt-BR","@id":"https:\/\/www.correiobraziliense.com.br\/cbradar\/#\/schema\/person\/image\/","url":"https:\/\/secure.gravatar.com\/avatar\/bcd67168d1534e8fcf4f45c726a87cea?s=96&d=mm&r=g","contentUrl":"https:\/\/secure.gravatar.com\/avatar\/bcd67168d1534e8fcf4f45c726a87cea?s=96&d=mm&r=g","caption":"Paulo Custodio"},"sameAs":["https:\/\/www.correiobraziliense.com.br\/cbradar"],"url":"https:\/\/www.correiobraziliense.com.br\/cbradar\/author\/paulomyth\/"}]}},"_links":{"self":[{"href":"https:\/\/www.correiobraziliense.com.br\/cbradar\/wp-json\/wp\/v2\/posts\/207087","targetHints":{"allow":["GET"]}}],"collection":[{"href":"https:\/\/www.correiobraziliense.com.br\/cbradar\/wp-json\/wp\/v2\/posts"}],"about":[{"href":"https:\/\/www.correiobraziliense.com.br\/cbradar\/wp-json\/wp\/v2\/types\/post"}],"author":[{"embeddable":true,"href":"https:\/\/www.correiobraziliense.com.br\/cbradar\/wp-json\/wp\/v2\/users\/11"}],"replies":[{"embeddable":true,"href":"https:\/\/www.correiobraziliense.com.br\/cbradar\/wp-json\/wp\/v2\/comments?post=207087"}],"version-history":[{"count":1,"href":"https:\/\/www.correiobraziliense.com.br\/cbradar\/wp-json\/wp\/v2\/posts\/207087\/revisions"}],"predecessor-version":[{"id":207099,"href":"https:\/\/www.correiobraziliense.com.br\/cbradar\/wp-json\/wp\/v2\/posts\/207087\/revisions\/207099"}],"wp:featuredmedia":[{"embeddable":true,"href":"https:\/\/www.correiobraziliense.com.br\/cbradar\/wp-json\/wp\/v2\/media\/208066"}],"wp:attachment":[{"href":"https:\/\/www.correiobraziliense.com.br\/cbradar\/wp-json\/wp\/v2\/media?parent=207087"}],"wp:term":[{"taxonomy":"category","embeddable":true,"href":"https:\/\/www.correiobraziliense.com.br\/cbradar\/wp-json\/wp\/v2\/categories?post=207087"},{"taxonomy":"post_tag","embeddable":true,"href":"https:\/\/www.correiobraziliense.com.br\/cbradar\/wp-json\/wp\/v2\/tags?post=207087"}],"curies":[{"name":"wp","href":"https:\/\/api.w.org\/{rel}","templated":true}]}}