{"id":207098,"date":"2026-03-11T21:30:05","date_gmt":"2026-03-12T00:30:05","guid":{"rendered":"https:\/\/www.correiobraziliense.com.br\/cbradar\/?p=207098"},"modified":"2026-03-11T21:30:08","modified_gmt":"2026-03-12T00:30:08","slug":"criancas-com-maior-habilidade-de-leitura-costumam-nascer-nesses-4-meses","status":"publish","type":"post","link":"https:\/\/www.correiobraziliense.com.br\/cbradar\/criancas-com-maior-habilidade-de-leitura-costumam-nascer-nesses-4-meses\/","title":{"rendered":"Crian\u00e7as com maior habilidade de leitura costumam nascer nesses 4 meses"},"content":{"rendered":"\n<p>O desenvolvimento cognitivo infantil est\u00e1 profundamente ligado \u00e0 maturidade biol\u00f3gica e ao momento exato em que a alfabetiza\u00e7\u00e3o come\u00e7a formalmente. Estudos educacionais sugerem que o m\u00eas de nascimento influencia diretamente o desempenho escolar nas s\u00e9ries iniciais do ensino fundamental. Compreender essa din\u00e2mica ajuda pais e educadores a oferecerem o suporte necess\u00e1rio para cada fase.<\/p>\n\n\n\n<h2 class=\"wp-block-heading\">Por que a idade relativa faz tanta diferen\u00e7a no aprendizado?<\/h2>\n\n\n\n<p><a href=\"https:\/\/www.correiobraziliense.com.br\/cbradar\/criancas-nascidas-nesses-meses-tendem-a-desenvolver-melhor-capacidade-de-aprendizado-aponta-estudo-em-psicologia\/\" target=\"_blank\" rel=\"noreferrer noopener\">Crian\u00e7as <\/a>que nascem logo ap\u00f3s o corte et\u00e1rio estabelecido pelas escolas costumam apresentar uma maturidade neurol\u00f3gica superior aos seus colegas de classe mais jovens. Essa diferen\u00e7a de quase um ano de vida permite que o c\u00e9rebro processe est\u00edmulos lingu\u00edsticos com muito mais facilidade e rapidez. Ter maior coordena\u00e7\u00e3o motora e foco contribui para um dom\u00ednio precoce da leitura fluida.<\/p>\n\n\n\n<p>O desenvolvimento das habilidades de decodifica\u00e7\u00e3o de s\u00edmbolos exige um n\u00edvel de prontid\u00e3o cognitiva que varia conforme os meses de vida acumulados. Alunos mais velhos conseguem manter a concentra\u00e7\u00e3o por per\u00edodos prolongados, facilitando a absor\u00e7\u00e3o de regras gramaticais e ortogr\u00e1ficas complexas. Essa vantagem biol\u00f3gica inicial cria uma base s\u00f3lida que reflete positivamente em todas as avalia\u00e7\u00f5es de desempenho estudantil.<\/p>\n\n\n\n<figure class=\"wp-block-image size-full\"><img decoding=\"async\" width=\"1280\" height=\"720\" src=\"https:\/\/www.correiobraziliense.com.br\/cbradar\/wp-content\/uploads\/2026\/03\/Gemini_Generated_Image_7n9sk67n9sk67n9s-1-1.png\" alt=\"Crian\u00e7as com maior habilidade de leitura costumam nascer nesses 4 meses\" class=\"wp-image-207111\" srcset=\"https:\/\/www.correiobraziliense.com.br\/cbradar\/wp-content\/uploads\/2026\/03\/Gemini_Generated_Image_7n9sk67n9sk67n9s-1-1.png 1280w, https:\/\/www.correiobraziliense.com.br\/cbradar\/wp-content\/uploads\/2026\/03\/Gemini_Generated_Image_7n9sk67n9sk67n9s-1-1-300x169.png 300w, https:\/\/www.correiobraziliense.com.br\/cbradar\/wp-content\/uploads\/2026\/03\/Gemini_Generated_Image_7n9sk67n9sk67n9s-1-1-768x432.png 768w, https:\/\/www.correiobraziliense.com.br\/cbradar\/wp-content\/uploads\/2026\/03\/Gemini_Generated_Image_7n9sk67n9sk67n9s-1-1-750x422.png 750w, https:\/\/www.correiobraziliense.com.br\/cbradar\/wp-content\/uploads\/2026\/03\/Gemini_Generated_Image_7n9sk67n9sk67n9s-1-1-1140x641.png 1140w\" sizes=\"(max-width: 1280px) 100vw, 1280px\" \/><figcaption class=\"wp-element-caption\">A data de nascimento pode influenciar o desempenho na alfabetiza\u00e7\u00e3o infantil<\/figcaption><\/figure>\n\n\n\n<h2 class=\"wp-block-heading\">Como o ambiente escolar potencializa o talento dos primog\u00eanitos do ano?<\/h2>\n\n\n\n<p>Estar entre os mais velhos da turma gera um sentimento de autoconfian\u00e7a que impulsiona o desejo de aprender e explorar novos livros. Professores frequentemente identificam esses alunos como mais preparados, oferecendo desafios que estimulam ainda mais o racioc\u00ednio cr\u00edtico e a interpreta\u00e7\u00e3o textual. Esse ciclo positivo de aprendizado refor\u00e7a a capacidade intelectual e garante <strong>resultados acad\u00eamicos extraordin\u00e1rios<\/strong> e duradouros.<\/p>\n\n\n\n<p>A intera\u00e7\u00e3o social tamb\u00e9m \u00e9 facilitada pela maturidade, permitindo que a crian\u00e7a lidere atividades em grupo e desenvolva compet\u00eancias comunicativas essenciais. Alunos que se sentem seguros em sua capacidade de ler em voz alta tendem a se envolver mais com a biblioteca escolar. O incentivo constante transforma o esfor\u00e7o inicial em um h\u00e1bito prazeroso de busca por conhecimento liter\u00e1rio e <strong>sucesso pessoal pleno<\/strong>.<\/p>\n\n\n\n<h2 class=\"wp-block-heading\">Quais per\u00edodos do ano concentram os melhores resultados em alfabetiza\u00e7\u00e3o?<\/h2>\n\n\n\n<p>Em diversos sistemas de ensino ao redor do globo, o calend\u00e1rio letivo favorece quem nasce em meses espec\u00edficos que coincidem com o in\u00edcio do ciclo escolar. Esses alunos entram na escola com uma vantagem de desenvolvimento que se traduz em notas mais altas e maior fluidez verbal. \u00c9 fundamental observar como esse padr\u00e3o se repete em diferentes culturas e metodologias pedag\u00f3gicas.<\/p>\n\n\n\n<p>Adote estas refer\u00eancias temporais para compreender quais grupos costumam apresentar maior prontid\u00e3o para o dom\u00ednio das letras e das palavras:<\/p>\n\n\n\n<figure class=\"wp-block-image size-full\"><img decoding=\"async\" width=\"1280\" height=\"602\" src=\"https:\/\/www.correiobraziliense.com.br\/cbradar\/wp-content\/uploads\/2026\/03\/convertido-27.jpg\" alt=\"\" class=\"wp-image-207119\" srcset=\"https:\/\/www.correiobraziliense.com.br\/cbradar\/wp-content\/uploads\/2026\/03\/convertido-27.jpg 1280w, https:\/\/www.correiobraziliense.com.br\/cbradar\/wp-content\/uploads\/2026\/03\/convertido-27-300x141.jpg 300w, https:\/\/www.correiobraziliense.com.br\/cbradar\/wp-content\/uploads\/2026\/03\/convertido-27-768x361.jpg 768w, https:\/\/www.correiobraziliense.com.br\/cbradar\/wp-content\/uploads\/2026\/03\/convertido-27-750x353.jpg 750w, https:\/\/www.correiobraziliense.com.br\/cbradar\/wp-content\/uploads\/2026\/03\/convertido-27-1140x536.jpg 1140w\" sizes=\"(max-width: 1280px) 100vw, 1280px\" \/><\/figure>\n\n\n\n<h2 class=\"wp-block-heading\">Existe influ\u00eancia da nutri\u00e7\u00e3o materna na capacidade intelectual futura?<\/h2>\n\n\n\n<p>A disponibilidade de nutrientes espec\u00edficos durante os trimestres da gesta\u00e7\u00e3o pode impactar a forma\u00e7\u00e3o das \u00e1reas cerebrais ligadas \u00e0 linguagem. M\u00e3es que possuem n\u00edveis adequados de vitaminas essenciais garantem que o feto desenvolva uma estrutura neural resiliente e pronta para est\u00edmulos cognitivos. O ambiente pr\u00e9-natal atua como o primeiro pilar na constru\u00e7\u00e3o de uma <strong>mente brilhante e criativa<\/strong> desde cedo.<\/p>\n\n\n\n<p>A exposi\u00e7\u00e3o solar moderada durante a gravidez favorece a s\u00edntese de componentes biol\u00f3gicos que auxiliam na plasticidade sin\u00e1ptica do beb\u00ea em desenvolvimento. Crian\u00e7as nascidas em meses que sucedem per\u00edodos de boa luminosidade solar podem apresentar vantagens sutis no processamento de informa\u00e7\u00f5es auditivas e visuais. O equil\u00edbrio entre gen\u00e9tica e ambiente externo define o ponto de partida para o sucesso na leitura formal.<\/p>\n\n\n\n<figure class=\"wp-block-image size-full\"><img decoding=\"async\" width=\"1280\" height=\"720\" src=\"https:\/\/www.correiobraziliense.com.br\/cbradar\/wp-content\/uploads\/2026\/03\/Gemini_Generated_Image_ikn9glikn9glikn9-1-1.png\" alt=\"Crian\u00e7as com maior habilidade de leitura costumam nascer nesses 4 meses\" class=\"wp-image-207114\" srcset=\"https:\/\/www.correiobraziliense.com.br\/cbradar\/wp-content\/uploads\/2026\/03\/Gemini_Generated_Image_ikn9glikn9glikn9-1-1.png 1280w, https:\/\/www.correiobraziliense.com.br\/cbradar\/wp-content\/uploads\/2026\/03\/Gemini_Generated_Image_ikn9glikn9glikn9-1-1-300x169.png 300w, https:\/\/www.correiobraziliense.com.br\/cbradar\/wp-content\/uploads\/2026\/03\/Gemini_Generated_Image_ikn9glikn9glikn9-1-1-768x432.png 768w, https:\/\/www.correiobraziliense.com.br\/cbradar\/wp-content\/uploads\/2026\/03\/Gemini_Generated_Image_ikn9glikn9glikn9-1-1-750x422.png 750w, https:\/\/www.correiobraziliense.com.br\/cbradar\/wp-content\/uploads\/2026\/03\/Gemini_Generated_Image_ikn9glikn9glikn9-1-1-1140x641.png 1140w\" sizes=\"(max-width: 1280px) 100vw, 1280px\" \/><figcaption class=\"wp-element-caption\">A data de nascimento pode influenciar o desempenho na alfabetiza\u00e7\u00e3o infantil<\/figcaption><\/figure>\n\n\n\n<h2 class=\"wp-block-heading\">O que as pesquisas globais revelam sobre o sucesso estudantil precoce?<\/h2>\n\n\n\n<p>Institui\u00e7\u00f5es de renome mundial analisam continuamente como a data de nascimento afeta o futuro profissional e acad\u00eamico de milh\u00f5es de estudantes. Dados estat\u00edsticos comprovam que o efeito da idade relativa \u00e9 um fator decisivo na distribui\u00e7\u00e3o de notas e na sele\u00e7\u00e3o para programas de excel\u00eancia. Compreender essas vari\u00e1veis permite que governos e escolas criem pol\u00edticas de inclus\u00e3o mais <strong>justas e equilibradas<\/strong>.<\/p>\n\n\n\n<p>O <strong>Institute for Fiscal Studies<\/strong> detalha como o m\u00eas de nascimento impacta o desenvolvimento cognitivo e as chances de ingresso no ensino superior. Analisar esses relat\u00f3rios t\u00e9cnicos oferece a base necess\u00e1ria para planejar o suporte pedag\u00f3gico ideal para cada perfil de aluno. Acesse o estudo do <a href=\"https:\/\/ifs.org.uk\/publications\/when-you-are-born-matters-impact-date-birth-educational-outcomes-england\" target=\"_blank\" rel=\"noreferrer noopener\">Institute for Fiscal Studies<\/a> para entender como o calend\u00e1rio letivo molda a trajet\u00f3ria de vida das crian\u00e7as.<\/p>\n","protected":false},"excerpt":{"rendered":"<p>O desenvolvimento cognitivo infantil est\u00e1 profundamente ligado \u00e0 maturidade biol\u00f3gica e ao momento exato em que a alfabetiza\u00e7\u00e3o come\u00e7a formalmente. Estudos educacionais sugerem que o m\u00eas de nascimento influencia diretamente o desempenho escolar nas s\u00e9ries iniciais do ensino fundamental. Compreender essa din\u00e2mica ajuda pais e educadores a oferecerem o suporte necess\u00e1rio para cada fase. Por [&hellip;]<\/p>\n","protected":false},"author":21,"featured_media":207102,"comment_status":"open","ping_status":"open","sticky":false,"template":"","format":"standard","meta":{"_yoast_wpseo_focuskw":"M\u00eas de nascimento e desempenho na alfabetiza\u00e7\u00e3o infantil","_yoast_wpseo_title":"","_yoast_wpseo_metadesc":"O m\u00eas de nascimento pode influenciar o aprendizado da leitura nos primeiros anos escolares. Estudos revelam um padr\u00e3o curioso.","jnews-multi-image_gallery":[],"jnews_single_post":{"format":"standard"},"jnews_primary_category":[],"jnews_social_meta":[],"jnews_override_counter":[],"footnotes":""},"categories":[112],"tags":[4377,14358,2523,13559],"class_list":["post-207098","post","type-post","status-publish","format-standard","has-post-thumbnail","hentry","category-curiosidades","tag-criancas","tag-habilidades","tag-leitura","tag-mes-de-nascimento-2"],"yoast_head":"<!-- This site is optimized with the Yoast SEO plugin v24.6 - https:\/\/yoast.com\/wordpress\/plugins\/seo\/ -->\n<title>Crian\u00e7as com maior habilidade de leitura costumam nascer nesses 4 meses - Correio Braziliense - Radar<\/title>\n<meta name=\"description\" content=\"O m\u00eas de nascimento pode influenciar o aprendizado da leitura nos primeiros anos escolares. Estudos revelam um padr\u00e3o curioso.\" \/>\n<meta name=\"robots\" content=\"index, follow, max-snippet:-1, max-image-preview:large, max-video-preview:-1\" \/>\n<link rel=\"canonical\" href=\"https:\/\/www.correiobraziliense.com.br\/cbradar\/criancas-com-maior-habilidade-de-leitura-costumam-nascer-nesses-4-meses\/\" \/>\n<meta property=\"og:locale\" content=\"pt_BR\" \/>\n<meta property=\"og:type\" content=\"article\" \/>\n<meta property=\"og:title\" content=\"Crian\u00e7as com maior habilidade de leitura costumam nascer nesses 4 meses - Correio Braziliense - Radar\" \/>\n<meta property=\"og:description\" content=\"O m\u00eas de nascimento pode influenciar o aprendizado da leitura nos primeiros anos escolares. Estudos revelam um padr\u00e3o curioso.\" \/>\n<meta property=\"og:url\" content=\"https:\/\/www.correiobraziliense.com.br\/cbradar\/criancas-com-maior-habilidade-de-leitura-costumam-nascer-nesses-4-meses\/\" \/>\n<meta property=\"og:site_name\" content=\"Correio Braziliense - Radar\" \/>\n<meta property=\"article:published_time\" content=\"2026-03-12T00:30:05+00:00\" \/>\n<meta property=\"article:modified_time\" content=\"2026-03-12T00:30:08+00:00\" \/>\n<meta property=\"og:image\" content=\"https:\/\/www.correiobraziliense.com.br\/cbradar\/wp-content\/uploads\/2026\/03\/Gemini_Generated_Image_d09i15d09i15d09i-1-1.png\" \/>\n\t<meta property=\"og:image:width\" content=\"1280\" \/>\n\t<meta property=\"og:image:height\" content=\"720\" \/>\n\t<meta property=\"og:image:type\" content=\"image\/png\" \/>\n<meta name=\"author\" content=\"Patrick Silva\" \/>\n<meta name=\"twitter:card\" content=\"summary_large_image\" \/>\n<meta name=\"twitter:label1\" content=\"Escrito por\" \/>\n\t<meta name=\"twitter:data1\" content=\"Patrick Silva\" \/>\n\t<meta name=\"twitter:label2\" content=\"Est. tempo de leitura\" \/>\n\t<meta name=\"twitter:data2\" content=\"5 minutos\" \/>\n<!-- \/ Yoast SEO plugin. -->","yoast_head_json":{"title":"Crian\u00e7as com maior habilidade de leitura costumam nascer nesses 4 meses - Correio Braziliense - Radar","description":"O m\u00eas de nascimento pode influenciar o aprendizado da leitura nos primeiros anos escolares. Estudos revelam um padr\u00e3o curioso.","robots":{"index":"index","follow":"follow","max-snippet":"max-snippet:-1","max-image-preview":"max-image-preview:large","max-video-preview":"max-video-preview:-1"},"canonical":"https:\/\/www.correiobraziliense.com.br\/cbradar\/criancas-com-maior-habilidade-de-leitura-costumam-nascer-nesses-4-meses\/","og_locale":"pt_BR","og_type":"article","og_title":"Crian\u00e7as com maior habilidade de leitura costumam nascer nesses 4 meses - Correio Braziliense - Radar","og_description":"O m\u00eas de nascimento pode influenciar o aprendizado da leitura nos primeiros anos escolares. Estudos revelam um padr\u00e3o curioso.","og_url":"https:\/\/www.correiobraziliense.com.br\/cbradar\/criancas-com-maior-habilidade-de-leitura-costumam-nascer-nesses-4-meses\/","og_site_name":"Correio Braziliense - Radar","article_published_time":"2026-03-12T00:30:05+00:00","article_modified_time":"2026-03-12T00:30:08+00:00","og_image":[{"width":1280,"height":720,"url":"https:\/\/www.correiobraziliense.com.br\/cbradar\/wp-content\/uploads\/2026\/03\/Gemini_Generated_Image_d09i15d09i15d09i-1-1.png","type":"image\/png"}],"author":"Patrick Silva","twitter_card":"summary_large_image","twitter_misc":{"Escrito por":"Patrick Silva","Est. tempo de leitura":"5 minutos"},"schema":{"@context":"https:\/\/schema.org","@graph":[{"@type":"WebPage","@id":"https:\/\/www.correiobraziliense.com.br\/cbradar\/criancas-com-maior-habilidade-de-leitura-costumam-nascer-nesses-4-meses\/","url":"https:\/\/www.correiobraziliense.com.br\/cbradar\/criancas-com-maior-habilidade-de-leitura-costumam-nascer-nesses-4-meses\/","name":"Crian\u00e7as com maior habilidade de leitura costumam nascer nesses 4 meses - Correio Braziliense - Radar","isPartOf":{"@id":"https:\/\/www.correiobraziliense.com.br\/cbradar\/#website"},"primaryImageOfPage":{"@id":"https:\/\/www.correiobraziliense.com.br\/cbradar\/criancas-com-maior-habilidade-de-leitura-costumam-nascer-nesses-4-meses\/#primaryimage"},"image":{"@id":"https:\/\/www.correiobraziliense.com.br\/cbradar\/criancas-com-maior-habilidade-de-leitura-costumam-nascer-nesses-4-meses\/#primaryimage"},"thumbnailUrl":"https:\/\/www.correiobraziliense.com.br\/cbradar\/wp-content\/uploads\/2026\/03\/Gemini_Generated_Image_d09i15d09i15d09i-1-1.png","datePublished":"2026-03-12T00:30:05+00:00","dateModified":"2026-03-12T00:30:08+00:00","author":{"@id":"https:\/\/www.correiobraziliense.com.br\/cbradar\/#\/schema\/person\/5440b72be9c7eb74f446c846479dc4da"},"description":"O m\u00eas de nascimento pode influenciar o aprendizado da leitura nos primeiros anos escolares. Estudos revelam um padr\u00e3o curioso.","breadcrumb":{"@id":"https:\/\/www.correiobraziliense.com.br\/cbradar\/criancas-com-maior-habilidade-de-leitura-costumam-nascer-nesses-4-meses\/#breadcrumb"},"inLanguage":"pt-BR","potentialAction":[{"@type":"ReadAction","target":["https:\/\/www.correiobraziliense.com.br\/cbradar\/criancas-com-maior-habilidade-de-leitura-costumam-nascer-nesses-4-meses\/"]}]},{"@type":"ImageObject","inLanguage":"pt-BR","@id":"https:\/\/www.correiobraziliense.com.br\/cbradar\/criancas-com-maior-habilidade-de-leitura-costumam-nascer-nesses-4-meses\/#primaryimage","url":"https:\/\/www.correiobraziliense.com.br\/cbradar\/wp-content\/uploads\/2026\/03\/Gemini_Generated_Image_d09i15d09i15d09i-1-1.png","contentUrl":"https:\/\/www.correiobraziliense.com.br\/cbradar\/wp-content\/uploads\/2026\/03\/Gemini_Generated_Image_d09i15d09i15d09i-1-1.png","width":1280,"height":720,"caption":"A data de nascimento pode influenciar o desempenho na alfabetiza\u00e7\u00e3o infantil"},{"@type":"BreadcrumbList","@id":"https:\/\/www.correiobraziliense.com.br\/cbradar\/criancas-com-maior-habilidade-de-leitura-costumam-nascer-nesses-4-meses\/#breadcrumb","itemListElement":[{"@type":"ListItem","position":1,"name":"In\u00edcio","item":"https:\/\/www.correiobraziliense.com.br\/cbradar\/"},{"@type":"ListItem","position":2,"name":"Crian\u00e7as com maior habilidade de leitura costumam nascer nesses 4 meses"}]},{"@type":"WebSite","@id":"https:\/\/www.correiobraziliense.com.br\/cbradar\/#website","url":"https:\/\/www.correiobraziliense.com.br\/cbradar\/","name":"Correio Braziliense - Radar","description":"Acompanhe as \u00faltimas not\u00edcias e fique bem informado sobre tudo o que acontece no Brasil e no mundo.","potentialAction":[{"@type":"SearchAction","target":{"@type":"EntryPoint","urlTemplate":"https:\/\/www.correiobraziliense.com.br\/cbradar\/?s={search_term_string}"},"query-input":{"@type":"PropertyValueSpecification","valueRequired":true,"valueName":"search_term_string"}}],"inLanguage":"pt-BR"},{"@type":"Person","@id":"https:\/\/www.correiobraziliense.com.br\/cbradar\/#\/schema\/person\/5440b72be9c7eb74f446c846479dc4da","name":"Patrick Silva","image":{"@type":"ImageObject","inLanguage":"pt-BR","@id":"https:\/\/www.correiobraziliense.com.br\/cbradar\/#\/schema\/person\/image\/","url":"https:\/\/secure.gravatar.com\/avatar\/944109df296fc087785c9715fd5f80b2?s=96&d=mm&r=g","contentUrl":"https:\/\/secure.gravatar.com\/avatar\/944109df296fc087785c9715fd5f80b2?s=96&d=mm&r=g","caption":"Patrick Silva"},"sameAs":["https:\/\/www.correiobraziliense.com.br\/cbradar\/"],"url":"https:\/\/www.correiobraziliense.com.br\/cbradar\/author\/patrick-silva\/"}]}},"_links":{"self":[{"href":"https:\/\/www.correiobraziliense.com.br\/cbradar\/wp-json\/wp\/v2\/posts\/207098","targetHints":{"allow":["GET"]}}],"collection":[{"href":"https:\/\/www.correiobraziliense.com.br\/cbradar\/wp-json\/wp\/v2\/posts"}],"about":[{"href":"https:\/\/www.correiobraziliense.com.br\/cbradar\/wp-json\/wp\/v2\/types\/post"}],"author":[{"embeddable":true,"href":"https:\/\/www.correiobraziliense.com.br\/cbradar\/wp-json\/wp\/v2\/users\/21"}],"replies":[{"embeddable":true,"href":"https:\/\/www.correiobraziliense.com.br\/cbradar\/wp-json\/wp\/v2\/comments?post=207098"}],"version-history":[{"count":7,"href":"https:\/\/www.correiobraziliense.com.br\/cbradar\/wp-json\/wp\/v2\/posts\/207098\/revisions"}],"predecessor-version":[{"id":207120,"href":"https:\/\/www.correiobraziliense.com.br\/cbradar\/wp-json\/wp\/v2\/posts\/207098\/revisions\/207120"}],"wp:featuredmedia":[{"embeddable":true,"href":"https:\/\/www.correiobraziliense.com.br\/cbradar\/wp-json\/wp\/v2\/media\/207102"}],"wp:attachment":[{"href":"https:\/\/www.correiobraziliense.com.br\/cbradar\/wp-json\/wp\/v2\/media?parent=207098"}],"wp:term":[{"taxonomy":"category","embeddable":true,"href":"https:\/\/www.correiobraziliense.com.br\/cbradar\/wp-json\/wp\/v2\/categories?post=207098"},{"taxonomy":"post_tag","embeddable":true,"href":"https:\/\/www.correiobraziliense.com.br\/cbradar\/wp-json\/wp\/v2\/tags?post=207098"}],"curies":[{"name":"wp","href":"https:\/\/api.w.org\/{rel}","templated":true}]}}