{"id":207100,"date":"2026-03-14T20:55:00","date_gmt":"2026-03-14T23:55:00","guid":{"rendered":"https:\/\/www.correiobraziliense.com.br\/cbradar\/?p=207100"},"modified":"2026-03-13T11:41:30","modified_gmt":"2026-03-13T14:41:30","slug":"coloque-casca-de-banana-no-vaso-da-lingua-da-sogra-para-que-serve-e-por-que-jardineiros-recomendam","status":"publish","type":"post","link":"https:\/\/www.correiobraziliense.com.br\/cbradar\/coloque-casca-de-banana-no-vaso-da-lingua-da-sogra-para-que-serve-e-por-que-jardineiros-recomendam\/","title":{"rendered":"Coloque casca de banana no vaso da l\u00edngua da sogra: para que serve e por que jardineiros recomendam"},"content":{"rendered":"\n<p>Ao colocar <strong>casca de banana no vaso<\/strong> da sua l\u00edngua de sogra, voc\u00ea oferece nutrientes essenciais para o desenvolvimento saud\u00e1vel e cont\u00ednuo das ra\u00edzes. Esse fertilizante natural acelera o crescimento da folhagem espessa e dispensa o uso de produtos qu\u00edmicos agressivos dentro da sua casa ou apartamento.<\/p>\n\n\n\n<h2 class=\"wp-block-heading\">Por que a l\u00edngua de sogra precisa de aduba\u00e7\u00e3o org\u00e2nica?<\/h2>\n\n\n\n<p>Embora seja uma esp\u00e9cie incrivelmente resistente e famosa por sua facilidade de cultivo, a planta consome os minerais da terra paulatinamente. Quando o substrato fica completamente pobre, as folhas pontiagudas perdem o brilho caracter\u00edstico e o ritmo natural de brota\u00e7\u00e3o de novas mudas diminui bastante.<\/p>\n\n\n\n<p>O uso sistem\u00e1tico de res\u00edduos alimentares devolve a vitalidade ao solo sem alterar drasticamente o delicado n\u00edvel de acidez da terra. A esp\u00e9cie <a href=\"https:\/\/pt.wikipedia.org\/wiki\/Sansevieria\" target=\"_blank\" rel=\"noreferrer noopener\"><strong>Sansevieria<\/strong><\/a> responde de forma extremamente positiva a essa reposi\u00e7\u00e3o org\u00e2nica suave, enraizando com muito mais for\u00e7a em vasos estreitos.<\/p>\n\n\n<div class=\"wp-block-image\">\n<figure class=\"aligncenter size-full\"><img decoding=\"async\" width=\"1280\" height=\"720\" src=\"https:\/\/www.correiobraziliense.com.br\/cbradar\/wp-content\/uploads\/2026\/03\/imagem_2026-03-11_175420865.png\" alt=\"M\u00e3o colocando cascas de banana na terra de uma L\u00edngua de Sogra vibrante.\" class=\"wp-image-207105\" srcset=\"https:\/\/www.correiobraziliense.com.br\/cbradar\/wp-content\/uploads\/2026\/03\/imagem_2026-03-11_175420865.png 1280w, https:\/\/www.correiobraziliense.com.br\/cbradar\/wp-content\/uploads\/2026\/03\/imagem_2026-03-11_175420865-300x169.png 300w, https:\/\/www.correiobraziliense.com.br\/cbradar\/wp-content\/uploads\/2026\/03\/imagem_2026-03-11_175420865-768x432.png 768w, https:\/\/www.correiobraziliense.com.br\/cbradar\/wp-content\/uploads\/2026\/03\/imagem_2026-03-11_175420865-750x422.png 750w, https:\/\/www.correiobraziliense.com.br\/cbradar\/wp-content\/uploads\/2026\/03\/imagem_2026-03-11_175420865-1140x641.png 1140w\" sizes=\"(max-width: 1280px) 100vw, 1280px\" \/><figcaption class=\"wp-element-caption\">M\u00e3o colocando cascas de banana na terra de uma L\u00edngua de Sogra vibrante.<\/figcaption><\/figure><\/div>\n\n\n<h2 class=\"wp-block-heading\">Quais nutrientes a casca da fruta oferece para o substrato?<\/h2>\n\n\n\n<p>Esse resto alimentar \u00e9 uma das fontes naturais mais ricas em pot\u00e1ssio dispon\u00edveis na sua rotina dom\u00e9stica de jardinagem. O mineral atua diretamente no fortalecimento da estrutura celular da planta, garantindo que as hastes alongadas cres\u00e7am firmes e suportem o pr\u00f3prio peso sem dobrar ou quebrar.<\/p>\n\n\n\n<p>Al\u00e9m da alta concentra\u00e7\u00e3o de pot\u00e1ssio, o material fornece magn\u00e9sio e f\u00f3sforo em menores quantidades vitais. Esses dois elementos org\u00e2nicos trabalham em conjunto para estimular a ramifica\u00e7\u00e3o do sistema radicular e aumentar a resist\u00eancia da folhagem contra o ataque de insetos comuns em ambientes fechados.<\/p>\n\n\n\n<h2 class=\"wp-block-heading\">Como preparar o fertilizante natural corretamente para o uso?<\/h2>\n\n\n\n<p>Jogar o res\u00edduo inteiro diretamente sobre a terra \u00famida atrai insetos indesejados e causa mau cheiro no seu ambiente interno. O ideal \u00e9 processar o material de forma adequada para acelerar a fase de decomposi\u00e7\u00e3o e facilitar a r\u00e1pida absor\u00e7\u00e3o pelos micro-organismos ben\u00e9ficos.<\/p>\n\n\n\n<p>A fragmenta\u00e7\u00e3o correta de res\u00edduos org\u00e2nicos acelera a disponibilidade de macronutrientes na terra agr\u00edcola. Voc\u00ea pode secar os peda\u00e7os no sol quente e triturar no liquidificador at\u00e9 obter uma farinha nutritiva bem fina, extremamente f\u00e1cil de polvilhar.<\/p>\n\n\n<div class=\"wp-block-image\">\n<figure class=\"aligncenter size-full\"><img decoding=\"async\" width=\"1280\" height=\"720\" src=\"https:\/\/www.correiobraziliense.com.br\/cbradar\/wp-content\/uploads\/2026\/03\/imagem_2026-03-11_175428560.png\" alt=\"Pessoa regando a planta com ch\u00e1 de casca de banana em casa.\" class=\"wp-image-207104\" srcset=\"https:\/\/www.correiobraziliense.com.br\/cbradar\/wp-content\/uploads\/2026\/03\/imagem_2026-03-11_175428560.png 1280w, https:\/\/www.correiobraziliense.com.br\/cbradar\/wp-content\/uploads\/2026\/03\/imagem_2026-03-11_175428560-300x169.png 300w, https:\/\/www.correiobraziliense.com.br\/cbradar\/wp-content\/uploads\/2026\/03\/imagem_2026-03-11_175428560-768x432.png 768w, https:\/\/www.correiobraziliense.com.br\/cbradar\/wp-content\/uploads\/2026\/03\/imagem_2026-03-11_175428560-750x422.png 750w, https:\/\/www.correiobraziliense.com.br\/cbradar\/wp-content\/uploads\/2026\/03\/imagem_2026-03-11_175428560-1140x641.png 1140w\" sizes=\"(max-width: 1280px) 100vw, 1280px\" \/><figcaption class=\"wp-element-caption\">Pessoa regando a planta com ch\u00e1 de casca de banana em casa.<\/figcaption><\/figure><\/div>\n\n\n<h3 class=\"wp-block-heading\">\u00c9 poss\u00edvel fazer um adubo l\u00edquido com as sobras?<\/h3>\n\n\n\n<p>O chamado ch\u00e1 fertilizante tamb\u00e9m funciona perfeitamente bem e hidrata as ra\u00edzes grossas de maneira muito mais uniforme. Para fazer essa vers\u00e3o l\u00edquida altamente concentrada, basta ferver tr\u00eas cascas picadas em <strong>1 litro<\/strong> de \u00e1gua filtrada limpa por um per\u00edodo de cerca de <strong>15 minutos<\/strong>.<\/p>\n\n\n\n<p>Ap\u00f3s aguardar o resfriamento total da panela, coe a mistura amarelada e aplique o l\u00edquido diretamente no substrato a cada <strong>30 dias<\/strong>. Essa hidrata\u00e7\u00e3o profundamente nutritiva alcan\u00e7a as pontas das ra\u00edzes em minutos e garante brotos laterais muito mais robustos, brilhantes e grossos.<\/p>\n\n\n\n<p>Leia tamb\u00e9m: <a href=\"https:\/\/www.correiobraziliense.com.br\/cbradar\/o-verdadeiro-significado-de-esconder-um-potinho-com-cristais-brancos-de-tempero-atras-da-porta\/\" target=\"_blank\" rel=\"noreferrer noopener\">O verdadeiro significado de esconder um potinho com cristais brancos de tempero atr\u00e1s da porta<\/a><\/p>\n\n\n\n<h2 class=\"wp-block-heading\">Quais s\u00e3o os erros mais comuns na hora da aplica\u00e7\u00e3o?<\/h2>\n\n\n\n<p>O excesso cont\u00ednuo de umidade combinado com peda\u00e7os muito grandes de mat\u00e9ria org\u00e2nica gera rapidamente col\u00f4nias de fungos brancos na superf\u00edcie da terra. Essa grave contamina\u00e7\u00e3o f\u00fangica apodrece a base sens\u00edvel das folhas e pode matar sua planta ornamental de forma irrevers\u00edvel se n\u00e3o for tratada.<\/p>\n\n\n\n<p>Para garantir uma nutri\u00e7\u00e3o absolutamente limpa, livre de mau cheiro e protegida contra pragas, adote protocolos seguros durante o manuseio da terra. Siga estas recomenda\u00e7\u00f5es pr\u00e1ticas di\u00e1rias:<\/p>\n\n\n\n<ul class=\"wp-block-list\">\n<li><strong>Enterre bem os peda\u00e7os:<\/strong> Misture o p\u00f3 triturado ou o material org\u00e2nico diretamente na camada m\u00e9dia do substrato do vaso.<\/li>\n\n\n\n<li><strong>Evite o caule central:<\/strong> Mantenha o adubo caseiro sempre longe da base principal de onde nascem as folhas verdes.<\/li>\n\n\n\n<li><strong>Controle rigoroso da dose:<\/strong> Aplique quantidades pequenas e espa\u00e7adas a cada <strong>40 dias<\/strong> para evitar a perigosa sobrecarga de minerais.<\/li>\n<\/ul>\n\n\n<div class=\"wp-block-image\">\n<figure class=\"aligncenter size-full\"><img decoding=\"async\" width=\"1280\" height=\"720\" src=\"https:\/\/www.correiobraziliense.com.br\/cbradar\/wp-content\/uploads\/2026\/03\/imagem_2026-03-11_175437803.png\" alt=\"Vis\u00e3o do jardineiro admirando o brilho e sa\u00fade da folha ap\u00f3s a aduba\u00e7\u00e3o.\" class=\"wp-image-207103\" srcset=\"https:\/\/www.correiobraziliense.com.br\/cbradar\/wp-content\/uploads\/2026\/03\/imagem_2026-03-11_175437803.png 1280w, https:\/\/www.correiobraziliense.com.br\/cbradar\/wp-content\/uploads\/2026\/03\/imagem_2026-03-11_175437803-300x169.png 300w, https:\/\/www.correiobraziliense.com.br\/cbradar\/wp-content\/uploads\/2026\/03\/imagem_2026-03-11_175437803-768x432.png 768w, https:\/\/www.correiobraziliense.com.br\/cbradar\/wp-content\/uploads\/2026\/03\/imagem_2026-03-11_175437803-750x422.png 750w, https:\/\/www.correiobraziliense.com.br\/cbradar\/wp-content\/uploads\/2026\/03\/imagem_2026-03-11_175437803-1140x641.png 1140w\" sizes=\"(max-width: 1280px) 100vw, 1280px\" \/><figcaption class=\"wp-element-caption\">Vis\u00e3o do jardineiro admirando o brilho e sa\u00fade da folha ap\u00f3s a aduba\u00e7\u00e3o.<\/figcaption><\/figure><\/div>\n\n\n<h2 class=\"wp-block-heading\">Quanto tempo demora para a planta mostrar resultados vis\u00edveis?<\/h2>\n\n\n\n<p>O complexo processo de absor\u00e7\u00e3o de elementos org\u00e2nicos ocorre de maneira gradativa e mais lenta do que os adubos sint\u00e9ticos tradicionais do mercado. Geralmente, as mudan\u00e7as est\u00e9ticas iniciais na pigmenta\u00e7\u00e3o das pontas das folhas come\u00e7am a aparecer claramente ap\u00f3s as primeiras <strong>tr\u00eas semanas<\/strong> de tratamento.<\/p>\n\n\n\n<p>Com uma dose extra de paci\u00eancia e aplica\u00e7\u00e3o regular bem calculada, sua folhagem ganhar\u00e1 um tom de verde escuro muito mais intenso. Manter essa rotina de cuidados b\u00e1sicos transforma completamente a vitalidade do seu arranjo interno e garante um crescimento espetacular durante o ano inteiro.<\/p>\n","protected":false},"excerpt":{"rendered":"<p>Ao colocar casca de banana no vaso da sua l\u00edngua de sogra, voc\u00ea oferece nutrientes essenciais para o desenvolvimento saud\u00e1vel e cont\u00ednuo das ra\u00edzes. Esse fertilizante natural acelera o crescimento da folhagem espessa e dispensa o uso de produtos qu\u00edmicos agressivos dentro da sua casa ou apartamento. Por que a l\u00edngua de sogra precisa de [&hellip;]<\/p>\n","protected":false},"author":11,"featured_media":208064,"comment_status":"open","ping_status":"open","sticky":false,"template":"","format":"standard","meta":{"_yoast_wpseo_focuskw":"casca de banana no vaso","_yoast_wpseo_title":"","_yoast_wpseo_metadesc":"Quer uma planta forte e com folhas vigorosas? A aplica\u00e7\u00e3o correta desse res\u00edduo org\u00e2nico transforma a sa\u00fade da sua sansevieria em poucas semanas.","jnews-multi-image_gallery":[],"jnews_single_post":{"format":"standard"},"jnews_primary_category":[],"jnews_social_meta":[],"jnews_override_counter":[],"footnotes":""},"categories":[143],"tags":[4033,329,7302,224],"class_list":["post-207100","post","type-post","status-publish","format-standard","has-post-thumbnail","hentry","category-casa-e-decoracao","tag-adubo-organico","tag-jardinagem","tag-lingua-de-sogra","tag-plantas"],"yoast_head":"<!-- This site is optimized with the Yoast SEO plugin v24.6 - https:\/\/yoast.com\/wordpress\/plugins\/seo\/ -->\n<title>Coloque casca de banana no vaso da l\u00edngua da sogra: para que serve e por que jardineiros recomendam - Correio Braziliense - Radar<\/title>\n<meta name=\"description\" content=\"Quer uma planta forte e com folhas vigorosas? A aplica\u00e7\u00e3o correta desse res\u00edduo org\u00e2nico transforma a sa\u00fade da sua sansevieria em poucas semanas.\" \/>\n<meta name=\"robots\" content=\"index, follow, max-snippet:-1, max-image-preview:large, max-video-preview:-1\" \/>\n<link rel=\"canonical\" href=\"https:\/\/www.correiobraziliense.com.br\/cbradar\/coloque-casca-de-banana-no-vaso-da-lingua-da-sogra-para-que-serve-e-por-que-jardineiros-recomendam\/\" \/>\n<meta property=\"og:locale\" content=\"pt_BR\" \/>\n<meta property=\"og:type\" content=\"article\" \/>\n<meta property=\"og:title\" content=\"Coloque casca de banana no vaso da l\u00edngua da sogra: para que serve e por que jardineiros recomendam - Correio Braziliense - Radar\" \/>\n<meta property=\"og:description\" content=\"Quer uma planta forte e com folhas vigorosas? A aplica\u00e7\u00e3o correta desse res\u00edduo org\u00e2nico transforma a sa\u00fade da sua sansevieria em poucas semanas.\" \/>\n<meta property=\"og:url\" content=\"https:\/\/www.correiobraziliense.com.br\/cbradar\/coloque-casca-de-banana-no-vaso-da-lingua-da-sogra-para-que-serve-e-por-que-jardineiros-recomendam\/\" \/>\n<meta property=\"og:site_name\" content=\"Correio Braziliense - Radar\" \/>\n<meta property=\"article:published_time\" content=\"2026-03-14T23:55:00+00:00\" \/>\n<meta property=\"og:image\" content=\"https:\/\/www.correiobraziliense.com.br\/cbradar\/wp-content\/uploads\/2026\/03\/freepik__vaso-com-planta-lngua-de-sogra-saudvel-e-alta-sobr__56472.jpeg\" \/>\n\t<meta property=\"og:image:width\" content=\"1280\" \/>\n\t<meta property=\"og:image:height\" content=\"720\" \/>\n\t<meta property=\"og:image:type\" content=\"image\/jpeg\" \/>\n<meta name=\"author\" content=\"Paulo Custodio\" \/>\n<meta name=\"twitter:card\" content=\"summary_large_image\" \/>\n<meta name=\"twitter:label1\" content=\"Escrito por\" \/>\n\t<meta name=\"twitter:data1\" content=\"Paulo Custodio\" \/>\n\t<meta name=\"twitter:label2\" content=\"Est. tempo de leitura\" \/>\n\t<meta name=\"twitter:data2\" content=\"5 minutos\" \/>\n<!-- \/ Yoast SEO plugin. -->","yoast_head_json":{"title":"Coloque casca de banana no vaso da l\u00edngua da sogra: para que serve e por que jardineiros recomendam - Correio Braziliense - Radar","description":"Quer uma planta forte e com folhas vigorosas? A aplica\u00e7\u00e3o correta desse res\u00edduo org\u00e2nico transforma a sa\u00fade da sua sansevieria em poucas semanas.","robots":{"index":"index","follow":"follow","max-snippet":"max-snippet:-1","max-image-preview":"max-image-preview:large","max-video-preview":"max-video-preview:-1"},"canonical":"https:\/\/www.correiobraziliense.com.br\/cbradar\/coloque-casca-de-banana-no-vaso-da-lingua-da-sogra-para-que-serve-e-por-que-jardineiros-recomendam\/","og_locale":"pt_BR","og_type":"article","og_title":"Coloque casca de banana no vaso da l\u00edngua da sogra: para que serve e por que jardineiros recomendam - Correio Braziliense - Radar","og_description":"Quer uma planta forte e com folhas vigorosas? A aplica\u00e7\u00e3o correta desse res\u00edduo org\u00e2nico transforma a sa\u00fade da sua sansevieria em poucas semanas.","og_url":"https:\/\/www.correiobraziliense.com.br\/cbradar\/coloque-casca-de-banana-no-vaso-da-lingua-da-sogra-para-que-serve-e-por-que-jardineiros-recomendam\/","og_site_name":"Correio Braziliense - Radar","article_published_time":"2026-03-14T23:55:00+00:00","og_image":[{"width":1280,"height":720,"url":"https:\/\/www.correiobraziliense.com.br\/cbradar\/wp-content\/uploads\/2026\/03\/freepik__vaso-com-planta-lngua-de-sogra-saudvel-e-alta-sobr__56472.jpeg","type":"image\/jpeg"}],"author":"Paulo Custodio","twitter_card":"summary_large_image","twitter_misc":{"Escrito por":"Paulo Custodio","Est. tempo de leitura":"5 minutos"},"schema":{"@context":"https:\/\/schema.org","@graph":[{"@type":"WebPage","@id":"https:\/\/www.correiobraziliense.com.br\/cbradar\/coloque-casca-de-banana-no-vaso-da-lingua-da-sogra-para-que-serve-e-por-que-jardineiros-recomendam\/","url":"https:\/\/www.correiobraziliense.com.br\/cbradar\/coloque-casca-de-banana-no-vaso-da-lingua-da-sogra-para-que-serve-e-por-que-jardineiros-recomendam\/","name":"Coloque casca de banana no vaso da l\u00edngua da sogra: para que serve e por que jardineiros recomendam - Correio Braziliense - Radar","isPartOf":{"@id":"https:\/\/www.correiobraziliense.com.br\/cbradar\/#website"},"primaryImageOfPage":{"@id":"https:\/\/www.correiobraziliense.com.br\/cbradar\/coloque-casca-de-banana-no-vaso-da-lingua-da-sogra-para-que-serve-e-por-que-jardineiros-recomendam\/#primaryimage"},"image":{"@id":"https:\/\/www.correiobraziliense.com.br\/cbradar\/coloque-casca-de-banana-no-vaso-da-lingua-da-sogra-para-que-serve-e-por-que-jardineiros-recomendam\/#primaryimage"},"thumbnailUrl":"https:\/\/www.correiobraziliense.com.br\/cbradar\/wp-content\/uploads\/2026\/03\/freepik__vaso-com-planta-lngua-de-sogra-saudvel-e-alta-sobr__56472.jpeg","datePublished":"2026-03-14T23:55:00+00:00","author":{"@id":"https:\/\/www.correiobraziliense.com.br\/cbradar\/#\/schema\/person\/4cec7857301a9a1a2ef249893cd908d3"},"description":"Quer uma planta forte e com folhas vigorosas? A aplica\u00e7\u00e3o correta desse res\u00edduo org\u00e2nico transforma a sa\u00fade da sua sansevieria em poucas semanas.","breadcrumb":{"@id":"https:\/\/www.correiobraziliense.com.br\/cbradar\/coloque-casca-de-banana-no-vaso-da-lingua-da-sogra-para-que-serve-e-por-que-jardineiros-recomendam\/#breadcrumb"},"inLanguage":"pt-BR","potentialAction":[{"@type":"ReadAction","target":["https:\/\/www.correiobraziliense.com.br\/cbradar\/coloque-casca-de-banana-no-vaso-da-lingua-da-sogra-para-que-serve-e-por-que-jardineiros-recomendam\/"]}]},{"@type":"ImageObject","inLanguage":"pt-BR","@id":"https:\/\/www.correiobraziliense.com.br\/cbradar\/coloque-casca-de-banana-no-vaso-da-lingua-da-sogra-para-que-serve-e-por-que-jardineiros-recomendam\/#primaryimage","url":"https:\/\/www.correiobraziliense.com.br\/cbradar\/wp-content\/uploads\/2026\/03\/freepik__vaso-com-planta-lngua-de-sogra-saudvel-e-alta-sobr__56472.jpeg","contentUrl":"https:\/\/www.correiobraziliense.com.br\/cbradar\/wp-content\/uploads\/2026\/03\/freepik__vaso-com-planta-lngua-de-sogra-saudvel-e-alta-sobr__56472.jpeg","width":1280,"height":720,"caption":"A casca de banana \u00e9 rica em pot\u00e1ssio, nutriente importante para o crescimento das plantas"},{"@type":"BreadcrumbList","@id":"https:\/\/www.correiobraziliense.com.br\/cbradar\/coloque-casca-de-banana-no-vaso-da-lingua-da-sogra-para-que-serve-e-por-que-jardineiros-recomendam\/#breadcrumb","itemListElement":[{"@type":"ListItem","position":1,"name":"In\u00edcio","item":"https:\/\/www.correiobraziliense.com.br\/cbradar\/"},{"@type":"ListItem","position":2,"name":"Coloque casca de banana no vaso da l\u00edngua da sogra: para que serve e por que jardineiros recomendam"}]},{"@type":"WebSite","@id":"https:\/\/www.correiobraziliense.com.br\/cbradar\/#website","url":"https:\/\/www.correiobraziliense.com.br\/cbradar\/","name":"Correio Braziliense - Radar","description":"Acompanhe as \u00faltimas not\u00edcias e fique bem informado sobre tudo o que acontece no Brasil e no mundo.","potentialAction":[{"@type":"SearchAction","target":{"@type":"EntryPoint","urlTemplate":"https:\/\/www.correiobraziliense.com.br\/cbradar\/?s={search_term_string}"},"query-input":{"@type":"PropertyValueSpecification","valueRequired":true,"valueName":"search_term_string"}}],"inLanguage":"pt-BR"},{"@type":"Person","@id":"https:\/\/www.correiobraziliense.com.br\/cbradar\/#\/schema\/person\/4cec7857301a9a1a2ef249893cd908d3","name":"Paulo Custodio","image":{"@type":"ImageObject","inLanguage":"pt-BR","@id":"https:\/\/www.correiobraziliense.com.br\/cbradar\/#\/schema\/person\/image\/","url":"https:\/\/secure.gravatar.com\/avatar\/bcd67168d1534e8fcf4f45c726a87cea?s=96&d=mm&r=g","contentUrl":"https:\/\/secure.gravatar.com\/avatar\/bcd67168d1534e8fcf4f45c726a87cea?s=96&d=mm&r=g","caption":"Paulo Custodio"},"sameAs":["https:\/\/www.correiobraziliense.com.br\/cbradar"],"url":"https:\/\/www.correiobraziliense.com.br\/cbradar\/author\/paulomyth\/"}]}},"_links":{"self":[{"href":"https:\/\/www.correiobraziliense.com.br\/cbradar\/wp-json\/wp\/v2\/posts\/207100","targetHints":{"allow":["GET"]}}],"collection":[{"href":"https:\/\/www.correiobraziliense.com.br\/cbradar\/wp-json\/wp\/v2\/posts"}],"about":[{"href":"https:\/\/www.correiobraziliense.com.br\/cbradar\/wp-json\/wp\/v2\/types\/post"}],"author":[{"embeddable":true,"href":"https:\/\/www.correiobraziliense.com.br\/cbradar\/wp-json\/wp\/v2\/users\/11"}],"replies":[{"embeddable":true,"href":"https:\/\/www.correiobraziliense.com.br\/cbradar\/wp-json\/wp\/v2\/comments?post=207100"}],"version-history":[{"count":2,"href":"https:\/\/www.correiobraziliense.com.br\/cbradar\/wp-json\/wp\/v2\/posts\/207100\/revisions"}],"predecessor-version":[{"id":208147,"href":"https:\/\/www.correiobraziliense.com.br\/cbradar\/wp-json\/wp\/v2\/posts\/207100\/revisions\/208147"}],"wp:featuredmedia":[{"embeddable":true,"href":"https:\/\/www.correiobraziliense.com.br\/cbradar\/wp-json\/wp\/v2\/media\/208064"}],"wp:attachment":[{"href":"https:\/\/www.correiobraziliense.com.br\/cbradar\/wp-json\/wp\/v2\/media?parent=207100"}],"wp:term":[{"taxonomy":"category","embeddable":true,"href":"https:\/\/www.correiobraziliense.com.br\/cbradar\/wp-json\/wp\/v2\/categories?post=207100"},{"taxonomy":"post_tag","embeddable":true,"href":"https:\/\/www.correiobraziliense.com.br\/cbradar\/wp-json\/wp\/v2\/tags?post=207100"}],"curies":[{"name":"wp","href":"https:\/\/api.w.org\/{rel}","templated":true}]}}