{"id":207117,"date":"2026-03-12T17:31:03","date_gmt":"2026-03-12T20:31:03","guid":{"rendered":"https:\/\/www.correiobraziliense.com.br\/cbradar\/?p=207117"},"modified":"2026-03-12T17:31:05","modified_gmt":"2026-03-12T20:31:05","slug":"bebes-que-dormem-mais-horas-seguidas-costumam-nascer-nestes-3-meses-do-ano-revela-estudo","status":"publish","type":"post","link":"https:\/\/www.correiobraziliense.com.br\/cbradar\/bebes-que-dormem-mais-horas-seguidas-costumam-nascer-nestes-3-meses-do-ano-revela-estudo\/","title":{"rendered":"Beb\u00eas que dormem mais horas seguidas costumam nascer nestes 3 meses do ano, revela estudo"},"content":{"rendered":"\n<p>A qualidade do sono infantil \u00e9 uma preocupa\u00e7\u00e3o central para pais que buscam garantir o desenvolvimento saud\u00e1vel dos seus filhos pequenos. Estudos recentes indicam que o m\u00eas de nascimento influencia diretamente a regula\u00e7\u00e3o do ritmo circadiano nos primeiros meses de vida. Entender essa conex\u00e3o biol\u00f3gica ajuda a planejar rotinas que favore\u00e7am o <strong>descanso profundo e restaurador<\/strong>.<\/p>\n\n\n\n<h2 class=\"wp-block-heading\">Por que o ambiente uterino sazonal influencia o repouso do rec\u00e9m-nascido?<\/h2>\n\n\n\n<p>A exposi\u00e7\u00e3o \u00e0 luz solar durante a gesta\u00e7\u00e3o molda o desenvolvimento do n\u00facleo supraquiasm\u00e1tico, respons\u00e1vel por controlar o rel\u00f3gio biol\u00f3gico humano de forma permanente. Beb\u00eas que se desenvolvem em per\u00edodos com varia\u00e7\u00f5es espec\u00edficas de luminosidade tendem a produzir melatonina com maior regularidade ap\u00f3s o nascimento. Essa adapta\u00e7\u00e3o fisiol\u00f3gica precoce facilita a consolida\u00e7\u00e3o de <strong>ciclos de sono mais longos e est\u00e1veis<\/strong>.<\/p>\n\n\n\n<p>O equil\u00edbrio hormonal estabelecido ainda no \u00fatero define como o c\u00e9rebro do beb\u00ea processar\u00e1 os sinais de claro e escuro no ambiente externo. Quando a m\u00e3e recebe quantidades adequadas de vitamina D, o sistema nervoso do feto amadurece de maneira mais resiliente contra dist\u00farbios noturnos. \u00c9 um processo biol\u00f3gico fascinante que garante que o pequeno consiga <strong>dormir por mais horas seguidas<\/strong> naturalmente.<\/p>\n\n\n\n<figure class=\"wp-block-image size-full\"><img decoding=\"async\" width=\"1280\" height=\"720\" src=\"https:\/\/www.correiobraziliense.com.br\/cbradar\/wp-content\/uploads\/2026\/03\/Gemini_Generated_Image_z1zadsz1zadsz1za-1-1.png\" alt=\"Beb\u00eas que dormem mais horas seguidas costumam nascer nestes 3 meses do ano, revela estudo\" class=\"wp-image-207123\" srcset=\"https:\/\/www.correiobraziliense.com.br\/cbradar\/wp-content\/uploads\/2026\/03\/Gemini_Generated_Image_z1zadsz1zadsz1za-1-1.png 1280w, https:\/\/www.correiobraziliense.com.br\/cbradar\/wp-content\/uploads\/2026\/03\/Gemini_Generated_Image_z1zadsz1zadsz1za-1-1-300x169.png 300w, https:\/\/www.correiobraziliense.com.br\/cbradar\/wp-content\/uploads\/2026\/03\/Gemini_Generated_Image_z1zadsz1zadsz1za-1-1-768x432.png 768w, https:\/\/www.correiobraziliense.com.br\/cbradar\/wp-content\/uploads\/2026\/03\/Gemini_Generated_Image_z1zadsz1zadsz1za-1-1-750x422.png 750w, https:\/\/www.correiobraziliense.com.br\/cbradar\/wp-content\/uploads\/2026\/03\/Gemini_Generated_Image_z1zadsz1zadsz1za-1-1-1140x641.png 1140w\" sizes=\"(max-width: 1280px) 100vw, 1280px\" \/><figcaption class=\"wp-element-caption\">Estudos sugerem que beb\u00eas nascidos em certos meses podem dormir melhor<\/figcaption><\/figure>\n\n\n\n<h2 class=\"wp-block-heading\">Como a temperatura do nascimento afeta a dura\u00e7\u00e3o das sonecas noturnas?<\/h2>\n\n\n\n<p><strong><a href=\"https:\/\/www.correiobraziliense.com.br\/cbradar\/tendencias-de-nomes-de-bebes-para-2026-apos-o-sucesso-das-series-medievais-de-fantasia\/\" target=\"_blank\" rel=\"noreferrer noopener\">Beb\u00eas <\/a><\/strong>nascidos em meses mais frios encontram um ambiente externo que favorece a manuten\u00e7\u00e3o de uma temperatura corporal ideal para o repouso profundo. O resfriamento natural do corpo \u00e9 um sinal biol\u00f3gico essencial para que o c\u00e9rebro inicie o processo de desligamento das fun\u00e7\u00f5es motoras. Essa harmonia t\u00e9rmica permite que o rec\u00e9m-nascido atinja o <strong>est\u00e1gio de sono REM<\/strong> com mais facilidade.<\/p>\n\n\n\n<p>Al\u00e9m do conforto t\u00e9rmico, a menor incid\u00eancia de ru\u00eddos urbanos em determinadas \u00e9pocas do ano contribui para um ambiente dom\u00e9stico mais tranquilo e silencioso. O sistema sensorial do beb\u00ea, ainda em forma\u00e7\u00e3o, reage positivamente \u00e0 calma dos meses de outono e inverno, evitando despertares s\u00fabitos desnecess\u00e1rios. Escolher h\u00e1bitos de higiene do sono adequados potencializa esses benef\u00edcios naturais e garante <strong>noites verdadeiramente revigorantes<\/strong> para todos.<\/p>\n\n\n\n<h2 class=\"wp-block-heading\">Quais per\u00edodos do ano concentram os beb\u00eas que dormem com mais facilidade?<\/h2>\n\n\n\n<p>Estudos de cronobiologia sugerem que crian\u00e7as nascidas em meses com dias mais curtos apresentam uma transi\u00e7\u00e3o mais suave para o padr\u00e3o de sono adulto. Essa vantagem cronobiol\u00f3gica reduz a incid\u00eancia de c\u00f3licas noturnas e irritabilidade excessiva durante a madrugada, facilitando a rotina dos cuidadores. Adote estrat\u00e9gias que reforcem essa inclina\u00e7\u00e3o natural para obter um <strong>resultado familiar muito mais harmonioso<\/strong>.<\/p>\n\n\n\n<p>Observe estes per\u00edodos espec\u00edficos que costumam apresentar os melhores \u00edndices de descanso ininterrupto entre os pequenos:<\/p>\n\n\n\n<figure class=\"wp-block-image size-large\"><img decoding=\"async\" width=\"698\" height=\"720\" src=\"https:\/\/www.correiobraziliense.com.br\/cbradar\/wp-content\/uploads\/2026\/03\/convertido-28-698x720.jpg\" alt=\"\" class=\"wp-image-207130\" srcset=\"https:\/\/www.correiobraziliense.com.br\/cbradar\/wp-content\/uploads\/2026\/03\/convertido-28-698x720.jpg 698w, https:\/\/www.correiobraziliense.com.br\/cbradar\/wp-content\/uploads\/2026\/03\/convertido-28-291x300.jpg 291w, https:\/\/www.correiobraziliense.com.br\/cbradar\/wp-content\/uploads\/2026\/03\/convertido-28-768x792.jpg 768w, https:\/\/www.correiobraziliense.com.br\/cbradar\/wp-content\/uploads\/2026\/03\/convertido-28-750x773.jpg 750w, https:\/\/www.correiobraziliense.com.br\/cbradar\/wp-content\/uploads\/2026\/03\/convertido-28-1140x1176.jpg 1140w, https:\/\/www.correiobraziliense.com.br\/cbradar\/wp-content\/uploads\/2026\/03\/convertido-28.jpg 1280w\" sizes=\"(max-width: 698px) 100vw, 698px\" \/><\/figure>\n\n\n\n<h2 class=\"wp-block-heading\">Existe rela\u00e7\u00e3o entre a nutri\u00e7\u00e3o materna e o sono do beb\u00ea?<\/h2>\n\n\n\n<p>A ingest\u00e3o de nutrientes ricos em triptofano pela gestante influencia diretamente a produ\u00e7\u00e3o de serotonina, que \u00e9 a base para a melatonina futura. Meses que oferecem maior disponibilidade de alimentos frescos e sazonais contribuem para uma forma\u00e7\u00e3o neurol\u00f3gica mais robusta e equilibrada no feto. O suporte nutricional adequado \u00e9 o primeiro passo para garantir que o beb\u00ea tenha <strong>vitalidade e sa\u00fade plena<\/strong>.<\/p>\n\n\n\n<p>A qualidade do leite materno tamb\u00e9m sofre influ\u00eancias sazonais, alterando a composi\u00e7\u00e3o de \u00e1cidos graxos que auxiliam no relaxamento muscular do lactente. Quando a dieta da m\u00e3e \u00e9 pautada pelo equil\u00edbrio mineral, o beb\u00ea recebe todos os componentes necess\u00e1rios para um crescimento saud\u00e1vel e tranquilo. Priorizar a alimenta\u00e7\u00e3o consciente durante a gravidez reflete na capacidade do pequeno de <strong>repousar com total seguran\u00e7a<\/strong> e calma.<\/p>\n\n\n\n<figure class=\"wp-block-image size-full\"><img decoding=\"async\" width=\"1280\" height=\"720\" src=\"https:\/\/www.correiobraziliense.com.br\/cbradar\/wp-content\/uploads\/2026\/03\/Gemini_Generated_Image_ilt4btilt4btilt4-1-1.png\" alt=\"Beb\u00eas que dormem mais horas seguidas costumam nascer nestes 3 meses do ano, revela estudo\" class=\"wp-image-207125\" srcset=\"https:\/\/www.correiobraziliense.com.br\/cbradar\/wp-content\/uploads\/2026\/03\/Gemini_Generated_Image_ilt4btilt4btilt4-1-1.png 1280w, https:\/\/www.correiobraziliense.com.br\/cbradar\/wp-content\/uploads\/2026\/03\/Gemini_Generated_Image_ilt4btilt4btilt4-1-1-300x169.png 300w, https:\/\/www.correiobraziliense.com.br\/cbradar\/wp-content\/uploads\/2026\/03\/Gemini_Generated_Image_ilt4btilt4btilt4-1-1-768x432.png 768w, https:\/\/www.correiobraziliense.com.br\/cbradar\/wp-content\/uploads\/2026\/03\/Gemini_Generated_Image_ilt4btilt4btilt4-1-1-750x422.png 750w, https:\/\/www.correiobraziliense.com.br\/cbradar\/wp-content\/uploads\/2026\/03\/Gemini_Generated_Image_ilt4btilt4btilt4-1-1-1140x641.png 1140w\" sizes=\"(max-width: 1280px) 100vw, 1280px\" \/><figcaption class=\"wp-element-caption\">Estudos sugerem que beb\u00eas nascidos em certos meses podem dormir melhor<\/figcaption><\/figure>\n\n\n\n<h2 class=\"wp-block-heading\">O que as autoridades de sa\u00fade recomendam para um sono infantil seguro?<\/h2>\n\n\n\n<p>Manter o ambiente de repouso livre de distra\u00e7\u00f5es eletr\u00f4nicas e com ilumina\u00e7\u00e3o reduzida \u00e9 fundamental para sincronizar o rel\u00f3gio biol\u00f3gico da crian\u00e7a pequena. A <strong>Organiza\u00e7\u00e3o Mundial da Sa\u00fade<\/strong> refor\u00e7a que o descanso adequado \u00e9 vital para a consolida\u00e7\u00e3o da mem\u00f3ria e do desenvolvimento motor. Seguir protocolos cient\u00edficos garante que o seu filho cres\u00e7a em um ambiente que prioriza o <strong>bem-estar integral e duradouro<\/strong>.<\/p>\n\n\n\n<p>A implementa\u00e7\u00e3o de rotinas consistentes ajuda o organismo do beb\u00ea a prever o momento do descanso, reduzindo os n\u00edveis de cortisol no sangue. Consultar as diretrizes oficiais sobre o tempo de sono recomendado para cada faixa et\u00e1ria permite ajustes precisos na din\u00e2mica familiar di\u00e1ria. Acesse os dados da <a href=\"https:\/\/www.who.int\/publications\/i\/item\/9789241550536\" target=\"_blank\" rel=\"noreferrer noopener\">Organiza\u00e7\u00e3o Mundial da Sa\u00fade<\/a> para garantir que o seu pequeno receba o suporte necess\u00e1rio para uma <strong>vida ativa e muito saud\u00e1vel<\/strong>.<\/p>\n","protected":false},"excerpt":{"rendered":"<p>A qualidade do sono infantil \u00e9 uma preocupa\u00e7\u00e3o central para pais que buscam garantir o desenvolvimento saud\u00e1vel dos seus filhos pequenos. Estudos recentes indicam que o m\u00eas de nascimento influencia diretamente a regula\u00e7\u00e3o do ritmo circadiano nos primeiros meses de vida. Entender essa conex\u00e3o biol\u00f3gica ajuda a planejar rotinas que favore\u00e7am o descanso profundo e [&hellip;]<\/p>\n","protected":false},"author":21,"featured_media":207128,"comment_status":"open","ping_status":"open","sticky":false,"template":"","format":"standard","meta":{"_yoast_wpseo_focuskw":"M\u00eas de nascimento influencia sono de beb\u00eas","_yoast_wpseo_title":"","_yoast_wpseo_metadesc":"O m\u00eas de nascimento pode influenciar o padr\u00e3o de sono dos beb\u00eas. Pesquisas apontam uma rela\u00e7\u00e3o curiosa com luz e temperatura.","jnews-multi-image_gallery":[],"jnews_single_post":{"format":"standard"},"jnews_primary_category":[],"jnews_social_meta":[],"jnews_override_counter":[],"footnotes":""},"categories":[112],"tags":[3007,14485,1907,14217],"class_list":["post-207117","post","type-post","status-publish","format-standard","has-post-thumbnail","hentry","category-curiosidades","tag-bebe","tag-dormi","tag-estudo","tag-mes-de-aniversario"],"yoast_head":"<!-- This site is optimized with the Yoast SEO plugin v24.6 - https:\/\/yoast.com\/wordpress\/plugins\/seo\/ -->\n<title>Beb\u00eas que dormem mais horas seguidas costumam nascer nestes 3 meses do ano, revela estudo - Correio Braziliense - Radar<\/title>\n<meta name=\"description\" content=\"O m\u00eas de nascimento pode influenciar o padr\u00e3o de sono dos beb\u00eas. Pesquisas apontam uma rela\u00e7\u00e3o curiosa com luz e temperatura.\" \/>\n<meta name=\"robots\" content=\"index, follow, max-snippet:-1, max-image-preview:large, max-video-preview:-1\" \/>\n<link rel=\"canonical\" href=\"https:\/\/www.correiobraziliense.com.br\/cbradar\/bebes-que-dormem-mais-horas-seguidas-costumam-nascer-nestes-3-meses-do-ano-revela-estudo\/\" \/>\n<meta property=\"og:locale\" content=\"pt_BR\" \/>\n<meta property=\"og:type\" content=\"article\" \/>\n<meta property=\"og:title\" content=\"Beb\u00eas que dormem mais horas seguidas costumam nascer nestes 3 meses do ano, revela estudo - Correio Braziliense - Radar\" \/>\n<meta property=\"og:description\" content=\"O m\u00eas de nascimento pode influenciar o padr\u00e3o de sono dos beb\u00eas. Pesquisas apontam uma rela\u00e7\u00e3o curiosa com luz e temperatura.\" \/>\n<meta property=\"og:url\" content=\"https:\/\/www.correiobraziliense.com.br\/cbradar\/bebes-que-dormem-mais-horas-seguidas-costumam-nascer-nestes-3-meses-do-ano-revela-estudo\/\" \/>\n<meta property=\"og:site_name\" content=\"Correio Braziliense - Radar\" \/>\n<meta property=\"article:published_time\" content=\"2026-03-12T20:31:03+00:00\" \/>\n<meta property=\"article:modified_time\" content=\"2026-03-12T20:31:05+00:00\" \/>\n<meta property=\"og:image\" content=\"https:\/\/www.correiobraziliense.com.br\/cbradar\/wp-content\/uploads\/2026\/03\/Gemini_Generated_Image_2umnlg2umnlg2umn-1-1.png\" \/>\n\t<meta property=\"og:image:width\" content=\"1280\" \/>\n\t<meta property=\"og:image:height\" content=\"720\" \/>\n\t<meta property=\"og:image:type\" content=\"image\/png\" \/>\n<meta name=\"author\" content=\"Patrick Silva\" \/>\n<meta name=\"twitter:card\" content=\"summary_large_image\" \/>\n<meta name=\"twitter:label1\" content=\"Escrito por\" \/>\n\t<meta name=\"twitter:data1\" content=\"Patrick Silva\" \/>\n\t<meta name=\"twitter:label2\" content=\"Est. tempo de leitura\" \/>\n\t<meta name=\"twitter:data2\" content=\"5 minutos\" \/>\n<!-- \/ Yoast SEO plugin. -->","yoast_head_json":{"title":"Beb\u00eas que dormem mais horas seguidas costumam nascer nestes 3 meses do ano, revela estudo - Correio Braziliense - Radar","description":"O m\u00eas de nascimento pode influenciar o padr\u00e3o de sono dos beb\u00eas. Pesquisas apontam uma rela\u00e7\u00e3o curiosa com luz e temperatura.","robots":{"index":"index","follow":"follow","max-snippet":"max-snippet:-1","max-image-preview":"max-image-preview:large","max-video-preview":"max-video-preview:-1"},"canonical":"https:\/\/www.correiobraziliense.com.br\/cbradar\/bebes-que-dormem-mais-horas-seguidas-costumam-nascer-nestes-3-meses-do-ano-revela-estudo\/","og_locale":"pt_BR","og_type":"article","og_title":"Beb\u00eas que dormem mais horas seguidas costumam nascer nestes 3 meses do ano, revela estudo - Correio Braziliense - Radar","og_description":"O m\u00eas de nascimento pode influenciar o padr\u00e3o de sono dos beb\u00eas. Pesquisas apontam uma rela\u00e7\u00e3o curiosa com luz e temperatura.","og_url":"https:\/\/www.correiobraziliense.com.br\/cbradar\/bebes-que-dormem-mais-horas-seguidas-costumam-nascer-nestes-3-meses-do-ano-revela-estudo\/","og_site_name":"Correio Braziliense - Radar","article_published_time":"2026-03-12T20:31:03+00:00","article_modified_time":"2026-03-12T20:31:05+00:00","og_image":[{"width":1280,"height":720,"url":"https:\/\/www.correiobraziliense.com.br\/cbradar\/wp-content\/uploads\/2026\/03\/Gemini_Generated_Image_2umnlg2umnlg2umn-1-1.png","type":"image\/png"}],"author":"Patrick Silva","twitter_card":"summary_large_image","twitter_misc":{"Escrito por":"Patrick Silva","Est. tempo de leitura":"5 minutos"},"schema":{"@context":"https:\/\/schema.org","@graph":[{"@type":"WebPage","@id":"https:\/\/www.correiobraziliense.com.br\/cbradar\/bebes-que-dormem-mais-horas-seguidas-costumam-nascer-nestes-3-meses-do-ano-revela-estudo\/","url":"https:\/\/www.correiobraziliense.com.br\/cbradar\/bebes-que-dormem-mais-horas-seguidas-costumam-nascer-nestes-3-meses-do-ano-revela-estudo\/","name":"Beb\u00eas que dormem mais horas seguidas costumam nascer nestes 3 meses do ano, revela estudo - Correio Braziliense - Radar","isPartOf":{"@id":"https:\/\/www.correiobraziliense.com.br\/cbradar\/#website"},"primaryImageOfPage":{"@id":"https:\/\/www.correiobraziliense.com.br\/cbradar\/bebes-que-dormem-mais-horas-seguidas-costumam-nascer-nestes-3-meses-do-ano-revela-estudo\/#primaryimage"},"image":{"@id":"https:\/\/www.correiobraziliense.com.br\/cbradar\/bebes-que-dormem-mais-horas-seguidas-costumam-nascer-nestes-3-meses-do-ano-revela-estudo\/#primaryimage"},"thumbnailUrl":"https:\/\/www.correiobraziliense.com.br\/cbradar\/wp-content\/uploads\/2026\/03\/Gemini_Generated_Image_2umnlg2umnlg2umn-1-1.png","datePublished":"2026-03-12T20:31:03+00:00","dateModified":"2026-03-12T20:31:05+00:00","author":{"@id":"https:\/\/www.correiobraziliense.com.br\/cbradar\/#\/schema\/person\/5440b72be9c7eb74f446c846479dc4da"},"description":"O m\u00eas de nascimento pode influenciar o padr\u00e3o de sono dos beb\u00eas. Pesquisas apontam uma rela\u00e7\u00e3o curiosa com luz e temperatura.","breadcrumb":{"@id":"https:\/\/www.correiobraziliense.com.br\/cbradar\/bebes-que-dormem-mais-horas-seguidas-costumam-nascer-nestes-3-meses-do-ano-revela-estudo\/#breadcrumb"},"inLanguage":"pt-BR","potentialAction":[{"@type":"ReadAction","target":["https:\/\/www.correiobraziliense.com.br\/cbradar\/bebes-que-dormem-mais-horas-seguidas-costumam-nascer-nestes-3-meses-do-ano-revela-estudo\/"]}]},{"@type":"ImageObject","inLanguage":"pt-BR","@id":"https:\/\/www.correiobraziliense.com.br\/cbradar\/bebes-que-dormem-mais-horas-seguidas-costumam-nascer-nestes-3-meses-do-ano-revela-estudo\/#primaryimage","url":"https:\/\/www.correiobraziliense.com.br\/cbradar\/wp-content\/uploads\/2026\/03\/Gemini_Generated_Image_2umnlg2umnlg2umn-1-1.png","contentUrl":"https:\/\/www.correiobraziliense.com.br\/cbradar\/wp-content\/uploads\/2026\/03\/Gemini_Generated_Image_2umnlg2umnlg2umn-1-1.png","width":1280,"height":720,"caption":"Estudos sugerem que beb\u00eas nascidos em certos meses podem dormir melhor"},{"@type":"BreadcrumbList","@id":"https:\/\/www.correiobraziliense.com.br\/cbradar\/bebes-que-dormem-mais-horas-seguidas-costumam-nascer-nestes-3-meses-do-ano-revela-estudo\/#breadcrumb","itemListElement":[{"@type":"ListItem","position":1,"name":"In\u00edcio","item":"https:\/\/www.correiobraziliense.com.br\/cbradar\/"},{"@type":"ListItem","position":2,"name":"Beb\u00eas que dormem mais horas seguidas costumam nascer nestes 3 meses do ano, revela estudo"}]},{"@type":"WebSite","@id":"https:\/\/www.correiobraziliense.com.br\/cbradar\/#website","url":"https:\/\/www.correiobraziliense.com.br\/cbradar\/","name":"Correio Braziliense - Radar","description":"Acompanhe as \u00faltimas not\u00edcias e fique bem informado sobre tudo o que acontece no Brasil e no mundo.","potentialAction":[{"@type":"SearchAction","target":{"@type":"EntryPoint","urlTemplate":"https:\/\/www.correiobraziliense.com.br\/cbradar\/?s={search_term_string}"},"query-input":{"@type":"PropertyValueSpecification","valueRequired":true,"valueName":"search_term_string"}}],"inLanguage":"pt-BR"},{"@type":"Person","@id":"https:\/\/www.correiobraziliense.com.br\/cbradar\/#\/schema\/person\/5440b72be9c7eb74f446c846479dc4da","name":"Patrick Silva","image":{"@type":"ImageObject","inLanguage":"pt-BR","@id":"https:\/\/www.correiobraziliense.com.br\/cbradar\/#\/schema\/person\/image\/","url":"https:\/\/secure.gravatar.com\/avatar\/944109df296fc087785c9715fd5f80b2?s=96&d=mm&r=g","contentUrl":"https:\/\/secure.gravatar.com\/avatar\/944109df296fc087785c9715fd5f80b2?s=96&d=mm&r=g","caption":"Patrick Silva"},"sameAs":["https:\/\/www.correiobraziliense.com.br\/cbradar\/"],"url":"https:\/\/www.correiobraziliense.com.br\/cbradar\/author\/patrick-silva\/"}]}},"_links":{"self":[{"href":"https:\/\/www.correiobraziliense.com.br\/cbradar\/wp-json\/wp\/v2\/posts\/207117","targetHints":{"allow":["GET"]}}],"collection":[{"href":"https:\/\/www.correiobraziliense.com.br\/cbradar\/wp-json\/wp\/v2\/posts"}],"about":[{"href":"https:\/\/www.correiobraziliense.com.br\/cbradar\/wp-json\/wp\/v2\/types\/post"}],"author":[{"embeddable":true,"href":"https:\/\/www.correiobraziliense.com.br\/cbradar\/wp-json\/wp\/v2\/users\/21"}],"replies":[{"embeddable":true,"href":"https:\/\/www.correiobraziliense.com.br\/cbradar\/wp-json\/wp\/v2\/comments?post=207117"}],"version-history":[{"count":7,"href":"https:\/\/www.correiobraziliense.com.br\/cbradar\/wp-json\/wp\/v2\/posts\/207117\/revisions"}],"predecessor-version":[{"id":207131,"href":"https:\/\/www.correiobraziliense.com.br\/cbradar\/wp-json\/wp\/v2\/posts\/207117\/revisions\/207131"}],"wp:featuredmedia":[{"embeddable":true,"href":"https:\/\/www.correiobraziliense.com.br\/cbradar\/wp-json\/wp\/v2\/media\/207128"}],"wp:attachment":[{"href":"https:\/\/www.correiobraziliense.com.br\/cbradar\/wp-json\/wp\/v2\/media?parent=207117"}],"wp:term":[{"taxonomy":"category","embeddable":true,"href":"https:\/\/www.correiobraziliense.com.br\/cbradar\/wp-json\/wp\/v2\/categories?post=207117"},{"taxonomy":"post_tag","embeddable":true,"href":"https:\/\/www.correiobraziliense.com.br\/cbradar\/wp-json\/wp\/v2\/tags?post=207117"}],"curies":[{"name":"wp","href":"https:\/\/api.w.org\/{rel}","templated":true}]}}