{"id":207132,"date":"2026-03-11T21:51:01","date_gmt":"2026-03-12T00:51:01","guid":{"rendered":"https:\/\/www.correiobraziliense.com.br\/cbradar\/?p=207132"},"modified":"2026-03-11T21:51:04","modified_gmt":"2026-03-12T00:51:04","slug":"a-psicologia-diz-que-criancas-que-cresceram-antes-da-era-dos-smartphones-desenvolveram-mais-autonomia-emocional","status":"publish","type":"post","link":"https:\/\/www.correiobraziliense.com.br\/cbradar\/a-psicologia-diz-que-criancas-que-cresceram-antes-da-era-dos-smartphones-desenvolveram-mais-autonomia-emocional\/","title":{"rendered":"A psicologia diz que crian\u00e7as que cresceram antes da era dos smartphones desenvolveram mais autonomia emocional"},"content":{"rendered":"\n<p>Crescer sem o uso constante de telas permitiu que as gera\u00e7\u00f5es anteriores explorassem o mundo f\u00edsico com muito mais liberdade criativa. Essa aus\u00eancia de distra\u00e7\u00f5es digitais imediatas for\u00e7ou crian\u00e7as a lidarem com o t\u00e9dio e a frustra\u00e7\u00e3o de maneira solit\u00e1ria e resiliente. Como resultado, adultos que viveram essa transi\u00e7\u00e3o apresentam mecanismos psicol\u00f3gicos mais s\u00f3lidos.<\/p>\n\n\n\n<h2 class=\"wp-block-heading\">Como o t\u00e9dio moldava a criatividade infantil?<\/h2>\n\n\n\n<p>Sem o acesso r\u00e1pido a jogos eletr\u00f4nicos e redes sociais, as <strong><a href=\"https:\/\/www.correiobraziliense.com.br\/cbradar\/criancas-nascidas-nesses-meses-tendem-a-desenvolver-melhor-capacidade-de-aprendizado-aponta-estudo-em-psicologia\/\" target=\"_blank\" rel=\"noreferrer noopener\">crian\u00e7as <\/a><\/strong>precisavam inventar suas pr\u00f3prias divers\u00f5es cotidianas de forma manual. Esse esfor\u00e7o mental constante estimulava a resolu\u00e7\u00e3o de problemas complexos de maneira org\u00e2nica e independente no ambiente familiar. O t\u00e9dio funcionava como um motor potente para a imagina\u00e7\u00e3o florescer sem as interfer\u00eancias tecnol\u00f3gicas externas atuais.<\/p>\n\n\n\n<p>Manter a mente ocupada com atividades f\u00edsicas ajudava a diminuir a ansiedade causada pela compara\u00e7\u00e3o social constante que vemos hoje. Pessoas que enfrentaram momentos de inatividade for\u00e7ada desenvolveram uma densidade maior de paci\u00eancia para lidar com processos lentos. Esse fortalecimento emocional \u00e9 essencial para enfrentar o decl\u00ednio da sa\u00fade mental que ocorre com a conectividade digital ininterrupta.<\/p>\n\n\n\n<figure class=\"wp-block-image size-full\"><img decoding=\"async\" width=\"1280\" height=\"720\" src=\"https:\/\/www.correiobraziliense.com.br\/cbradar\/wp-content\/uploads\/2026\/03\/Gemini_Generated_Image_kvpr41kvpr41kvpr-1-1.png\" alt=\"A psicologia diz que crian\u00e7as que cresceram antes da era dos smartphones desenvolveram mais autonomia emocional\" class=\"wp-image-207135\" srcset=\"https:\/\/www.correiobraziliense.com.br\/cbradar\/wp-content\/uploads\/2026\/03\/Gemini_Generated_Image_kvpr41kvpr41kvpr-1-1.png 1280w, https:\/\/www.correiobraziliense.com.br\/cbradar\/wp-content\/uploads\/2026\/03\/Gemini_Generated_Image_kvpr41kvpr41kvpr-1-1-300x169.png 300w, https:\/\/www.correiobraziliense.com.br\/cbradar\/wp-content\/uploads\/2026\/03\/Gemini_Generated_Image_kvpr41kvpr41kvpr-1-1-768x432.png 768w, https:\/\/www.correiobraziliense.com.br\/cbradar\/wp-content\/uploads\/2026\/03\/Gemini_Generated_Image_kvpr41kvpr41kvpr-1-1-750x422.png 750w, https:\/\/www.correiobraziliense.com.br\/cbradar\/wp-content\/uploads\/2026\/03\/Gemini_Generated_Image_kvpr41kvpr41kvpr-1-1-1140x641.png 1140w\" sizes=\"(max-width: 1280px) 100vw, 1280px\" \/><figcaption class=\"wp-element-caption\">O t\u00e9dio da inf\u00e2ncia antes das telas pode ter estimulado criatividade e autonomia<\/figcaption><\/figure>\n\n\n\n<h2 class=\"wp-block-heading\">Qual a import\u00e2ncia do brincar livre na rua?<\/h2>\n\n\n\n<p>Controlar o pr\u00f3prio tempo em brincadeiras de rua enviava sinais diretos ao c\u00e9rebro de que o ambiente era um laborat\u00f3rio social real. Esse processo simples interrompia o ciclo de depend\u00eancia tecnol\u00f3gica que muitas vezes domina a rotina das crian\u00e7as modernas em seus quartos. Ao interagir sem media\u00e7\u00e3o, a clareza sobre os sentimentos alheios surgia naturalmente entre os pares.<\/p>\n\n\n\n<p>T\u00e9cnicas sociais aprendidas no parquinho aumentavam a resili\u00eancia psicol\u00f3gica diante de conflitos reais e necess\u00e1rios para o crescimento individual saud\u00e1vel. Quando aprend\u00edamos a negociar regras com os colegas, consegu\u00edamos filtrar frustra\u00e7\u00f5es externas irrelevantes que costumam dispersar nossa aten\u00e7\u00e3o preciosa. O foco nessas rela\u00e7\u00f5es presenciais resultava em uma maturidade sustent\u00e1vel, evitando o esgotamento precoce comum no mundo atual.<\/p>\n\n\n\n<h2 class=\"wp-block-heading\">O que mudou com a conex\u00e3o digital ininterrupta?<\/h2>\n\n\n\n<p>Logo nas primeiras fases do desenvolvimento, a qualidade das intera\u00e7\u00f5es sociais offline moldava o car\u00e1ter de forma percept\u00edvel para os pais. A facilidade para se adaptar a novos ambientes e a profundidade dos v\u00ednculos pessoais renovavam as habilidades necess\u00e1rias para viver. Al\u00e9m disso, a seguran\u00e7a interna aumentava, reduzindo vazios existenciais e promovendo uma conviv\u00eancia pessoal equilibrada.<\/p>\n\n\n\n<p>Observar as diferen\u00e7as comportamentais entre gera\u00e7\u00f5es revela pontos cruciais que explicam a resili\u00eancia caracter\u00edstica daqueles que cresceram desconectados da rede mundial:<\/p>\n\n\n\n<figure class=\"wp-block-image size-full\"><img decoding=\"async\" width=\"1280\" height=\"721\" src=\"https:\/\/www.correiobraziliense.com.br\/cbradar\/wp-content\/uploads\/2026\/03\/convertido-30.jpg\" alt=\"\" class=\"wp-image-207140\" srcset=\"https:\/\/www.correiobraziliense.com.br\/cbradar\/wp-content\/uploads\/2026\/03\/convertido-30.jpg 1280w, https:\/\/www.correiobraziliense.com.br\/cbradar\/wp-content\/uploads\/2026\/03\/convertido-30-300x169.jpg 300w, https:\/\/www.correiobraziliense.com.br\/cbradar\/wp-content\/uploads\/2026\/03\/convertido-30-1278x720.jpg 1278w, https:\/\/www.correiobraziliense.com.br\/cbradar\/wp-content\/uploads\/2026\/03\/convertido-30-768x433.jpg 768w, https:\/\/www.correiobraziliense.com.br\/cbradar\/wp-content\/uploads\/2026\/03\/convertido-30-750x422.jpg 750w, https:\/\/www.correiobraziliense.com.br\/cbradar\/wp-content\/uploads\/2026\/03\/convertido-30-1140x642.jpg 1140w\" sizes=\"(max-width: 1280px) 100vw, 1280px\" \/><\/figure>\n\n\n\n<h2 class=\"wp-block-heading\">Como o sil\u00eancio favorece o autoconhecimento?<\/h2>\n\n\n\n<p>Meditar sobre os problemas em sil\u00eancio gera resultados mais s\u00f3lidos do que buscar valida\u00e7\u00e3o em sess\u00f5es de coment\u00e1rios na internet. O c\u00e9rebro humano responde melhor a est\u00edmulos internos frequentes, criando novos caminhos neurais que facilitam o acesso ao estado de calma plena. Criar um espa\u00e7o mental inegoci\u00e1vel \u00e9 o segredo para transformar a <strong>estabilidade psicol\u00f3gica<\/strong> de maneira duradoura.<\/p>\n\n\n\n<p>A disciplina de brincar sozinho treina a mente para retornar ao centro sempre que uma crise inesperada surge no horizonte. Sem essa base s\u00f3lida, os benef\u00edcios do amadurecimento podem se dissipar rapidamente diante das press\u00f5es externas do mundo moderno e competitivo. Priorizar esse tempo introspectivo \u00e9 um investimento de alto retorno que garante o <strong>equil\u00edbrio emocional<\/strong> necess\u00e1rio.<\/p>\n\n\n\n<figure class=\"wp-block-image size-full\"><img decoding=\"async\" width=\"1280\" height=\"720\" src=\"https:\/\/www.correiobraziliense.com.br\/cbradar\/wp-content\/uploads\/2026\/03\/Gemini_Generated_Image_iwfl3piwfl3piwfl-1-1.png\" alt=\"A psicologia diz que crian\u00e7as que cresceram antes da era dos smartphones desenvolveram mais autonomia emocional\" class=\"wp-image-207136\" srcset=\"https:\/\/www.correiobraziliense.com.br\/cbradar\/wp-content\/uploads\/2026\/03\/Gemini_Generated_Image_iwfl3piwfl3piwfl-1-1.png 1280w, https:\/\/www.correiobraziliense.com.br\/cbradar\/wp-content\/uploads\/2026\/03\/Gemini_Generated_Image_iwfl3piwfl3piwfl-1-1-300x169.png 300w, https:\/\/www.correiobraziliense.com.br\/cbradar\/wp-content\/uploads\/2026\/03\/Gemini_Generated_Image_iwfl3piwfl3piwfl-1-1-768x432.png 768w, https:\/\/www.correiobraziliense.com.br\/cbradar\/wp-content\/uploads\/2026\/03\/Gemini_Generated_Image_iwfl3piwfl3piwfl-1-1-750x422.png 750w, https:\/\/www.correiobraziliense.com.br\/cbradar\/wp-content\/uploads\/2026\/03\/Gemini_Generated_Image_iwfl3piwfl3piwfl-1-1-1140x641.png 1140w\" sizes=\"(max-width: 1280px) 100vw, 1280px\" \/><figcaption class=\"wp-element-caption\">O t\u00e9dio da inf\u00e2ncia antes das telas pode ter estimulado criatividade e autonomia<\/figcaption><\/figure>\n\n\n\n<h2 class=\"wp-block-heading\">O que dizem os \u00f3rg\u00e3os internacionais de sa\u00fade?<\/h2>\n\n\n\n<p>A <strong>Organiza\u00e7\u00e3o Mundial da Sa\u00fade<\/strong> reconhece que a exposi\u00e7\u00e3o excessiva aos smartphones pode prejudicar seriamente o desenvolvimento cognitivo de crian\u00e7as pequenas. A integra\u00e7\u00e3o de limites claros no uso de telas visa reduzir a depend\u00eancia digital e prevenir futuros transtornos mentais graves. Promover o desenvolvimento da <strong>autonomia emocional<\/strong> \u00e9 uma tend\u00eancia crescente em diversos pa\u00edses preocupados com as gera\u00e7\u00f5es.<\/p>\n\n\n\n<p>Segundo diretrizes detalhadas de especialistas, a aus\u00eancia de distra\u00e7\u00f5es eletr\u00f4nicas auxilia significativamente na forma\u00e7\u00e3o de um indiv\u00edduo resiliente e muito seguro. Pesquisas financiadas por \u00f3rg\u00e3os s\u00e9rios mostram que a vida desconectada pode ser t\u00e3o eficaz quanto terapias preventivas para o bem-estar. Para saber mais sobre essas evid\u00eancias, acesse os dados oficiais no portal da <a target=\"_blank\" rel=\"noreferrer noopener\" href=\"https:\/\/www.apa.org\/topics\/social-media-internet\/health-advisory-adolescent-social-media-use\">American Psychological Association<\/a>.<\/p>\n","protected":false},"excerpt":{"rendered":"<p>Crescer sem o uso constante de telas permitiu que as gera\u00e7\u00f5es anteriores explorassem o mundo f\u00edsico com muito mais liberdade criativa. Essa aus\u00eancia de distra\u00e7\u00f5es digitais imediatas for\u00e7ou crian\u00e7as a lidarem com o t\u00e9dio e a frustra\u00e7\u00e3o de maneira solit\u00e1ria e resiliente. Como resultado, adultos que viveram essa transi\u00e7\u00e3o apresentam mecanismos psicol\u00f3gicos mais s\u00f3lidos. Como [&hellip;]<\/p>\n","protected":false},"author":21,"featured_media":207133,"comment_status":"open","ping_status":"open","sticky":false,"template":"","format":"standard","meta":{"_yoast_wpseo_focuskw":"Inf\u00e2ncia sem telas fortaleceu criatividade e resili\u00eancia","_yoast_wpseo_title":"","_yoast_wpseo_metadesc":"Crescer sem telas pode ter moldado habilidades emocionais e criativas que hoje parecem raras. A psicologia analisa esse efeito.","jnews-multi-image_gallery":[],"jnews_single_post":{"format":"standard"},"jnews_primary_category":[],"jnews_social_meta":[],"jnews_override_counter":[],"footnotes":""},"categories":[112],"post_tag":[15820,4377,404,155],"class_list":["post-207132","post","type-post","status-publish","format-standard","has-post-thumbnail","hentry","category-curiosidades","tag-autonomia-emocional","tag-criancas","tag-psicologia","tag-smartphones"],"yoast_head":"<!-- This site is optimized with the Yoast SEO plugin v24.6 - https:\/\/yoast.com\/wordpress\/plugins\/seo\/ -->\n<title>A psicologia diz que crian\u00e7as que cresceram antes da era dos smartphones desenvolveram mais autonomia emocional - Correio Braziliense - Radar<\/title>\n<meta name=\"description\" content=\"Crescer sem telas pode ter moldado habilidades emocionais e criativas que hoje parecem raras. A psicologia analisa esse efeito.\" \/>\n<meta name=\"robots\" content=\"index, follow, max-snippet:-1, max-image-preview:large, max-video-preview:-1\" \/>\n<link rel=\"canonical\" href=\"https:\/\/www.correiobraziliense.com.br\/cbradar\/a-psicologia-diz-que-criancas-que-cresceram-antes-da-era-dos-smartphones-desenvolveram-mais-autonomia-emocional\/\" \/>\n<meta property=\"og:locale\" content=\"pt_BR\" \/>\n<meta property=\"og:type\" content=\"article\" \/>\n<meta property=\"og:title\" content=\"A psicologia diz que crian\u00e7as que cresceram antes da era dos smartphones desenvolveram mais autonomia emocional - Correio Braziliense - Radar\" \/>\n<meta property=\"og:description\" content=\"Crescer sem telas pode ter moldado habilidades emocionais e criativas que hoje parecem raras. A psicologia analisa esse efeito.\" \/>\n<meta property=\"og:url\" content=\"https:\/\/www.correiobraziliense.com.br\/cbradar\/a-psicologia-diz-que-criancas-que-cresceram-antes-da-era-dos-smartphones-desenvolveram-mais-autonomia-emocional\/\" \/>\n<meta property=\"og:site_name\" content=\"Correio Braziliense - Radar\" \/>\n<meta property=\"article:published_time\" content=\"2026-03-12T00:51:01+00:00\" \/>\n<meta property=\"article:modified_time\" content=\"2026-03-12T00:51:04+00:00\" \/>\n<meta property=\"og:image\" content=\"https:\/\/www.correiobraziliense.com.br\/cbradar\/wp-content\/uploads\/2026\/03\/Gemini_Generated_Image_rvvne5rvvne5rvvn-1-1.png\" \/>\n\t<meta property=\"og:image:width\" content=\"1280\" \/>\n\t<meta property=\"og:image:height\" content=\"720\" \/>\n\t<meta property=\"og:image:type\" content=\"image\/png\" \/>\n<meta name=\"author\" content=\"Patrick Silva\" \/>\n<meta name=\"twitter:card\" content=\"summary_large_image\" \/>\n<meta name=\"twitter:label1\" content=\"Escrito por\" \/>\n\t<meta name=\"twitter:data1\" content=\"Patrick Silva\" \/>\n\t<meta name=\"twitter:label2\" content=\"Est. tempo de leitura\" \/>\n\t<meta name=\"twitter:data2\" content=\"5 minutos\" \/>\n<!-- \/ Yoast SEO plugin. -->","yoast_head_json":{"title":"A psicologia diz que crian\u00e7as que cresceram antes da era dos smartphones desenvolveram mais autonomia emocional - Correio Braziliense - Radar","description":"Crescer sem telas pode ter moldado habilidades emocionais e criativas que hoje parecem raras. A psicologia analisa esse efeito.","robots":{"index":"index","follow":"follow","max-snippet":"max-snippet:-1","max-image-preview":"max-image-preview:large","max-video-preview":"max-video-preview:-1"},"canonical":"https:\/\/www.correiobraziliense.com.br\/cbradar\/a-psicologia-diz-que-criancas-que-cresceram-antes-da-era-dos-smartphones-desenvolveram-mais-autonomia-emocional\/","og_locale":"pt_BR","og_type":"article","og_title":"A psicologia diz que crian\u00e7as que cresceram antes da era dos smartphones desenvolveram mais autonomia emocional - Correio Braziliense - Radar","og_description":"Crescer sem telas pode ter moldado habilidades emocionais e criativas que hoje parecem raras. A psicologia analisa esse efeito.","og_url":"https:\/\/www.correiobraziliense.com.br\/cbradar\/a-psicologia-diz-que-criancas-que-cresceram-antes-da-era-dos-smartphones-desenvolveram-mais-autonomia-emocional\/","og_site_name":"Correio Braziliense - Radar","article_published_time":"2026-03-12T00:51:01+00:00","article_modified_time":"2026-03-12T00:51:04+00:00","og_image":[{"width":1280,"height":720,"url":"https:\/\/www.correiobraziliense.com.br\/cbradar\/wp-content\/uploads\/2026\/03\/Gemini_Generated_Image_rvvne5rvvne5rvvn-1-1.png","type":"image\/png"}],"author":"Patrick Silva","twitter_card":"summary_large_image","twitter_misc":{"Escrito por":"Patrick Silva","Est. tempo de leitura":"5 minutos"},"schema":{"@context":"https:\/\/schema.org","@graph":[{"@type":"WebPage","@id":"https:\/\/www.correiobraziliense.com.br\/cbradar\/a-psicologia-diz-que-criancas-que-cresceram-antes-da-era-dos-smartphones-desenvolveram-mais-autonomia-emocional\/","url":"https:\/\/www.correiobraziliense.com.br\/cbradar\/a-psicologia-diz-que-criancas-que-cresceram-antes-da-era-dos-smartphones-desenvolveram-mais-autonomia-emocional\/","name":"A psicologia diz que crian\u00e7as que cresceram antes da era dos smartphones desenvolveram mais autonomia emocional - Correio Braziliense - Radar","isPartOf":{"@id":"https:\/\/www.correiobraziliense.com.br\/cbradar\/#website"},"primaryImageOfPage":{"@id":"https:\/\/www.correiobraziliense.com.br\/cbradar\/a-psicologia-diz-que-criancas-que-cresceram-antes-da-era-dos-smartphones-desenvolveram-mais-autonomia-emocional\/#primaryimage"},"image":{"@id":"https:\/\/www.correiobraziliense.com.br\/cbradar\/a-psicologia-diz-que-criancas-que-cresceram-antes-da-era-dos-smartphones-desenvolveram-mais-autonomia-emocional\/#primaryimage"},"thumbnailUrl":"https:\/\/www.correiobraziliense.com.br\/cbradar\/wp-content\/uploads\/2026\/03\/Gemini_Generated_Image_rvvne5rvvne5rvvn-1-1.png","datePublished":"2026-03-12T00:51:01+00:00","dateModified":"2026-03-12T00:51:04+00:00","author":{"@id":"https:\/\/www.correiobraziliense.com.br\/cbradar\/#\/schema\/person\/5440b72be9c7eb74f446c846479dc4da"},"description":"Crescer sem telas pode ter moldado habilidades emocionais e criativas que hoje parecem raras. A psicologia analisa esse efeito.","breadcrumb":{"@id":"https:\/\/www.correiobraziliense.com.br\/cbradar\/a-psicologia-diz-que-criancas-que-cresceram-antes-da-era-dos-smartphones-desenvolveram-mais-autonomia-emocional\/#breadcrumb"},"inLanguage":"pt-BR","potentialAction":[{"@type":"ReadAction","target":["https:\/\/www.correiobraziliense.com.br\/cbradar\/a-psicologia-diz-que-criancas-que-cresceram-antes-da-era-dos-smartphones-desenvolveram-mais-autonomia-emocional\/"]}]},{"@type":"ImageObject","inLanguage":"pt-BR","@id":"https:\/\/www.correiobraziliense.com.br\/cbradar\/a-psicologia-diz-que-criancas-que-cresceram-antes-da-era-dos-smartphones-desenvolveram-mais-autonomia-emocional\/#primaryimage","url":"https:\/\/www.correiobraziliense.com.br\/cbradar\/wp-content\/uploads\/2026\/03\/Gemini_Generated_Image_rvvne5rvvne5rvvn-1-1.png","contentUrl":"https:\/\/www.correiobraziliense.com.br\/cbradar\/wp-content\/uploads\/2026\/03\/Gemini_Generated_Image_rvvne5rvvne5rvvn-1-1.png","width":1280,"height":720,"caption":"O t\u00e9dio da inf\u00e2ncia antes das telas pode ter estimulado criatividade e autonomia"},{"@type":"BreadcrumbList","@id":"https:\/\/www.correiobraziliense.com.br\/cbradar\/a-psicologia-diz-que-criancas-que-cresceram-antes-da-era-dos-smartphones-desenvolveram-mais-autonomia-emocional\/#breadcrumb","itemListElement":[{"@type":"ListItem","position":1,"name":"In\u00edcio","item":"https:\/\/www.correiobraziliense.com.br\/cbradar\/"},{"@type":"ListItem","position":2,"name":"A psicologia diz que crian\u00e7as que cresceram antes da era dos smartphones desenvolveram mais autonomia emocional"}]},{"@type":"WebSite","@id":"https:\/\/www.correiobraziliense.com.br\/cbradar\/#website","url":"https:\/\/www.correiobraziliense.com.br\/cbradar\/","name":"Correio Braziliense - Radar","description":"Acompanhe as \u00faltimas not\u00edcias e fique bem informado sobre tudo o que acontece no Brasil e no mundo.","potentialAction":[{"@type":"SearchAction","target":{"@type":"EntryPoint","urlTemplate":"https:\/\/www.correiobraziliense.com.br\/cbradar\/?s={search_term_string}"},"query-input":{"@type":"PropertyValueSpecification","valueRequired":true,"valueName":"search_term_string"}}],"inLanguage":"pt-BR"},{"@type":"Person","@id":"https:\/\/www.correiobraziliense.com.br\/cbradar\/#\/schema\/person\/5440b72be9c7eb74f446c846479dc4da","name":"Patrick Silva","image":{"@type":"ImageObject","inLanguage":"pt-BR","@id":"https:\/\/www.correiobraziliense.com.br\/cbradar\/#\/schema\/person\/image\/","url":"https:\/\/secure.gravatar.com\/avatar\/944109df296fc087785c9715fd5f80b2?s=96&d=mm&r=g","contentUrl":"https:\/\/secure.gravatar.com\/avatar\/944109df296fc087785c9715fd5f80b2?s=96&d=mm&r=g","caption":"Patrick Silva"},"sameAs":["https:\/\/www.correiobraziliense.com.br\/cbradar\/"],"url":"https:\/\/www.correiobraziliense.com.br\/cbradar\/author\/patrick-silva\/"}]}},"_links":{"self":[{"href":"https:\/\/www.correiobraziliense.com.br\/cbradar\/wp-json\/wp\/v2\/posts\/207132","targetHints":{"allow":["GET"]}}],"collection":[{"href":"https:\/\/www.correiobraziliense.com.br\/cbradar\/wp-json\/wp\/v2\/posts"}],"about":[{"href":"https:\/\/www.correiobraziliense.com.br\/cbradar\/wp-json\/wp\/v2\/types\/post"}],"author":[{"embeddable":true,"href":"https:\/\/www.correiobraziliense.com.br\/cbradar\/wp-json\/wp\/v2\/users\/21"}],"replies":[{"embeddable":true,"href":"https:\/\/www.correiobraziliense.com.br\/cbradar\/wp-json\/wp\/v2\/comments?post=207132"}],"version-history":[{"count":4,"href":"https:\/\/www.correiobraziliense.com.br\/cbradar\/wp-json\/wp\/v2\/posts\/207132\/revisions"}],"predecessor-version":[{"id":207141,"href":"https:\/\/www.correiobraziliense.com.br\/cbradar\/wp-json\/wp\/v2\/posts\/207132\/revisions\/207141"}],"wp:featuredmedia":[{"embeddable":true,"href":"https:\/\/www.correiobraziliense.com.br\/cbradar\/wp-json\/wp\/v2\/media\/207133"}],"wp:attachment":[{"href":"https:\/\/www.correiobraziliense.com.br\/cbradar\/wp-json\/wp\/v2\/media?parent=207132"}],"wp:term":[{"taxonomy":"category","embeddable":true,"href":"https:\/\/www.correiobraziliense.com.br\/cbradar\/wp-json\/wp\/v2\/categories?post=207132"},{"taxonomy":"post_tag","embeddable":true,"href":"https:\/\/www.correiobraziliense.com.br\/cbradar\/wp-json\/wp\/v2\/post_tag?post=207132"}],"curies":[{"name":"wp","href":"https:\/\/api.w.org\/{rel}","templated":true}]}}