{"id":207147,"date":"2026-03-12T07:55:00","date_gmt":"2026-03-12T10:55:00","guid":{"rendered":"https:\/\/www.correiobraziliense.com.br\/cbradar\/?p=207147"},"modified":"2026-03-11T21:30:28","modified_gmt":"2026-03-12T00:30:28","slug":"a-praia-de-agua-doce-na-amazonia-que-foi-escolhida-entre-as-praias-mais-bonitas-do-brasil","status":"publish","type":"post","link":"https:\/\/www.correiobraziliense.com.br\/cbradar\/a-praia-de-agua-doce-na-amazonia-que-foi-escolhida-entre-as-praias-mais-bonitas-do-brasil\/","title":{"rendered":"A praia de \u00e1gua doce na Amaz\u00f4nia que foi escolhida entre as praias mais bonitas do Brasil"},"content":{"rendered":"\n<p>\u00c1gua doce e morna, areia branca e floresta densa em todas as dire\u00e7\u00f5es. <strong>Alter do Ch\u00e3o<\/strong>, vila de cerca de 6 mil moradores no oeste do <strong>Par\u00e1<\/strong>, guarda o cen\u00e1rio improv\u00e1vel de um Caribe plantado no cora\u00e7\u00e3o da <strong>Amaz\u00f4nia<\/strong>.<\/p>\n\n\n\n<h2 class=\"wp-block-heading\">Uma vila fundada em 1626 que o mundo s\u00f3 descobriu em 2009<\/h2>\n\n\n\n<p>O portugu\u00eas <strong>Pedro Teixeira<\/strong> fundou o povoado em 6 de mar\u00e7o de 1626, batizando-o em homenagem \u00e0 vila medieval de mesmo nome na regi\u00e3o do <strong>Alentejo<\/strong>, em <strong>Portugal<\/strong>. Antes dos colonizadores, a terra pertencia aos \u00edndios <strong>Borari<\/strong>, catequizados por miss\u00f5es jesu\u00edtas nos s\u00e9culos seguintes.<\/p>\n\n\n\n<p>A vila permaneceu discreta at\u00e9 2009, quando o jornal brit\u00e2nico <strong>The Guardian<\/strong> a incluiu entre as praias mais bonitas do <strong>Brasil<\/strong>. O reconhecimento acelerou a voca\u00e7\u00e3o tur\u00edstica do distrito, que em 2022 tornou-se patrim\u00f4nio cultural de natureza material e imaterial do Par\u00e1 pela <a href=\"https:\/\/www.oliberal.com\/para\/alter-do-chao-e-patrimonio-material-e-imaterial-do-para-1.529503\" target=\"_blank\" rel=\"noreferrer noopener\"><strong>Lei Estadual n\u00ba 9.543<\/strong><\/a>. Em 2024, a <strong>Festa do Sair\u00e9<\/strong> foi reconhecida como Patrim\u00f4nio Cultural Brasileiro pela Lei Federal n\u00ba 14.997.<\/p>\n\n\n<div class=\"wp-block-image\">\n<figure class=\"aligncenter size-large\"><img decoding=\"async\" width=\"1024\" height=\"576\" src=\"https:\/\/www.correiobraziliense.com.br\/cbradar\/wp-content\/uploads\/2025\/06\/Edicoes-21-1-1024x576.png\" alt=\"O Caribe no meio da Amaz\u00f4nia foi eleito a praia de \u00e1gua doce mais bonita do mundo, segundo pesquisas\" class=\"wp-image-58424\" srcset=\"https:\/\/www.correiobraziliense.com.br\/cbradar\/wp-content\/uploads\/2025\/06\/Edicoes-21-1-1024x576.png 1024w, https:\/\/www.correiobraziliense.com.br\/cbradar\/wp-content\/uploads\/2025\/06\/Edicoes-21-1-300x169.png 300w, https:\/\/www.correiobraziliense.com.br\/cbradar\/wp-content\/uploads\/2025\/06\/Edicoes-21-1-768x432.png 768w, https:\/\/www.correiobraziliense.com.br\/cbradar\/wp-content\/uploads\/2025\/06\/Edicoes-21-1-750x422.png 750w, https:\/\/www.correiobraziliense.com.br\/cbradar\/wp-content\/uploads\/2025\/06\/Edicoes-21-1-1140x641.png 1140w, https:\/\/www.correiobraziliense.com.br\/cbradar\/wp-content\/uploads\/2025\/06\/Edicoes-21-1.png 1280w\" sizes=\"(max-width: 1024px) 100vw, 1024px\" \/><figcaption class=\"wp-element-caption\">Aproveite praias paradis\u00edacas como a Ilha do Amor e trilhas na floresta amaz\u00f4nica em Alter do Ch\u00e3o. \/\/ Reprodu\u00e7\u00e3o: Wikipedia<\/figcaption><\/figure><\/div>\n\n\n<h2 class=\"wp-block-heading\">Quais praias e passeios valem os dias de viagem?<\/h2>\n\n\n\n<p><strong>O Caribe Amaz\u00f4nico tem muito mais do que a foto cl\u00e1ssica da Ilha do Amor. <\/strong>As melhores atra\u00e7\u00f5es combinam rio, floresta e cultura ribeirinha.<\/p>\n\n\n\n<ul class=\"wp-block-list\">\n<li><strong>Ilha do Amor<\/strong>: banco de areia que surge na vazante, bem em frente \u00e0 vila. A travessia \u00e9 feita de catraia (canoa a remo) por cerca de cinco reais. Barracas servem peixe fresco e caipirinhas de frutas regionais.<\/li>\n\n\n\n<li><strong>Lago Verde<\/strong>: do outro lado da Ilha do Amor, suas \u00e1guas calmas ganham o apelido de Floresta Encantada durante a cheia, quando \u00e9 poss\u00edvel navegar de canoa entre copas de \u00e1rvores submersas.<\/li>\n\n\n\n<li><strong>Ponta do Cururu<\/strong>: faixa de areia no extremo da praia central, famosa pelo p\u00f4r do sol sobre o <strong>Rio Tapaj\u00f3s<\/strong>. Dezenas de barcos ancoram ali ao entardecer.<\/li>\n\n\n\n<li><strong>Ponta de Pedras<\/strong>: forma\u00e7\u00f5es rochosas \u00e0 beira do Tapaj\u00f3s, a cerca de 15 km da vila. Menos tur\u00edstica e com artesanato local.<\/li>\n\n\n\n<li><strong>Floresta Nacional do Tapaj\u00f3s<\/strong>: unidade de conserva\u00e7\u00e3o com 527 mil hectares e mais de 160 km de praias, administrada pelo <a href=\"https:\/\/www.icmbio.gov.br\/portal_antigo\/index.php?option=com_content&amp;view=article&amp;id=4355&amp;Itemid=999\" target=\"_blank\" rel=\"noreferrer noopener\"><strong>ICMBio<\/strong><\/a>. A trilha at\u00e9 a comunidade de Jamaraqu\u00e1 leva a \u00e1rvores centen\u00e1rias como a suma\u00fama, que pode alcan\u00e7ar 70 metros de altura.<\/li>\n\n\n\n<li><strong>Canal do Jari<\/strong>: passeio de barco de at\u00e9 duas horas por trechos estreitos do rio, onde \u00e9 poss\u00edvel avistar jacar\u00e9s, botos, gar\u00e7as e iguanas bem de perto.<\/li>\n<\/ul>\n\n\n\n<p>Alter do Ch\u00e3o, no Par\u00e1, \u00e9 conhecido como o <strong>&#8220;Caribe Amaz\u00f3nico&#8221;<\/strong> devido \u00e0s suas praias de areia branca e \u00e1guas doces cristalinas. O v\u00eddeo do canal <strong>Trip Partiu<\/strong>, que conta com mais de <strong>180 mil inscritos<\/strong>, apresenta um guia completo com os melhores passeios, gastronomia e dicas pr\u00e1ticas:<\/p>\n\n\n\n<figure class=\"wp-block-embed aligncenter is-type-video is-provider-youtube wp-block-embed-youtube wp-embed-aspect-16-9 wp-has-aspect-ratio\"><div class=\"wp-block-embed__wrapper\">\n<div class=\"jeg_video_container jeg_video_content\"><iframe loading=\"lazy\" title=\"ALTER DO CH\u00c3O PAR\u00c1: melhores passeios no Caribe Amaz\u00f4nico + pre\u00e7os\" width=\"500\" height=\"281\" src=\"https:\/\/www.youtube.com\/embed\/hXv6MUSyqb8?feature=oembed\" frameborder=\"0\" allow=\"accelerometer; autoplay; clipboard-write; encrypted-media; gyroscope; picture-in-picture; web-share\" referrerpolicy=\"strict-origin-when-cross-origin\" allowfullscreen><\/iframe><\/div>\n<\/div><\/figure>\n\n\n\n<h2 class=\"wp-block-heading\">O Sair\u00e9 transforma a vila em palco amaz\u00f4nico<\/h2>\n\n\n\n<p>Todo m\u00eas de setembro, Alter do Ch\u00e3o muda de ritmo. A <strong>Festa do Sair\u00e9<\/strong>, celebra\u00e7\u00e3o com mais de 300 anos, mistura rituais cat\u00f3licos e tradi\u00e7\u00f5es ind\u00edgenas dos Borari. O cortejo carrega o arco de cip\u00f3 adornado com fitas coloridas e flores, conduzido por uma mulher chamada Sairapora.<\/p>\n\n\n\n<p>Desde 1997, o <strong>Festival dos Botos<\/strong> integra a programa\u00e7\u00e3o com a disputa entre as associa\u00e7\u00f5es <strong>Boto Cor-de-Rosa<\/strong> e <strong>Boto Tucuxi<\/strong>. Alegorias, fantasias e toadas tomam conta do Lago dos Botos, num espet\u00e1culo que lembra o Festival de Parintins. A edi\u00e7\u00e3o de 2025 reuniu quase 50 mil pessoas s\u00f3 no Lago dos Botos, segundo o <a href=\"https:\/\/santarem.pa.gov.br\/noticias\/saire-2025\/saire-2025-entra-para-a-historia-como-um-dos-maiores-e-melhores-de-todos-os-tempos-xwz8ya\" target=\"_blank\" rel=\"noreferrer noopener\"><strong>Corpo de Bombeiros<\/strong><\/a>. O carimb\u00f3, registrado em 2014 como Patrim\u00f4nio Cultural Imaterial do Brasil pelo <strong>Instituto do Patrim\u00f4nio Hist\u00f3rico e Art\u00edstico Nacional (IPHAN)<\/strong>, embala as noites da vila o ano inteiro nas tradicionais Quintas do Mestre.<\/p>\n\n\n<div class=\"wp-block-image\">\n<figure class=\"aligncenter size-large\"><img decoding=\"async\" width=\"1024\" height=\"576\" src=\"https:\/\/www.correiobraziliense.com.br\/cbradar\/wp-content\/uploads\/2025\/08\/amazonia-alter_1754599637173-1024x576.jpg\" alt=\"O Caribe da Amaz\u00f4nia no cora\u00e7\u00e3o do Par\u00e1 pouco conhecido que encanta com \u00e1guas doces que lembram um para\u00edso\" class=\"wp-image-82751\" srcset=\"https:\/\/www.correiobraziliense.com.br\/cbradar\/wp-content\/uploads\/2025\/08\/amazonia-alter_1754599637173-1024x576.jpg 1024w, https:\/\/www.correiobraziliense.com.br\/cbradar\/wp-content\/uploads\/2025\/08\/amazonia-alter_1754599637173-300x169.jpg 300w, https:\/\/www.correiobraziliense.com.br\/cbradar\/wp-content\/uploads\/2025\/08\/amazonia-alter_1754599637173-768x432.jpg 768w, https:\/\/www.correiobraziliense.com.br\/cbradar\/wp-content\/uploads\/2025\/08\/amazonia-alter_1754599637173-750x422.jpg 750w, https:\/\/www.correiobraziliense.com.br\/cbradar\/wp-content\/uploads\/2025\/08\/amazonia-alter_1754599637173-1140x642.jpg 1140w, https:\/\/www.correiobraziliense.com.br\/cbradar\/wp-content\/uploads\/2025\/08\/amazonia-alter_1754599637173.jpg 1279w\" sizes=\"(max-width: 1024px) 100vw, 1024px\" \/><figcaption class=\"wp-element-caption\">Alter do Ch\u00e3o \u00e9 um vilarejo no Par\u00e1 famoso por suas praias de \u00e1gua doce e beleza natural \u00fanica. \/\/ Cr\u00e9ditos: depositphotos.com \/ RudiErnst<\/figcaption><\/figure><\/div>\n\n\n<h2 class=\"wp-block-heading\">O que provar entre um banho de rio e outro?<\/h2>\n\n\n\n<p><strong>A cozinha de Alter do Ch\u00e3o traduz o vocabul\u00e1rio da floresta e do rio em pratos intensos. <\/strong>Os ingredientes mudam conforme a esta\u00e7\u00e3o das \u00e1guas.<\/p>\n\n\n\n<ul class=\"wp-block-list\">\n<li><strong>Tacac\u00e1<\/strong>: caldo quente de tucupi com goma de tapioca, jambu (que formiga na boca) e camar\u00e3o seco, servido em cuias nas ruas da vila ao entardecer.<\/li>\n\n\n\n<li><strong>Peixe frito com a\u00e7a\u00ed<\/strong>: o a\u00e7a\u00ed vem puro e espesso, acompanhado de farinha d&#8217;\u00e1gua e peixe fresco do Tapaj\u00f3s. Combina\u00e7\u00e3o cl\u00e1ssica da regi\u00e3o.<\/li>\n\n\n\n<li><strong>Piraruc\u00fa na brasa<\/strong>: carne firme e sabor suave do maior peixe de escamas de \u00e1gua doce do mundo, preparado em restaurantes da orla.<\/li>\n\n\n\n<li><strong>Avi\u00fa<\/strong>: considerado um dos menores camar\u00f5es do mundo, com cerca de 1 cm, aparece em caldos e farofas regionais.<\/li>\n<\/ul>\n\n\n\n<p><strong>Leia tamb\u00e9m: <a href=\"https:\/\/www.correiobraziliense.com.br\/cbradar\/proverbio-africano-se-quer-ir-rapido-va-sozinho-se-quer-ir-longe-va-acompanhado\/\" target=\"_blank\" rel=\"noreferrer noopener\">Prov\u00e9rbio africano: \u201cSe quer ir r\u00e1pido, v\u00e1 sozinho; se quer ir longe, v\u00e1 acompanhado.\u201d<\/a><\/strong><\/p>\n\n\n\n<h2 class=\"wp-block-heading\">Quando ir para ver praias ou floresta alagada?<\/h2>\n\n\n\n<p>A paisagem muda completamente conforme o n\u00edvel do Tapaj\u00f3s. Escolher a \u00e9poca certa define o tipo de experi\u00eancia.<\/p>\n\n\n<div class=\"wp-block-image\">\n<figure class=\"aligncenter size-full\"><img decoding=\"async\" width=\"1280\" height=\"416\" src=\"https:\/\/www.correiobraziliense.com.br\/cbradar\/wp-content\/uploads\/2026\/03\/convertido-39.jpg\" alt=\"\" class=\"wp-image-207159\" srcset=\"https:\/\/www.correiobraziliense.com.br\/cbradar\/wp-content\/uploads\/2026\/03\/convertido-39.jpg 1280w, https:\/\/www.correiobraziliense.com.br\/cbradar\/wp-content\/uploads\/2026\/03\/convertido-39-300x98.jpg 300w, https:\/\/www.correiobraziliense.com.br\/cbradar\/wp-content\/uploads\/2026\/03\/convertido-39-768x250.jpg 768w, https:\/\/www.correiobraziliense.com.br\/cbradar\/wp-content\/uploads\/2026\/03\/convertido-39-750x244.jpg 750w, https:\/\/www.correiobraziliense.com.br\/cbradar\/wp-content\/uploads\/2026\/03\/convertido-39-1140x371.jpg 1140w\" sizes=\"(max-width: 1280px) 100vw, 1280px\" \/><\/figure><\/div>\n\n\n<p><em>Temperaturas aproximadas com base no <a href=\"https:\/\/www.climatempo.com.br\/previsao-do-tempo\/cidade\/249\/santarem-pa\" target=\"_blank\" rel=\"noreferrer noopener\"><strong>Climatempo<\/strong><\/a>. Condi\u00e7\u00f5es podem variar conforme o ano.<\/em><\/p>\n\n\n\n<h2 class=\"wp-block-heading\">Como chegar ao Caribe Amaz\u00f4nico?<\/h2>\n\n\n\n<p>O <strong>Aeroporto de Santar\u00e9m (STM)<\/strong> recebe voos diretos de <strong>Bel\u00e9m<\/strong>, <strong>Manaus<\/strong> e <strong>Bras\u00edlia<\/strong>. De Santar\u00e9m at\u00e9 a vila s\u00e3o 37 km pela <strong>PA-457<\/strong> (Rodovia Everaldo Martins), em estrada asfaltada que leva cerca de 40 minutos. Transfers, t\u00e1xis e uma linha de \u00f4nibus regular fazem o trajeto. Quem vem de barco pode embarcar em <strong>Manaus<\/strong> ou Bel\u00e9m at\u00e9 Santar\u00e9m e, de l\u00e1, seguir por terra ou pelo pr\u00f3prio <strong>Rio Tapaj\u00f3s<\/strong>, conforme orienta o <a href=\"https:\/\/visitbrasil.com\/pt\/location\/alter-do-chao\/\" target=\"_blank\" rel=\"noreferrer noopener\"><strong>Visit Brasil<\/strong><\/a>.<\/p>\n\n\n\n<h2 class=\"wp-block-heading\">V\u00e1 sentir a temperatura do Tapaj\u00f3s<\/h2>\n\n\n\n<p><strong>Alter do Ch\u00e3o entrega o que nenhum outro destino brasileiro re\u00fane:<\/strong> praia caribenha de \u00e1gua doce, floresta amaz\u00f4nica preservada, gastronomia de rio e um festival folcl\u00f3rico tricenten\u00e1rio. Tudo isso numa vila que ainda guarda o ritmo calmo das comunidades ribeirinhas.<\/p>\n\n\n\n<p>Voc\u00ea precisa tirar os sapatos na areia branca da Ilha do Amor e entender por que o Tapaj\u00f3s tem cor de mar e temperatura de abra\u00e7o.<\/p>\n","protected":false},"excerpt":{"rendered":"<p>\u00c1gua doce e morna, areia branca e floresta densa em todas as dire\u00e7\u00f5es. Alter do Ch\u00e3o, vila de cerca de 6 mil moradores no oeste do Par\u00e1, guarda o cen\u00e1rio improv\u00e1vel de um Caribe plantado no cora\u00e7\u00e3o da Amaz\u00f4nia. Uma vila fundada em 1626 que o mundo s\u00f3 descobriu em 2009 O portugu\u00eas Pedro Teixeira [&hellip;]<\/p>\n","protected":false},"author":8,"featured_media":207207,"comment_status":"open","ping_status":"open","sticky":false,"template":"","format":"standard","meta":{"_yoast_wpseo_focuskw":"\u00e1gua doce","_yoast_wpseo_title":"","_yoast_wpseo_metadesc":"No cora\u00e7\u00e3o da Amaz\u00f4nia, uma praia de \u00e1gua doce impressiona pela paisagem natural e foi eleita uma das mais bonitas do Brasil.","jnews-multi-image_gallery":[],"jnews_single_post":{"format":"standard"},"jnews_primary_category":[],"jnews_social_meta":[],"jnews_override_counter":[],"footnotes":""},"categories":[108,111],"tags":[7052,291,7053],"class_list":["post-207147","post","type-post","status-publish","format-standard","has-post-thumbnail","hentry","category-cidades","category-turismo","tag-alter-do-chao","tag-para","tag-santarem"],"yoast_head":"<!-- This site is optimized with the Yoast SEO plugin v24.6 - https:\/\/yoast.com\/wordpress\/plugins\/seo\/ -->\n<title>A praia de \u00e1gua doce na Amaz\u00f4nia que foi escolhida entre as praias mais bonitas do Brasil - Correio Braziliense - Radar<\/title>\n<meta name=\"description\" content=\"No cora\u00e7\u00e3o da Amaz\u00f4nia, uma praia de \u00e1gua doce impressiona pela paisagem natural e foi eleita uma das mais bonitas do Brasil.\" \/>\n<meta name=\"robots\" content=\"index, follow, max-snippet:-1, max-image-preview:large, max-video-preview:-1\" \/>\n<link rel=\"canonical\" href=\"https:\/\/www.correiobraziliense.com.br\/cbradar\/a-praia-de-agua-doce-na-amazonia-que-foi-escolhida-entre-as-praias-mais-bonitas-do-brasil\/\" \/>\n<meta property=\"og:locale\" content=\"pt_BR\" \/>\n<meta property=\"og:type\" content=\"article\" \/>\n<meta property=\"og:title\" content=\"A praia de \u00e1gua doce na Amaz\u00f4nia que foi escolhida entre as praias mais bonitas do Brasil - Correio Braziliense - Radar\" \/>\n<meta property=\"og:description\" content=\"No cora\u00e7\u00e3o da Amaz\u00f4nia, uma praia de \u00e1gua doce impressiona pela paisagem natural e foi eleita uma das mais bonitas do Brasil.\" \/>\n<meta property=\"og:url\" content=\"https:\/\/www.correiobraziliense.com.br\/cbradar\/a-praia-de-agua-doce-na-amazonia-que-foi-escolhida-entre-as-praias-mais-bonitas-do-brasil\/\" \/>\n<meta property=\"og:site_name\" content=\"Correio Braziliense - Radar\" \/>\n<meta property=\"article:published_time\" content=\"2026-03-12T10:55:00+00:00\" \/>\n<meta property=\"og:image\" content=\"https:\/\/www.correiobraziliense.com.br\/cbradar\/wp-content\/uploads\/2026\/03\/aaa-2026-03-11T212655.942.png\" \/>\n\t<meta property=\"og:image:width\" content=\"1280\" \/>\n\t<meta property=\"og:image:height\" content=\"720\" \/>\n\t<meta property=\"og:image:type\" content=\"image\/png\" \/>\n<meta name=\"author\" content=\"Maura Pereira\" \/>\n<meta name=\"twitter:card\" content=\"summary_large_image\" \/>\n<meta name=\"twitter:label1\" content=\"Escrito por\" \/>\n\t<meta name=\"twitter:data1\" content=\"Maura Pereira\" \/>\n\t<meta name=\"twitter:label2\" content=\"Est. tempo de leitura\" \/>\n\t<meta name=\"twitter:data2\" content=\"7 minutos\" \/>\n<!-- \/ Yoast SEO plugin. -->","yoast_head_json":{"title":"A praia de \u00e1gua doce na Amaz\u00f4nia que foi escolhida entre as praias mais bonitas do Brasil - Correio Braziliense - Radar","description":"No cora\u00e7\u00e3o da Amaz\u00f4nia, uma praia de \u00e1gua doce impressiona pela paisagem natural e foi eleita uma das mais bonitas do Brasil.","robots":{"index":"index","follow":"follow","max-snippet":"max-snippet:-1","max-image-preview":"max-image-preview:large","max-video-preview":"max-video-preview:-1"},"canonical":"https:\/\/www.correiobraziliense.com.br\/cbradar\/a-praia-de-agua-doce-na-amazonia-que-foi-escolhida-entre-as-praias-mais-bonitas-do-brasil\/","og_locale":"pt_BR","og_type":"article","og_title":"A praia de \u00e1gua doce na Amaz\u00f4nia que foi escolhida entre as praias mais bonitas do Brasil - Correio Braziliense - Radar","og_description":"No cora\u00e7\u00e3o da Amaz\u00f4nia, uma praia de \u00e1gua doce impressiona pela paisagem natural e foi eleita uma das mais bonitas do Brasil.","og_url":"https:\/\/www.correiobraziliense.com.br\/cbradar\/a-praia-de-agua-doce-na-amazonia-que-foi-escolhida-entre-as-praias-mais-bonitas-do-brasil\/","og_site_name":"Correio Braziliense - Radar","article_published_time":"2026-03-12T10:55:00+00:00","og_image":[{"width":1280,"height":720,"url":"https:\/\/www.correiobraziliense.com.br\/cbradar\/wp-content\/uploads\/2026\/03\/aaa-2026-03-11T212655.942.png","type":"image\/png"}],"author":"Maura Pereira","twitter_card":"summary_large_image","twitter_misc":{"Escrito por":"Maura Pereira","Est. tempo de leitura":"7 minutos"},"schema":{"@context":"https:\/\/schema.org","@graph":[{"@type":"WebPage","@id":"https:\/\/www.correiobraziliense.com.br\/cbradar\/a-praia-de-agua-doce-na-amazonia-que-foi-escolhida-entre-as-praias-mais-bonitas-do-brasil\/","url":"https:\/\/www.correiobraziliense.com.br\/cbradar\/a-praia-de-agua-doce-na-amazonia-que-foi-escolhida-entre-as-praias-mais-bonitas-do-brasil\/","name":"A praia de \u00e1gua doce na Amaz\u00f4nia que foi escolhida entre as praias mais bonitas do Brasil - Correio Braziliense - Radar","isPartOf":{"@id":"https:\/\/www.correiobraziliense.com.br\/cbradar\/#website"},"primaryImageOfPage":{"@id":"https:\/\/www.correiobraziliense.com.br\/cbradar\/a-praia-de-agua-doce-na-amazonia-que-foi-escolhida-entre-as-praias-mais-bonitas-do-brasil\/#primaryimage"},"image":{"@id":"https:\/\/www.correiobraziliense.com.br\/cbradar\/a-praia-de-agua-doce-na-amazonia-que-foi-escolhida-entre-as-praias-mais-bonitas-do-brasil\/#primaryimage"},"thumbnailUrl":"https:\/\/www.correiobraziliense.com.br\/cbradar\/wp-content\/uploads\/2026\/03\/aaa-2026-03-11T212655.942.png","datePublished":"2026-03-12T10:55:00+00:00","author":{"@id":"https:\/\/www.correiobraziliense.com.br\/cbradar\/#\/schema\/person\/4053c651a9bfc785afc6f4cbc9032fd3"},"description":"No cora\u00e7\u00e3o da Amaz\u00f4nia, uma praia de \u00e1gua doce impressiona pela paisagem natural e foi eleita uma das mais bonitas do Brasil.","breadcrumb":{"@id":"https:\/\/www.correiobraziliense.com.br\/cbradar\/a-praia-de-agua-doce-na-amazonia-que-foi-escolhida-entre-as-praias-mais-bonitas-do-brasil\/#breadcrumb"},"inLanguage":"pt-BR","potentialAction":[{"@type":"ReadAction","target":["https:\/\/www.correiobraziliense.com.br\/cbradar\/a-praia-de-agua-doce-na-amazonia-que-foi-escolhida-entre-as-praias-mais-bonitas-do-brasil\/"]}]},{"@type":"ImageObject","inLanguage":"pt-BR","@id":"https:\/\/www.correiobraziliense.com.br\/cbradar\/a-praia-de-agua-doce-na-amazonia-que-foi-escolhida-entre-as-praias-mais-bonitas-do-brasil\/#primaryimage","url":"https:\/\/www.correiobraziliense.com.br\/cbradar\/wp-content\/uploads\/2026\/03\/aaa-2026-03-11T212655.942.png","contentUrl":"https:\/\/www.correiobraziliense.com.br\/cbradar\/wp-content\/uploads\/2026\/03\/aaa-2026-03-11T212655.942.png","width":1280,"height":720,"caption":"O Caribe Amaz\u00f4nico tem muito mais do que a foto cl\u00e1ssica da Ilha do Amor. \/ Imagem ilustrativa"},{"@type":"BreadcrumbList","@id":"https:\/\/www.correiobraziliense.com.br\/cbradar\/a-praia-de-agua-doce-na-amazonia-que-foi-escolhida-entre-as-praias-mais-bonitas-do-brasil\/#breadcrumb","itemListElement":[{"@type":"ListItem","position":1,"name":"In\u00edcio","item":"https:\/\/www.correiobraziliense.com.br\/cbradar\/"},{"@type":"ListItem","position":2,"name":"A praia de \u00e1gua doce na Amaz\u00f4nia que foi escolhida entre as praias mais bonitas do Brasil"}]},{"@type":"WebSite","@id":"https:\/\/www.correiobraziliense.com.br\/cbradar\/#website","url":"https:\/\/www.correiobraziliense.com.br\/cbradar\/","name":"Correio Braziliense - Radar","description":"Acompanhe as \u00faltimas not\u00edcias e fique bem informado sobre tudo o que acontece no Brasil e no mundo.","potentialAction":[{"@type":"SearchAction","target":{"@type":"EntryPoint","urlTemplate":"https:\/\/www.correiobraziliense.com.br\/cbradar\/?s={search_term_string}"},"query-input":{"@type":"PropertyValueSpecification","valueRequired":true,"valueName":"search_term_string"}}],"inLanguage":"pt-BR"},{"@type":"Person","@id":"https:\/\/www.correiobraziliense.com.br\/cbradar\/#\/schema\/person\/4053c651a9bfc785afc6f4cbc9032fd3","name":"Maura Pereira","image":{"@type":"ImageObject","inLanguage":"pt-BR","@id":"https:\/\/www.correiobraziliense.com.br\/cbradar\/#\/schema\/person\/image\/","url":"https:\/\/secure.gravatar.com\/avatar\/3effd6bdadfa447f15089c7f7144eaa6?s=96&d=mm&r=g","contentUrl":"https:\/\/secure.gravatar.com\/avatar\/3effd6bdadfa447f15089c7f7144eaa6?s=96&d=mm&r=g","caption":"Maura Pereira"},"sameAs":["https:\/\/www.correiobraziliense.com.br\/"],"url":"https:\/\/www.correiobraziliense.com.br\/cbradar\/author\/mauramyth\/"}]}},"_links":{"self":[{"href":"https:\/\/www.correiobraziliense.com.br\/cbradar\/wp-json\/wp\/v2\/posts\/207147","targetHints":{"allow":["GET"]}}],"collection":[{"href":"https:\/\/www.correiobraziliense.com.br\/cbradar\/wp-json\/wp\/v2\/posts"}],"about":[{"href":"https:\/\/www.correiobraziliense.com.br\/cbradar\/wp-json\/wp\/v2\/types\/post"}],"author":[{"embeddable":true,"href":"https:\/\/www.correiobraziliense.com.br\/cbradar\/wp-json\/wp\/v2\/users\/8"}],"replies":[{"embeddable":true,"href":"https:\/\/www.correiobraziliense.com.br\/cbradar\/wp-json\/wp\/v2\/comments?post=207147"}],"version-history":[{"count":12,"href":"https:\/\/www.correiobraziliense.com.br\/cbradar\/wp-json\/wp\/v2\/posts\/207147\/revisions"}],"predecessor-version":[{"id":207208,"href":"https:\/\/www.correiobraziliense.com.br\/cbradar\/wp-json\/wp\/v2\/posts\/207147\/revisions\/207208"}],"wp:featuredmedia":[{"embeddable":true,"href":"https:\/\/www.correiobraziliense.com.br\/cbradar\/wp-json\/wp\/v2\/media\/207207"}],"wp:attachment":[{"href":"https:\/\/www.correiobraziliense.com.br\/cbradar\/wp-json\/wp\/v2\/media?parent=207147"}],"wp:term":[{"taxonomy":"category","embeddable":true,"href":"https:\/\/www.correiobraziliense.com.br\/cbradar\/wp-json\/wp\/v2\/categories?post=207147"},{"taxonomy":"post_tag","embeddable":true,"href":"https:\/\/www.correiobraziliense.com.br\/cbradar\/wp-json\/wp\/v2\/tags?post=207147"}],"curies":[{"name":"wp","href":"https:\/\/api.w.org\/{rel}","templated":true}]}}