{"id":207170,"date":"2026-03-13T12:15:00","date_gmt":"2026-03-13T15:15:00","guid":{"rendered":"https:\/\/www.correiobraziliense.com.br\/cbradar\/?p=207170"},"modified":"2026-03-11T21:05:10","modified_gmt":"2026-03-12T00:05:10","slug":"proverbio-arabe-quem-tem-saude-tem-esperanca-e-quem-tem-esperanca-tem-tudo","status":"publish","type":"post","link":"https:\/\/www.correiobraziliense.com.br\/cbradar\/proverbio-arabe-quem-tem-saude-tem-esperanca-e-quem-tem-esperanca-tem-tudo\/","title":{"rendered":"Prov\u00e9rbio \u00e1rabe: \u201cQuem tem sa\u00fade tem esperan\u00e7a, e quem tem esperan\u00e7a tem tudo.\u201d"},"content":{"rendered":"\n<p>A sa\u00fade f\u00edsica e mental representa o alicerce mais s\u00f3lido para a constru\u00e7\u00e3o de qualquer projeto pessoal ou profissional duradouro hoje. Sem esse equil\u00edbrio vital, os sonhos perdem a for\u00e7a e a motiva\u00e7\u00e3o desaparece gradualmente da rotina. Cultivar o bem-estar integral \u00e9 o caminho mais curto para manter a chama da esperan\u00e7a sempre acesa.<\/p>\n\n\n\n<h2 class=\"wp-block-heading\">Por que o bem-estar f\u00edsico impulsiona o otimismo?<\/h2>\n\n\n\n<p>Quando o corpo humano funciona em sua plenitude biol\u00f3gica total, a produ\u00e7\u00e3o de neurotransmissores respons\u00e1veis pelo prazer aumenta de maneira natural e constante. Essa qu\u00edmica cerebral positiva permite que o indiv\u00edduo enxergue solu\u00e7\u00f5es criativas onde antes via apenas problemas intranspon\u00edveis no cotidiano. Manter-se saud\u00e1vel \u00e9, portanto, uma estrat\u00e9gia biol\u00f3gica essencial para sustentar uma vis\u00e3o de futuro promissora e resiliente.<\/p>\n\n\n\n<p>A disposi\u00e7\u00e3o f\u00edsica di\u00e1ria fornece a energia necess\u00e1ria para transformar pensamentos positivos em a\u00e7\u00f5es concretas e transformadoras para a sociedade atual. Pessoas que priorizam o autocuidado tendem a apresentar n\u00edveis de resili\u00eancia muito superiores diante das adversidades inevit\u00e1veis da exist\u00eancia humana. Essa for\u00e7a interior nasce da harmonia entre os sistemas vitais e a clareza mental proporcionada por h\u00e1bitos de vida muito mais saud\u00e1veis.<\/p>\n\n\n\n<figure class=\"wp-block-image size-full\"><img decoding=\"async\" width=\"1280\" height=\"720\" src=\"https:\/\/www.correiobraziliense.com.br\/cbradar\/wp-content\/uploads\/2026\/03\/Gemini_Generated_Image_9q5649q5649q5649-1-1.png\" alt=\"Prov\u00e9rbio \u00e1rabe: \u201cQuem tem sa\u00fade tem esperan\u00e7a, e quem tem esperan\u00e7a tem tudo.\u201d\" class=\"wp-image-207175\" srcset=\"https:\/\/www.correiobraziliense.com.br\/cbradar\/wp-content\/uploads\/2026\/03\/Gemini_Generated_Image_9q5649q5649q5649-1-1.png 1280w, https:\/\/www.correiobraziliense.com.br\/cbradar\/wp-content\/uploads\/2026\/03\/Gemini_Generated_Image_9q5649q5649q5649-1-1-300x169.png 300w, https:\/\/www.correiobraziliense.com.br\/cbradar\/wp-content\/uploads\/2026\/03\/Gemini_Generated_Image_9q5649q5649q5649-1-1-768x432.png 768w, https:\/\/www.correiobraziliense.com.br\/cbradar\/wp-content\/uploads\/2026\/03\/Gemini_Generated_Image_9q5649q5649q5649-1-1-750x422.png 750w, https:\/\/www.correiobraziliense.com.br\/cbradar\/wp-content\/uploads\/2026\/03\/Gemini_Generated_Image_9q5649q5649q5649-1-1-1140x641.png 1140w\" sizes=\"(max-width: 1280px) 100vw, 1280px\" \/><figcaption class=\"wp-element-caption\">Manter sa\u00fade f\u00edsica e esperan\u00e7a ativa pode influenciar diretamente motiva\u00e7\u00e3o<\/figcaption><\/figure>\n\n\n\n<h2 class=\"wp-block-heading\">Como a esperan\u00e7a atua como um motor invis\u00edvel?<\/h2>\n\n\n\n<p>A esperan\u00e7a funciona como um combust\u00edvel psicol\u00f3gico que mant\u00e9m a mente focada em objetivos de longo prazo, mesmo em tempos dif\u00edceis. Ela n\u00e3o \u00e9 apenas um sentimento passivo, mas uma ferramenta cognitiva ativa que orienta o comportamento humano em dire\u00e7\u00e3o ao sucesso. Sem essa perspectiva positiva, o presente torna-se vazio e a capacidade de supera\u00e7\u00e3o de obst\u00e1culos fica severamente comprometida.<\/p>\n\n\n\n<p>Estudos de psicologia positiva sugerem que indiv\u00edduos esperan\u00e7osos conseguem lidar melhor com o estresse cr\u00f4nico e a press\u00e3o do ambiente profissional moderno. Essa caracter\u00edstica permite que a pessoa desenvolva uma mentalidade de crescimento, aprendendo com os erros e persistindo at\u00e9 alcan\u00e7ar os resultados desejados. A esperan\u00e7a \u00e9 o elo real que conecta o esfor\u00e7o atual com as conquistas futuras e brilhantes da vida.<\/p>\n\n\n\n<h2 class=\"wp-block-heading\">Qual \u00e9 a rela\u00e7\u00e3o pr\u00e1tica entre esses dois pilares?<\/h2>\n\n\n\n<p>A integra\u00e7\u00e3o entre sa\u00fade e esperan\u00e7a cria um ciclo virtuoso onde cada elemento fortalece o outro de forma m\u00fatua e cont\u00ednua. Um corpo sadio sustenta uma mente confiante, enquanto uma mente esperan\u00e7osa motiva o indiv\u00edduo a cuidar melhor de seu pr\u00f3prio templo f\u00edsico. Esse equil\u00edbrio din\u00e2mico \u00e9 o segredo para uma longevidade plena, produtiva e repleta de significados reais.<\/p>\n\n\n\n<p>O <a href=\"https:\/\/www.correiobraziliense.com.br\/cbradar\/proverbio-africano-se-quer-ir-rapido-va-sozinho-se-quer-ir-longe-va-acompanhado\/\" target=\"_blank\" rel=\"noreferrer noopener\">prov\u00e9rbio <\/a>\u00e1rabe ressalta uma verdade universal que pode ser observada em diversos aspectos pr\u00e1ticos da experi\u00eancia humana em todo o mundo:<\/p>\n\n\n\n<ul class=\"wp-block-list\">\n<li>Aumento da longevidade atrav\u00e9s da preven\u00e7\u00e3o ativa.<\/li>\n\n\n\n<li>Melhora na qualidade dos relacionamentos interpessoais profundos.<\/li>\n\n\n\n<li>Maior capacidade de enfrentar crises econ\u00f4micas e pessoais.<\/li>\n\n\n\n<li>Fortalecimento do sistema imunol\u00f3gico atrav\u00e9s do pensamento positivo.<\/li>\n<\/ul>\n\n\n\n<h2 class=\"wp-block-heading\">De que forma a clareza mental transforma os resultados?<\/h2>\n\n\n\n<p>Eliminar as n\u00e9voas da incerteza por meio da manuten\u00e7\u00e3o da sa\u00fade permite que o indiv\u00edduo foque no que realmente importa em sua jornada. A clareza mental \u00e9 o subproduto de um estilo de vida que respeita os limites do corpo e nutre a mente. Com o foco ajustado, a produtividade atinge n\u00edveis extraordin\u00e1rios, gerando sentimentos constantes de realiza\u00e7\u00e3o e dever cumprido.<\/p>\n\n\n\n<p>Decis\u00f5es tomadas em estados de pleno vigor tendem a ser mais assertivas e menos influenciadas pelo medo ou pela exaust\u00e3o moment\u00e2nea. A sa\u00fade mental proporciona o distanciamento necess\u00e1rio para avaliar riscos e oportunidades com precis\u00e3o cir\u00fargica e calma absoluta. Alcan\u00e7ar esse estado \u00e9 o objetivo principal de muitos profissionais que buscam excel\u00eancia sem comprometer a pr\u00f3pria qualidade de vida.<\/p>\n\n\n\n<figure class=\"wp-block-image size-full\"><img decoding=\"async\" width=\"1280\" height=\"720\" src=\"https:\/\/www.correiobraziliense.com.br\/cbradar\/wp-content\/uploads\/2026\/03\/Gemini_Generated_Image_r934s0r934s0r934-1-1.png\" alt=\"Prov\u00e9rbio \u00e1rabe: \u201cQuem tem sa\u00fade tem esperan\u00e7a, e quem tem esperan\u00e7a tem tudo.\u201d\" class=\"wp-image-207177\" srcset=\"https:\/\/www.correiobraziliense.com.br\/cbradar\/wp-content\/uploads\/2026\/03\/Gemini_Generated_Image_r934s0r934s0r934-1-1.png 1280w, https:\/\/www.correiobraziliense.com.br\/cbradar\/wp-content\/uploads\/2026\/03\/Gemini_Generated_Image_r934s0r934s0r934-1-1-300x169.png 300w, https:\/\/www.correiobraziliense.com.br\/cbradar\/wp-content\/uploads\/2026\/03\/Gemini_Generated_Image_r934s0r934s0r934-1-1-768x432.png 768w, https:\/\/www.correiobraziliense.com.br\/cbradar\/wp-content\/uploads\/2026\/03\/Gemini_Generated_Image_r934s0r934s0r934-1-1-750x422.png 750w, https:\/\/www.correiobraziliense.com.br\/cbradar\/wp-content\/uploads\/2026\/03\/Gemini_Generated_Image_r934s0r934s0r934-1-1-1140x641.png 1140w\" sizes=\"(max-width: 1280px) 100vw, 1280px\" \/><figcaption class=\"wp-element-caption\">Manter sa\u00fade f\u00edsica e esperan\u00e7a ativa pode influenciar diretamente motiva\u00e7\u00e3o<\/figcaption><\/figure>\n\n\n\n<h2 class=\"wp-block-heading\">O que as organiza\u00e7\u00f5es internacionais recomendam para o equil\u00edbrio?<\/h2>\n\n\n\n<p>A <strong>Organiza\u00e7\u00e3o Mundial da Sa\u00fade<\/strong> define o bem-estar como um estado completo de harmonia f\u00edsica, mental e social, indo al\u00e9m da simples aus\u00eancia de doen\u00e7as. Essa vis\u00e3o hol\u00edstica refor\u00e7a a import\u00e2ncia de investir em pol\u00edticas p\u00fablicas que promovam h\u00e1bitos saud\u00e1veis em todas as etapas do desenvolvimento humano. Garantir o acesso \u00e0 sa\u00fade \u00e9 fundamental para que a esperan\u00e7a seja uma realidade acess\u00edvel a todos.<\/p>\n\n\n\n<p>Dados da <strong>Mental Health Foundation<\/strong> indicam que a pr\u00e1tica regular de exerc\u00edcios f\u00edsicos reduz significativamente os riscos de depress\u00e3o e ansiedade severa. Manter o corpo em movimento \u00e9 uma das formas mais eficazes de preservar a sa\u00fade cognitiva e alimentar a esperan\u00e7a em dias melhores. Para aprofundar seu conhecimento sobre o tema, consulte as diretrizes oficiais no portal da <a target=\"_blank\" rel=\"noreferrer noopener\" href=\"https:\/\/www.mentalhealth.org.uk\/explore-mental-health\/a-z-topics\/diet-and-mental-health\">Mental Health Foundation<\/a>.<\/p>\n","protected":false},"excerpt":{"rendered":"<p>A sa\u00fade f\u00edsica e mental representa o alicerce mais s\u00f3lido para a constru\u00e7\u00e3o de qualquer projeto pessoal ou profissional duradouro hoje. Sem esse equil\u00edbrio vital, os sonhos perdem a for\u00e7a e a motiva\u00e7\u00e3o desaparece gradualmente da rotina. Cultivar o bem-estar integral \u00e9 o caminho mais curto para manter a chama da esperan\u00e7a sempre acesa. Por [&hellip;]<\/p>\n","protected":false},"author":21,"featured_media":207180,"comment_status":"open","ping_status":"open","sticky":false,"template":"","format":"standard","meta":{"_yoast_wpseo_focuskw":"Rela\u00e7\u00e3o entre sa\u00fade f\u00edsica mental e esperan\u00e7a na vida","_yoast_wpseo_title":"","_yoast_wpseo_metadesc":"Sa\u00fade e esperan\u00e7a caminham juntas na constru\u00e7\u00e3o de uma vida equilibrada. Um princ\u00edpio simples pode transformar sua forma de viver.","jnews-multi-image_gallery":[],"jnews_single_post":{"format":"standard"},"jnews_primary_category":[],"jnews_social_meta":[],"jnews_override_counter":[],"footnotes":""},"categories":[112],"tags":[5078,15983,2859],"class_list":["post-207170","post","type-post","status-publish","format-standard","has-post-thumbnail","hentry","category-curiosidades","tag-filosofia","tag-proverbio-arabe","tag-saude-fisica"],"yoast_head":"<!-- This site is optimized with the Yoast SEO plugin v24.6 - https:\/\/yoast.com\/wordpress\/plugins\/seo\/ -->\n<title>Prov\u00e9rbio \u00e1rabe: \u201cQuem tem sa\u00fade tem esperan\u00e7a, e quem tem esperan\u00e7a tem tudo.\u201d - Correio Braziliense - Radar<\/title>\n<meta name=\"description\" content=\"Sa\u00fade e esperan\u00e7a caminham juntas na constru\u00e7\u00e3o de uma vida equilibrada. Um princ\u00edpio simples pode transformar sua forma de viver.\" \/>\n<meta name=\"robots\" content=\"index, follow, max-snippet:-1, max-image-preview:large, max-video-preview:-1\" \/>\n<link rel=\"canonical\" href=\"https:\/\/www.correiobraziliense.com.br\/cbradar\/proverbio-arabe-quem-tem-saude-tem-esperanca-e-quem-tem-esperanca-tem-tudo\/\" \/>\n<meta property=\"og:locale\" content=\"pt_BR\" \/>\n<meta property=\"og:type\" content=\"article\" \/>\n<meta property=\"og:title\" content=\"Prov\u00e9rbio \u00e1rabe: \u201cQuem tem sa\u00fade tem esperan\u00e7a, e quem tem esperan\u00e7a tem tudo.\u201d - Correio Braziliense - Radar\" \/>\n<meta property=\"og:description\" content=\"Sa\u00fade e esperan\u00e7a caminham juntas na constru\u00e7\u00e3o de uma vida equilibrada. Um princ\u00edpio simples pode transformar sua forma de viver.\" \/>\n<meta property=\"og:url\" content=\"https:\/\/www.correiobraziliense.com.br\/cbradar\/proverbio-arabe-quem-tem-saude-tem-esperanca-e-quem-tem-esperanca-tem-tudo\/\" \/>\n<meta property=\"og:site_name\" content=\"Correio Braziliense - Radar\" \/>\n<meta property=\"article:published_time\" content=\"2026-03-13T15:15:00+00:00\" \/>\n<meta property=\"og:image\" content=\"https:\/\/www.correiobraziliense.com.br\/cbradar\/wp-content\/uploads\/2026\/03\/Gemini_Generated_Image_2qyvwf2qyvwf2qyv-1-1.png\" \/>\n\t<meta property=\"og:image:width\" content=\"1280\" \/>\n\t<meta property=\"og:image:height\" content=\"720\" \/>\n\t<meta property=\"og:image:type\" content=\"image\/png\" \/>\n<meta name=\"author\" content=\"Patrick Silva\" \/>\n<meta name=\"twitter:card\" content=\"summary_large_image\" \/>\n<meta name=\"twitter:label1\" content=\"Escrito por\" \/>\n\t<meta name=\"twitter:data1\" content=\"Patrick Silva\" \/>\n\t<meta name=\"twitter:label2\" content=\"Est. tempo de leitura\" \/>\n\t<meta name=\"twitter:data2\" content=\"5 minutos\" \/>\n<!-- \/ Yoast SEO plugin. -->","yoast_head_json":{"title":"Prov\u00e9rbio \u00e1rabe: \u201cQuem tem sa\u00fade tem esperan\u00e7a, e quem tem esperan\u00e7a tem tudo.\u201d - Correio Braziliense - Radar","description":"Sa\u00fade e esperan\u00e7a caminham juntas na constru\u00e7\u00e3o de uma vida equilibrada. Um princ\u00edpio simples pode transformar sua forma de viver.","robots":{"index":"index","follow":"follow","max-snippet":"max-snippet:-1","max-image-preview":"max-image-preview:large","max-video-preview":"max-video-preview:-1"},"canonical":"https:\/\/www.correiobraziliense.com.br\/cbradar\/proverbio-arabe-quem-tem-saude-tem-esperanca-e-quem-tem-esperanca-tem-tudo\/","og_locale":"pt_BR","og_type":"article","og_title":"Prov\u00e9rbio \u00e1rabe: \u201cQuem tem sa\u00fade tem esperan\u00e7a, e quem tem esperan\u00e7a tem tudo.\u201d - Correio Braziliense - Radar","og_description":"Sa\u00fade e esperan\u00e7a caminham juntas na constru\u00e7\u00e3o de uma vida equilibrada. Um princ\u00edpio simples pode transformar sua forma de viver.","og_url":"https:\/\/www.correiobraziliense.com.br\/cbradar\/proverbio-arabe-quem-tem-saude-tem-esperanca-e-quem-tem-esperanca-tem-tudo\/","og_site_name":"Correio Braziliense - Radar","article_published_time":"2026-03-13T15:15:00+00:00","og_image":[{"width":1280,"height":720,"url":"https:\/\/www.correiobraziliense.com.br\/cbradar\/wp-content\/uploads\/2026\/03\/Gemini_Generated_Image_2qyvwf2qyvwf2qyv-1-1.png","type":"image\/png"}],"author":"Patrick Silva","twitter_card":"summary_large_image","twitter_misc":{"Escrito por":"Patrick Silva","Est. tempo de leitura":"5 minutos"},"schema":{"@context":"https:\/\/schema.org","@graph":[{"@type":"WebPage","@id":"https:\/\/www.correiobraziliense.com.br\/cbradar\/proverbio-arabe-quem-tem-saude-tem-esperanca-e-quem-tem-esperanca-tem-tudo\/","url":"https:\/\/www.correiobraziliense.com.br\/cbradar\/proverbio-arabe-quem-tem-saude-tem-esperanca-e-quem-tem-esperanca-tem-tudo\/","name":"Prov\u00e9rbio \u00e1rabe: \u201cQuem tem sa\u00fade tem esperan\u00e7a, e quem tem esperan\u00e7a tem tudo.\u201d - Correio Braziliense - Radar","isPartOf":{"@id":"https:\/\/www.correiobraziliense.com.br\/cbradar\/#website"},"primaryImageOfPage":{"@id":"https:\/\/www.correiobraziliense.com.br\/cbradar\/proverbio-arabe-quem-tem-saude-tem-esperanca-e-quem-tem-esperanca-tem-tudo\/#primaryimage"},"image":{"@id":"https:\/\/www.correiobraziliense.com.br\/cbradar\/proverbio-arabe-quem-tem-saude-tem-esperanca-e-quem-tem-esperanca-tem-tudo\/#primaryimage"},"thumbnailUrl":"https:\/\/www.correiobraziliense.com.br\/cbradar\/wp-content\/uploads\/2026\/03\/Gemini_Generated_Image_2qyvwf2qyvwf2qyv-1-1.png","datePublished":"2026-03-13T15:15:00+00:00","author":{"@id":"https:\/\/www.correiobraziliense.com.br\/cbradar\/#\/schema\/person\/5440b72be9c7eb74f446c846479dc4da"},"description":"Sa\u00fade e esperan\u00e7a caminham juntas na constru\u00e7\u00e3o de uma vida equilibrada. Um princ\u00edpio simples pode transformar sua forma de viver.","breadcrumb":{"@id":"https:\/\/www.correiobraziliense.com.br\/cbradar\/proverbio-arabe-quem-tem-saude-tem-esperanca-e-quem-tem-esperanca-tem-tudo\/#breadcrumb"},"inLanguage":"pt-BR","potentialAction":[{"@type":"ReadAction","target":["https:\/\/www.correiobraziliense.com.br\/cbradar\/proverbio-arabe-quem-tem-saude-tem-esperanca-e-quem-tem-esperanca-tem-tudo\/"]}]},{"@type":"ImageObject","inLanguage":"pt-BR","@id":"https:\/\/www.correiobraziliense.com.br\/cbradar\/proverbio-arabe-quem-tem-saude-tem-esperanca-e-quem-tem-esperanca-tem-tudo\/#primaryimage","url":"https:\/\/www.correiobraziliense.com.br\/cbradar\/wp-content\/uploads\/2026\/03\/Gemini_Generated_Image_2qyvwf2qyvwf2qyv-1-1.png","contentUrl":"https:\/\/www.correiobraziliense.com.br\/cbradar\/wp-content\/uploads\/2026\/03\/Gemini_Generated_Image_2qyvwf2qyvwf2qyv-1-1.png","width":1280,"height":720,"caption":"Quando sa\u00fade e esperan\u00e7a se unem, a mente encontra for\u00e7a para enfrentar desafios e construir objetivos duradouros"},{"@type":"BreadcrumbList","@id":"https:\/\/www.correiobraziliense.com.br\/cbradar\/proverbio-arabe-quem-tem-saude-tem-esperanca-e-quem-tem-esperanca-tem-tudo\/#breadcrumb","itemListElement":[{"@type":"ListItem","position":1,"name":"In\u00edcio","item":"https:\/\/www.correiobraziliense.com.br\/cbradar\/"},{"@type":"ListItem","position":2,"name":"Prov\u00e9rbio \u00e1rabe: \u201cQuem tem sa\u00fade tem esperan\u00e7a, e quem tem esperan\u00e7a tem tudo.\u201d"}]},{"@type":"WebSite","@id":"https:\/\/www.correiobraziliense.com.br\/cbradar\/#website","url":"https:\/\/www.correiobraziliense.com.br\/cbradar\/","name":"Correio Braziliense - Radar","description":"Acompanhe as \u00faltimas not\u00edcias e fique bem informado sobre tudo o que acontece no Brasil e no mundo.","potentialAction":[{"@type":"SearchAction","target":{"@type":"EntryPoint","urlTemplate":"https:\/\/www.correiobraziliense.com.br\/cbradar\/?s={search_term_string}"},"query-input":{"@type":"PropertyValueSpecification","valueRequired":true,"valueName":"search_term_string"}}],"inLanguage":"pt-BR"},{"@type":"Person","@id":"https:\/\/www.correiobraziliense.com.br\/cbradar\/#\/schema\/person\/5440b72be9c7eb74f446c846479dc4da","name":"Patrick Silva","image":{"@type":"ImageObject","inLanguage":"pt-BR","@id":"https:\/\/www.correiobraziliense.com.br\/cbradar\/#\/schema\/person\/image\/","url":"https:\/\/secure.gravatar.com\/avatar\/944109df296fc087785c9715fd5f80b2?s=96&d=mm&r=g","contentUrl":"https:\/\/secure.gravatar.com\/avatar\/944109df296fc087785c9715fd5f80b2?s=96&d=mm&r=g","caption":"Patrick Silva"},"sameAs":["https:\/\/www.correiobraziliense.com.br\/cbradar\/"],"url":"https:\/\/www.correiobraziliense.com.br\/cbradar\/author\/patrick-silva\/"}]}},"_links":{"self":[{"href":"https:\/\/www.correiobraziliense.com.br\/cbradar\/wp-json\/wp\/v2\/posts\/207170","targetHints":{"allow":["GET"]}}],"collection":[{"href":"https:\/\/www.correiobraziliense.com.br\/cbradar\/wp-json\/wp\/v2\/posts"}],"about":[{"href":"https:\/\/www.correiobraziliense.com.br\/cbradar\/wp-json\/wp\/v2\/types\/post"}],"author":[{"embeddable":true,"href":"https:\/\/www.correiobraziliense.com.br\/cbradar\/wp-json\/wp\/v2\/users\/21"}],"replies":[{"embeddable":true,"href":"https:\/\/www.correiobraziliense.com.br\/cbradar\/wp-json\/wp\/v2\/comments?post=207170"}],"version-history":[{"count":4,"href":"https:\/\/www.correiobraziliense.com.br\/cbradar\/wp-json\/wp\/v2\/posts\/207170\/revisions"}],"predecessor-version":[{"id":207181,"href":"https:\/\/www.correiobraziliense.com.br\/cbradar\/wp-json\/wp\/v2\/posts\/207170\/revisions\/207181"}],"wp:featuredmedia":[{"embeddable":true,"href":"https:\/\/www.correiobraziliense.com.br\/cbradar\/wp-json\/wp\/v2\/media\/207180"}],"wp:attachment":[{"href":"https:\/\/www.correiobraziliense.com.br\/cbradar\/wp-json\/wp\/v2\/media?parent=207170"}],"wp:term":[{"taxonomy":"category","embeddable":true,"href":"https:\/\/www.correiobraziliense.com.br\/cbradar\/wp-json\/wp\/v2\/categories?post=207170"},{"taxonomy":"post_tag","embeddable":true,"href":"https:\/\/www.correiobraziliense.com.br\/cbradar\/wp-json\/wp\/v2\/tags?post=207170"}],"curies":[{"name":"wp","href":"https:\/\/api.w.org\/{rel}","templated":true}]}}