{"id":207182,"date":"2026-03-13T17:35:00","date_gmt":"2026-03-13T20:35:00","guid":{"rendered":"https:\/\/www.correiobraziliense.com.br\/cbradar\/?p=207182"},"modified":"2026-03-11T21:11:32","modified_gmt":"2026-03-12T00:11:32","slug":"proverbio-budista-a-dor-e-inevitavel-mas-o-sofrimento-e-opcional","status":"publish","type":"post","link":"https:\/\/www.correiobraziliense.com.br\/cbradar\/proverbio-budista-a-dor-e-inevitavel-mas-o-sofrimento-e-opcional\/","title":{"rendered":"Prov\u00e9rbio budista: \u201cA dor \u00e9 inevit\u00e1vel, mas o sofrimento \u00e9 opcional.\u201d"},"content":{"rendered":"\n<p>Enfrentar momentos dif\u00edceis faz parte da experi\u00eancia humana natural e ningu\u00e9m est\u00e1 imune aos imprevistos que a vida apresenta diariamente. No entanto, a forma como reagimos emocionalmente a esses eventos determina a qualidade da nossa sa\u00fade mental. Entender a distin\u00e7\u00e3o entre sentir dor f\u00edsica e prolongar o sofrimento emocional \u00e9 vital para todos.<\/p>\n\n\n\n<h2 class=\"wp-block-heading\">Qual a diferen\u00e7a entre sentir e sofrer?<\/h2>\n\n\n\n<p>A dor \u00e9 uma resposta biol\u00f3gica imediata a um est\u00edmulo negativo, funcionando como um alerta essencial para a nossa sobreviv\u00eancia f\u00edsica. J\u00e1 o sofrimento surge quando a mente se apega ao evento ocorrido, criando narrativas repetitivas que alimentam a ang\u00fastia por tempo indeterminado. Diferenciar essas duas sensa\u00e7\u00f5es permite que o indiv\u00edduo processe perdas com muito mais equil\u00edbrio emocional.<\/p>\n\n\n\n<p>Quando aceitamos que certas situa\u00e7\u00f5es est\u00e3o fora de nosso controle direto, reduzimos drasticamente o peso psicol\u00f3gico carregado desnecessariamente no dia a dia. Esse desapego consciente n\u00e3o significa indiferen\u00e7a, mas sim uma escolha estrat\u00e9gica para preservar a energia vital e o foco nas solu\u00e7\u00f5es. Praticar essa mentalidade resiliente transforma obst\u00e1culos em degraus valiosos para o crescimento pessoal sustent\u00e1vel.<\/p>\n\n\n\n<figure class=\"wp-block-image size-full\"><img decoding=\"async\" width=\"1280\" height=\"720\" src=\"https:\/\/www.correiobraziliense.com.br\/cbradar\/wp-content\/uploads\/2026\/03\/Gemini_Generated_Image_l4qkgxl4qkgxl4qk-1-1.png\" alt=\"Prov\u00e9rbio budista: \u201cA dor \u00e9 inevit\u00e1vel, mas o sofrimento \u00e9 opcional.\u201d\" class=\"wp-image-207187\" srcset=\"https:\/\/www.correiobraziliense.com.br\/cbradar\/wp-content\/uploads\/2026\/03\/Gemini_Generated_Image_l4qkgxl4qkgxl4qk-1-1.png 1280w, https:\/\/www.correiobraziliense.com.br\/cbradar\/wp-content\/uploads\/2026\/03\/Gemini_Generated_Image_l4qkgxl4qkgxl4qk-1-1-300x169.png 300w, https:\/\/www.correiobraziliense.com.br\/cbradar\/wp-content\/uploads\/2026\/03\/Gemini_Generated_Image_l4qkgxl4qkgxl4qk-1-1-768x432.png 768w, https:\/\/www.correiobraziliense.com.br\/cbradar\/wp-content\/uploads\/2026\/03\/Gemini_Generated_Image_l4qkgxl4qkgxl4qk-1-1-750x422.png 750w, https:\/\/www.correiobraziliense.com.br\/cbradar\/wp-content\/uploads\/2026\/03\/Gemini_Generated_Image_l4qkgxl4qkgxl4qk-1-1-1140x641.png 1140w\" sizes=\"(max-width: 1280px) 100vw, 1280px\" \/><figcaption class=\"wp-element-caption\">A maneira como lidamos com a dor pode determinar se ela vira sofrimento prolongado<\/figcaption><\/figure>\n\n\n\n<h2 class=\"wp-block-heading\">Como a mente prolonga o desconforto emocional?<\/h2>\n\n\n\n<p>Alimentar m\u00e1goas e reviver traumas passados s\u00e3o comportamentos que <strong><a href=\"https:\/\/www.correiobraziliense.com.br\/cbradar\/proverbio-africano-se-quer-ir-rapido-va-sozinho-se-quer-ir-longe-va-acompanhado\/\" target=\"_blank\" rel=\"noreferrer noopener\">transformam <\/a><\/strong>uma ferida tempor\u00e1ria em um estado de sofrimento cr\u00f4nico e paralisante. A <strong>neuroplasticidade<\/strong> do c\u00e9rebro permite que mudemos esses padr\u00f5es, mas isso exige um esfor\u00e7o consciente para redirecionar o pensamento para o presente. Romper esse ciclo vicioso \u00e9 fundamental para manter a estabilidade mental em alta hoje.<\/p>\n\n\n\n<p>O h\u00e1bito de ruminar sobre o que poderia ter sido diferente apenas consome recursos cognitivos que seriam melhor utilizados na constru\u00e7\u00e3o do futuro. Ao treinar a aten\u00e7\u00e3o plena, conseguimos observar os sentimentos sem nos tornarmos escravos deles durante as crises mais intensas. Essa autonomia psicol\u00f3gica \u00e9 o que separa aqueles que prosperam daqueles que se perdem nas adversidades cotidianas.<\/p>\n\n\n\n<h2 class=\"wp-block-heading\">Quais ferramentas auxiliam nessa transi\u00e7\u00e3o mental?<\/h2>\n\n\n\n<p>Desenvolver habilidades de regula\u00e7\u00e3o emocional requer pr\u00e1tica constante e o uso de t\u00e9cnicas validadas pela psicologia moderna para obter resultados concretos. Pequenas mudan\u00e7as na rotina de pensamento podem gerar um impacto profundo na percep\u00e7\u00e3o da realidade e na capacidade de supera\u00e7\u00e3o. Adotar uma postura proativa diante dos desafios internos fortalece a psique humana de maneira definitiva.<\/p>\n\n\n\n<p>A incorpora\u00e7\u00e3o de novos h\u00e1bitos saud\u00e1veis permite que qualquer pessoa consiga gerenciar as pr\u00f3prias emo\u00e7\u00f5es com clareza e vigor renovado nos pilares abaixo:<\/p>\n\n\n\n<ul class=\"wp-block-list\">\n<li>Pr\u00e1tica di\u00e1ria de medita\u00e7\u00e3o mindfulness.<\/li>\n\n\n\n<li>Exerc\u00edcio f\u00edsico para libera\u00e7\u00e3o de endorfina.<\/li>\n\n\n\n<li>Escrita terap\u00eautica para organizar sentimentos.<\/li>\n\n\n\n<li>Foco em atividades que geram prop\u00f3sito real.<\/li>\n<\/ul>\n\n\n\n<h2 class=\"wp-block-heading\">Por que a aceita\u00e7\u00e3o n\u00e3o \u00e9 conformismo?<\/h2>\n\n\n\n<p>Aceitar a inevitabilidade da dor \u00e9 um ato de coragem que libera o indiv\u00edduo para agir de forma eficaz sobre o que pode mudar. O conformismo, por outro lado, \u00e9 uma desist\u00eancia passiva que impede a evolu\u00e7\u00e3o e o aprendizado diante das dificuldades reais. A aceita\u00e7\u00e3o inteligente funciona como uma base s\u00f3lida para a tomada de decis\u00f5es muito assertivas agora.<\/p>\n\n\n\n<p>Quando paramos de lutar contra fatos consumados, ganhamos a clareza necess\u00e1ria para reconstruir a rota com intelig\u00eancia e paci\u00eancia renovadas. Esse processo de amadurecimento emocional \u00e9 essencial para qualquer pessoa que busca viver com mais leveza e menos peso nas costas. O segredo reside em acolher o presente enquanto se planeja o pr\u00f3ximo passo com determina\u00e7\u00e3o absoluta.<\/p>\n\n\n\n<figure class=\"wp-block-image size-full\"><img decoding=\"async\" width=\"1280\" height=\"720\" src=\"https:\/\/www.correiobraziliense.com.br\/cbradar\/wp-content\/uploads\/2026\/03\/Gemini_Generated_Image_pfvskmpfvskmpfvs-1-1.png\" alt=\"Prov\u00e9rbio budista: \u201cA dor \u00e9 inevit\u00e1vel, mas o sofrimento \u00e9 opcional.\u201d\" class=\"wp-image-207192\" srcset=\"https:\/\/www.correiobraziliense.com.br\/cbradar\/wp-content\/uploads\/2026\/03\/Gemini_Generated_Image_pfvskmpfvskmpfvs-1-1.png 1280w, https:\/\/www.correiobraziliense.com.br\/cbradar\/wp-content\/uploads\/2026\/03\/Gemini_Generated_Image_pfvskmpfvskmpfvs-1-1-300x169.png 300w, https:\/\/www.correiobraziliense.com.br\/cbradar\/wp-content\/uploads\/2026\/03\/Gemini_Generated_Image_pfvskmpfvskmpfvs-1-1-768x432.png 768w, https:\/\/www.correiobraziliense.com.br\/cbradar\/wp-content\/uploads\/2026\/03\/Gemini_Generated_Image_pfvskmpfvskmpfvs-1-1-750x422.png 750w, https:\/\/www.correiobraziliense.com.br\/cbradar\/wp-content\/uploads\/2026\/03\/Gemini_Generated_Image_pfvskmpfvskmpfvs-1-1-1140x641.png 1140w\" sizes=\"(max-width: 1280px) 100vw, 1280px\" \/><figcaption class=\"wp-element-caption\">A maneira como lidamos com a dor pode determinar se ela vira sofrimento prolongado<\/figcaption><\/figure>\n\n\n\n<h2 class=\"wp-block-heading\">O que os especialistas dizem sobre resili\u00eancia?<\/h2>\n\n\n\n<p>A <strong>American Psychological Association<\/strong> destaca que a resili\u00eancia \u00e9 um processo din\u00e2mico que envolve a adapta\u00e7\u00e3o bem-sucedida a experi\u00eancias de vida dif\u00edceis e desafiadoras. Cultivar relacionamentos de apoio e manter uma perspectiva otimista s\u00e3o fatores que contribuem diretamente para a redu\u00e7\u00e3o do sofrimento emocional. Entender que somos capazes de aprender novas formas de lidar com a adversidade \u00e9 libertador.<\/p>\n\n\n\n<p>Pesquisas indicam que focar em metas alcan\u00e7\u00e1veis e cuidar da sa\u00fade f\u00edsica s\u00e3o passos pr\u00e1ticos para fortalecer a mente contra o estresse severo. Ao adotar essas estrat\u00e9gias, conseguimos minimizar o impacto negativo de traumas e acelerar o processo de recupera\u00e7\u00e3o emocional. Para saber mais sobre como desenvolver essas compet\u00eancias, acesse o guia oficial diretamente no portal da <a target=\"_blank\" rel=\"noreferrer noopener\" href=\"https:\/\/www.apa.org\/topics\/resilience\">APA<\/a>.<\/p>\n","protected":false},"excerpt":{"rendered":"<p>Enfrentar momentos dif\u00edceis faz parte da experi\u00eancia humana natural e ningu\u00e9m est\u00e1 imune aos imprevistos que a vida apresenta diariamente. No entanto, a forma como reagimos emocionalmente a esses eventos determina a qualidade da nossa sa\u00fade mental. Entender a distin\u00e7\u00e3o entre sentir dor f\u00edsica e prolongar o sofrimento emocional \u00e9 vital para todos. Qual a [&hellip;]<\/p>\n","protected":false},"author":21,"featured_media":207184,"comment_status":"open","ping_status":"open","sticky":false,"template":"","format":"standard","meta":{"_yoast_wpseo_focuskw":"Diferen\u00e7a entre dor e sofrimento na psicologia emocional","_yoast_wpseo_title":"","_yoast_wpseo_metadesc":"A diferen\u00e7a entre sentir dor e prolongar o sofrimento pode mudar a forma de enfrentar desafios da vida. A psicologia explica","jnews-multi-image_gallery":[],"jnews_single_post":{"format":"standard"},"jnews_primary_category":[],"jnews_social_meta":[],"jnews_override_counter":[],"footnotes":""},"categories":[128],"post_tag":[15984,2342,12223,8334],"class_list":["post-207182","post","type-post","status-publish","format-standard","has-post-thumbnail","hentry","category-economia","tag-budistas","tag-dor","tag-proverbio","tag-sofrimento"],"yoast_head":"<!-- This site is optimized with the Yoast SEO plugin v24.6 - https:\/\/yoast.com\/wordpress\/plugins\/seo\/ -->\n<title>Prov\u00e9rbio budista: \u201cA dor \u00e9 inevit\u00e1vel, mas o sofrimento \u00e9 opcional.\u201d - Correio Braziliense - Radar<\/title>\n<meta name=\"description\" content=\"A diferen\u00e7a entre sentir dor e prolongar o sofrimento pode mudar a forma de enfrentar desafios da vida. A psicologia explica\" \/>\n<meta name=\"robots\" content=\"index, follow, max-snippet:-1, max-image-preview:large, max-video-preview:-1\" \/>\n<link rel=\"canonical\" href=\"https:\/\/www.correiobraziliense.com.br\/cbradar\/proverbio-budista-a-dor-e-inevitavel-mas-o-sofrimento-e-opcional\/\" \/>\n<meta property=\"og:locale\" content=\"pt_BR\" \/>\n<meta property=\"og:type\" content=\"article\" \/>\n<meta property=\"og:title\" content=\"Prov\u00e9rbio budista: \u201cA dor \u00e9 inevit\u00e1vel, mas o sofrimento \u00e9 opcional.\u201d - Correio Braziliense - Radar\" \/>\n<meta property=\"og:description\" content=\"A diferen\u00e7a entre sentir dor e prolongar o sofrimento pode mudar a forma de enfrentar desafios da vida. A psicologia explica\" \/>\n<meta property=\"og:url\" content=\"https:\/\/www.correiobraziliense.com.br\/cbradar\/proverbio-budista-a-dor-e-inevitavel-mas-o-sofrimento-e-opcional\/\" \/>\n<meta property=\"og:site_name\" content=\"Correio Braziliense - Radar\" \/>\n<meta property=\"article:published_time\" content=\"2026-03-13T20:35:00+00:00\" \/>\n<meta property=\"og:image\" content=\"https:\/\/www.correiobraziliense.com.br\/cbradar\/wp-content\/uploads\/2026\/03\/Gemini_Generated_Image_wosxy0wosxy0wosx-1-1.png\" \/>\n\t<meta property=\"og:image:width\" content=\"1280\" \/>\n\t<meta property=\"og:image:height\" content=\"720\" \/>\n\t<meta property=\"og:image:type\" content=\"image\/png\" \/>\n<meta name=\"author\" content=\"Patrick Silva\" \/>\n<meta name=\"twitter:card\" content=\"summary_large_image\" \/>\n<meta name=\"twitter:label1\" content=\"Escrito por\" \/>\n\t<meta name=\"twitter:data1\" content=\"Patrick Silva\" \/>\n\t<meta name=\"twitter:label2\" content=\"Est. tempo de leitura\" \/>\n\t<meta name=\"twitter:data2\" content=\"5 minutos\" \/>\n<!-- \/ Yoast SEO plugin. -->","yoast_head_json":{"title":"Prov\u00e9rbio budista: \u201cA dor \u00e9 inevit\u00e1vel, mas o sofrimento \u00e9 opcional.\u201d - Correio Braziliense - Radar","description":"A diferen\u00e7a entre sentir dor e prolongar o sofrimento pode mudar a forma de enfrentar desafios da vida. A psicologia explica","robots":{"index":"index","follow":"follow","max-snippet":"max-snippet:-1","max-image-preview":"max-image-preview:large","max-video-preview":"max-video-preview:-1"},"canonical":"https:\/\/www.correiobraziliense.com.br\/cbradar\/proverbio-budista-a-dor-e-inevitavel-mas-o-sofrimento-e-opcional\/","og_locale":"pt_BR","og_type":"article","og_title":"Prov\u00e9rbio budista: \u201cA dor \u00e9 inevit\u00e1vel, mas o sofrimento \u00e9 opcional.\u201d - Correio Braziliense - Radar","og_description":"A diferen\u00e7a entre sentir dor e prolongar o sofrimento pode mudar a forma de enfrentar desafios da vida. A psicologia explica","og_url":"https:\/\/www.correiobraziliense.com.br\/cbradar\/proverbio-budista-a-dor-e-inevitavel-mas-o-sofrimento-e-opcional\/","og_site_name":"Correio Braziliense - Radar","article_published_time":"2026-03-13T20:35:00+00:00","og_image":[{"width":1280,"height":720,"url":"https:\/\/www.correiobraziliense.com.br\/cbradar\/wp-content\/uploads\/2026\/03\/Gemini_Generated_Image_wosxy0wosxy0wosx-1-1.png","type":"image\/png"}],"author":"Patrick Silva","twitter_card":"summary_large_image","twitter_misc":{"Escrito por":"Patrick Silva","Est. tempo de leitura":"5 minutos"},"schema":{"@context":"https:\/\/schema.org","@graph":[{"@type":"WebPage","@id":"https:\/\/www.correiobraziliense.com.br\/cbradar\/proverbio-budista-a-dor-e-inevitavel-mas-o-sofrimento-e-opcional\/","url":"https:\/\/www.correiobraziliense.com.br\/cbradar\/proverbio-budista-a-dor-e-inevitavel-mas-o-sofrimento-e-opcional\/","name":"Prov\u00e9rbio budista: \u201cA dor \u00e9 inevit\u00e1vel, mas o sofrimento \u00e9 opcional.\u201d - Correio Braziliense - Radar","isPartOf":{"@id":"https:\/\/www.correiobraziliense.com.br\/cbradar\/#website"},"primaryImageOfPage":{"@id":"https:\/\/www.correiobraziliense.com.br\/cbradar\/proverbio-budista-a-dor-e-inevitavel-mas-o-sofrimento-e-opcional\/#primaryimage"},"image":{"@id":"https:\/\/www.correiobraziliense.com.br\/cbradar\/proverbio-budista-a-dor-e-inevitavel-mas-o-sofrimento-e-opcional\/#primaryimage"},"thumbnailUrl":"https:\/\/www.correiobraziliense.com.br\/cbradar\/wp-content\/uploads\/2026\/03\/Gemini_Generated_Image_wosxy0wosxy0wosx-1-1.png","datePublished":"2026-03-13T20:35:00+00:00","author":{"@id":"https:\/\/www.correiobraziliense.com.br\/cbradar\/#\/schema\/person\/5440b72be9c7eb74f446c846479dc4da"},"description":"A diferen\u00e7a entre sentir dor e prolongar o sofrimento pode mudar a forma de enfrentar desafios da vida. A psicologia explica","breadcrumb":{"@id":"https:\/\/www.correiobraziliense.com.br\/cbradar\/proverbio-budista-a-dor-e-inevitavel-mas-o-sofrimento-e-opcional\/#breadcrumb"},"inLanguage":"pt-BR","potentialAction":[{"@type":"ReadAction","target":["https:\/\/www.correiobraziliense.com.br\/cbradar\/proverbio-budista-a-dor-e-inevitavel-mas-o-sofrimento-e-opcional\/"]}]},{"@type":"ImageObject","inLanguage":"pt-BR","@id":"https:\/\/www.correiobraziliense.com.br\/cbradar\/proverbio-budista-a-dor-e-inevitavel-mas-o-sofrimento-e-opcional\/#primaryimage","url":"https:\/\/www.correiobraziliense.com.br\/cbradar\/wp-content\/uploads\/2026\/03\/Gemini_Generated_Image_wosxy0wosxy0wosx-1-1.png","contentUrl":"https:\/\/www.correiobraziliense.com.br\/cbradar\/wp-content\/uploads\/2026\/03\/Gemini_Generated_Image_wosxy0wosxy0wosx-1-1.png","width":1280,"height":720,"caption":"A maneira como lidamos com a dor pode determinar se ela vira sofrimento prolongado"},{"@type":"BreadcrumbList","@id":"https:\/\/www.correiobraziliense.com.br\/cbradar\/proverbio-budista-a-dor-e-inevitavel-mas-o-sofrimento-e-opcional\/#breadcrumb","itemListElement":[{"@type":"ListItem","position":1,"name":"In\u00edcio","item":"https:\/\/www.correiobraziliense.com.br\/cbradar\/"},{"@type":"ListItem","position":2,"name":"Prov\u00e9rbio budista: \u201cA dor \u00e9 inevit\u00e1vel, mas o sofrimento \u00e9 opcional.\u201d"}]},{"@type":"WebSite","@id":"https:\/\/www.correiobraziliense.com.br\/cbradar\/#website","url":"https:\/\/www.correiobraziliense.com.br\/cbradar\/","name":"Correio Braziliense - Radar","description":"Acompanhe as \u00faltimas not\u00edcias e fique bem informado sobre tudo o que acontece no Brasil e no mundo.","potentialAction":[{"@type":"SearchAction","target":{"@type":"EntryPoint","urlTemplate":"https:\/\/www.correiobraziliense.com.br\/cbradar\/?s={search_term_string}"},"query-input":{"@type":"PropertyValueSpecification","valueRequired":true,"valueName":"search_term_string"}}],"inLanguage":"pt-BR"},{"@type":"Person","@id":"https:\/\/www.correiobraziliense.com.br\/cbradar\/#\/schema\/person\/5440b72be9c7eb74f446c846479dc4da","name":"Patrick Silva","image":{"@type":"ImageObject","inLanguage":"pt-BR","@id":"https:\/\/www.correiobraziliense.com.br\/cbradar\/#\/schema\/person\/image\/","url":"https:\/\/secure.gravatar.com\/avatar\/944109df296fc087785c9715fd5f80b2?s=96&d=mm&r=g","contentUrl":"https:\/\/secure.gravatar.com\/avatar\/944109df296fc087785c9715fd5f80b2?s=96&d=mm&r=g","caption":"Patrick Silva"},"sameAs":["https:\/\/www.correiobraziliense.com.br\/cbradar\/"],"url":"https:\/\/www.correiobraziliense.com.br\/cbradar\/author\/patrick-silva\/"}]}},"_links":{"self":[{"href":"https:\/\/www.correiobraziliense.com.br\/cbradar\/wp-json\/wp\/v2\/posts\/207182","targetHints":{"allow":["GET"]}}],"collection":[{"href":"https:\/\/www.correiobraziliense.com.br\/cbradar\/wp-json\/wp\/v2\/posts"}],"about":[{"href":"https:\/\/www.correiobraziliense.com.br\/cbradar\/wp-json\/wp\/v2\/types\/post"}],"author":[{"embeddable":true,"href":"https:\/\/www.correiobraziliense.com.br\/cbradar\/wp-json\/wp\/v2\/users\/21"}],"replies":[{"embeddable":true,"href":"https:\/\/www.correiobraziliense.com.br\/cbradar\/wp-json\/wp\/v2\/comments?post=207182"}],"version-history":[{"count":3,"href":"https:\/\/www.correiobraziliense.com.br\/cbradar\/wp-json\/wp\/v2\/posts\/207182\/revisions"}],"predecessor-version":[{"id":207194,"href":"https:\/\/www.correiobraziliense.com.br\/cbradar\/wp-json\/wp\/v2\/posts\/207182\/revisions\/207194"}],"wp:featuredmedia":[{"embeddable":true,"href":"https:\/\/www.correiobraziliense.com.br\/cbradar\/wp-json\/wp\/v2\/media\/207184"}],"wp:attachment":[{"href":"https:\/\/www.correiobraziliense.com.br\/cbradar\/wp-json\/wp\/v2\/media?parent=207182"}],"wp:term":[{"taxonomy":"category","embeddable":true,"href":"https:\/\/www.correiobraziliense.com.br\/cbradar\/wp-json\/wp\/v2\/categories?post=207182"},{"taxonomy":"post_tag","embeddable":true,"href":"https:\/\/www.correiobraziliense.com.br\/cbradar\/wp-json\/wp\/v2\/post_tag?post=207182"}],"curies":[{"name":"wp","href":"https:\/\/api.w.org\/{rel}","templated":true}]}}