{"id":207256,"date":"2026-03-16T20:55:00","date_gmt":"2026-03-16T23:55:00","guid":{"rendered":"https:\/\/www.correiobraziliense.com.br\/cbradar\/?p=207256"},"modified":"2026-03-13T11:47:56","modified_gmt":"2026-03-13T14:47:56","slug":"a-fruta-poderosa-que-pode-ajudar-a-reduzir-inflamacoes-e-fortalecer-o-sistema-imunologico","status":"publish","type":"post","link":"https:\/\/www.correiobraziliense.com.br\/cbradar\/a-fruta-poderosa-que-pode-ajudar-a-reduzir-inflamacoes-e-fortalecer-o-sistema-imunologico\/","title":{"rendered":"A fruta poderosa que pode ajudar a reduzir inflama\u00e7\u00f5es e fortalecer o sistema imunol\u00f3gico"},"content":{"rendered":"\n<p>Diversas frutas apresentam compostos naturais que contribuem para o funcionamento do organismo. Entre elas, a <strong>Rom\u00e3<\/strong> tem recebido aten\u00e7\u00e3o em estudos sobre sa\u00fade devido \u00e0 presen\u00e7a de antioxidantes e nutrientes importantes. O consumo equilibrado dessa fruta pode apoiar processos relacionados ao controle de <strong>Inflama\u00e7\u00f5es<\/strong> e ao fortalecimento do <strong>Sistema Imunol\u00f3gico<\/strong>.<\/p>\n\n\n\n<h2 class=\"wp-block-heading\">Por que a rom\u00e3 \u00e9 considerada uma fruta poderosa para a sa\u00fade?<\/h2>\n\n\n\n<p>A <strong>Rom\u00e3<\/strong> cont\u00e9m compostos antioxidantes conhecidos como <strong>Polifen\u00f3is<\/strong>, que ajudam a combater radicais livres presentes no organismo. Essas subst\u00e2ncias est\u00e3o associadas \u00e0 prote\u00e7\u00e3o celular e ao equil\u00edbrio de processos inflamat\u00f3rios naturais do corpo.<\/p>\n\n\n\n<p>Al\u00e9m disso, a fruta apresenta nutrientes que podem contribuir para o funcionamento do <strong>Sistema Imunol\u00f3gico<\/strong>. A combina\u00e7\u00e3o desses elementos faz com que a rom\u00e3 seja frequentemente estudada em pesquisas relacionadas \u00e0 nutri\u00e7\u00e3o e <a href=\"https:\/\/www.correiobraziliense.com.br\/cbradar\/ronco-frequente-pode-revelar-apneia-e-afetar-sua-saude-mais-do-que-parece\/\" target=\"_blank\" rel=\"noreferrer noopener\">sa\u00fade<\/a>.<\/p>\n\n\n\n<figure class=\"wp-block-image size-full\"><img decoding=\"async\" width=\"1280\" height=\"720\" src=\"https:\/\/www.correiobraziliense.com.br\/cbradar\/wp-content\/uploads\/2026\/03\/roma_1773281910340.jpg\" alt=\"A fruta poderosa que pode ajudar a reduzir inflama\u00e7\u00f5es e fortalecer o sistema imunol\u00f3gico\n\" class=\"wp-image-207258\" srcset=\"https:\/\/www.correiobraziliense.com.br\/cbradar\/wp-content\/uploads\/2026\/03\/roma_1773281910340.jpg 1280w, https:\/\/www.correiobraziliense.com.br\/cbradar\/wp-content\/uploads\/2026\/03\/roma_1773281910340-300x169.jpg 300w, https:\/\/www.correiobraziliense.com.br\/cbradar\/wp-content\/uploads\/2026\/03\/roma_1773281910340-768x432.jpg 768w, https:\/\/www.correiobraziliense.com.br\/cbradar\/wp-content\/uploads\/2026\/03\/roma_1773281910340-750x422.jpg 750w, https:\/\/www.correiobraziliense.com.br\/cbradar\/wp-content\/uploads\/2026\/03\/roma_1773281910340-1140x641.jpg 1140w\" sizes=\"(max-width: 1280px) 100vw, 1280px\" \/><figcaption class=\"wp-element-caption\">Por que a rom\u00e3 \u00e9 considerada uma fruta poderosa &#8211; Cr\u00e9ditos: depositphotos.com \/ VadimVasenin<\/figcaption><\/figure>\n\n\n\n<h2 class=\"wp-block-heading\">Como a rom\u00e3 pode ajudar a reduzir inflama\u00e7\u00f5es no organismo?<\/h2>\n\n\n\n<p>Processos inflamat\u00f3rios fazem parte da resposta natural do corpo a diferentes est\u00edmulos. No entanto, inflama\u00e7\u00f5es persistentes podem afetar diversos sistemas do organismo quando ocorrem por longos per\u00edodos.<\/p>\n\n\n\n<p>Os compostos antioxidantes presentes na <strong>Rom\u00e3<\/strong> podem ajudar a reduzir o estresse oxidativo, condi\u00e7\u00e3o frequentemente associada ao desenvolvimento de inflama\u00e7\u00f5es. Essa a\u00e7\u00e3o contribui para manter o equil\u00edbrio celular e apoiar fun\u00e7\u00f5es metab\u00f3licas importantes.<\/p>\n\n\n\n<h2 class=\"wp-block-heading\">Quais nutrientes da rom\u00e3 fortalecem o sistema imunol\u00f3gico?<\/h2>\n\n\n\n<p>A <strong>Rom\u00e3<\/strong> re\u00fane uma combina\u00e7\u00e3o de nutrientes que participam de diferentes processos relacionados \u00e0 defesa do organismo. Esses elementos ajudam a apoiar o funcionamento adequado do <strong>Sistema Imunol\u00f3gico<\/strong>, especialmente quando a fruta faz parte de uma alimenta\u00e7\u00e3o variada.<\/p>\n\n\n\n<p>Entre os principais nutrientes presentes na rom\u00e3 est\u00e3o:<\/p>\n\n\n\n<ul class=\"wp-block-list\">\n<li><strong>Vitamina C<\/strong>, associada ao fortalecimento das defesas do organismo<\/li>\n\n\n\n<li><strong>Polifen\u00f3is<\/strong>, compostos antioxidantes presentes na fruta<\/li>\n\n\n\n<li><strong>Pot\u00e1ssio<\/strong>, mineral importante para fun\u00e7\u00f5es celulares<\/li>\n\n\n\n<li><strong>Fibras alimentares<\/strong>, que contribuem para o equil\u00edbrio digestivo<\/li>\n\n\n\n<li><strong>Antioxidantes naturais<\/strong>, relacionados \u00e0 prote\u00e7\u00e3o contra radicais livres<\/li>\n<\/ul>\n\n\n\n<h2 class=\"wp-block-heading\">Como incluir a rom\u00e3 na alimenta\u00e7\u00e3o di\u00e1ria?<\/h2>\n\n\n\n<p>A <strong>Rom\u00e3<\/strong> pode ser consumida de diferentes formas na alimenta\u00e7\u00e3o cotidiana. Os gr\u00e3os da fruta s\u00e3o frequentemente utilizados em saladas, sucos naturais ou combinados com iogurtes e outras prepara\u00e7\u00f5es leves.<\/p>\n\n\n\n<p>Outra possibilidade envolve o preparo de bebidas ou molhos \u00e0 base da fruta. Essas alternativas permitem incorporar os nutrientes da <strong>Rom\u00e3<\/strong> em diferentes tipos de refei\u00e7\u00f5es.<\/p>\n\n\n\n<p>Se voc\u00ea gosta de entender melhor os benef\u00edcios dos alimentos para a sa\u00fade, este v\u00eddeo do canal <strong><a href=\"https:\/\/www.youtube.com\/@pensandoaocontrario\" target=\"_blank\" rel=\"noreferrer noopener\">pensandoaocontrario<\/a><\/strong>, com 2,85 milh\u00f5es de inscritos, foi escolhido para voc\u00ea. Nele, voc\u00ea descobre por que o suco de rom\u00e3 \u00e9 chamado de \u201csuco da imortalidade\u201d e aprende como preparar da forma correta.<\/p>\n\n\n\n<figure class=\"wp-block-embed is-type-video is-provider-youtube wp-block-embed-youtube wp-embed-aspect-16-9 wp-has-aspect-ratio\"><div class=\"wp-block-embed__wrapper\">\n<div class=\"jeg_video_container jeg_video_content\"><iframe loading=\"lazy\" title=\"SUCO DE ROM\u00c3 ABAIXA A PRESS\u00c3O! TUDO SOBRE O SUCO DA IMORTALIDADE E COMO FAZER DO JEITO CERTO!\" width=\"500\" height=\"281\" src=\"https:\/\/www.youtube.com\/embed\/fdFbI_1XDk4?feature=oembed\" frameborder=\"0\" allow=\"accelerometer; autoplay; clipboard-write; encrypted-media; gyroscope; picture-in-picture; web-share\" referrerpolicy=\"strict-origin-when-cross-origin\" allowfullscreen><\/iframe><\/div>\n<\/div><\/figure>\n\n\n\n<h2 class=\"wp-block-heading\">Comer rom\u00e3 regularmente pode trazer benef\u00edcios para o organismo?<\/h2>\n\n\n\n<p>O consumo equilibrado de <strong>rom\u00e3<\/strong> pode contribuir para uma alimenta\u00e7\u00e3o rica em nutrientes e antioxidantes. Esses compostos ajudam a apoiar o funcionamento do <strong>sistema imunol\u00f3gico<\/strong> e participam de processos relacionados \u00e0 prote\u00e7\u00e3o celular.<\/p>\n\n\n\n<p>Mesmo com esses benef\u00edcios potenciais, manter uma alimenta\u00e7\u00e3o diversificada continua sendo essencial. A inclus\u00e3o de frutas, vegetais e outros alimentos naturais ajuda a fornecer os nutrientes necess\u00e1rios para o equil\u00edbrio do organismo.<\/p>\n","protected":false},"excerpt":{"rendered":"<p>A rom\u00e3 cont\u00e9m compostos naturais associados \u00e0 redu\u00e7\u00e3o de inflama\u00e7\u00f5es e ao fortalecimento do sistema imunol\u00f3gico<\/p>\n","protected":false},"author":23,"featured_media":207257,"comment_status":"open","ping_status":"open","sticky":false,"template":"","format":"standard","meta":{"_yoast_wpseo_focuskw":"Reduzir inflama\u00e7\u00f5es","_yoast_wpseo_title":"","_yoast_wpseo_metadesc":"A rom\u00e3 cont\u00e9m compostos naturais associados \u00e0 redu\u00e7\u00e3o de inflama\u00e7\u00f5es e ao fortalecimento do sistema imunol\u00f3gico","jnews-multi-image_gallery":[],"jnews_single_post":{"format":"standard"},"jnews_primary_category":[],"jnews_social_meta":[],"jnews_override_counter":[],"footnotes":""},"categories":[119],"tags":[120,735,1318],"class_list":["post-207256","post","type-post","status-publish","format-standard","has-post-thumbnail","hentry","category-bem-estar","tag-bem-estar","tag-frutas","tag-saude-2"],"yoast_head":"<!-- This site is optimized with the Yoast SEO plugin v24.6 - https:\/\/yoast.com\/wordpress\/plugins\/seo\/ -->\n<title>A fruta poderosa que pode ajudar a reduzir inflama\u00e7\u00f5es e fortalecer o sistema imunol\u00f3gico - Correio Braziliense - Radar<\/title>\n<meta name=\"description\" content=\"A rom\u00e3 cont\u00e9m compostos naturais associados \u00e0 redu\u00e7\u00e3o de inflama\u00e7\u00f5es e ao fortalecimento do sistema imunol\u00f3gico\" \/>\n<meta name=\"robots\" content=\"index, follow, max-snippet:-1, max-image-preview:large, max-video-preview:-1\" \/>\n<link rel=\"canonical\" href=\"https:\/\/www.correiobraziliense.com.br\/cbradar\/a-fruta-poderosa-que-pode-ajudar-a-reduzir-inflamacoes-e-fortalecer-o-sistema-imunologico\/\" \/>\n<meta property=\"og:locale\" content=\"pt_BR\" \/>\n<meta property=\"og:type\" content=\"article\" \/>\n<meta property=\"og:title\" content=\"A fruta poderosa que pode ajudar a reduzir inflama\u00e7\u00f5es e fortalecer o sistema imunol\u00f3gico - Correio Braziliense - Radar\" \/>\n<meta property=\"og:description\" content=\"A rom\u00e3 cont\u00e9m compostos naturais associados \u00e0 redu\u00e7\u00e3o de inflama\u00e7\u00f5es e ao fortalecimento do sistema imunol\u00f3gico\" \/>\n<meta property=\"og:url\" content=\"https:\/\/www.correiobraziliense.com.br\/cbradar\/a-fruta-poderosa-que-pode-ajudar-a-reduzir-inflamacoes-e-fortalecer-o-sistema-imunologico\/\" \/>\n<meta property=\"og:site_name\" content=\"Correio Braziliense - Radar\" \/>\n<meta property=\"article:published_time\" content=\"2026-03-16T23:55:00+00:00\" \/>\n<meta property=\"og:image\" content=\"https:\/\/www.correiobraziliense.com.br\/cbradar\/wp-content\/uploads\/2026\/03\/a-fruta-poderosa-que-pode-ajudar-a-reduzir-inflama.png\" \/>\n\t<meta property=\"og:image:width\" content=\"1280\" \/>\n\t<meta property=\"og:image:height\" content=\"721\" \/>\n\t<meta property=\"og:image:type\" content=\"image\/png\" \/>\n<meta name=\"author\" content=\"Nicolas Otto\" \/>\n<meta name=\"twitter:card\" content=\"summary_large_image\" \/>\n<meta name=\"twitter:label1\" content=\"Escrito por\" \/>\n\t<meta name=\"twitter:data1\" content=\"Nicolas Otto\" \/>\n\t<meta name=\"twitter:label2\" content=\"Est. tempo de leitura\" \/>\n\t<meta name=\"twitter:data2\" content=\"4 minutos\" \/>\n<!-- \/ Yoast SEO plugin. -->","yoast_head_json":{"title":"A fruta poderosa que pode ajudar a reduzir inflama\u00e7\u00f5es e fortalecer o sistema imunol\u00f3gico - Correio Braziliense - Radar","description":"A rom\u00e3 cont\u00e9m compostos naturais associados \u00e0 redu\u00e7\u00e3o de inflama\u00e7\u00f5es e ao fortalecimento do sistema imunol\u00f3gico","robots":{"index":"index","follow":"follow","max-snippet":"max-snippet:-1","max-image-preview":"max-image-preview:large","max-video-preview":"max-video-preview:-1"},"canonical":"https:\/\/www.correiobraziliense.com.br\/cbradar\/a-fruta-poderosa-que-pode-ajudar-a-reduzir-inflamacoes-e-fortalecer-o-sistema-imunologico\/","og_locale":"pt_BR","og_type":"article","og_title":"A fruta poderosa que pode ajudar a reduzir inflama\u00e7\u00f5es e fortalecer o sistema imunol\u00f3gico - Correio Braziliense - Radar","og_description":"A rom\u00e3 cont\u00e9m compostos naturais associados \u00e0 redu\u00e7\u00e3o de inflama\u00e7\u00f5es e ao fortalecimento do sistema imunol\u00f3gico","og_url":"https:\/\/www.correiobraziliense.com.br\/cbradar\/a-fruta-poderosa-que-pode-ajudar-a-reduzir-inflamacoes-e-fortalecer-o-sistema-imunologico\/","og_site_name":"Correio Braziliense - Radar","article_published_time":"2026-03-16T23:55:00+00:00","og_image":[{"width":1280,"height":721,"url":"https:\/\/www.correiobraziliense.com.br\/cbradar\/wp-content\/uploads\/2026\/03\/a-fruta-poderosa-que-pode-ajudar-a-reduzir-inflama.png","type":"image\/png"}],"author":"Nicolas Otto","twitter_card":"summary_large_image","twitter_misc":{"Escrito por":"Nicolas Otto","Est. tempo de leitura":"4 minutos"},"schema":{"@context":"https:\/\/schema.org","@graph":[{"@type":"WebPage","@id":"https:\/\/www.correiobraziliense.com.br\/cbradar\/a-fruta-poderosa-que-pode-ajudar-a-reduzir-inflamacoes-e-fortalecer-o-sistema-imunologico\/","url":"https:\/\/www.correiobraziliense.com.br\/cbradar\/a-fruta-poderosa-que-pode-ajudar-a-reduzir-inflamacoes-e-fortalecer-o-sistema-imunologico\/","name":"A fruta poderosa que pode ajudar a reduzir inflama\u00e7\u00f5es e fortalecer o sistema imunol\u00f3gico - Correio Braziliense - Radar","isPartOf":{"@id":"https:\/\/www.correiobraziliense.com.br\/cbradar\/#website"},"primaryImageOfPage":{"@id":"https:\/\/www.correiobraziliense.com.br\/cbradar\/a-fruta-poderosa-que-pode-ajudar-a-reduzir-inflamacoes-e-fortalecer-o-sistema-imunologico\/#primaryimage"},"image":{"@id":"https:\/\/www.correiobraziliense.com.br\/cbradar\/a-fruta-poderosa-que-pode-ajudar-a-reduzir-inflamacoes-e-fortalecer-o-sistema-imunologico\/#primaryimage"},"thumbnailUrl":"https:\/\/www.correiobraziliense.com.br\/cbradar\/wp-content\/uploads\/2026\/03\/a-fruta-poderosa-que-pode-ajudar-a-reduzir-inflama.png","datePublished":"2026-03-16T23:55:00+00:00","author":{"@id":"https:\/\/www.correiobraziliense.com.br\/cbradar\/#\/schema\/person\/3221b250518e74ac52c442d1c1236aaa"},"description":"A rom\u00e3 cont\u00e9m compostos naturais associados \u00e0 redu\u00e7\u00e3o de inflama\u00e7\u00f5es e ao fortalecimento do sistema imunol\u00f3gico","breadcrumb":{"@id":"https:\/\/www.correiobraziliense.com.br\/cbradar\/a-fruta-poderosa-que-pode-ajudar-a-reduzir-inflamacoes-e-fortalecer-o-sistema-imunologico\/#breadcrumb"},"inLanguage":"pt-BR","potentialAction":[{"@type":"ReadAction","target":["https:\/\/www.correiobraziliense.com.br\/cbradar\/a-fruta-poderosa-que-pode-ajudar-a-reduzir-inflamacoes-e-fortalecer-o-sistema-imunologico\/"]}]},{"@type":"ImageObject","inLanguage":"pt-BR","@id":"https:\/\/www.correiobraziliense.com.br\/cbradar\/a-fruta-poderosa-que-pode-ajudar-a-reduzir-inflamacoes-e-fortalecer-o-sistema-imunologico\/#primaryimage","url":"https:\/\/www.correiobraziliense.com.br\/cbradar\/wp-content\/uploads\/2026\/03\/a-fruta-poderosa-que-pode-ajudar-a-reduzir-inflama.png","contentUrl":"https:\/\/www.correiobraziliense.com.br\/cbradar\/wp-content\/uploads\/2026\/03\/a-fruta-poderosa-que-pode-ajudar-a-reduzir-inflama.png","width":1280,"height":721,"caption":"O nutriente da rom\u00e3 que ajuda o organismo"},{"@type":"BreadcrumbList","@id":"https:\/\/www.correiobraziliense.com.br\/cbradar\/a-fruta-poderosa-que-pode-ajudar-a-reduzir-inflamacoes-e-fortalecer-o-sistema-imunologico\/#breadcrumb","itemListElement":[{"@type":"ListItem","position":1,"name":"In\u00edcio","item":"https:\/\/www.correiobraziliense.com.br\/cbradar\/"},{"@type":"ListItem","position":2,"name":"A fruta poderosa que pode ajudar a reduzir inflama\u00e7\u00f5es e fortalecer o sistema imunol\u00f3gico"}]},{"@type":"WebSite","@id":"https:\/\/www.correiobraziliense.com.br\/cbradar\/#website","url":"https:\/\/www.correiobraziliense.com.br\/cbradar\/","name":"Correio Braziliense - Radar","description":"Acompanhe as \u00faltimas not\u00edcias e fique bem informado sobre tudo o que acontece no Brasil e no mundo.","potentialAction":[{"@type":"SearchAction","target":{"@type":"EntryPoint","urlTemplate":"https:\/\/www.correiobraziliense.com.br\/cbradar\/?s={search_term_string}"},"query-input":{"@type":"PropertyValueSpecification","valueRequired":true,"valueName":"search_term_string"}}],"inLanguage":"pt-BR"},{"@type":"Person","@id":"https:\/\/www.correiobraziliense.com.br\/cbradar\/#\/schema\/person\/3221b250518e74ac52c442d1c1236aaa","name":"Nicolas Otto","image":{"@type":"ImageObject","inLanguage":"pt-BR","@id":"https:\/\/www.correiobraziliense.com.br\/cbradar\/#\/schema\/person\/image\/","url":"https:\/\/secure.gravatar.com\/avatar\/05925f730d72f0ea0df144f236adfb18?s=96&d=mm&r=g","contentUrl":"https:\/\/secure.gravatar.com\/avatar\/05925f730d72f0ea0df144f236adfb18?s=96&d=mm&r=g","caption":"Nicolas Otto"},"sameAs":["https:\/\/www.correiobraziliense.com.br\/cbradar\/"],"url":"https:\/\/www.correiobraziliense.com.br\/cbradar\/author\/nicolas-otto\/"}]}},"_links":{"self":[{"href":"https:\/\/www.correiobraziliense.com.br\/cbradar\/wp-json\/wp\/v2\/posts\/207256","targetHints":{"allow":["GET"]}}],"collection":[{"href":"https:\/\/www.correiobraziliense.com.br\/cbradar\/wp-json\/wp\/v2\/posts"}],"about":[{"href":"https:\/\/www.correiobraziliense.com.br\/cbradar\/wp-json\/wp\/v2\/types\/post"}],"author":[{"embeddable":true,"href":"https:\/\/www.correiobraziliense.com.br\/cbradar\/wp-json\/wp\/v2\/users\/23"}],"replies":[{"embeddable":true,"href":"https:\/\/www.correiobraziliense.com.br\/cbradar\/wp-json\/wp\/v2\/comments?post=207256"}],"version-history":[{"count":2,"href":"https:\/\/www.correiobraziliense.com.br\/cbradar\/wp-json\/wp\/v2\/posts\/207256\/revisions"}],"predecessor-version":[{"id":208163,"href":"https:\/\/www.correiobraziliense.com.br\/cbradar\/wp-json\/wp\/v2\/posts\/207256\/revisions\/208163"}],"wp:featuredmedia":[{"embeddable":true,"href":"https:\/\/www.correiobraziliense.com.br\/cbradar\/wp-json\/wp\/v2\/media\/207257"}],"wp:attachment":[{"href":"https:\/\/www.correiobraziliense.com.br\/cbradar\/wp-json\/wp\/v2\/media?parent=207256"}],"wp:term":[{"taxonomy":"category","embeddable":true,"href":"https:\/\/www.correiobraziliense.com.br\/cbradar\/wp-json\/wp\/v2\/categories?post=207256"},{"taxonomy":"post_tag","embeddable":true,"href":"https:\/\/www.correiobraziliense.com.br\/cbradar\/wp-json\/wp\/v2\/tags?post=207256"}],"curies":[{"name":"wp","href":"https:\/\/api.w.org\/{rel}","templated":true}]}}