{"id":207264,"date":"2026-03-16T21:45:00","date_gmt":"2026-03-17T00:45:00","guid":{"rendered":"https:\/\/www.correiobraziliense.com.br\/cbradar\/?p=207264"},"modified":"2026-03-15T20:47:35","modified_gmt":"2026-03-15T23:47:35","slug":"os-nomes-de-bebes-que-sempre-aparecem-nas-listas-de-favoritos-dos-pais-ao-redor-do-mundo","status":"publish","type":"post","link":"https:\/\/www.correiobraziliense.com.br\/cbradar\/os-nomes-de-bebes-que-sempre-aparecem-nas-listas-de-favoritos-dos-pais-ao-redor-do-mundo\/","title":{"rendered":"Os nomes de beb\u00eas que sempre aparecem nas listas de favoritos dos pais ao redor do mundo"},"content":{"rendered":"\n<p>A escolha de nomes para beb\u00eas reflete tradi\u00e7\u00f5es culturais, influ\u00eancias hist\u00f3ricas e tend\u00eancias sociais. Em diversas regi\u00f5es, alguns nomes aparecem repetidamente entre os favoritos dos pais, combinando sonoridade agrad\u00e1vel, significado positivo e f\u00e1cil pron\u00fancia. Esse fen\u00f4meno mostra como fatores culturais, religiosos e midi\u00e1ticos influenciam decis\u00f5es familiares relacionadas \u00e0 identidade e \u00e0 forma\u00e7\u00e3o do primeiro elemento simb\u00f3lico de uma pessoa.<\/p>\n\n\n\n<h2 class=\"wp-block-heading\">Por que alguns nomes de beb\u00eas se tornam favoritos no mundo?<\/h2>\n\n\n\n<p>Determinados <a href=\"https:\/\/www.correiobraziliense.com.br\/cbradar\/os-nomes-de-bebes-mais-populares-na-alemanha-em-2025-foram-revelados-e-podem-chegar-ao-brasil\/\" target=\"_blank\" rel=\"noreferrer noopener\">nomes <\/a>ganham popularidade global porque apresentam caracter\u00edsticas consideradas universais, como pron\u00fancia simples, significados positivos e forte presen\u00e7a em tradi\u00e7\u00f5es culturais. Em diferentes pa\u00edses, pais tendem a escolher nomes que transmitam valores associados a prosperidade, prote\u00e7\u00e3o ou virtudes humanas, fortalecendo a liga\u00e7\u00e3o entre identidade pessoal e heran\u00e7a cultural.<\/p>\n\n\n\n<p>Outro fator importante envolve a influ\u00eancia de figuras p\u00fablicas, personagens hist\u00f3ricos e produ\u00e7\u00f5es culturais. Filmes, s\u00e9ries e eventos internacionais ajudam a popularizar determinados nomes, criando ciclos de popularidade que podem durar d\u00e9cadas. Esse fen\u00f4meno demonstra como tend\u00eancias culturais e sociais influenciam escolhas familiares relacionadas \u00e0 identidade infantil.<\/p>\n\n\n\n<figure class=\"wp-block-image size-full\"><img decoding=\"async\" width=\"1280\" height=\"720\" src=\"https:\/\/www.correiobraziliense.com.br\/cbradar\/wp-content\/uploads\/2026\/03\/bebes-com-pais_1773283027679.jpg\" alt=\"Os nomes de beb\u00eas que sempre aparecem nas listas de favoritos dos pais ao redor do mundo\n\" class=\"wp-image-207266\" srcset=\"https:\/\/www.correiobraziliense.com.br\/cbradar\/wp-content\/uploads\/2026\/03\/bebes-com-pais_1773283027679.jpg 1280w, https:\/\/www.correiobraziliense.com.br\/cbradar\/wp-content\/uploads\/2026\/03\/bebes-com-pais_1773283027679-300x169.jpg 300w, https:\/\/www.correiobraziliense.com.br\/cbradar\/wp-content\/uploads\/2026\/03\/bebes-com-pais_1773283027679-768x432.jpg 768w, https:\/\/www.correiobraziliense.com.br\/cbradar\/wp-content\/uploads\/2026\/03\/bebes-com-pais_1773283027679-750x422.jpg 750w, https:\/\/www.correiobraziliense.com.br\/cbradar\/wp-content\/uploads\/2026\/03\/bebes-com-pais_1773283027679-1140x641.jpg 1140w\" sizes=\"(max-width: 1280px) 100vw, 1280px\" \/><figcaption class=\"wp-element-caption\">Os nomes de beb\u00eas mais queridos pelos pais no mundo &#8211; Cr\u00e9ditos: depositphotos.com \/ evgenyataman<\/figcaption><\/figure>\n\n\n\n<h2 class=\"wp-block-heading\">Quais fatores culturais influenciam a escolha de nomes?<\/h2>\n\n\n\n<p>A escolha de nomes para beb\u00eas costuma refletir valores culturais, religiosos e hist\u00f3ricos presentes em cada sociedade. Em muitos pa\u00edses, fam\u00edlias optam por nomes tradicionais transmitidos entre gera\u00e7\u00f5es, preservando la\u00e7os familiares e refer\u00eancias hist\u00f3ricas. Esse padr\u00e3o ajuda a manter identidades culturais vivas dentro das comunidades.<\/p>\n\n\n\n<p>Al\u00e9m disso, fatores lingu\u00edsticos e sonoros influenciam a prefer\u00eancia por determinados nomes. Nomes curtos, de f\u00e1cil pron\u00fancia e com sonoridade harmoniosa tendem a se destacar em diferentes idiomas, facilitando sua ado\u00e7\u00e3o internacional e ampliando sua presen\u00e7a em listas de nomes populares.<\/p>\n\n\n\n<h2 class=\"wp-block-heading\">Quais nomes aparecem com frequ\u00eancia em listas internacionais?<\/h2>\n\n\n\n<p>Pesquisas demogr\u00e1ficas e registros civis mostram que alguns nomes aparecem com frequ\u00eancia em rankings de diferentes pa\u00edses. Esses nomes geralmente combinam tradi\u00e7\u00e3o, significado positivo e facilidade de adapta\u00e7\u00e3o lingu\u00edstica, o que explica sua presen\u00e7a recorrente em listas globais de popularidade.<\/p>\n\n\n\n<p>Entre os nomes frequentemente citados em estudos internacionais est\u00e3o:<\/p>\n\n\n\n<ul class=\"wp-block-list\">\n<li><strong>Sofia<\/strong>, popular em diversos pa\u00edses da <strong>Europa<\/strong> e da <strong>Am\u00e9rica Latina<\/strong><\/li>\n\n\n\n<li><strong>Noah<\/strong>, amplamente utilizado em regi\u00f5es da <strong>Am\u00e9rica do Norte<\/strong> e da <strong>Europa<\/strong><\/li>\n\n\n\n<li><strong>Liam<\/strong>, nome curto que ganhou destaque em registros recentes<\/li>\n\n\n\n<li><strong>Emma<\/strong>, associado \u00e0 eleg\u00e2ncia e presen\u00e7a hist\u00f3rica em culturas ocidentais<\/li>\n\n\n\n<li><strong>Lucas<\/strong>, nome presente em diferentes idiomas e tradi\u00e7\u00f5es culturais<\/li>\n<\/ul>\n\n\n\n<h2 class=\"wp-block-heading\">Como tend\u00eancias globais influenciam nomes de beb\u00eas?<\/h2>\n\n\n\n<p>Tend\u00eancias globais exercem forte impacto na popularidade de nomes infantis. Redes sociais, produ\u00e7\u00f5es audiovisuais e celebridades ajudam a amplificar a visibilidade de determinados nomes, influenciando escolhas familiares em diferentes pa\u00edses. Esse processo cria padr\u00f5es internacionais que atravessam fronteiras culturais e lingu\u00edsticas.<\/p>\n\n\n\n<p>Al\u00e9m disso, mudan\u00e7as sociais tamb\u00e9m moldam prefer\u00eancias. Muitos pais procuram nomes que transmitam modernidade, originalidade ou valores simb\u00f3licos importantes. Esse comportamento mostra como a escolha de um nome pode refletir aspira\u00e7\u00f5es familiares relacionadas ao futuro e \u00e0 identidade cultural da crian\u00e7a.<\/p>\n\n\n\n<p>Se voc\u00ea tem curiosidade sobre tend\u00eancias e quer saber quais nomes mais marcaram presen\u00e7a nos registros recentes, este v\u00eddeo do canal <strong><a href=\"https:\/\/www.youtube.com\/@bandjornalismo\" target=\"_blank\" rel=\"noreferrer noopener\">Band Jornalismo<\/a><\/strong>, com 6,54 milh\u00f5es de inscritos, foi escolhido para voc\u00ea. Nele, voc\u00ea confere a lista dos nomes mais populares de 2021 e descobre quais ganharam destaque entre os brasileiros.<\/p>\n\n\n\n<figure class=\"wp-block-embed is-type-video is-provider-youtube wp-block-embed-youtube wp-embed-aspect-16-9 wp-has-aspect-ratio\"><div class=\"wp-block-embed__wrapper\">\n<div class=\"jeg_video_container jeg_video_content\"><iframe loading=\"lazy\" title=\"Veja lista dos nomes mais populares em 2021\" width=\"500\" height=\"281\" src=\"https:\/\/www.youtube.com\/embed\/qG-I6vwNzKs?feature=oembed\" frameborder=\"0\" allow=\"accelerometer; autoplay; clipboard-write; encrypted-media; gyroscope; picture-in-picture; web-share\" referrerpolicy=\"strict-origin-when-cross-origin\" allowfullscreen><\/iframe><\/div>\n<\/div><\/figure>\n\n\n\n<h2 class=\"wp-block-heading\">Como escolher um nome equilibrando tradi\u00e7\u00e3o e originalidade?<\/h2>\n\n\n\n<p>Escolher um nome para um beb\u00ea envolve equilibrar tradi\u00e7\u00e3o familiar e prefer\u00eancias pessoais. Alguns pais optam por nomes cl\u00e1ssicos com forte presen\u00e7a hist\u00f3rica, enquanto outros preferem alternativas modernas que transmitam singularidade e identidade pr\u00f3pria para a crian\u00e7a.<\/p>\n\n\n\n<p>Independentemente da escolha, especialistas em cultura e linguagem apontam que nomes com significado positivo, pron\u00fancia clara e boa adapta\u00e7\u00e3o lingu\u00edstica tendem a permanecer relevantes ao longo do tempo. Esses fatores ajudam a construir uma identidade s\u00f3lida e facilitam a integra\u00e7\u00e3o social em diferentes contextos culturais.<\/p>\n","protected":false},"excerpt":{"rendered":"<p>Pais ao redor do mundo seguem escolhendo alguns nomes de beb\u00eas espec\u00edficos. Entenda por que essas escolhas continuam se repetindo<\/p>\n","protected":false},"author":23,"featured_media":207265,"comment_status":"open","ping_status":"open","sticky":false,"template":"","format":"standard","meta":{"_yoast_wpseo_focuskw":"Nomes de beb\u00eas","_yoast_wpseo_title":"","_yoast_wpseo_metadesc":"Pais ao redor do mundo seguem escolhendo alguns nomes de beb\u00eas espec\u00edficos. Entenda por que essas escolhas continuam se repetindo","jnews-multi-image_gallery":[],"jnews_single_post":{"format":"standard"},"jnews_primary_category":[],"jnews_social_meta":[],"jnews_override_counter":[],"footnotes":""},"categories":[112],"tags":[5901,144,5202],"class_list":["post-207264","post","type-post","status-publish","format-standard","has-post-thumbnail","hentry","category-curiosidades","tag-bebes","tag-curiosidades","tag-nomes"],"yoast_head":"<!-- This site is optimized with the Yoast SEO plugin v24.6 - https:\/\/yoast.com\/wordpress\/plugins\/seo\/ -->\n<title>Os nomes de beb\u00eas que sempre aparecem nas listas de favoritos dos pais ao redor do mundo - Correio Braziliense - Radar<\/title>\n<meta name=\"description\" content=\"Pais ao redor do mundo seguem escolhendo alguns nomes de beb\u00eas espec\u00edficos. Entenda por que essas escolhas continuam se repetindo\" \/>\n<meta name=\"robots\" content=\"index, follow, max-snippet:-1, max-image-preview:large, max-video-preview:-1\" \/>\n<link rel=\"canonical\" href=\"https:\/\/www.correiobraziliense.com.br\/cbradar\/os-nomes-de-bebes-que-sempre-aparecem-nas-listas-de-favoritos-dos-pais-ao-redor-do-mundo\/\" \/>\n<meta property=\"og:locale\" content=\"pt_BR\" \/>\n<meta property=\"og:type\" content=\"article\" \/>\n<meta property=\"og:title\" content=\"Os nomes de beb\u00eas que sempre aparecem nas listas de favoritos dos pais ao redor do mundo - Correio Braziliense - Radar\" \/>\n<meta property=\"og:description\" content=\"Pais ao redor do mundo seguem escolhendo alguns nomes de beb\u00eas espec\u00edficos. Entenda por que essas escolhas continuam se repetindo\" \/>\n<meta property=\"og:url\" content=\"https:\/\/www.correiobraziliense.com.br\/cbradar\/os-nomes-de-bebes-que-sempre-aparecem-nas-listas-de-favoritos-dos-pais-ao-redor-do-mundo\/\" \/>\n<meta property=\"og:site_name\" content=\"Correio Braziliense - Radar\" \/>\n<meta property=\"article:published_time\" content=\"2026-03-17T00:45:00+00:00\" \/>\n<meta property=\"og:image\" content=\"https:\/\/www.correiobraziliense.com.br\/cbradar\/wp-content\/uploads\/2026\/03\/bebes-com-pais_1773282975897.jpg\" \/>\n\t<meta property=\"og:image:width\" content=\"1280\" \/>\n\t<meta property=\"og:image:height\" content=\"720\" \/>\n\t<meta property=\"og:image:type\" content=\"image\/jpeg\" \/>\n<meta name=\"author\" content=\"Nicolas Otto\" \/>\n<meta name=\"twitter:card\" content=\"summary_large_image\" \/>\n<meta name=\"twitter:label1\" content=\"Escrito por\" \/>\n\t<meta name=\"twitter:data1\" content=\"Nicolas Otto\" \/>\n\t<meta name=\"twitter:label2\" content=\"Est. tempo de leitura\" \/>\n\t<meta name=\"twitter:data2\" content=\"4 minutos\" \/>\n<!-- \/ Yoast SEO plugin. -->","yoast_head_json":{"title":"Os nomes de beb\u00eas que sempre aparecem nas listas de favoritos dos pais ao redor do mundo - Correio Braziliense - Radar","description":"Pais ao redor do mundo seguem escolhendo alguns nomes de beb\u00eas espec\u00edficos. Entenda por que essas escolhas continuam se repetindo","robots":{"index":"index","follow":"follow","max-snippet":"max-snippet:-1","max-image-preview":"max-image-preview:large","max-video-preview":"max-video-preview:-1"},"canonical":"https:\/\/www.correiobraziliense.com.br\/cbradar\/os-nomes-de-bebes-que-sempre-aparecem-nas-listas-de-favoritos-dos-pais-ao-redor-do-mundo\/","og_locale":"pt_BR","og_type":"article","og_title":"Os nomes de beb\u00eas que sempre aparecem nas listas de favoritos dos pais ao redor do mundo - Correio Braziliense - Radar","og_description":"Pais ao redor do mundo seguem escolhendo alguns nomes de beb\u00eas espec\u00edficos. Entenda por que essas escolhas continuam se repetindo","og_url":"https:\/\/www.correiobraziliense.com.br\/cbradar\/os-nomes-de-bebes-que-sempre-aparecem-nas-listas-de-favoritos-dos-pais-ao-redor-do-mundo\/","og_site_name":"Correio Braziliense - Radar","article_published_time":"2026-03-17T00:45:00+00:00","og_image":[{"width":1280,"height":720,"url":"https:\/\/www.correiobraziliense.com.br\/cbradar\/wp-content\/uploads\/2026\/03\/bebes-com-pais_1773282975897.jpg","type":"image\/jpeg"}],"author":"Nicolas Otto","twitter_card":"summary_large_image","twitter_misc":{"Escrito por":"Nicolas Otto","Est. tempo de leitura":"4 minutos"},"schema":{"@context":"https:\/\/schema.org","@graph":[{"@type":"WebPage","@id":"https:\/\/www.correiobraziliense.com.br\/cbradar\/os-nomes-de-bebes-que-sempre-aparecem-nas-listas-de-favoritos-dos-pais-ao-redor-do-mundo\/","url":"https:\/\/www.correiobraziliense.com.br\/cbradar\/os-nomes-de-bebes-que-sempre-aparecem-nas-listas-de-favoritos-dos-pais-ao-redor-do-mundo\/","name":"Os nomes de beb\u00eas que sempre aparecem nas listas de favoritos dos pais ao redor do mundo - Correio Braziliense - Radar","isPartOf":{"@id":"https:\/\/www.correiobraziliense.com.br\/cbradar\/#website"},"primaryImageOfPage":{"@id":"https:\/\/www.correiobraziliense.com.br\/cbradar\/os-nomes-de-bebes-que-sempre-aparecem-nas-listas-de-favoritos-dos-pais-ao-redor-do-mundo\/#primaryimage"},"image":{"@id":"https:\/\/www.correiobraziliense.com.br\/cbradar\/os-nomes-de-bebes-que-sempre-aparecem-nas-listas-de-favoritos-dos-pais-ao-redor-do-mundo\/#primaryimage"},"thumbnailUrl":"https:\/\/www.correiobraziliense.com.br\/cbradar\/wp-content\/uploads\/2026\/03\/bebes-com-pais_1773282975897.jpg","datePublished":"2026-03-17T00:45:00+00:00","author":{"@id":"https:\/\/www.correiobraziliense.com.br\/cbradar\/#\/schema\/person\/3221b250518e74ac52c442d1c1236aaa"},"description":"Pais ao redor do mundo seguem escolhendo alguns nomes de beb\u00eas espec\u00edficos. Entenda por que essas escolhas continuam se repetindo","breadcrumb":{"@id":"https:\/\/www.correiobraziliense.com.br\/cbradar\/os-nomes-de-bebes-que-sempre-aparecem-nas-listas-de-favoritos-dos-pais-ao-redor-do-mundo\/#breadcrumb"},"inLanguage":"pt-BR","potentialAction":[{"@type":"ReadAction","target":["https:\/\/www.correiobraziliense.com.br\/cbradar\/os-nomes-de-bebes-que-sempre-aparecem-nas-listas-de-favoritos-dos-pais-ao-redor-do-mundo\/"]}]},{"@type":"ImageObject","inLanguage":"pt-BR","@id":"https:\/\/www.correiobraziliense.com.br\/cbradar\/os-nomes-de-bebes-que-sempre-aparecem-nas-listas-de-favoritos-dos-pais-ao-redor-do-mundo\/#primaryimage","url":"https:\/\/www.correiobraziliense.com.br\/cbradar\/wp-content\/uploads\/2026\/03\/bebes-com-pais_1773282975897.jpg","contentUrl":"https:\/\/www.correiobraziliense.com.br\/cbradar\/wp-content\/uploads\/2026\/03\/bebes-com-pais_1773282975897.jpg","width":1280,"height":720,"caption":"Os nomes de beb\u00eas mais queridos pelos pais no mundo - Cr\u00e9ditos: depositphotos.com \/ IuliiaVerstaBO"},{"@type":"BreadcrumbList","@id":"https:\/\/www.correiobraziliense.com.br\/cbradar\/os-nomes-de-bebes-que-sempre-aparecem-nas-listas-de-favoritos-dos-pais-ao-redor-do-mundo\/#breadcrumb","itemListElement":[{"@type":"ListItem","position":1,"name":"In\u00edcio","item":"https:\/\/www.correiobraziliense.com.br\/cbradar\/"},{"@type":"ListItem","position":2,"name":"Os nomes de beb\u00eas que sempre aparecem nas listas de favoritos dos pais ao redor do mundo"}]},{"@type":"WebSite","@id":"https:\/\/www.correiobraziliense.com.br\/cbradar\/#website","url":"https:\/\/www.correiobraziliense.com.br\/cbradar\/","name":"Correio Braziliense - Radar","description":"Acompanhe as \u00faltimas not\u00edcias e fique bem informado sobre tudo o que acontece no Brasil e no mundo.","potentialAction":[{"@type":"SearchAction","target":{"@type":"EntryPoint","urlTemplate":"https:\/\/www.correiobraziliense.com.br\/cbradar\/?s={search_term_string}"},"query-input":{"@type":"PropertyValueSpecification","valueRequired":true,"valueName":"search_term_string"}}],"inLanguage":"pt-BR"},{"@type":"Person","@id":"https:\/\/www.correiobraziliense.com.br\/cbradar\/#\/schema\/person\/3221b250518e74ac52c442d1c1236aaa","name":"Nicolas Otto","image":{"@type":"ImageObject","inLanguage":"pt-BR","@id":"https:\/\/www.correiobraziliense.com.br\/cbradar\/#\/schema\/person\/image\/","url":"https:\/\/secure.gravatar.com\/avatar\/05925f730d72f0ea0df144f236adfb18?s=96&d=mm&r=g","contentUrl":"https:\/\/secure.gravatar.com\/avatar\/05925f730d72f0ea0df144f236adfb18?s=96&d=mm&r=g","caption":"Nicolas Otto"},"sameAs":["https:\/\/www.correiobraziliense.com.br\/cbradar\/"],"url":"https:\/\/www.correiobraziliense.com.br\/cbradar\/author\/nicolas-otto\/"}]}},"_links":{"self":[{"href":"https:\/\/www.correiobraziliense.com.br\/cbradar\/wp-json\/wp\/v2\/posts\/207264","targetHints":{"allow":["GET"]}}],"collection":[{"href":"https:\/\/www.correiobraziliense.com.br\/cbradar\/wp-json\/wp\/v2\/posts"}],"about":[{"href":"https:\/\/www.correiobraziliense.com.br\/cbradar\/wp-json\/wp\/v2\/types\/post"}],"author":[{"embeddable":true,"href":"https:\/\/www.correiobraziliense.com.br\/cbradar\/wp-json\/wp\/v2\/users\/23"}],"replies":[{"embeddable":true,"href":"https:\/\/www.correiobraziliense.com.br\/cbradar\/wp-json\/wp\/v2\/comments?post=207264"}],"version-history":[{"count":2,"href":"https:\/\/www.correiobraziliense.com.br\/cbradar\/wp-json\/wp\/v2\/posts\/207264\/revisions"}],"predecessor-version":[{"id":208160,"href":"https:\/\/www.correiobraziliense.com.br\/cbradar\/wp-json\/wp\/v2\/posts\/207264\/revisions\/208160"}],"wp:featuredmedia":[{"embeddable":true,"href":"https:\/\/www.correiobraziliense.com.br\/cbradar\/wp-json\/wp\/v2\/media\/207265"}],"wp:attachment":[{"href":"https:\/\/www.correiobraziliense.com.br\/cbradar\/wp-json\/wp\/v2\/media?parent=207264"}],"wp:term":[{"taxonomy":"category","embeddable":true,"href":"https:\/\/www.correiobraziliense.com.br\/cbradar\/wp-json\/wp\/v2\/categories?post=207264"},{"taxonomy":"post_tag","embeddable":true,"href":"https:\/\/www.correiobraziliense.com.br\/cbradar\/wp-json\/wp\/v2\/tags?post=207264"}],"curies":[{"name":"wp","href":"https:\/\/api.w.org\/{rel}","templated":true}]}}