{"id":207277,"date":"2026-03-16T22:55:00","date_gmt":"2026-03-17T01:55:00","guid":{"rendered":"https:\/\/www.correiobraziliense.com.br\/cbradar\/?p=207277"},"modified":"2026-03-13T11:45:05","modified_gmt":"2026-03-13T14:45:05","slug":"o-sabor-amargo-que-ajuda-o-corpo-a-combater-inflamacoes-e-pode-ser-plantado-em-casa","status":"publish","type":"post","link":"https:\/\/www.correiobraziliense.com.br\/cbradar\/o-sabor-amargo-que-ajuda-o-corpo-a-combater-inflamacoes-e-pode-ser-plantado-em-casa\/","title":{"rendered":"O sabor amargo que ajuda o corpo a combater inflama\u00e7\u00f5es e pode ser plantado em casa"},"content":{"rendered":"\n<p>Plantas de sabor amargo costumam chamar aten\u00e7\u00e3o na alimenta\u00e7\u00e3o natural por seus compostos bioativos. Entre elas, a <strong>Ora-pro-n\u00f3bis<\/strong> tem sido valorizada em estudos nutricionais e em hortas dom\u00e9sticas. Rica em nutrientes e f\u00e1cil de cultivar, essa planta \u00e9 frequentemente associada ao apoio do organismo no controle de <strong>Inflama\u00e7\u00f5es<\/strong> e no fortalecimento da alimenta\u00e7\u00e3o cotidiana.<\/p>\n\n\n\n<h2 class=\"wp-block-heading\">O que \u00e9 a ora pro nobis e por que chama aten\u00e7\u00e3o na alimenta\u00e7\u00e3o?<\/h2>\n\n\n\n<p>A <strong>Ora-pro-n\u00f3bis<\/strong> \u00e9 uma planta comest\u00edvel tradicional em v\u00e1rias regi\u00f5es do <strong>Brasil<\/strong>, especialmente em \u00e1reas rurais. Suas <a href=\"https:\/\/www.correiobraziliense.com.br\/cbradar\/o-ingrediente-de-cozinha-que-atua-como-soro-na-veia-para-ressuscitar-plantas-murchas-e-de-folhas-amareladas\/\" target=\"_blank\" rel=\"noreferrer noopener\">folhas <\/a>apresentam sabor levemente amargo e s\u00e3o utilizadas em diversas prepara\u00e7\u00f5es culin\u00e1rias.<\/p>\n\n\n\n<p>Al\u00e9m do uso gastron\u00f4mico, a planta chama aten\u00e7\u00e3o por sua composi\u00e7\u00e3o nutricional. Ela cont\u00e9m prote\u00ednas vegetais, fibras e micronutrientes que podem contribuir para uma alimenta\u00e7\u00e3o mais equilibrada.<\/p>\n\n\n<div class=\"wp-block-image\">\n<figure class=\"aligncenter size-large\"><img decoding=\"async\" width=\"1075\" height=\"720\" src=\"https:\/\/www.correiobraziliense.com.br\/cbradar\/wp-content\/uploads\/2026\/03\/Ora-pro-nobis_8487313864-1-1075x720.jpg\" alt=\"O sabor amargo que ajuda o corpo a combater inflama\u00e7\u00f5es e pode ser plantado em casa\" class=\"wp-image-207284\"\/><figcaption class=\"wp-element-caption\">Ora pro nobis ganha destaque na alimenta\u00e7\u00e3o saud\u00e1vel &#8211; Fonte: Wikimedia commons<\/figcaption><\/figure><\/div>\n\n\n<h2 class=\"wp-block-heading\">Como a ora pro nobis pode ajudar no combate \u00e0s inflama\u00e7\u00f5es?<\/h2>\n\n\n\n<p>Pesquisas em nutri\u00e7\u00e3o indicam que a <strong>Ora-pro-n\u00f3bis<\/strong> possui compostos antioxidantes que participam da prote\u00e7\u00e3o celular. Essas subst\u00e2ncias ajudam a reduzir o impacto do estresse oxidativo no organismo.<\/p>\n\n\n\n<p>O estresse oxidativo est\u00e1 relacionado ao desenvolvimento de processos inflamat\u00f3rios no corpo. Por esse motivo, alimentos ricos em antioxidantes costumam ser associados a dietas voltadas ao equil\u00edbrio metab\u00f3lico.<\/p>\n\n\n\n<h2 class=\"wp-block-heading\">Quais nutrientes da ora pro nobis contribuem para a sa\u00fade?<\/h2>\n\n\n\n<p>A <strong>Ora-pro-n\u00f3bis<\/strong> re\u00fane uma combina\u00e7\u00e3o de nutrientes que contribuem para diferentes fun\u00e7\u00f5es do organismo. Sua composi\u00e7\u00e3o nutricional ajuda a explicar por que essa planta tem ganhado espa\u00e7o em estudos relacionados \u00e0 alimenta\u00e7\u00e3o natural.<\/p>\n\n\n\n<p>Entre os nutrientes mais presentes nas folhas da planta est\u00e3o:<\/p>\n\n\n\n<ul class=\"wp-block-list\">\n<li><strong>Prote\u00ednas vegetais<\/strong>, pouco comuns em folhas comest\u00edveis<\/li>\n\n\n\n<li><strong>Fibras alimentares<\/strong>, que auxiliam o funcionamento digestivo<\/li>\n\n\n\n<li><strong>Vitamina C<\/strong>, associada ao funcionamento do sistema imunol\u00f3gico<\/li>\n\n\n\n<li><strong>Antioxidantes naturais<\/strong>, ligados \u00e0 prote\u00e7\u00e3o celular<\/li>\n\n\n\n<li><strong>Minerais importantes<\/strong>, como ferro e c\u00e1lcio<\/li>\n<\/ul>\n\n\n\n<h2 class=\"wp-block-heading\">\u00c9 poss\u00edvel plantar ora pro nobis em casa?<\/h2>\n\n\n\n<p>Uma caracter\u00edstica interessante da <strong>Ora-pro-n\u00f3bis<\/strong> \u00e9 sua facilidade de cultivo. A planta se adapta bem a diferentes tipos de solo e costuma crescer com relativa facilidade em hortas dom\u00e9sticas.<\/p>\n\n\n\n<p>Muitas pessoas cultivam essa planta em quintais ou pequenos jardins. Com cuidados b\u00e1sicos de irriga\u00e7\u00e3o e exposi\u00e7\u00e3o ao sol, ela pode se desenvolver e produzir folhas que podem ser utilizadas na alimenta\u00e7\u00e3o.<\/p>\n\n\n\n<p>Se voc\u00ea gosta de plantas \u00fateis e quer aprender algo novo para o seu cultivo, este v\u00eddeo do canal <strong><a href=\"https:\/\/www.youtube.com\/@cultivando-canal\" target=\"_blank\" rel=\"noreferrer noopener\">Cultivando<\/a><\/strong>, com 1,3 milh\u00e3o de inscritos, foi escolhido para voc\u00ea. Nele, voc\u00ea aprende dicas pr\u00e1ticas de cultivo da ora-pro-n\u00f3bis e como fazer mudas de forma simples para multiplicar essa planta no seu espa\u00e7o.<\/p>\n\n\n\n<figure class=\"wp-block-embed is-type-video is-provider-youtube wp-block-embed-youtube wp-embed-aspect-16-9 wp-has-aspect-ratio\"><div class=\"wp-block-embed__wrapper\">\n<div class=\"jeg_video_container jeg_video_content\"><iframe loading=\"lazy\" title=\"Dicas de Cultivo da Ora Pro Nobis - E como fazer mudas\" width=\"500\" height=\"281\" src=\"https:\/\/www.youtube.com\/embed\/I1pT46wfZbY?feature=oembed\" frameborder=\"0\" allow=\"accelerometer; autoplay; clipboard-write; encrypted-media; gyroscope; picture-in-picture; web-share\" referrerpolicy=\"strict-origin-when-cross-origin\" allowfullscreen><\/iframe><\/div>\n<\/div><\/figure>\n\n\n\n<h2 class=\"wp-block-heading\">Como incluir ora pro nobis na alimenta\u00e7\u00e3o do dia a dia?<\/h2>\n\n\n\n<p>As folhas da <strong>Ora-pro-n\u00f3bis<\/strong> podem ser utilizadas em diversas prepara\u00e7\u00f5es culin\u00e1rias. Elas costumam aparecer em refogados, sopas, omeletes e at\u00e9 em receitas tradicionais da culin\u00e1ria regional.<\/p>\n\n\n\n<p>Al\u00e9m do sabor caracter\u00edstico, a inclus\u00e3o da planta na alimenta\u00e7\u00e3o contribui para aumentar a variedade de nutrientes consumidos. Esse tipo de diversidade alimentar ajuda a manter uma dieta mais equilibrada.<\/p>\n","protected":false},"excerpt":{"rendered":"<p>Rica em nutrientes e f\u00e1cil de cultivar, a ora pro nobis aparece cada vez mais em hortas e receitas. Veja por que ela desperta tanto interesse<\/p>\n","protected":false},"author":23,"featured_media":207282,"comment_status":"open","ping_status":"open","sticky":false,"template":"","format":"standard","meta":{"_yoast_wpseo_focuskw":"Combater inflama\u00e7\u00f5es","_yoast_wpseo_title":"","_yoast_wpseo_metadesc":"Rica em nutrientes e f\u00e1cil de cultivar, a ora pro nobis aparece cada vez mais em hortas e receitas. Veja por que ela desperta tanto interesse","jnews-multi-image_gallery":[],"jnews_single_post":{"format":"standard"},"jnews_primary_category":[],"jnews_social_meta":[],"jnews_override_counter":[],"footnotes":""},"categories":[4404],"tags":[120,2339,4751,1318],"class_list":["post-207277","post","type-post","status-publish","format-standard","has-post-thumbnail","hentry","category-saude","tag-bem-estar","tag-corpo","tag-ora-pro-nobis","tag-saude-2"],"yoast_head":"<!-- This site is optimized with the Yoast SEO plugin v24.6 - https:\/\/yoast.com\/wordpress\/plugins\/seo\/ -->\n<title>O sabor amargo que ajuda o corpo a combater inflama\u00e7\u00f5es e pode ser plantado em casa - Correio Braziliense - Radar<\/title>\n<meta name=\"description\" content=\"Rica em nutrientes e f\u00e1cil de cultivar, a ora pro nobis aparece cada vez mais em hortas e receitas. Veja por que ela desperta tanto interesse\" \/>\n<meta name=\"robots\" content=\"index, follow, max-snippet:-1, max-image-preview:large, max-video-preview:-1\" \/>\n<link rel=\"canonical\" href=\"https:\/\/www.correiobraziliense.com.br\/cbradar\/o-sabor-amargo-que-ajuda-o-corpo-a-combater-inflamacoes-e-pode-ser-plantado-em-casa\/\" \/>\n<meta property=\"og:locale\" content=\"pt_BR\" \/>\n<meta property=\"og:type\" content=\"article\" \/>\n<meta property=\"og:title\" content=\"O sabor amargo que ajuda o corpo a combater inflama\u00e7\u00f5es e pode ser plantado em casa - Correio Braziliense - Radar\" \/>\n<meta property=\"og:description\" content=\"Rica em nutrientes e f\u00e1cil de cultivar, a ora pro nobis aparece cada vez mais em hortas e receitas. Veja por que ela desperta tanto interesse\" \/>\n<meta property=\"og:url\" content=\"https:\/\/www.correiobraziliense.com.br\/cbradar\/o-sabor-amargo-que-ajuda-o-corpo-a-combater-inflamacoes-e-pode-ser-plantado-em-casa\/\" \/>\n<meta property=\"og:site_name\" content=\"Correio Braziliense - Radar\" \/>\n<meta property=\"article:published_time\" content=\"2026-03-17T01:55:00+00:00\" \/>\n<meta property=\"og:image\" content=\"https:\/\/www.correiobraziliense.com.br\/cbradar\/wp-content\/uploads\/2026\/03\/Flor_Ora_Pro_nobis_foto2.jpg\" \/>\n\t<meta property=\"og:image:width\" content=\"1280\" \/>\n\t<meta property=\"og:image:height\" content=\"720\" \/>\n\t<meta property=\"og:image:type\" content=\"image\/jpeg\" \/>\n<meta name=\"author\" content=\"Nicolas Otto\" \/>\n<meta name=\"twitter:card\" content=\"summary_large_image\" \/>\n<meta name=\"twitter:label1\" content=\"Escrito por\" \/>\n\t<meta name=\"twitter:data1\" content=\"Nicolas Otto\" \/>\n\t<meta name=\"twitter:label2\" content=\"Est. tempo de leitura\" \/>\n\t<meta name=\"twitter:data2\" content=\"4 minutos\" \/>\n<!-- \/ Yoast SEO plugin. -->","yoast_head_json":{"title":"O sabor amargo que ajuda o corpo a combater inflama\u00e7\u00f5es e pode ser plantado em casa - Correio Braziliense - Radar","description":"Rica em nutrientes e f\u00e1cil de cultivar, a ora pro nobis aparece cada vez mais em hortas e receitas. Veja por que ela desperta tanto interesse","robots":{"index":"index","follow":"follow","max-snippet":"max-snippet:-1","max-image-preview":"max-image-preview:large","max-video-preview":"max-video-preview:-1"},"canonical":"https:\/\/www.correiobraziliense.com.br\/cbradar\/o-sabor-amargo-que-ajuda-o-corpo-a-combater-inflamacoes-e-pode-ser-plantado-em-casa\/","og_locale":"pt_BR","og_type":"article","og_title":"O sabor amargo que ajuda o corpo a combater inflama\u00e7\u00f5es e pode ser plantado em casa - Correio Braziliense - Radar","og_description":"Rica em nutrientes e f\u00e1cil de cultivar, a ora pro nobis aparece cada vez mais em hortas e receitas. Veja por que ela desperta tanto interesse","og_url":"https:\/\/www.correiobraziliense.com.br\/cbradar\/o-sabor-amargo-que-ajuda-o-corpo-a-combater-inflamacoes-e-pode-ser-plantado-em-casa\/","og_site_name":"Correio Braziliense - Radar","article_published_time":"2026-03-17T01:55:00+00:00","og_image":[{"width":1280,"height":720,"url":"https:\/\/www.correiobraziliense.com.br\/cbradar\/wp-content\/uploads\/2026\/03\/Flor_Ora_Pro_nobis_foto2.jpg","type":"image\/jpeg"}],"author":"Nicolas Otto","twitter_card":"summary_large_image","twitter_misc":{"Escrito por":"Nicolas Otto","Est. tempo de leitura":"4 minutos"},"schema":{"@context":"https:\/\/schema.org","@graph":[{"@type":"WebPage","@id":"https:\/\/www.correiobraziliense.com.br\/cbradar\/o-sabor-amargo-que-ajuda-o-corpo-a-combater-inflamacoes-e-pode-ser-plantado-em-casa\/","url":"https:\/\/www.correiobraziliense.com.br\/cbradar\/o-sabor-amargo-que-ajuda-o-corpo-a-combater-inflamacoes-e-pode-ser-plantado-em-casa\/","name":"O sabor amargo que ajuda o corpo a combater inflama\u00e7\u00f5es e pode ser plantado em casa - Correio Braziliense - Radar","isPartOf":{"@id":"https:\/\/www.correiobraziliense.com.br\/cbradar\/#website"},"primaryImageOfPage":{"@id":"https:\/\/www.correiobraziliense.com.br\/cbradar\/o-sabor-amargo-que-ajuda-o-corpo-a-combater-inflamacoes-e-pode-ser-plantado-em-casa\/#primaryimage"},"image":{"@id":"https:\/\/www.correiobraziliense.com.br\/cbradar\/o-sabor-amargo-que-ajuda-o-corpo-a-combater-inflamacoes-e-pode-ser-plantado-em-casa\/#primaryimage"},"thumbnailUrl":"https:\/\/www.correiobraziliense.com.br\/cbradar\/wp-content\/uploads\/2026\/03\/Flor_Ora_Pro_nobis_foto2.jpg","datePublished":"2026-03-17T01:55:00+00:00","author":{"@id":"https:\/\/www.correiobraziliense.com.br\/cbradar\/#\/schema\/person\/3221b250518e74ac52c442d1c1236aaa"},"description":"Rica em nutrientes e f\u00e1cil de cultivar, a ora pro nobis aparece cada vez mais em hortas e receitas. Veja por que ela desperta tanto interesse","breadcrumb":{"@id":"https:\/\/www.correiobraziliense.com.br\/cbradar\/o-sabor-amargo-que-ajuda-o-corpo-a-combater-inflamacoes-e-pode-ser-plantado-em-casa\/#breadcrumb"},"inLanguage":"pt-BR","potentialAction":[{"@type":"ReadAction","target":["https:\/\/www.correiobraziliense.com.br\/cbradar\/o-sabor-amargo-que-ajuda-o-corpo-a-combater-inflamacoes-e-pode-ser-plantado-em-casa\/"]}]},{"@type":"ImageObject","inLanguage":"pt-BR","@id":"https:\/\/www.correiobraziliense.com.br\/cbradar\/o-sabor-amargo-que-ajuda-o-corpo-a-combater-inflamacoes-e-pode-ser-plantado-em-casa\/#primaryimage","url":"https:\/\/www.correiobraziliense.com.br\/cbradar\/wp-content\/uploads\/2026\/03\/Flor_Ora_Pro_nobis_foto2.jpg","contentUrl":"https:\/\/www.correiobraziliense.com.br\/cbradar\/wp-content\/uploads\/2026\/03\/Flor_Ora_Pro_nobis_foto2.jpg","width":1280,"height":720,"caption":"Ora pro nobis ganha destaque na alimenta\u00e7\u00e3o saud\u00e1vel - Fonte: Wikimedia commons"},{"@type":"BreadcrumbList","@id":"https:\/\/www.correiobraziliense.com.br\/cbradar\/o-sabor-amargo-que-ajuda-o-corpo-a-combater-inflamacoes-e-pode-ser-plantado-em-casa\/#breadcrumb","itemListElement":[{"@type":"ListItem","position":1,"name":"In\u00edcio","item":"https:\/\/www.correiobraziliense.com.br\/cbradar\/"},{"@type":"ListItem","position":2,"name":"O sabor amargo que ajuda o corpo a combater inflama\u00e7\u00f5es e pode ser plantado em casa"}]},{"@type":"WebSite","@id":"https:\/\/www.correiobraziliense.com.br\/cbradar\/#website","url":"https:\/\/www.correiobraziliense.com.br\/cbradar\/","name":"Correio Braziliense - Radar","description":"Acompanhe as \u00faltimas not\u00edcias e fique bem informado sobre tudo o que acontece no Brasil e no mundo.","potentialAction":[{"@type":"SearchAction","target":{"@type":"EntryPoint","urlTemplate":"https:\/\/www.correiobraziliense.com.br\/cbradar\/?s={search_term_string}"},"query-input":{"@type":"PropertyValueSpecification","valueRequired":true,"valueName":"search_term_string"}}],"inLanguage":"pt-BR"},{"@type":"Person","@id":"https:\/\/www.correiobraziliense.com.br\/cbradar\/#\/schema\/person\/3221b250518e74ac52c442d1c1236aaa","name":"Nicolas Otto","image":{"@type":"ImageObject","inLanguage":"pt-BR","@id":"https:\/\/www.correiobraziliense.com.br\/cbradar\/#\/schema\/person\/image\/","url":"https:\/\/secure.gravatar.com\/avatar\/05925f730d72f0ea0df144f236adfb18?s=96&d=mm&r=g","contentUrl":"https:\/\/secure.gravatar.com\/avatar\/05925f730d72f0ea0df144f236adfb18?s=96&d=mm&r=g","caption":"Nicolas Otto"},"sameAs":["https:\/\/www.correiobraziliense.com.br\/cbradar\/"],"url":"https:\/\/www.correiobraziliense.com.br\/cbradar\/author\/nicolas-otto\/"}]}},"_links":{"self":[{"href":"https:\/\/www.correiobraziliense.com.br\/cbradar\/wp-json\/wp\/v2\/posts\/207277","targetHints":{"allow":["GET"]}}],"collection":[{"href":"https:\/\/www.correiobraziliense.com.br\/cbradar\/wp-json\/wp\/v2\/posts"}],"about":[{"href":"https:\/\/www.correiobraziliense.com.br\/cbradar\/wp-json\/wp\/v2\/types\/post"}],"author":[{"embeddable":true,"href":"https:\/\/www.correiobraziliense.com.br\/cbradar\/wp-json\/wp\/v2\/users\/23"}],"replies":[{"embeddable":true,"href":"https:\/\/www.correiobraziliense.com.br\/cbradar\/wp-json\/wp\/v2\/comments?post=207277"}],"version-history":[{"count":2,"href":"https:\/\/www.correiobraziliense.com.br\/cbradar\/wp-json\/wp\/v2\/posts\/207277\/revisions"}],"predecessor-version":[{"id":208154,"href":"https:\/\/www.correiobraziliense.com.br\/cbradar\/wp-json\/wp\/v2\/posts\/207277\/revisions\/208154"}],"wp:featuredmedia":[{"embeddable":true,"href":"https:\/\/www.correiobraziliense.com.br\/cbradar\/wp-json\/wp\/v2\/media\/207282"}],"wp:attachment":[{"href":"https:\/\/www.correiobraziliense.com.br\/cbradar\/wp-json\/wp\/v2\/media?parent=207277"}],"wp:term":[{"taxonomy":"category","embeddable":true,"href":"https:\/\/www.correiobraziliense.com.br\/cbradar\/wp-json\/wp\/v2\/categories?post=207277"},{"taxonomy":"post_tag","embeddable":true,"href":"https:\/\/www.correiobraziliense.com.br\/cbradar\/wp-json\/wp\/v2\/tags?post=207277"}],"curies":[{"name":"wp","href":"https:\/\/api.w.org\/{rel}","templated":true}]}}