{"id":207279,"date":"2026-03-13T10:05:51","date_gmt":"2026-03-13T13:05:51","guid":{"rendered":"https:\/\/www.correiobraziliense.com.br\/cbradar\/?p=207279"},"modified":"2026-03-12T14:47:03","modified_gmt":"2026-03-12T17:47:03","slug":"banana-verde-ou-madura-entenda-qual-delas-pode-elevar-mais-o-acucar-no-sangue","status":"publish","type":"post","link":"https:\/\/www.correiobraziliense.com.br\/cbradar\/banana-verde-ou-madura-entenda-qual-delas-pode-elevar-mais-o-acucar-no-sangue\/","title":{"rendered":"Banana verde ou madura, entenda qual delas pode elevar mais o a\u00e7\u00facar no sangue"},"content":{"rendered":"\n<p>Imagine algu\u00e9m com diabetes pensando duas vezes antes de comer uma <b>banana<\/b> no caf\u00e9 da manh\u00e3, sem saber se isso vai ajudar ou atrapalhar a <b>glicemia<\/b>. A verdade \u00e9 que a mesma fruta, dependendo do ponto de matura\u00e7\u00e3o, pode causar efeitos bem diferentes no a\u00e7\u00facar do sangue \u2013 e entender essa diferen\u00e7a ajuda muito quem quer cuidar melhor da <b>sa\u00fade<\/b>.<\/p>\n\n\n\n<h2 class=\"wp-block-heading\">Banana e glicemia o que acontece no organismo<\/h2>\n\n\n\n<p>Quando falamos em <b>banana<\/b> e glicemia, estamos falando de como o corpo transforma o <b>carboidrato<\/b> da fruta em glicose no sangue. Depois que voc\u00ea come a banana, os a\u00e7\u00facares e amidos s\u00e3o digeridos no intestino e v\u00e3o para a corrente sangu\u00ednea, elevando a <b>glicemia<\/b>.<\/p>\n\n\n\n<p>Em resposta, o <b>p\u00e2ncreas<\/b> libera insulina, o horm\u00f4nio que ajuda essa glicose a entrar nas c\u00e9lulas e ser usada como <b>energia<\/b>. O detalhe importante \u00e9 que a forma desse carboidrato muda bastante entre a banana verde e a banana madura, e isso muda tamb\u00e9m a velocidade com que o <b>a\u00e7\u00facar<\/b> aparece no sangue.<\/p>\n\n\n<div class=\"wp-block-image\">\n<figure class=\"aligncenter size-large\"><img decoding=\"async\" width=\"1024\" height=\"576\" src=\"https:\/\/www.correiobraziliense.com.br\/cbradar\/wp-content\/uploads\/2026\/02\/Gemini_Generated_Image_ha00prha00prha00-2-1024x576.png\" alt=\"\" class=\"wp-image-188733\" srcset=\"https:\/\/www.correiobraziliense.com.br\/cbradar\/wp-content\/uploads\/2026\/02\/Gemini_Generated_Image_ha00prha00prha00-2-1024x576.png 1024w, https:\/\/www.correiobraziliense.com.br\/cbradar\/wp-content\/uploads\/2026\/02\/Gemini_Generated_Image_ha00prha00prha00-2-300x169.png 300w, https:\/\/www.correiobraziliense.com.br\/cbradar\/wp-content\/uploads\/2026\/02\/Gemini_Generated_Image_ha00prha00prha00-2-768x432.png 768w, https:\/\/www.correiobraziliense.com.br\/cbradar\/wp-content\/uploads\/2026\/02\/Gemini_Generated_Image_ha00prha00prha00-2-750x422.png 750w, https:\/\/www.correiobraziliense.com.br\/cbradar\/wp-content\/uploads\/2026\/02\/Gemini_Generated_Image_ha00prha00prha00-2-1140x641.png 1140w, https:\/\/www.correiobraziliense.com.br\/cbradar\/wp-content\/uploads\/2026\/02\/Gemini_Generated_Image_ha00prha00prha00-2.png 1280w\" sizes=\"(max-width: 1024px) 100vw, 1024px\" \/><figcaption class=\"wp-element-caption\">A banana \u00e9 vista como aliada do rendimento porque concentra carboidratos como glicose<\/figcaption><\/figure><\/div>\n\n\n<p>Leia tamb\u00e9m:&nbsp;<a href=\"https:\/\/www.correiobraziliense.com.br\/cbradar\/a-pimenta-aromatica-que-pode-intensificar-o-sabor-das-receitas-e-ainda-apoiar-o-metabolismo-no-dia-a-dia\/\" target=\"_blank\" rel=\"noopener\">A pimenta arom\u00e1tica que pode intensificar o sabor das receitas e ainda apoiar o metabolismo no dia a dia<\/a><\/p>\n\n\n\n<h2 class=\"wp-block-heading\">Como a banana verde afeta a glicemia de forma diferente<\/h2>\n\n\n\n<p>Na <b>banana<\/b> madura, a maior parte do carboidrato vira a\u00e7\u00facares simples, como glicose, frutose e sacarose, que s\u00e3o rapidamente <b>absorvidos<\/b>. J\u00e1 na banana verde, predomina o chamado <b>amido<\/b> resistente, que se comporta mais como uma fibra do que como um a\u00e7\u00facar r\u00e1pido.<\/p>\n\n\n\n<p>Esse <b>amido<\/b> resistente quase n\u00e3o \u00e9 quebrado no intestino delgado e segue para o intestino grosso, onde \u00e9 fermentado pelas bact\u00e9rias da <b>microbiota<\/b>. Com isso, a libera\u00e7\u00e3o de glicose no sangue \u00e9 mais lenta e gradual, o que pode ser interessante para quem tem <b>diabetes<\/b>, pr\u00e9-diabetes ou sensibilidade a picos de a\u00e7\u00facar.<\/p>\n\n\n\n<h2 class=\"wp-block-heading\">Por que o amido resistente da banana verde \u00e9 t\u00e3o importante<\/h2>\n\n\n\n<p>O <b>amido<\/b> resistente da banana verde ajuda n\u00e3o apenas na glicemia, mas tamb\u00e9m na sensa\u00e7\u00e3o de <b>saciedade<\/b>. Como a digest\u00e3o \u00e9 mais lenta, a fome tende a demorar mais para voltar, o que pode apoiar quem precisa controlar o <b>peso<\/b> e evitar beliscos constantes.<\/p>\n\n\n\n<p>Al\u00e9m disso, esse amido serve de \u201calimento\u201d para as bact\u00e9rias ben\u00e9ficas do <b>intestino<\/b>, contribuindo para a sa\u00fade intestinal. Um intestino mais equilibrado tamb\u00e9m se relaciona com melhor controle <b>metab\u00f3lico<\/b>, o que inclui glicemia mais <b>est\u00e1vel<\/b> ao longo do dia.  Separamos esse v\u00eddeo do canal <a href=\"https:\/\/www.youtube.com\/@pensandoaocontrario\" target=\"_blank\" rel=\"noreferrer noopener\">pensandoaocontrario<\/a> ensinando como a fazer a biomassa de banana verde:<\/p>\n\n\n\n<figure class=\"wp-block-embed is-type-video is-provider-youtube wp-block-embed-youtube wp-embed-aspect-16-9 wp-has-aspect-ratio\"><div class=\"wp-block-embed__wrapper\">\n<div class=\"jeg_video_container jeg_video_content\"><iframe loading=\"lazy\" title=\"A VERDADEIRA BIOMASSA DE BANANA VERDE | Fa\u00e7a do jeito certo sem erros\" width=\"500\" height=\"281\" src=\"https:\/\/www.youtube.com\/embed\/q3WEg8ycrnI?feature=oembed\" frameborder=\"0\" allow=\"accelerometer; autoplay; clipboard-write; encrypted-media; gyroscope; picture-in-picture; web-share\" referrerpolicy=\"strict-origin-when-cross-origin\" allowfullscreen><\/iframe><\/div>\n<\/div><\/figure>\n\n\n\n<h2 class=\"wp-block-heading\">\u00cdndice glic\u00eamico da banana muda conforme a matura\u00e7\u00e3o<\/h2>\n\n\n\n<p>O <b>\u00edndice<\/b> glic\u00eamico mostra o qu\u00e3o r\u00e1pido um alimento aumenta a glicose no sangue, e no caso da <b>banana<\/b> ele n\u00e3o \u00e9 fixo. \u00c0 medida que a fruta amadurece, o amido se transforma em a\u00e7\u00facares simples, elevando o \u00edndice glic\u00eamico, especialmente quando a casca j\u00e1 est\u00e1 bem amarelada ou com manchas <b>escuras<\/b>.<\/p>\n\n\n\n<p>De modo geral, a <b>banana<\/b> vai de baixo a moderado \u00edndice glic\u00eamico, variando com a variedade e o ponto de <b>matura\u00e7\u00e3o<\/b>. Para quem busca mais estabilidade da glicemia, costuma ser melhor escolher bananas menos maduras ou usar derivados de banana verde dentro de um plano alimentar orientado por um <b>profissional<\/b>.<\/p>\n\n\n\n<h2 class=\"wp-block-heading\">Como incluir banana verde na rotina sem exageros<\/h2>\n\n\n\n<p>A <b>banana<\/b> verde pode entrar no dia a dia de forma simples e vers\u00e1til, principalmente para quem quer mais saciedade e menos picos de glicose. Uma das formas mais comuns \u00e9 a <b>biomassa<\/b> de banana verde, preparada com a polpa cozida e batida, que quase n\u00e3o altera o sabor das <b>receitas<\/b>.<\/p>\n\n\n\n<p>Para facilitar o uso no cotidiano, muitas pessoas apostam em preparos pr\u00e1ticos com <b>banana<\/b> verde, que ajudam a aumentar o teor de fibras sem transformar completamente o paladar da refei\u00e7\u00e3o. Em geral, a orienta\u00e7\u00e3o \u00e9 observar a <b>toler\u00e2ncia<\/b> individual e come\u00e7ar com pequenas quantidades, ajustando de acordo com a resposta da <b>glicemia<\/b>.<\/p>\n\n\n\n<ul class=\"wp-block-list\">\n<li>Usar <b>biomassa<\/b> de banana verde em sopas, molhos, massas e <b>vitaminas<\/b>.<\/li>\n\n\n\n<li>Substituir parte da farinha comum por <b>farinha<\/b> de banana verde em p\u00e3es, bolos e <b>panquecas<\/b>.<\/li>\n\n\n\n<li>Consumir banana pouco madura <b>in<\/b> natura, em por\u00e7\u00f5es moderadas ao longo do <b>dia<\/b>.<\/li>\n<\/ul>\n\n\n\n<figure class=\"wp-block-embed is-type-rich is-provider-pinterest wp-block-embed-pinterest\"><div class=\"wp-block-embed__wrapper\">\n<iframe loading=\"lazy\" title=\"Voc\u00ea conhece a Biomassa de Banana Verde?  A biomassa de banana verde \u00e9 rica em vitaminas A e complexo B e minerais como pot\u00e1ssio, f\u00f3sforo, c\u00e1lcio, magn\u00e9sio, ferro, mangan\u00eas e zinco. \u00c9 um antioxidante que tem a\u00e7\u00e3o anti-inflamat\u00f3ria e pode ajudar a melhorar a imunidade. A biomassa tamb\u00e9m ajuda a reduzir a absor\u00e7\u00e3o de gordura, ajudando a regular os n\u00edveis de colesterol e triglicer\u00eddeos.  Outro ponto super interessante sobre a biomassa \u00e9 que ela \u00e9 rica em amido resistente que possui os benef\u00edcios...\" src=\"https:\/\/assets.pinterest.com\/ext\/embed.html?id=604608318768834633&#038;src=oembed\" height=\"550\" width=\"450\" frameborder=\"0\" scrolling=\"no\" ><\/iframe>\n<\/div><\/figure>\n\n\n\n<h2 class=\"wp-block-heading\">Quais cuidados ter ao relacionar banana e glicemia<\/h2>\n\n\n\n<p>Mesmo com as diferen\u00e7as entre <b>banana<\/b> verde e madura, o impacto na glicemia depende do conjunto da alimenta\u00e7\u00e3o e do <b>estilo<\/b> de vida. Exerc\u00edcios, sono, uso de rem\u00e9dios, hor\u00e1rio das refei\u00e7\u00f5es e combina\u00e7\u00e3o com outros alimentos (como prote\u00ednas e gorduras boas) mudam bastante a resposta <b>individual<\/b>.<\/p>\n\n\n\n<p>Pesquisas recentes seguem estudando o <b>amido<\/b> resistente e outros alimentos funcionais no controle glic\u00eamico, e a banana verde aparece com frequ\u00eancia nesse cen\u00e1rio. Ainda assim, ela deve fazer parte de um padr\u00e3o alimentar rico em fibras, legumes, frutas variadas e gr\u00e3os integrais, com acompanhamento <b>profissional<\/b> para ajustar quantidade e frequ\u00eancia ao seu <b>caso<\/b>.<\/p>\n","protected":false},"excerpt":{"rendered":"<p>Imagine algu\u00e9m com diabetes pensando duas vezes antes de comer uma banana no caf\u00e9 da manh\u00e3, sem saber se isso vai ajudar ou atrapalhar a glicemia. A verdade \u00e9 que a mesma fruta, dependendo do ponto de matura\u00e7\u00e3o, pode causar efeitos bem diferentes no a\u00e7\u00facar do sangue \u2013 e entender essa diferen\u00e7a ajuda muito quem [&hellip;]<\/p>\n","protected":false},"author":9,"featured_media":207572,"comment_status":"open","ping_status":"open","sticky":false,"template":"","format":"standard","meta":{"_yoast_wpseo_focuskw":"banana verde afeta a glicemia","_yoast_wpseo_title":"","_yoast_wpseo_metadesc":"Banana verde e madura t\u00eam efeitos diferentes na glicose. Entenda como o amadurecimento muda o \u00edndice glic\u00eamico e a digest\u00e3o da fruta.","jnews-multi-image_gallery":[],"jnews_single_post":{"format":"standard"},"jnews_primary_category":[],"jnews_social_meta":[],"jnews_override_counter":[],"footnotes":""},"categories":[119,4404],"tags":[15991,877,5450,565],"class_list":["post-207279","post","type-post","status-publish","format-standard","has-post-thumbnail","hentry","category-bem-estar","category-saude","tag-acucar-do-sangue","tag-banana","tag-glicemia","tag-saude"],"yoast_head":"<!-- This site is optimized with the Yoast SEO plugin v24.6 - https:\/\/yoast.com\/wordpress\/plugins\/seo\/ -->\n<title>Banana verde ou madura, entenda qual delas pode elevar mais o a\u00e7\u00facar no sangue - Correio Braziliense - Radar<\/title>\n<meta name=\"description\" content=\"Banana verde e madura t\u00eam efeitos diferentes na glicose. Entenda como o amadurecimento muda o \u00edndice glic\u00eamico e a digest\u00e3o da fruta.\" \/>\n<meta name=\"robots\" content=\"index, follow, max-snippet:-1, max-image-preview:large, max-video-preview:-1\" \/>\n<link rel=\"canonical\" href=\"https:\/\/www.correiobraziliense.com.br\/cbradar\/banana-verde-ou-madura-entenda-qual-delas-pode-elevar-mais-o-acucar-no-sangue\/\" \/>\n<meta property=\"og:locale\" content=\"pt_BR\" \/>\n<meta property=\"og:type\" content=\"article\" \/>\n<meta property=\"og:title\" content=\"Banana verde ou madura, entenda qual delas pode elevar mais o a\u00e7\u00facar no sangue - Correio Braziliense - Radar\" \/>\n<meta property=\"og:description\" content=\"Banana verde e madura t\u00eam efeitos diferentes na glicose. Entenda como o amadurecimento muda o \u00edndice glic\u00eamico e a digest\u00e3o da fruta.\" \/>\n<meta property=\"og:url\" content=\"https:\/\/www.correiobraziliense.com.br\/cbradar\/banana-verde-ou-madura-entenda-qual-delas-pode-elevar-mais-o-acucar-no-sangue\/\" \/>\n<meta property=\"og:site_name\" content=\"Correio Braziliense - Radar\" \/>\n<meta property=\"article:published_time\" content=\"2026-03-13T13:05:51+00:00\" \/>\n<meta property=\"og:image\" content=\"https:\/\/www.correiobraziliense.com.br\/cbradar\/wp-content\/uploads\/2026\/03\/freepik__duas-bananas-lado-a-lado-sobre-uma-mesa-de-cozinha__33558.jpeg\" \/>\n\t<meta property=\"og:image:width\" content=\"1280\" \/>\n\t<meta property=\"og:image:height\" content=\"720\" \/>\n\t<meta property=\"og:image:type\" content=\"image\/jpeg\" \/>\n<meta name=\"author\" content=\"Daniely Cardoso\" \/>\n<meta name=\"twitter:card\" content=\"summary_large_image\" \/>\n<meta name=\"twitter:label1\" content=\"Escrito por\" \/>\n\t<meta name=\"twitter:data1\" content=\"Daniely Cardoso\" \/>\n\t<meta name=\"twitter:label2\" content=\"Est. tempo de leitura\" \/>\n\t<meta name=\"twitter:data2\" content=\"5 minutos\" \/>\n<!-- \/ Yoast SEO plugin. -->","yoast_head_json":{"title":"Banana verde ou madura, entenda qual delas pode elevar mais o a\u00e7\u00facar no sangue - Correio Braziliense - Radar","description":"Banana verde e madura t\u00eam efeitos diferentes na glicose. Entenda como o amadurecimento muda o \u00edndice glic\u00eamico e a digest\u00e3o da fruta.","robots":{"index":"index","follow":"follow","max-snippet":"max-snippet:-1","max-image-preview":"max-image-preview:large","max-video-preview":"max-video-preview:-1"},"canonical":"https:\/\/www.correiobraziliense.com.br\/cbradar\/banana-verde-ou-madura-entenda-qual-delas-pode-elevar-mais-o-acucar-no-sangue\/","og_locale":"pt_BR","og_type":"article","og_title":"Banana verde ou madura, entenda qual delas pode elevar mais o a\u00e7\u00facar no sangue - Correio Braziliense - Radar","og_description":"Banana verde e madura t\u00eam efeitos diferentes na glicose. Entenda como o amadurecimento muda o \u00edndice glic\u00eamico e a digest\u00e3o da fruta.","og_url":"https:\/\/www.correiobraziliense.com.br\/cbradar\/banana-verde-ou-madura-entenda-qual-delas-pode-elevar-mais-o-acucar-no-sangue\/","og_site_name":"Correio Braziliense - Radar","article_published_time":"2026-03-13T13:05:51+00:00","og_image":[{"width":1280,"height":720,"url":"https:\/\/www.correiobraziliense.com.br\/cbradar\/wp-content\/uploads\/2026\/03\/freepik__duas-bananas-lado-a-lado-sobre-uma-mesa-de-cozinha__33558.jpeg","type":"image\/jpeg"}],"author":"Daniely Cardoso","twitter_card":"summary_large_image","twitter_misc":{"Escrito por":"Daniely Cardoso","Est. tempo de leitura":"5 minutos"},"schema":{"@context":"https:\/\/schema.org","@graph":[{"@type":"WebPage","@id":"https:\/\/www.correiobraziliense.com.br\/cbradar\/banana-verde-ou-madura-entenda-qual-delas-pode-elevar-mais-o-acucar-no-sangue\/","url":"https:\/\/www.correiobraziliense.com.br\/cbradar\/banana-verde-ou-madura-entenda-qual-delas-pode-elevar-mais-o-acucar-no-sangue\/","name":"Banana verde ou madura, entenda qual delas pode elevar mais o a\u00e7\u00facar no sangue - Correio Braziliense - Radar","isPartOf":{"@id":"https:\/\/www.correiobraziliense.com.br\/cbradar\/#website"},"primaryImageOfPage":{"@id":"https:\/\/www.correiobraziliense.com.br\/cbradar\/banana-verde-ou-madura-entenda-qual-delas-pode-elevar-mais-o-acucar-no-sangue\/#primaryimage"},"image":{"@id":"https:\/\/www.correiobraziliense.com.br\/cbradar\/banana-verde-ou-madura-entenda-qual-delas-pode-elevar-mais-o-acucar-no-sangue\/#primaryimage"},"thumbnailUrl":"https:\/\/www.correiobraziliense.com.br\/cbradar\/wp-content\/uploads\/2026\/03\/freepik__duas-bananas-lado-a-lado-sobre-uma-mesa-de-cozinha__33558.jpeg","datePublished":"2026-03-13T13:05:51+00:00","author":{"@id":"https:\/\/www.correiobraziliense.com.br\/cbradar\/#\/schema\/person\/7356666e12ec0ee53f348ee5db227032"},"description":"Banana verde e madura t\u00eam efeitos diferentes na glicose. Entenda como o amadurecimento muda o \u00edndice glic\u00eamico e a digest\u00e3o da fruta.","breadcrumb":{"@id":"https:\/\/www.correiobraziliense.com.br\/cbradar\/banana-verde-ou-madura-entenda-qual-delas-pode-elevar-mais-o-acucar-no-sangue\/#breadcrumb"},"inLanguage":"pt-BR","potentialAction":[{"@type":"ReadAction","target":["https:\/\/www.correiobraziliense.com.br\/cbradar\/banana-verde-ou-madura-entenda-qual-delas-pode-elevar-mais-o-acucar-no-sangue\/"]}]},{"@type":"ImageObject","inLanguage":"pt-BR","@id":"https:\/\/www.correiobraziliense.com.br\/cbradar\/banana-verde-ou-madura-entenda-qual-delas-pode-elevar-mais-o-acucar-no-sangue\/#primaryimage","url":"https:\/\/www.correiobraziliense.com.br\/cbradar\/wp-content\/uploads\/2026\/03\/freepik__duas-bananas-lado-a-lado-sobre-uma-mesa-de-cozinha__33558.jpeg","contentUrl":"https:\/\/www.correiobraziliense.com.br\/cbradar\/wp-content\/uploads\/2026\/03\/freepik__duas-bananas-lado-a-lado-sobre-uma-mesa-de-cozinha__33558.jpeg","width":1280,"height":720,"caption":"O ponto de matura\u00e7\u00e3o da banana influencia a forma como o corpo absorve seus carboidratos"},{"@type":"BreadcrumbList","@id":"https:\/\/www.correiobraziliense.com.br\/cbradar\/banana-verde-ou-madura-entenda-qual-delas-pode-elevar-mais-o-acucar-no-sangue\/#breadcrumb","itemListElement":[{"@type":"ListItem","position":1,"name":"In\u00edcio","item":"https:\/\/www.correiobraziliense.com.br\/cbradar\/"},{"@type":"ListItem","position":2,"name":"Banana verde ou madura, entenda qual delas pode elevar mais o a\u00e7\u00facar no sangue"}]},{"@type":"WebSite","@id":"https:\/\/www.correiobraziliense.com.br\/cbradar\/#website","url":"https:\/\/www.correiobraziliense.com.br\/cbradar\/","name":"Correio Braziliense - Radar","description":"Acompanhe as \u00faltimas not\u00edcias e fique bem informado sobre tudo o que acontece no Brasil e no mundo.","potentialAction":[{"@type":"SearchAction","target":{"@type":"EntryPoint","urlTemplate":"https:\/\/www.correiobraziliense.com.br\/cbradar\/?s={search_term_string}"},"query-input":{"@type":"PropertyValueSpecification","valueRequired":true,"valueName":"search_term_string"}}],"inLanguage":"pt-BR"},{"@type":"Person","@id":"https:\/\/www.correiobraziliense.com.br\/cbradar\/#\/schema\/person\/7356666e12ec0ee53f348ee5db227032","name":"Daniely Cardoso","image":{"@type":"ImageObject","inLanguage":"pt-BR","@id":"https:\/\/www.correiobraziliense.com.br\/cbradar\/#\/schema\/person\/image\/","url":"https:\/\/secure.gravatar.com\/avatar\/4b80ddbd124d1f071b626d52d62e5dff?s=96&d=mm&r=g","contentUrl":"https:\/\/secure.gravatar.com\/avatar\/4b80ddbd124d1f071b626d52d62e5dff?s=96&d=mm&r=g","caption":"Daniely Cardoso"},"description":"Redatora nos portais CB Radar e EM Foco, formada pela Universidade Federal de Goi\u00e1s, em Goi\u00e2nia. Apaixonada por comunica\u00e7\u00e3o, arte, decora\u00e7\u00e3o e tend\u00eancias, atuo na produ\u00e7\u00e3o de conte\u00fados envolventes sobre curiosidades, moda, beleza e paisagismo, sempre com um olhar atento \u00e0s novidades do momento.","sameAs":["https:\/\/www.correiobraziliense.com.br\/cbradar"],"url":"https:\/\/www.correiobraziliense.com.br\/cbradar\/author\/danielymyth\/"}]}},"_links":{"self":[{"href":"https:\/\/www.correiobraziliense.com.br\/cbradar\/wp-json\/wp\/v2\/posts\/207279","targetHints":{"allow":["GET"]}}],"collection":[{"href":"https:\/\/www.correiobraziliense.com.br\/cbradar\/wp-json\/wp\/v2\/posts"}],"about":[{"href":"https:\/\/www.correiobraziliense.com.br\/cbradar\/wp-json\/wp\/v2\/types\/post"}],"author":[{"embeddable":true,"href":"https:\/\/www.correiobraziliense.com.br\/cbradar\/wp-json\/wp\/v2\/users\/9"}],"replies":[{"embeddable":true,"href":"https:\/\/www.correiobraziliense.com.br\/cbradar\/wp-json\/wp\/v2\/comments?post=207279"}],"version-history":[{"count":2,"href":"https:\/\/www.correiobraziliense.com.br\/cbradar\/wp-json\/wp\/v2\/posts\/207279\/revisions"}],"predecessor-version":[{"id":207357,"href":"https:\/\/www.correiobraziliense.com.br\/cbradar\/wp-json\/wp\/v2\/posts\/207279\/revisions\/207357"}],"wp:featuredmedia":[{"embeddable":true,"href":"https:\/\/www.correiobraziliense.com.br\/cbradar\/wp-json\/wp\/v2\/media\/207572"}],"wp:attachment":[{"href":"https:\/\/www.correiobraziliense.com.br\/cbradar\/wp-json\/wp\/v2\/media?parent=207279"}],"wp:term":[{"taxonomy":"category","embeddable":true,"href":"https:\/\/www.correiobraziliense.com.br\/cbradar\/wp-json\/wp\/v2\/categories?post=207279"},{"taxonomy":"post_tag","embeddable":true,"href":"https:\/\/www.correiobraziliense.com.br\/cbradar\/wp-json\/wp\/v2\/tags?post=207279"}],"curies":[{"name":"wp","href":"https:\/\/api.w.org\/{rel}","templated":true}]}}