{"id":207280,"date":"2026-03-13T13:05:56","date_gmt":"2026-03-13T16:05:56","guid":{"rendered":"https:\/\/www.correiobraziliense.com.br\/cbradar\/?p=207280"},"modified":"2026-03-12T14:59:12","modified_gmt":"2026-03-12T17:59:12","slug":"troquei-o-pao-por-essa-crepioca-de-frigideira-no-cafe-da-manha-depois-que-comecei-a-evitar-gluten-pratica-e-saborosa","status":"publish","type":"post","link":"https:\/\/www.correiobraziliense.com.br\/cbradar\/troquei-o-pao-por-essa-crepioca-de-frigideira-no-cafe-da-manha-depois-que-comecei-a-evitar-gluten-pratica-e-saborosa\/","title":{"rendered":"Troquei o p\u00e3o por essa crepioca de frigideira no caf\u00e9 da manh\u00e3 depois que comecei a evitar gl\u00faten: pr\u00e1tica e saborosa"},"content":{"rendered":"\n<p>Voc\u00ea j\u00e1 acordou com aquela vontade de mudar o <b>caf\u00e9<\/b> da manh\u00e3, mas sem abrir m\u00e3o de algo r\u00e1pido e gostoso? \u00c9 a\u00ed que muita gente tem trocado o p\u00e3o tradicional pela <b>crepioca<\/b> de frigideira, uma op\u00e7\u00e3o simples, pr\u00e1tica e que combina com a correria do dia a dia. Com poucos ingredientes e um preparo em minutos, ela ajuda a variar o card\u00e1pio e ainda pode ser adaptada para diferentes objetivos, como reduzir o consumo de <b>gl\u00faten<\/b> ou deixar a refei\u00e7\u00e3o mais leve.<\/p>\n\n\n\n<h2 class=\"wp-block-heading\">O que \u00e9 a crepioca de frigideira no caf\u00e9 da manh\u00e3<\/h2>\n\n\n\n<p>A crepioca de frigideira \u00e9 uma massa feita com goma de <b>tapioca<\/b> e ovo, preparada rapidamente em uma frigideira antiaderente, como se fosse uma panqueca. No caf\u00e9 da manh\u00e3, ela costuma entrar no lugar do p\u00e3o e serve de base para recheios diversos, como <b>queijos<\/b>, frango, legumes ou frutas, dependendo se voc\u00ea prefere algo salgado ou doce.<\/p>\n\n\n\n<p>Por n\u00e3o levar farinha de trigo, \u00e9 naturalmente livre de <b>gl\u00faten<\/b>, desde que a goma utilizada seja certificada. Na pr\u00e1tica, basta misturar os ingredientes, despejar na frigideira aquecida e esperar firmar dos dois lados; depois \u00e9 s\u00f3 rechear e dobrar ao meio. Essa <b>praticidade<\/b> \u00e9 um dos motivos que faz a crepioca ganhar espa\u00e7o na mesa matinal de quem quer reorganizar a alimenta\u00e7\u00e3o sem complica\u00e7\u00e3o.<\/p>\n\n\n<div class=\"wp-block-image\">\n<figure class=\"aligncenter size-full\"><img decoding=\"async\" width=\"1280\" height=\"720\" src=\"https:\/\/www.correiobraziliense.com.br\/cbradar\/wp-content\/uploads\/2026\/03\/Gemini_Generated_Image_hapuf1hapuf1hapu-1.png\" alt=\"\" class=\"wp-image-207370\" srcset=\"https:\/\/www.correiobraziliense.com.br\/cbradar\/wp-content\/uploads\/2026\/03\/Gemini_Generated_Image_hapuf1hapuf1hapu-1.png 1280w, https:\/\/www.correiobraziliense.com.br\/cbradar\/wp-content\/uploads\/2026\/03\/Gemini_Generated_Image_hapuf1hapuf1hapu-1-300x169.png 300w, https:\/\/www.correiobraziliense.com.br\/cbradar\/wp-content\/uploads\/2026\/03\/Gemini_Generated_Image_hapuf1hapuf1hapu-1-768x432.png 768w, https:\/\/www.correiobraziliense.com.br\/cbradar\/wp-content\/uploads\/2026\/03\/Gemini_Generated_Image_hapuf1hapuf1hapu-1-750x422.png 750w, https:\/\/www.correiobraziliense.com.br\/cbradar\/wp-content\/uploads\/2026\/03\/Gemini_Generated_Image_hapuf1hapuf1hapu-1-1140x641.png 1140w\" sizes=\"(max-width: 1280px) 100vw, 1280px\" \/><figcaption class=\"wp-element-caption\">A troca do p\u00e3o pela crepioca sem gl\u00faten \u00e9 comum entre quem sente desconforto com gl\u00faten<\/figcaption><\/figure><\/div>\n\n\n<p>Leia tamb\u00e9m:&nbsp;<a href=\"https:\/\/www.correiobraziliense.com.br\/cbradar\/a-pimenta-aromatica-que-pode-intensificar-o-sabor-das-receitas-e-ainda-apoiar-o-metabolismo-no-dia-a-dia\/\" target=\"_blank\" rel=\"noopener\">A pimenta arom\u00e1tica que pode intensificar o sabor das receitas e ainda apoiar o metabolismo no dia a dia<\/a><\/p>\n\n\n\n<h2 class=\"wp-block-heading\">Por que muitas pessoas est\u00e3o trocando o p\u00e3o por crepioca sem gl\u00faten<\/h2>\n\n\n\n<p>A troca do p\u00e3o pela <b>crepioca<\/b> sem gl\u00faten \u00e9 comum entre quem sente desconforto com gl\u00faten, tem doen\u00e7a cel\u00edaca ou simplesmente deseja variar as fontes de <b>carboidrato<\/b>. Enquanto o p\u00e3o franc\u00eas ou de forma \u00e9 feito com farinha de trigo, a crepioca usa tapioca, derivada da mandioca, o que muda bastante a composi\u00e7\u00e3o da refei\u00e7\u00e3o, embora n\u00e3o signifique automaticamente menos <b>calorias<\/b>.<\/p>\n\n\n\n<p>No caf\u00e9 da manh\u00e3, essa substitui\u00e7\u00e3o pode trazer vantagens pr\u00e1ticas e de bem-estar, especialmente quando a pessoa prepara a pr\u00f3pria refei\u00e7\u00e3o em casa e consegue controlar melhor o que est\u00e1 comendo. Veja alguns pontos que costumam atrair quem adota essa mudan\u00e7a na <b>rotina<\/b>:<\/p>\n\n\n\n<ul class=\"wp-block-list\">\n<li><b>Redu\u00e7\u00e3o<\/b> do gl\u00faten: \u00fatil para quem tem orienta\u00e7\u00e3o m\u00e9dica ou desconfortos digestivos.<\/li>\n\n\n\n<li><b>Maior<\/b> controle dos ingredientes: voc\u00ea escolhe \u00f3leos, ovos, queijos e recheios.<\/li>\n\n\n\n<li><b>Versatilidade<\/b> de sabores: combina com vers\u00f5es doces e salgadas, evitando a monotonia.<\/li>\n\n\n\n<li><b>Preparo<\/b> r\u00e1pido: fica pronta em poucos minutos, sem precisar de forno ou equipamentos especiais.<\/li>\n<\/ul>\n\n\n\n<h2 class=\"wp-block-heading\">Como preparar uma crepioca de frigideira pr\u00e1tica e saborosa<\/h2>\n\n\n\n<p>Para come\u00e7ar a incluir a <b>crepioca<\/b> de frigideira no caf\u00e9 da manh\u00e3, uma receita b\u00e1sica j\u00e1 resolve bem e pode ser adaptada ao seu gosto. Depois de aprender o modo de preparo, voc\u00ea s\u00f3 ajusta quantidades e recheios conforme a fome do dia, seja em um caf\u00e9 r\u00e1pido de semana ou em um caf\u00e9 da manh\u00e3 mais caprichado no fim de <b>semana<\/b>. Separamos esse v\u00eddeo da <a href=\"https:\/\/www.youtube.com\/@byjessicaamorim\" target=\"_blank\" rel=\"noreferrer noopener\">By J\u00e9ssica Amorim<\/a> ensinando a fazer crepioca em casa:<\/p>\n\n\n\n<figure class=\"wp-block-embed is-type-video is-provider-youtube wp-block-embed-youtube wp-embed-aspect-16-9 wp-has-aspect-ratio\"><div class=\"wp-block-embed__wrapper\">\n<div class=\"jeg_video_container jeg_video_content\"><iframe loading=\"lazy\" title=\"Como fazer CREPIOCA simples com ovo [crepioca recheada com queijo e presunto f\u00e1cil e r\u00e1pida]\" width=\"500\" height=\"281\" src=\"https:\/\/www.youtube.com\/embed\/ydD5lypcU7Q?feature=oembed\" frameborder=\"0\" allow=\"accelerometer; autoplay; clipboard-write; encrypted-media; gyroscope; picture-in-picture; web-share\" referrerpolicy=\"strict-origin-when-cross-origin\" allowfullscreen><\/iframe><\/div>\n<\/div><\/figure>\n\n\n\n<p>Um passo a passo simples para uma por\u00e7\u00e3o \u00e9: em um recipiente, quebrar <b>1 ovo<\/b> e bater com um garfo at\u00e9 misturar bem. Em seguida, adicionar cerca de 2 colheres de sopa de goma de tapioca e mexer at\u00e9 formar uma massa homog\u00eanea, temperando com sal e, se quiser, ervas ou pimenta. Depois, aquecer uma frigideira antiaderente em fogo baixo, untar levemente se necess\u00e1rio, despejar a massa formando um disco, dourar dos dois lados, acrescentar o <b>recheio<\/b> escolhido e dobrar ao meio antes de servir.<\/p>\n\n\n\n<h2 class=\"wp-block-heading\">A crepioca de caf\u00e9 da manh\u00e3 \u00e9 adequada para qualquer pessoa<\/h2>\n\n\n\n<p>A inclus\u00e3o da <b>crepioca<\/b> de caf\u00e9 da manh\u00e3 no lugar do p\u00e3o costuma funcionar bem para a maioria das pessoas, desde que respeite as necessidades de cada uma. Quem tem doen\u00e7a cel\u00edaca, por exemplo, precisa garantir que a goma de tapioca seja realmente livre de contamina\u00e7\u00e3o por <b>gl\u00faten<\/b>, enquanto quem controla carboidratos ou calorias pode ajustar a quantidade de tapioca e o tipo de recheio.<\/p>\n\n\n\n<p>Profissionais de sa\u00fade geralmente observam a quantidade total de <b>carboidratos<\/b> ao longo do dia, a presen\u00e7a de prote\u00edna (principalmente se o recheio for muito leve), a inclus\u00e3o de <b>fibras<\/b> por meio de frutas, legumes ou verduras e o uso de gorduras mais equilibradas, como azeite em pequena quantidade e queijos menos gordurosos. Com pequenos ajustes de por\u00e7\u00e3o, combina\u00e7\u00f5es e recheios, a crepioca tende a se adaptar bem a diferentes objetivos, ajudando a manter o caf\u00e9 da manh\u00e3 pr\u00e1tico, gostoso e mais alinhado com o que voc\u00ea busca na <b>alimenta\u00e7\u00e3o<\/b>.<\/p>\n","protected":false},"excerpt":{"rendered":"<p>Voc\u00ea j\u00e1 acordou com aquela vontade de mudar o caf\u00e9 da manh\u00e3, mas sem abrir m\u00e3o de algo r\u00e1pido e gostoso? \u00c9 a\u00ed que muita gente tem trocado o p\u00e3o tradicional pela crepioca de frigideira, uma op\u00e7\u00e3o simples, pr\u00e1tica e que combina com a correria do dia a dia. Com poucos ingredientes e um preparo [&hellip;]<\/p>\n","protected":false},"author":9,"featured_media":207580,"comment_status":"open","ping_status":"open","sticky":false,"template":"","format":"standard","meta":{"_yoast_wpseo_focuskw":"crepioca de frigideira","_yoast_wpseo_title":"","_yoast_wpseo_metadesc":"Crepioca de frigideira \u00e9 pr\u00e1tica, sem gl\u00faten e pronta em minutos. Entenda por que muitas pessoas est\u00e3o trocando o p\u00e3o por essa op\u00e7\u00e3o.","jnews-multi-image_gallery":[],"jnews_single_post":{"format":"standard"},"jnews_primary_category":[],"jnews_social_meta":[],"jnews_override_counter":[],"footnotes":""},"categories":[119,4404],"tags":[4319,15992,511,8623],"class_list":["post-207280","post","type-post","status-publish","format-standard","has-post-thumbnail","hentry","category-bem-estar","category-saude","tag-cafe-da-manha","tag-crepioca","tag-receita","tag-sem-gluten"],"yoast_head":"<!-- This site is optimized with the Yoast SEO plugin v24.6 - https:\/\/yoast.com\/wordpress\/plugins\/seo\/ -->\n<title>Troquei o p\u00e3o por essa crepioca de frigideira no caf\u00e9 da manh\u00e3 depois que comecei a evitar gl\u00faten: pr\u00e1tica e saborosa - Correio Braziliense - Radar<\/title>\n<meta name=\"description\" content=\"Crepioca de frigideira \u00e9 pr\u00e1tica, sem gl\u00faten e pronta em minutos. Entenda por que muitas pessoas est\u00e3o trocando o p\u00e3o por essa op\u00e7\u00e3o.\" \/>\n<meta name=\"robots\" content=\"index, follow, max-snippet:-1, max-image-preview:large, max-video-preview:-1\" \/>\n<link rel=\"canonical\" href=\"https:\/\/www.correiobraziliense.com.br\/cbradar\/troquei-o-pao-por-essa-crepioca-de-frigideira-no-cafe-da-manha-depois-que-comecei-a-evitar-gluten-pratica-e-saborosa\/\" \/>\n<meta property=\"og:locale\" content=\"pt_BR\" \/>\n<meta property=\"og:type\" content=\"article\" \/>\n<meta property=\"og:title\" content=\"Troquei o p\u00e3o por essa crepioca de frigideira no caf\u00e9 da manh\u00e3 depois que comecei a evitar gl\u00faten: pr\u00e1tica e saborosa - Correio Braziliense - Radar\" \/>\n<meta property=\"og:description\" content=\"Crepioca de frigideira \u00e9 pr\u00e1tica, sem gl\u00faten e pronta em minutos. Entenda por que muitas pessoas est\u00e3o trocando o p\u00e3o por essa op\u00e7\u00e3o.\" \/>\n<meta property=\"og:url\" content=\"https:\/\/www.correiobraziliense.com.br\/cbradar\/troquei-o-pao-por-essa-crepioca-de-frigideira-no-cafe-da-manha-depois-que-comecei-a-evitar-gluten-pratica-e-saborosa\/\" \/>\n<meta property=\"og:site_name\" content=\"Correio Braziliense - Radar\" \/>\n<meta property=\"article:published_time\" content=\"2026-03-13T16:05:56+00:00\" \/>\n<meta property=\"og:image\" content=\"https:\/\/www.correiobraziliense.com.br\/cbradar\/wp-content\/uploads\/2026\/03\/freepik__crepioca-dourada-dobrada-ao-meio-em-um-prato-de-ca__33562.jpeg\" \/>\n\t<meta property=\"og:image:width\" content=\"1280\" \/>\n\t<meta property=\"og:image:height\" content=\"720\" \/>\n\t<meta property=\"og:image:type\" content=\"image\/jpeg\" \/>\n<meta name=\"author\" content=\"Daniely Cardoso\" \/>\n<meta name=\"twitter:card\" content=\"summary_large_image\" \/>\n<meta name=\"twitter:label1\" content=\"Escrito por\" \/>\n\t<meta name=\"twitter:data1\" content=\"Daniely Cardoso\" \/>\n\t<meta name=\"twitter:label2\" content=\"Est. tempo de leitura\" \/>\n\t<meta name=\"twitter:data2\" content=\"5 minutos\" \/>\n<!-- \/ Yoast SEO plugin. -->","yoast_head_json":{"title":"Troquei o p\u00e3o por essa crepioca de frigideira no caf\u00e9 da manh\u00e3 depois que comecei a evitar gl\u00faten: pr\u00e1tica e saborosa - Correio Braziliense - Radar","description":"Crepioca de frigideira \u00e9 pr\u00e1tica, sem gl\u00faten e pronta em minutos. Entenda por que muitas pessoas est\u00e3o trocando o p\u00e3o por essa op\u00e7\u00e3o.","robots":{"index":"index","follow":"follow","max-snippet":"max-snippet:-1","max-image-preview":"max-image-preview:large","max-video-preview":"max-video-preview:-1"},"canonical":"https:\/\/www.correiobraziliense.com.br\/cbradar\/troquei-o-pao-por-essa-crepioca-de-frigideira-no-cafe-da-manha-depois-que-comecei-a-evitar-gluten-pratica-e-saborosa\/","og_locale":"pt_BR","og_type":"article","og_title":"Troquei o p\u00e3o por essa crepioca de frigideira no caf\u00e9 da manh\u00e3 depois que comecei a evitar gl\u00faten: pr\u00e1tica e saborosa - Correio Braziliense - Radar","og_description":"Crepioca de frigideira \u00e9 pr\u00e1tica, sem gl\u00faten e pronta em minutos. Entenda por que muitas pessoas est\u00e3o trocando o p\u00e3o por essa op\u00e7\u00e3o.","og_url":"https:\/\/www.correiobraziliense.com.br\/cbradar\/troquei-o-pao-por-essa-crepioca-de-frigideira-no-cafe-da-manha-depois-que-comecei-a-evitar-gluten-pratica-e-saborosa\/","og_site_name":"Correio Braziliense - Radar","article_published_time":"2026-03-13T16:05:56+00:00","og_image":[{"width":1280,"height":720,"url":"https:\/\/www.correiobraziliense.com.br\/cbradar\/wp-content\/uploads\/2026\/03\/freepik__crepioca-dourada-dobrada-ao-meio-em-um-prato-de-ca__33562.jpeg","type":"image\/jpeg"}],"author":"Daniely Cardoso","twitter_card":"summary_large_image","twitter_misc":{"Escrito por":"Daniely Cardoso","Est. tempo de leitura":"5 minutos"},"schema":{"@context":"https:\/\/schema.org","@graph":[{"@type":"WebPage","@id":"https:\/\/www.correiobraziliense.com.br\/cbradar\/troquei-o-pao-por-essa-crepioca-de-frigideira-no-cafe-da-manha-depois-que-comecei-a-evitar-gluten-pratica-e-saborosa\/","url":"https:\/\/www.correiobraziliense.com.br\/cbradar\/troquei-o-pao-por-essa-crepioca-de-frigideira-no-cafe-da-manha-depois-que-comecei-a-evitar-gluten-pratica-e-saborosa\/","name":"Troquei o p\u00e3o por essa crepioca de frigideira no caf\u00e9 da manh\u00e3 depois que comecei a evitar gl\u00faten: pr\u00e1tica e saborosa - Correio Braziliense - Radar","isPartOf":{"@id":"https:\/\/www.correiobraziliense.com.br\/cbradar\/#website"},"primaryImageOfPage":{"@id":"https:\/\/www.correiobraziliense.com.br\/cbradar\/troquei-o-pao-por-essa-crepioca-de-frigideira-no-cafe-da-manha-depois-que-comecei-a-evitar-gluten-pratica-e-saborosa\/#primaryimage"},"image":{"@id":"https:\/\/www.correiobraziliense.com.br\/cbradar\/troquei-o-pao-por-essa-crepioca-de-frigideira-no-cafe-da-manha-depois-que-comecei-a-evitar-gluten-pratica-e-saborosa\/#primaryimage"},"thumbnailUrl":"https:\/\/www.correiobraziliense.com.br\/cbradar\/wp-content\/uploads\/2026\/03\/freepik__crepioca-dourada-dobrada-ao-meio-em-um-prato-de-ca__33562.jpeg","datePublished":"2026-03-13T16:05:56+00:00","author":{"@id":"https:\/\/www.correiobraziliense.com.br\/cbradar\/#\/schema\/person\/7356666e12ec0ee53f348ee5db227032"},"description":"Crepioca de frigideira \u00e9 pr\u00e1tica, sem gl\u00faten e pronta em minutos. Entenda por que muitas pessoas est\u00e3o trocando o p\u00e3o por essa op\u00e7\u00e3o.","breadcrumb":{"@id":"https:\/\/www.correiobraziliense.com.br\/cbradar\/troquei-o-pao-por-essa-crepioca-de-frigideira-no-cafe-da-manha-depois-que-comecei-a-evitar-gluten-pratica-e-saborosa\/#breadcrumb"},"inLanguage":"pt-BR","potentialAction":[{"@type":"ReadAction","target":["https:\/\/www.correiobraziliense.com.br\/cbradar\/troquei-o-pao-por-essa-crepioca-de-frigideira-no-cafe-da-manha-depois-que-comecei-a-evitar-gluten-pratica-e-saborosa\/"]}]},{"@type":"ImageObject","inLanguage":"pt-BR","@id":"https:\/\/www.correiobraziliense.com.br\/cbradar\/troquei-o-pao-por-essa-crepioca-de-frigideira-no-cafe-da-manha-depois-que-comecei-a-evitar-gluten-pratica-e-saborosa\/#primaryimage","url":"https:\/\/www.correiobraziliense.com.br\/cbradar\/wp-content\/uploads\/2026\/03\/freepik__crepioca-dourada-dobrada-ao-meio-em-um-prato-de-ca__33562.jpeg","contentUrl":"https:\/\/www.correiobraziliense.com.br\/cbradar\/wp-content\/uploads\/2026\/03\/freepik__crepioca-dourada-dobrada-ao-meio-em-um-prato-de-ca__33562.jpeg","width":1280,"height":720,"caption":"A crepioca \u00e9 preparada com goma de tapioca e ovos misturados antes de ir para a frigideira"},{"@type":"BreadcrumbList","@id":"https:\/\/www.correiobraziliense.com.br\/cbradar\/troquei-o-pao-por-essa-crepioca-de-frigideira-no-cafe-da-manha-depois-que-comecei-a-evitar-gluten-pratica-e-saborosa\/#breadcrumb","itemListElement":[{"@type":"ListItem","position":1,"name":"In\u00edcio","item":"https:\/\/www.correiobraziliense.com.br\/cbradar\/"},{"@type":"ListItem","position":2,"name":"Troquei o p\u00e3o por essa crepioca de frigideira no caf\u00e9 da manh\u00e3 depois que comecei a evitar gl\u00faten: pr\u00e1tica e saborosa"}]},{"@type":"WebSite","@id":"https:\/\/www.correiobraziliense.com.br\/cbradar\/#website","url":"https:\/\/www.correiobraziliense.com.br\/cbradar\/","name":"Correio Braziliense - Radar","description":"Acompanhe as \u00faltimas not\u00edcias e fique bem informado sobre tudo o que acontece no Brasil e no mundo.","potentialAction":[{"@type":"SearchAction","target":{"@type":"EntryPoint","urlTemplate":"https:\/\/www.correiobraziliense.com.br\/cbradar\/?s={search_term_string}"},"query-input":{"@type":"PropertyValueSpecification","valueRequired":true,"valueName":"search_term_string"}}],"inLanguage":"pt-BR"},{"@type":"Person","@id":"https:\/\/www.correiobraziliense.com.br\/cbradar\/#\/schema\/person\/7356666e12ec0ee53f348ee5db227032","name":"Daniely Cardoso","image":{"@type":"ImageObject","inLanguage":"pt-BR","@id":"https:\/\/www.correiobraziliense.com.br\/cbradar\/#\/schema\/person\/image\/","url":"https:\/\/secure.gravatar.com\/avatar\/4b80ddbd124d1f071b626d52d62e5dff?s=96&d=mm&r=g","contentUrl":"https:\/\/secure.gravatar.com\/avatar\/4b80ddbd124d1f071b626d52d62e5dff?s=96&d=mm&r=g","caption":"Daniely Cardoso"},"description":"Redatora nos portais CB Radar e EM Foco, formada pela Universidade Federal de Goi\u00e1s, em Goi\u00e2nia. Apaixonada por comunica\u00e7\u00e3o, arte, decora\u00e7\u00e3o e tend\u00eancias, atuo na produ\u00e7\u00e3o de conte\u00fados envolventes sobre curiosidades, moda, beleza e paisagismo, sempre com um olhar atento \u00e0s novidades do momento.","sameAs":["https:\/\/www.correiobraziliense.com.br\/cbradar"],"url":"https:\/\/www.correiobraziliense.com.br\/cbradar\/author\/danielymyth\/"}]}},"_links":{"self":[{"href":"https:\/\/www.correiobraziliense.com.br\/cbradar\/wp-json\/wp\/v2\/posts\/207280","targetHints":{"allow":["GET"]}}],"collection":[{"href":"https:\/\/www.correiobraziliense.com.br\/cbradar\/wp-json\/wp\/v2\/posts"}],"about":[{"href":"https:\/\/www.correiobraziliense.com.br\/cbradar\/wp-json\/wp\/v2\/types\/post"}],"author":[{"embeddable":true,"href":"https:\/\/www.correiobraziliense.com.br\/cbradar\/wp-json\/wp\/v2\/users\/9"}],"replies":[{"embeddable":true,"href":"https:\/\/www.correiobraziliense.com.br\/cbradar\/wp-json\/wp\/v2\/comments?post=207280"}],"version-history":[{"count":2,"href":"https:\/\/www.correiobraziliense.com.br\/cbradar\/wp-json\/wp\/v2\/posts\/207280\/revisions"}],"predecessor-version":[{"id":207371,"href":"https:\/\/www.correiobraziliense.com.br\/cbradar\/wp-json\/wp\/v2\/posts\/207280\/revisions\/207371"}],"wp:featuredmedia":[{"embeddable":true,"href":"https:\/\/www.correiobraziliense.com.br\/cbradar\/wp-json\/wp\/v2\/media\/207580"}],"wp:attachment":[{"href":"https:\/\/www.correiobraziliense.com.br\/cbradar\/wp-json\/wp\/v2\/media?parent=207280"}],"wp:term":[{"taxonomy":"category","embeddable":true,"href":"https:\/\/www.correiobraziliense.com.br\/cbradar\/wp-json\/wp\/v2\/categories?post=207280"},{"taxonomy":"post_tag","embeddable":true,"href":"https:\/\/www.correiobraziliense.com.br\/cbradar\/wp-json\/wp\/v2\/tags?post=207280"}],"curies":[{"name":"wp","href":"https:\/\/api.w.org\/{rel}","templated":true}]}}