{"id":207290,"date":"2026-03-13T22:35:38","date_gmt":"2026-03-14T01:35:38","guid":{"rendered":"https:\/\/www.correiobraziliense.com.br\/cbradar\/?p=207290"},"modified":"2026-03-12T15:12:24","modified_gmt":"2026-03-12T18:12:24","slug":"bolo-saudavel-sem-farinha-de-trigo-e-sem-acucar-macio-simples-e-nutritivo-para-fazer-em-casa","status":"publish","type":"post","link":"https:\/\/www.correiobraziliense.com.br\/cbradar\/bolo-saudavel-sem-farinha-de-trigo-e-sem-acucar-macio-simples-e-nutritivo-para-fazer-em-casa\/","title":{"rendered":"Bolo saud\u00e1vel sem farinha de trigo e sem a\u00e7\u00facar: macio, simples e nutritivo para fazer em casa"},"content":{"rendered":"\n<p>Preparar um <strong>bolo saud\u00e1vel<\/strong> sem <b>farinha<\/b> de trigo e sem a\u00e7\u00facar em casa pode ser aquele truque perfeito para <b>matar<\/b> a vontade de doce sem sair tanto da linha. Imagine um bolo cheiroso saindo do forno, com gostinho de casa de v\u00f3, mas feito com ingredientes simples, mais naturais e que combinam com uma rotina de alimenta\u00e7\u00e3o mais equilibrada. A ideia n\u00e3o \u00e9 \u201cproibir\u201d nada, e sim encontrar um meio-termo entre prazer, praticidade e um pouco mais de cuidado com o que vai para o <b>prato<\/b>.<\/p>\n\n\n\n<h2 class=\"wp-block-heading\">O que torna um bolo saud\u00e1vel sem farinha de trigo e sem a\u00e7\u00facar diferente<\/h2>\n\n\n\n<p>O grande diferencial desse tipo de bolo est\u00e1 nas trocas inteligentes de <b>ingredientes<\/b>. Em vez da farinha de trigo, entram em cena a <strong>aveia<\/strong> em flocos finos, farinha de am\u00eandoas, farinha de coco ou misturinhas sem gl\u00faten. No lugar do <b>a\u00e7\u00facar<\/b> refinado, aparecem banana bem madura, ma\u00e7\u00e3 ralada, pera, mel em pouca quantidade, t\u00e2maras ou ado\u00e7antes culin\u00e1rios pr\u00f3prios para forno e fog\u00e3o.<\/p>\n\n\n\n<p>Essas substitui\u00e7\u00f5es mudam o <b>sabor<\/b>, a textura e tamb\u00e9m o efeito no organismo. A <strong>aveia<\/strong> acrescenta fibras, ajudando na saciedade; as farinhas de oleaginosas aumentam gorduras \u201cdo bem\u201d e prote\u00ednas; e as <b>frutas<\/b> trazem um doce mais suave, junto com vitaminas e minerais que o a\u00e7\u00facar branco n\u00e3o oferece. Assim, o bolo continua sendo um agrado, mas com um perfil mais interessante para o dia a dia.<\/p>\n\n\n<div class=\"wp-block-image\">\n<figure class=\"aligncenter size-full\"><img decoding=\"async\" width=\"1280\" height=\"720\" src=\"https:\/\/www.correiobraziliense.com.br\/cbradar\/wp-content\/uploads\/2026\/03\/bolo-saudavel_1773321482064.jpg\" alt=\"\" class=\"wp-image-207399\" srcset=\"https:\/\/www.correiobraziliense.com.br\/cbradar\/wp-content\/uploads\/2026\/03\/bolo-saudavel_1773321482064.jpg 1280w, https:\/\/www.correiobraziliense.com.br\/cbradar\/wp-content\/uploads\/2026\/03\/bolo-saudavel_1773321482064-300x169.jpg 300w, https:\/\/www.correiobraziliense.com.br\/cbradar\/wp-content\/uploads\/2026\/03\/bolo-saudavel_1773321482064-768x432.jpg 768w, https:\/\/www.correiobraziliense.com.br\/cbradar\/wp-content\/uploads\/2026\/03\/bolo-saudavel_1773321482064-750x422.jpg 750w, https:\/\/www.correiobraziliense.com.br\/cbradar\/wp-content\/uploads\/2026\/03\/bolo-saudavel_1773321482064-1140x641.jpg 1140w\" sizes=\"(max-width: 1280px) 100vw, 1280px\" \/><figcaption class=\"wp-element-caption\">O grande diferencial desse tipo de bolo est\u00e1 nas trocas inteligentes de ingredientes &#8211; Cr\u00e9ditos: depositphotos.com \/ Alex33#33<\/figcaption><\/figure><\/div>\n\n\n<p>Leia tamb\u00e9m:&nbsp;<a href=\"https:\/\/www.correiobraziliense.com.br\/cbradar\/a-pimenta-aromatica-que-pode-intensificar-o-sabor-das-receitas-e-ainda-apoiar-o-metabolismo-no-dia-a-dia\/\" target=\"_blank\" rel=\"noopener\">A pimenta arom\u00e1tica que pode intensificar o sabor das receitas e ainda apoiar o metabolismo no dia a dia<\/a><\/p>\n\n\n\n<h2 class=\"wp-block-heading\">Como fazer bolo saud\u00e1vel sem farinha de trigo e sem a\u00e7\u00facar em casa<\/h2>\n\n\n\n<p>Fazer um <strong>bolo<\/strong> sem trigo e sem <b>a\u00e7\u00facar<\/b> em casa n\u00e3o precisa ser complicado. Em geral, a base leva frutas amassadas, ovos, uma gordura de boa qualidade e uma farinha alternativa, resultando em uma massa \u00famida e arom\u00e1tica. Com o tempo, voc\u00ea pode ir ajustando quantidades at\u00e9 encontrar o ponto que mais agrada \u00e0 sua <b>fam\u00edlia<\/b>.<\/p>\n\n\n\n<p>Uma estrutura que costuma funcionar bem em receitas caseiras \u00e9:<\/p>\n\n\n\n<ul class=\"wp-block-list\">\n<li><strong>Fruta<\/strong> madura: banana, ma\u00e7\u00e3 ou pera amassada, que ado\u00e7a e d\u00e1 <b>umidade<\/b>.<\/li>\n\n\n\n<li><strong>Farinha<\/strong> alternativa: aveia em flocos finos, farinha de am\u00eandoas ou mistura das <b>duas<\/b>.<\/li>\n\n\n\n<li><strong>Gordura<\/strong>: \u00f3leo de coco, azeite suave ou manteiga, em pequena <b>quantidade<\/b>.<\/li>\n\n\n\n<li><strong>Ovos<\/strong>: respons\u00e1veis por dar <b>liga<\/b> e ajudar na estrutura do bolo.<\/li>\n\n\n\n<li><strong>Fermento<\/strong> qu\u00edmico: para garantir crescimento e <b>leveza<\/b>.<\/li>\n\n\n\n<li><strong>Toques<\/strong> extras: canela, cacau em p\u00f3, castanhas picadas ou coco ralado sem <b>a\u00e7\u00facar<\/b>.<\/li>\n<\/ul>\n\n\n\n<h2 class=\"wp-block-heading\">Esse tipo de bolo saud\u00e1vel \u00e9 realmente nutritivo<\/h2>\n\n\n\n<p>Quando bem montado, esse bolo tende a ser mais <strong>nutritivo<\/strong> do que a vers\u00e3o tradicional, especialmente por causa das fibras, das gorduras de melhor qualidade e da presen\u00e7a de <b>frutas<\/b>. Por isso, muita gente usa essas receitas como op\u00e7\u00e3o de lanche da tarde, caf\u00e9 da manh\u00e3 r\u00e1pido ou at\u00e9 como uma <b>sobremesa<\/b> menos pesada. Separamos esse v\u00eddeo do canal <a href=\"https:\/\/www.youtube.com\/@Del%C3%ADciasdaC%C3%ADntia\" target=\"_blank\" rel=\"noreferrer noopener\">Del\u00edcias da C\u00edntia<\/a> ensinando a fazer um bolo saud\u00e1vel: <\/p>\n\n\n\n<figure class=\"wp-block-embed is-type-video is-provider-youtube wp-block-embed-youtube wp-embed-aspect-16-9 wp-has-aspect-ratio\"><div class=\"wp-block-embed__wrapper\">\n<div class=\"jeg_video_container jeg_video_content\"><iframe loading=\"lazy\" title=\"SEM FARINHA E SEM A\u00c7\u00daCAR \u2757\ud83d\ude31  BOLO FOFINHO COM APENAS 3 INGREDIENTES SUPER F\u00c1CIL E DELICIOSO!\" width=\"500\" height=\"281\" src=\"https:\/\/www.youtube.com\/embed\/MzbQnWOVYk8?feature=oembed\" frameborder=\"0\" allow=\"accelerometer; autoplay; clipboard-write; encrypted-media; gyroscope; picture-in-picture; web-share\" referrerpolicy=\"strict-origin-when-cross-origin\" allowfullscreen><\/iframe><\/div>\n<\/div><\/figure>\n\n\n\n<p>Ainda assim, ele continua sendo <strong>cal\u00f3rico<\/strong>, j\u00e1 que farinhas, frutas e gorduras tamb\u00e9m fornecem energia. A diferen\u00e7a \u00e9 que, em vez de ser quase s\u00f3 a\u00e7\u00facar r\u00e1pido, passa a oferecer vitaminas, minerais, fibras e outros compostos presentes em ingredientes integrais e naturais, ajudando a <b>equilibrar<\/b> melhor a refei\u00e7\u00e3o.<\/p>\n\n\n\n<h2 class=\"wp-block-heading\">Como deixar o bolo saud\u00e1vel mais macio e saboroso<\/h2>\n\n\n\n<p>Para chegar \u00e0quele ponto de bolo <strong>macio<\/strong> e \u00famido, mesmo sem farinha de trigo e sem a\u00e7\u00facar, alguns cuidados fazem toda a diferen\u00e7a. Escolher <b>frutas<\/b> bem maduras \u00e9 essencial, porque elas aumentam a umidade e ado\u00e7am naturalmente, reduzindo a necessidade de ado\u00e7antes <b>extras<\/b>.<\/p>\n\n\n\n<p>Tamb\u00e9m vale prestar aten\u00e7\u00e3o \u00e0 quantidade de <strong>farinha<\/strong>, ao modo de misturar e ao tempo de forno. Esses detalhes, somados, ajudam a evitar um bolo pesado ou ressecado e deixam a receita mais <b>gostosa<\/b> para toda a fam\u00edlia, podendo at\u00e9 ser adaptada com vers\u00f5es sem lactose ou ricas em <b>prote\u00ednas<\/b> para diferentes necessidades.<\/p>\n","protected":false},"excerpt":{"rendered":"<p>Preparar um bolo saud\u00e1vel sem farinha de trigo e sem a\u00e7\u00facar em casa pode ser aquele truque perfeito para matar a vontade de doce sem sair tanto da linha. Imagine um bolo cheiroso saindo do forno, com gostinho de casa de v\u00f3, mas feito com ingredientes simples, mais naturais e que combinam com uma rotina [&hellip;]<\/p>\n","protected":false},"author":9,"featured_media":207590,"comment_status":"open","ping_status":"open","sticky":false,"template":"","format":"standard","meta":{"_yoast_wpseo_focuskw":"bolo saud\u00e1vel sem farinha de trigo","_yoast_wpseo_title":"","_yoast_wpseo_metadesc":"Aprenda a fazer um bolo saud\u00e1vel sem farinha de trigo e sem a\u00e7\u00facar usando ingredientes simples e naturais para o caf\u00e9 da manh\u00e3 ou lanche","jnews-multi-image_gallery":[],"jnews_single_post":{"format":"standard"},"jnews_primary_category":[],"jnews_social_meta":[],"jnews_override_counter":[],"footnotes":""},"categories":[119,4404],"tags":[15995,15996,15997],"class_list":["post-207290","post","type-post","status-publish","format-standard","has-post-thumbnail","hentry","category-bem-estar","category-saude","tag-bolo-saudavel","tag-bolo-sem-farinha","tag-receita-de-bolo"],"yoast_head":"<!-- This site is optimized with the Yoast SEO plugin v24.6 - https:\/\/yoast.com\/wordpress\/plugins\/seo\/ -->\n<title>Bolo saud\u00e1vel sem farinha de trigo e sem a\u00e7\u00facar: macio, simples e nutritivo para fazer em casa - Correio Braziliense - Radar<\/title>\n<meta name=\"description\" content=\"Aprenda a fazer um bolo saud\u00e1vel sem farinha de trigo e sem a\u00e7\u00facar usando ingredientes simples e naturais para o caf\u00e9 da manh\u00e3 ou lanche\" \/>\n<meta name=\"robots\" content=\"index, follow, max-snippet:-1, max-image-preview:large, max-video-preview:-1\" \/>\n<link rel=\"canonical\" href=\"https:\/\/www.correiobraziliense.com.br\/cbradar\/bolo-saudavel-sem-farinha-de-trigo-e-sem-acucar-macio-simples-e-nutritivo-para-fazer-em-casa\/\" \/>\n<meta property=\"og:locale\" content=\"pt_BR\" \/>\n<meta property=\"og:type\" content=\"article\" \/>\n<meta property=\"og:title\" content=\"Bolo saud\u00e1vel sem farinha de trigo e sem a\u00e7\u00facar: macio, simples e nutritivo para fazer em casa - Correio Braziliense - Radar\" \/>\n<meta property=\"og:description\" content=\"Aprenda a fazer um bolo saud\u00e1vel sem farinha de trigo e sem a\u00e7\u00facar usando ingredientes simples e naturais para o caf\u00e9 da manh\u00e3 ou lanche\" \/>\n<meta property=\"og:url\" content=\"https:\/\/www.correiobraziliense.com.br\/cbradar\/bolo-saudavel-sem-farinha-de-trigo-e-sem-acucar-macio-simples-e-nutritivo-para-fazer-em-casa\/\" \/>\n<meta property=\"og:site_name\" content=\"Correio Braziliense - Radar\" \/>\n<meta property=\"article:published_time\" content=\"2026-03-14T01:35:38+00:00\" \/>\n<meta property=\"og:image\" content=\"https:\/\/www.correiobraziliense.com.br\/cbradar\/wp-content\/uploads\/2026\/03\/freepik__bolo-saudvel-caseiro-sem-acar-e-sem-farinha-de-tri__33570.jpeg\" \/>\n\t<meta property=\"og:image:width\" content=\"1280\" \/>\n\t<meta property=\"og:image:height\" content=\"720\" \/>\n\t<meta property=\"og:image:type\" content=\"image\/jpeg\" \/>\n<meta name=\"author\" content=\"Daniely Cardoso\" \/>\n<meta name=\"twitter:card\" content=\"summary_large_image\" \/>\n<meta name=\"twitter:label1\" content=\"Escrito por\" \/>\n\t<meta name=\"twitter:data1\" content=\"Daniely Cardoso\" \/>\n\t<meta name=\"twitter:label2\" content=\"Est. tempo de leitura\" \/>\n\t<meta name=\"twitter:data2\" content=\"4 minutos\" \/>\n<!-- \/ Yoast SEO plugin. -->","yoast_head_json":{"title":"Bolo saud\u00e1vel sem farinha de trigo e sem a\u00e7\u00facar: macio, simples e nutritivo para fazer em casa - Correio Braziliense - Radar","description":"Aprenda a fazer um bolo saud\u00e1vel sem farinha de trigo e sem a\u00e7\u00facar usando ingredientes simples e naturais para o caf\u00e9 da manh\u00e3 ou lanche","robots":{"index":"index","follow":"follow","max-snippet":"max-snippet:-1","max-image-preview":"max-image-preview:large","max-video-preview":"max-video-preview:-1"},"canonical":"https:\/\/www.correiobraziliense.com.br\/cbradar\/bolo-saudavel-sem-farinha-de-trigo-e-sem-acucar-macio-simples-e-nutritivo-para-fazer-em-casa\/","og_locale":"pt_BR","og_type":"article","og_title":"Bolo saud\u00e1vel sem farinha de trigo e sem a\u00e7\u00facar: macio, simples e nutritivo para fazer em casa - Correio Braziliense - Radar","og_description":"Aprenda a fazer um bolo saud\u00e1vel sem farinha de trigo e sem a\u00e7\u00facar usando ingredientes simples e naturais para o caf\u00e9 da manh\u00e3 ou lanche","og_url":"https:\/\/www.correiobraziliense.com.br\/cbradar\/bolo-saudavel-sem-farinha-de-trigo-e-sem-acucar-macio-simples-e-nutritivo-para-fazer-em-casa\/","og_site_name":"Correio Braziliense - Radar","article_published_time":"2026-03-14T01:35:38+00:00","og_image":[{"width":1280,"height":720,"url":"https:\/\/www.correiobraziliense.com.br\/cbradar\/wp-content\/uploads\/2026\/03\/freepik__bolo-saudvel-caseiro-sem-acar-e-sem-farinha-de-tri__33570.jpeg","type":"image\/jpeg"}],"author":"Daniely Cardoso","twitter_card":"summary_large_image","twitter_misc":{"Escrito por":"Daniely Cardoso","Est. tempo de leitura":"4 minutos"},"schema":{"@context":"https:\/\/schema.org","@graph":[{"@type":"WebPage","@id":"https:\/\/www.correiobraziliense.com.br\/cbradar\/bolo-saudavel-sem-farinha-de-trigo-e-sem-acucar-macio-simples-e-nutritivo-para-fazer-em-casa\/","url":"https:\/\/www.correiobraziliense.com.br\/cbradar\/bolo-saudavel-sem-farinha-de-trigo-e-sem-acucar-macio-simples-e-nutritivo-para-fazer-em-casa\/","name":"Bolo saud\u00e1vel sem farinha de trigo e sem a\u00e7\u00facar: macio, simples e nutritivo para fazer em casa - Correio Braziliense - Radar","isPartOf":{"@id":"https:\/\/www.correiobraziliense.com.br\/cbradar\/#website"},"primaryImageOfPage":{"@id":"https:\/\/www.correiobraziliense.com.br\/cbradar\/bolo-saudavel-sem-farinha-de-trigo-e-sem-acucar-macio-simples-e-nutritivo-para-fazer-em-casa\/#primaryimage"},"image":{"@id":"https:\/\/www.correiobraziliense.com.br\/cbradar\/bolo-saudavel-sem-farinha-de-trigo-e-sem-acucar-macio-simples-e-nutritivo-para-fazer-em-casa\/#primaryimage"},"thumbnailUrl":"https:\/\/www.correiobraziliense.com.br\/cbradar\/wp-content\/uploads\/2026\/03\/freepik__bolo-saudvel-caseiro-sem-acar-e-sem-farinha-de-tri__33570.jpeg","datePublished":"2026-03-14T01:35:38+00:00","author":{"@id":"https:\/\/www.correiobraziliense.com.br\/cbradar\/#\/schema\/person\/7356666e12ec0ee53f348ee5db227032"},"description":"Aprenda a fazer um bolo saud\u00e1vel sem farinha de trigo e sem a\u00e7\u00facar usando ingredientes simples e naturais para o caf\u00e9 da manh\u00e3 ou lanche","breadcrumb":{"@id":"https:\/\/www.correiobraziliense.com.br\/cbradar\/bolo-saudavel-sem-farinha-de-trigo-e-sem-acucar-macio-simples-e-nutritivo-para-fazer-em-casa\/#breadcrumb"},"inLanguage":"pt-BR","potentialAction":[{"@type":"ReadAction","target":["https:\/\/www.correiobraziliense.com.br\/cbradar\/bolo-saudavel-sem-farinha-de-trigo-e-sem-acucar-macio-simples-e-nutritivo-para-fazer-em-casa\/"]}]},{"@type":"ImageObject","inLanguage":"pt-BR","@id":"https:\/\/www.correiobraziliense.com.br\/cbradar\/bolo-saudavel-sem-farinha-de-trigo-e-sem-acucar-macio-simples-e-nutritivo-para-fazer-em-casa\/#primaryimage","url":"https:\/\/www.correiobraziliense.com.br\/cbradar\/wp-content\/uploads\/2026\/03\/freepik__bolo-saudvel-caseiro-sem-acar-e-sem-farinha-de-tri__33570.jpeg","contentUrl":"https:\/\/www.correiobraziliense.com.br\/cbradar\/wp-content\/uploads\/2026\/03\/freepik__bolo-saudvel-caseiro-sem-acar-e-sem-farinha-de-tri__33570.jpeg","width":1280,"height":720,"caption":"Bolos sem farinha de trigo podem usar ingredientes como aveia, farinha de am\u00eandoas ou banana amassada"},{"@type":"BreadcrumbList","@id":"https:\/\/www.correiobraziliense.com.br\/cbradar\/bolo-saudavel-sem-farinha-de-trigo-e-sem-acucar-macio-simples-e-nutritivo-para-fazer-em-casa\/#breadcrumb","itemListElement":[{"@type":"ListItem","position":1,"name":"In\u00edcio","item":"https:\/\/www.correiobraziliense.com.br\/cbradar\/"},{"@type":"ListItem","position":2,"name":"Bolo saud\u00e1vel sem farinha de trigo e sem a\u00e7\u00facar: macio, simples e nutritivo para fazer em casa"}]},{"@type":"WebSite","@id":"https:\/\/www.correiobraziliense.com.br\/cbradar\/#website","url":"https:\/\/www.correiobraziliense.com.br\/cbradar\/","name":"Correio Braziliense - Radar","description":"Acompanhe as \u00faltimas not\u00edcias e fique bem informado sobre tudo o que acontece no Brasil e no mundo.","potentialAction":[{"@type":"SearchAction","target":{"@type":"EntryPoint","urlTemplate":"https:\/\/www.correiobraziliense.com.br\/cbradar\/?s={search_term_string}"},"query-input":{"@type":"PropertyValueSpecification","valueRequired":true,"valueName":"search_term_string"}}],"inLanguage":"pt-BR"},{"@type":"Person","@id":"https:\/\/www.correiobraziliense.com.br\/cbradar\/#\/schema\/person\/7356666e12ec0ee53f348ee5db227032","name":"Daniely Cardoso","image":{"@type":"ImageObject","inLanguage":"pt-BR","@id":"https:\/\/www.correiobraziliense.com.br\/cbradar\/#\/schema\/person\/image\/","url":"https:\/\/secure.gravatar.com\/avatar\/4b80ddbd124d1f071b626d52d62e5dff?s=96&d=mm&r=g","contentUrl":"https:\/\/secure.gravatar.com\/avatar\/4b80ddbd124d1f071b626d52d62e5dff?s=96&d=mm&r=g","caption":"Daniely Cardoso"},"description":"Redatora nos portais CB Radar e EM Foco, formada pela Universidade Federal de Goi\u00e1s, em Goi\u00e2nia. Apaixonada por comunica\u00e7\u00e3o, arte, decora\u00e7\u00e3o e tend\u00eancias, atuo na produ\u00e7\u00e3o de conte\u00fados envolventes sobre curiosidades, moda, beleza e paisagismo, sempre com um olhar atento \u00e0s novidades do momento.","sameAs":["https:\/\/www.correiobraziliense.com.br\/cbradar"],"url":"https:\/\/www.correiobraziliense.com.br\/cbradar\/author\/danielymyth\/"}]}},"_links":{"self":[{"href":"https:\/\/www.correiobraziliense.com.br\/cbradar\/wp-json\/wp\/v2\/posts\/207290","targetHints":{"allow":["GET"]}}],"collection":[{"href":"https:\/\/www.correiobraziliense.com.br\/cbradar\/wp-json\/wp\/v2\/posts"}],"about":[{"href":"https:\/\/www.correiobraziliense.com.br\/cbradar\/wp-json\/wp\/v2\/types\/post"}],"author":[{"embeddable":true,"href":"https:\/\/www.correiobraziliense.com.br\/cbradar\/wp-json\/wp\/v2\/users\/9"}],"replies":[{"embeddable":true,"href":"https:\/\/www.correiobraziliense.com.br\/cbradar\/wp-json\/wp\/v2\/comments?post=207290"}],"version-history":[{"count":2,"href":"https:\/\/www.correiobraziliense.com.br\/cbradar\/wp-json\/wp\/v2\/posts\/207290\/revisions"}],"predecessor-version":[{"id":207400,"href":"https:\/\/www.correiobraziliense.com.br\/cbradar\/wp-json\/wp\/v2\/posts\/207290\/revisions\/207400"}],"wp:featuredmedia":[{"embeddable":true,"href":"https:\/\/www.correiobraziliense.com.br\/cbradar\/wp-json\/wp\/v2\/media\/207590"}],"wp:attachment":[{"href":"https:\/\/www.correiobraziliense.com.br\/cbradar\/wp-json\/wp\/v2\/media?parent=207290"}],"wp:term":[{"taxonomy":"category","embeddable":true,"href":"https:\/\/www.correiobraziliense.com.br\/cbradar\/wp-json\/wp\/v2\/categories?post=207290"},{"taxonomy":"post_tag","embeddable":true,"href":"https:\/\/www.correiobraziliense.com.br\/cbradar\/wp-json\/wp\/v2\/tags?post=207290"}],"curies":[{"name":"wp","href":"https:\/\/api.w.org\/{rel}","templated":true}]}}