{"id":207294,"date":"2026-03-13T19:05:20","date_gmt":"2026-03-13T22:05:20","guid":{"rendered":"https:\/\/www.correiobraziliense.com.br\/cbradar\/?p=207294"},"modified":"2026-03-12T15:09:54","modified_gmt":"2026-03-12T18:09:54","slug":"troquei-o-pao-por-essa-panqueca-de-banana-e-aveia-no-cafe-da-manha-quando-comecei-a-reduzir-acucar","status":"publish","type":"post","link":"https:\/\/www.correiobraziliense.com.br\/cbradar\/troquei-o-pao-por-essa-panqueca-de-banana-e-aveia-no-cafe-da-manha-quando-comecei-a-reduzir-acucar\/","title":{"rendered":"Troquei o p\u00e3o por essa panqueca de banana e aveia no caf\u00e9 da manh\u00e3 quando comecei a reduzir a\u00e7\u00facar"},"content":{"rendered":"\n<p>Voc\u00ea j\u00e1 acordou pensando em comer algo gostoso no <b>caf\u00e9<\/b> da manh\u00e3, mas sem exagerar no <b>a\u00e7\u00facar<\/b>? Muita gente tem trocado o p\u00e3o tradicional por uma panqueca de banana e aveia justamente por isso: \u00e9 r\u00e1pida de fazer, mata a vontade de \u201cum <b>p\u00e3ozinho<\/b>\u201d e ainda ajuda a manter a fome controlada por mais tempo, mesmo em dias cheios e corridos.<\/p>\n\n\n\n<h2 class=\"wp-block-heading\">Por que a panqueca de banana e aveia ajuda a reduzir o a\u00e7\u00facar<\/h2>\n\n\n\n<p>A panqueca de banana e aveia costuma entrar no lugar do <b>p\u00e3o<\/b> em quem quer diminuir a\u00e7\u00facar e farinha branca, mas n\u00e3o quer abrir m\u00e3o de algo gostoso logo cedo. A do\u00e7ura da <b>banana<\/b> madura ajuda a dispensar o a\u00e7\u00facar refinado, deixando o caf\u00e9 da manh\u00e3 mais leve sem parecer \u201csem <b>gra\u00e7a<\/b>\u201d.<\/p>\n\n\n\n<p>J\u00e1 a aveia entra trazendo <b>fibras<\/b> e uma textura mais encorpada, lembrando um pouco a sensa\u00e7\u00e3o de comer massa de p\u00e3o, s\u00f3 que com outro perfil nutricional. N\u00e3o \u00e9 uma troca obrigat\u00f3ria para todo mundo, mas \u00e9 uma alternativa bem comum em quem busca uma alimenta\u00e7\u00e3o mais <b>equilibrada<\/b> no dia a dia.<\/p>\n\n\n<div class=\"wp-block-image\">\n<figure class=\"aligncenter size-full\"><img decoding=\"async\" width=\"1280\" height=\"720\" src=\"https:\/\/www.correiobraziliense.com.br\/cbradar\/wp-content\/uploads\/2026\/03\/Gemini_Generated_Image_8ksqnh8ksqnh8ksq-1.png\" alt=\"\" class=\"wp-image-207393\" srcset=\"https:\/\/www.correiobraziliense.com.br\/cbradar\/wp-content\/uploads\/2026\/03\/Gemini_Generated_Image_8ksqnh8ksqnh8ksq-1.png 1280w, https:\/\/www.correiobraziliense.com.br\/cbradar\/wp-content\/uploads\/2026\/03\/Gemini_Generated_Image_8ksqnh8ksqnh8ksq-1-300x169.png 300w, https:\/\/www.correiobraziliense.com.br\/cbradar\/wp-content\/uploads\/2026\/03\/Gemini_Generated_Image_8ksqnh8ksqnh8ksq-1-768x432.png 768w, https:\/\/www.correiobraziliense.com.br\/cbradar\/wp-content\/uploads\/2026\/03\/Gemini_Generated_Image_8ksqnh8ksqnh8ksq-1-750x422.png 750w, https:\/\/www.correiobraziliense.com.br\/cbradar\/wp-content\/uploads\/2026\/03\/Gemini_Generated_Image_8ksqnh8ksqnh8ksq-1-1140x641.png 1140w\" sizes=\"(max-width: 1280px) 100vw, 1280px\" \/><figcaption class=\"wp-element-caption\">A panqueca de banana e aveia costuma entrar no lugar do p\u00e3o em quem quer diminuir a\u00e7\u00facar e farinha branca<\/figcaption><\/figure><\/div>\n\n\n<p>Leia tamb\u00e9m:&nbsp;<a href=\"https:\/\/www.correiobraziliense.com.br\/cbradar\/a-pimenta-aromatica-que-pode-intensificar-o-sabor-das-receitas-e-ainda-apoiar-o-metabolismo-no-dia-a-dia\/\" target=\"_blank\" rel=\"noopener\">A pimenta arom\u00e1tica que pode intensificar o sabor das receitas e ainda apoiar o metabolismo no dia a dia<\/a><\/p>\n\n\n\n<h2 class=\"wp-block-heading\">Como a panqueca de banana e aveia reduz o uso de a\u00e7\u00facar adicionado<\/h2>\n\n\n\n<p>A panqueca de banana e aveia \u00e9 muito usada por quem est\u00e1 tentando se afastar do <b>a\u00e7\u00facar<\/b> refinado sem fazer um corte radical de uma vez. Quando a banana est\u00e1 bem <b>madura<\/b>, ela fica naturalmente mais doce, o que permite ado\u00e7ar a receita sem precisar de a\u00e7\u00facar, mel ou xaropes em <b>excesso<\/b>.<\/p>\n\n\n\n<p>A aveia, em flocos ou farinha, entra no lugar da farinha de trigo branca e costuma deixar a <b>energia<\/b> da refei\u00e7\u00e3o mais est\u00e1vel ao longo da manh\u00e3. Isso \u00e9 \u00fatil principalmente para quem sentia picos de fome logo depois do caf\u00e9, ou ficava dependente de lanchinhos <b>doces<\/b> para \u201caguentar\u201d at\u00e9 o <b>almo\u00e7o<\/b>.<\/p>\n\n\n\n<h2 class=\"wp-block-heading\">Como preparar panqueca de banana e aveia no dia a dia<\/h2>\n\n\n\n<p>Na pr\u00e1tica, a panqueca de banana e aveia \u00e9 bem simples e n\u00e3o exige grandes habilidades na <b>cozinha<\/b>. Voc\u00ea s\u00f3 precisa de uma tigela, um garfo e uma frigideira comum: muitos usam essa receita justamente porque ela cabe em uma rotina <b>corrida<\/b>, at\u00e9 mesmo durante a <b>semana<\/b>.<\/p>\n\n\n\n<figure class=\"wp-block-embed is-type-rich is-provider-pinterest wp-block-embed-pinterest\"><div class=\"wp-block-embed__wrapper\">\n<iframe loading=\"lazy\" title=\"PANQUECA BANOFFE SAUD\u00c1VEL\" src=\"https:\/\/assets.pinterest.com\/ext\/embed.html?id=5629568278485359&#038;src=oembed\" height=\"899\" width=\"450\" frameborder=\"0\" scrolling=\"no\" ><\/iframe>\n<\/div><\/figure>\n\n\n\n<p>Uma forma pr\u00e1tica de organizar o passo a passo \u00e9 a seguinte:<\/p>\n\n\n\n<ol class=\"wp-block-list\">\n<li>Amassar bem 1 <b>banana<\/b> m\u00e9dia madura com um garfo at\u00e9 formar um <b>pur\u00ea<\/b> homog\u00eaneo.<\/li>\n\n\n\n<li>Adicionar 1 <b>ovo<\/b> e misturar at\u00e9 incorporar totalmente \u00e0 banana.<\/li>\n\n\n\n<li>Juntar de 2 a 3 colheres de sopa de <b>aveia<\/b> (em flocos finos ou farinha) e mexer at\u00e9 obter uma massa <b>cremosa<\/b>.<\/li>\n\n\n\n<li>Se desejar, incluir <em>pitadas<\/em> de <b>canela<\/b>, uma colher de ch\u00e1 de <b>chia<\/b> ou linha\u00e7a para incrementar fibras.<\/li>\n\n\n\n<li>Aquecer levemente uma frigideira <b>antiaderente<\/b>, untar com pequena quantidade de \u00f3leo ou <b>manteiga<\/b>.<\/li>\n\n\n\n<li>Despejar a massa em fogo baixo, mantendo um disco de espessura <b>m\u00e9dia<\/b> para facilitar o cozimento por <b>igual<\/b>.<\/li>\n\n\n\n<li>Cobrir a frigideira por alguns minutos at\u00e9 as <b>bordas<\/b> firmarem e o centro quase <b>secar<\/b>.<\/li>\n\n\n\n<li>Virar a panqueca com cuidado, deixando <b>dourar<\/b> o outro lado por mais 1 ou 2 <b>minutos<\/b>.<\/li>\n<\/ol>\n\n\n\n<p>Nessa vers\u00e3o b\u00e1sica, o doce vem s\u00f3 da <b>banana<\/b>, e voc\u00ea pode ir ajustando a matura\u00e7\u00e3o da fruta conforme seu <b>paladar<\/b> se adapta. Com o tempo, muita gente passa a achar at\u00e9 estranho colocar a\u00e7\u00facar onde antes parecia <b>indispens\u00e1vel<\/b>. Se voc\u00ca gosta de receitas, separamos esse v\u00eddeo do canal <a href=\"https:\/\/www.youtube.com\/@CooknEnjoy\" target=\"_blank\" rel=\"noreferrer noopener\">Cook&#8217;n Enjoy<\/a> ensinando a fazendo panqueca:<\/p>\n\n\n\n<figure class=\"wp-block-embed is-type-video is-provider-youtube wp-block-embed-youtube wp-embed-aspect-16-9 wp-has-aspect-ratio\"><div class=\"wp-block-embed__wrapper\">\n<div class=\"jeg_video_container jeg_video_content\"><iframe loading=\"lazy\" title=\"PANQUECA DE BANANA COM AVEIA SEM A\u00c7\u00daCAR SEM FARINHA | Cook&#039;n Enjoy 1112\" width=\"500\" height=\"281\" src=\"https:\/\/www.youtube.com\/embed\/LvmAwSYEiTI?start=1&#038;feature=oembed\" frameborder=\"0\" allow=\"accelerometer; autoplay; clipboard-write; encrypted-media; gyroscope; picture-in-picture; web-share\" referrerpolicy=\"strict-origin-when-cross-origin\" allowfullscreen><\/iframe><\/div>\n<\/div><\/figure>\n\n\n\n<h2 class=\"wp-block-heading\">Quais s\u00e3o os principais benef\u00edcios dessa troca no caf\u00e9 da manh\u00e3<\/h2>\n\n\n\n<p>Quando algu\u00e9m decide trocar o p\u00e3o pela panqueca de banana e aveia, normalmente est\u00e1 buscando tr\u00eas coisas: diminuir <b>a\u00e7\u00facar<\/b>, aumentar fibras e sentir mais saciedade durante a manh\u00e3. Esses pontos podem mudar bastante a rela\u00e7\u00e3o com a <b>fome<\/b>, a energia e at\u00e9 a vontade de \u201cbeliscar\u201d <b>doces<\/b>.<\/p>\n\n\n\n<ul class=\"wp-block-list\">\n<li><strong>Menos <b>a\u00e7\u00facar<\/b> adicionado:<\/strong> a banana ado\u00e7a naturalmente, reduzindo a necessidade de <b>a\u00e7\u00facar<\/b>, geleias muito doces ou <b>achocolatados<\/b>.<\/li>\n\n\n\n<li><strong>Mais <b>fibras<\/b> no prato:<\/strong> a aveia contribui para a sensa\u00e7\u00e3o de est\u00f4mago \u201cmais <b>cheio<\/b>\u201d e pode ajudar no funcionamento <b>intestinal<\/b>.<\/li>\n\n\n\n<li><strong>Energia mais <b>constante<\/b>:<\/strong> a combina\u00e7\u00e3o de aveia com a banana madura tende a evitar oscila\u00e7\u00f5es bruscas de <b>energia<\/b>.<\/li>\n\n\n\n<li><strong>Facilidade para <b>variar<\/b>:<\/strong> d\u00e1 para servir com <b>frutas<\/b>, iogurte natural, pasta de amendoim ou castanhas, sem depender de coberturas <b>a\u00e7ucaradas<\/b>.<\/li>\n<\/ul>\n\n\n\n<h2 class=\"wp-block-heading\">A panqueca de banana e aveia substitui o p\u00e3o em todas as rotinas<\/h2>\n\n\n\n<p>Apesar de ser uma \u00f3tima op\u00e7\u00e3o, a panqueca de banana e aveia n\u00e3o precisa virar <b>regra<\/b> para todo mundo. Em muitos casos, ela entra como alternativa em alguns dias da semana, enquanto o p\u00e3o integral continua presente em outros, criando um equil\u00edbrio que fa\u00e7a sentido para a <b>rotina<\/b> e o paladar de cada <b>pessoa<\/b>.<\/p>\n\n\n\n<p>Para quem quer reduzir a\u00e7\u00facar sem sofrimento, vale testar, planejar e observar como o corpo responde ao longo da <b>manh\u00e3<\/b>. Congelar panquecas prontas, variar com cacau em p\u00f3 sem a\u00e7\u00facar ou canela e ajustar a <b>quantidade<\/b> conforme a fome s\u00e3o estrat\u00e9gias simples. Em situa\u00e7\u00f5es espec\u00edficas, como <b>diabetes<\/b>, alergias ou outras condi\u00e7\u00f5es, \u00e9 sempre importante contar com a orienta\u00e7\u00e3o de um profissional de <b>sa\u00fade<\/b>.<\/p>\n","protected":false},"excerpt":{"rendered":"<p>Voc\u00ea j\u00e1 acordou pensando em comer algo gostoso no caf\u00e9 da manh\u00e3, mas sem exagerar no a\u00e7\u00facar? Muita gente tem trocado o p\u00e3o tradicional por uma panqueca de banana e aveia justamente por isso: \u00e9 r\u00e1pida de fazer, mata a vontade de \u201cum p\u00e3ozinho\u201d e ainda ajuda a manter a fome controlada por mais tempo, [&hellip;]<\/p>\n","protected":false},"author":9,"featured_media":207592,"comment_status":"open","ping_status":"open","sticky":false,"template":"","format":"standard","meta":{"_yoast_wpseo_focuskw":"panqueca de banana e aveia","_yoast_wpseo_title":"","_yoast_wpseo_metadesc":"Panqueca de banana e aveia \u00e9 pr\u00e1tica, naturalmente doce e pode substituir o p\u00e3o no caf\u00e9 da manh\u00e3. Veja como preparar e os benef\u00edcios.","jnews-multi-image_gallery":[],"jnews_single_post":{"format":"standard"},"jnews_primary_category":[],"jnews_social_meta":[],"jnews_override_counter":[],"footnotes":""},"categories":[119,4404],"tags":[15999,15998,4185],"class_list":["post-207294","post","type-post","status-publish","format-standard","has-post-thumbnail","hentry","category-bem-estar","category-saude","tag-banana-e-aveia","tag-panqueca","tag-pao"],"yoast_head":"<!-- This site is optimized with the Yoast SEO plugin v24.6 - https:\/\/yoast.com\/wordpress\/plugins\/seo\/ -->\n<title>Troquei o p\u00e3o por essa panqueca de banana e aveia no caf\u00e9 da manh\u00e3 quando comecei a reduzir a\u00e7\u00facar - Correio Braziliense - Radar<\/title>\n<meta name=\"description\" content=\"Panqueca de banana e aveia \u00e9 pr\u00e1tica, naturalmente doce e pode substituir o p\u00e3o no caf\u00e9 da manh\u00e3. Veja como preparar e os benef\u00edcios.\" \/>\n<meta name=\"robots\" content=\"index, follow, max-snippet:-1, max-image-preview:large, max-video-preview:-1\" \/>\n<link rel=\"canonical\" href=\"https:\/\/www.correiobraziliense.com.br\/cbradar\/troquei-o-pao-por-essa-panqueca-de-banana-e-aveia-no-cafe-da-manha-quando-comecei-a-reduzir-acucar\/\" \/>\n<meta property=\"og:locale\" content=\"pt_BR\" \/>\n<meta property=\"og:type\" content=\"article\" \/>\n<meta property=\"og:title\" content=\"Troquei o p\u00e3o por essa panqueca de banana e aveia no caf\u00e9 da manh\u00e3 quando comecei a reduzir a\u00e7\u00facar - Correio Braziliense - Radar\" \/>\n<meta property=\"og:description\" content=\"Panqueca de banana e aveia \u00e9 pr\u00e1tica, naturalmente doce e pode substituir o p\u00e3o no caf\u00e9 da manh\u00e3. Veja como preparar e os benef\u00edcios.\" \/>\n<meta property=\"og:url\" content=\"https:\/\/www.correiobraziliense.com.br\/cbradar\/troquei-o-pao-por-essa-panqueca-de-banana-e-aveia-no-cafe-da-manha-quando-comecei-a-reduzir-acucar\/\" \/>\n<meta property=\"og:site_name\" content=\"Correio Braziliense - Radar\" \/>\n<meta property=\"article:published_time\" content=\"2026-03-13T22:05:20+00:00\" \/>\n<meta property=\"og:image\" content=\"https:\/\/www.correiobraziliense.com.br\/cbradar\/wp-content\/uploads\/2026\/03\/freepik__p-de-figo-crescendo-em-vaso-grande-em-uma-varanda-__33568.jpeg\" \/>\n\t<meta property=\"og:image:width\" content=\"1280\" \/>\n\t<meta property=\"og:image:height\" content=\"720\" \/>\n\t<meta property=\"og:image:type\" content=\"image\/jpeg\" \/>\n<meta name=\"author\" content=\"Daniely Cardoso\" \/>\n<meta name=\"twitter:card\" content=\"summary_large_image\" \/>\n<meta name=\"twitter:label1\" content=\"Escrito por\" \/>\n\t<meta name=\"twitter:data1\" content=\"Daniely Cardoso\" \/>\n\t<meta name=\"twitter:label2\" content=\"Est. tempo de leitura\" \/>\n\t<meta name=\"twitter:data2\" content=\"5 minutos\" \/>\n<!-- \/ Yoast SEO plugin. -->","yoast_head_json":{"title":"Troquei o p\u00e3o por essa panqueca de banana e aveia no caf\u00e9 da manh\u00e3 quando comecei a reduzir a\u00e7\u00facar - Correio Braziliense - Radar","description":"Panqueca de banana e aveia \u00e9 pr\u00e1tica, naturalmente doce e pode substituir o p\u00e3o no caf\u00e9 da manh\u00e3. Veja como preparar e os benef\u00edcios.","robots":{"index":"index","follow":"follow","max-snippet":"max-snippet:-1","max-image-preview":"max-image-preview:large","max-video-preview":"max-video-preview:-1"},"canonical":"https:\/\/www.correiobraziliense.com.br\/cbradar\/troquei-o-pao-por-essa-panqueca-de-banana-e-aveia-no-cafe-da-manha-quando-comecei-a-reduzir-acucar\/","og_locale":"pt_BR","og_type":"article","og_title":"Troquei o p\u00e3o por essa panqueca de banana e aveia no caf\u00e9 da manh\u00e3 quando comecei a reduzir a\u00e7\u00facar - Correio Braziliense - Radar","og_description":"Panqueca de banana e aveia \u00e9 pr\u00e1tica, naturalmente doce e pode substituir o p\u00e3o no caf\u00e9 da manh\u00e3. Veja como preparar e os benef\u00edcios.","og_url":"https:\/\/www.correiobraziliense.com.br\/cbradar\/troquei-o-pao-por-essa-panqueca-de-banana-e-aveia-no-cafe-da-manha-quando-comecei-a-reduzir-acucar\/","og_site_name":"Correio Braziliense - Radar","article_published_time":"2026-03-13T22:05:20+00:00","og_image":[{"width":1280,"height":720,"url":"https:\/\/www.correiobraziliense.com.br\/cbradar\/wp-content\/uploads\/2026\/03\/freepik__p-de-figo-crescendo-em-vaso-grande-em-uma-varanda-__33568.jpeg","type":"image\/jpeg"}],"author":"Daniely Cardoso","twitter_card":"summary_large_image","twitter_misc":{"Escrito por":"Daniely Cardoso","Est. tempo de leitura":"5 minutos"},"schema":{"@context":"https:\/\/schema.org","@graph":[{"@type":"WebPage","@id":"https:\/\/www.correiobraziliense.com.br\/cbradar\/troquei-o-pao-por-essa-panqueca-de-banana-e-aveia-no-cafe-da-manha-quando-comecei-a-reduzir-acucar\/","url":"https:\/\/www.correiobraziliense.com.br\/cbradar\/troquei-o-pao-por-essa-panqueca-de-banana-e-aveia-no-cafe-da-manha-quando-comecei-a-reduzir-acucar\/","name":"Troquei o p\u00e3o por essa panqueca de banana e aveia no caf\u00e9 da manh\u00e3 quando comecei a reduzir a\u00e7\u00facar - Correio Braziliense - Radar","isPartOf":{"@id":"https:\/\/www.correiobraziliense.com.br\/cbradar\/#website"},"primaryImageOfPage":{"@id":"https:\/\/www.correiobraziliense.com.br\/cbradar\/troquei-o-pao-por-essa-panqueca-de-banana-e-aveia-no-cafe-da-manha-quando-comecei-a-reduzir-acucar\/#primaryimage"},"image":{"@id":"https:\/\/www.correiobraziliense.com.br\/cbradar\/troquei-o-pao-por-essa-panqueca-de-banana-e-aveia-no-cafe-da-manha-quando-comecei-a-reduzir-acucar\/#primaryimage"},"thumbnailUrl":"https:\/\/www.correiobraziliense.com.br\/cbradar\/wp-content\/uploads\/2026\/03\/freepik__p-de-figo-crescendo-em-vaso-grande-em-uma-varanda-__33568.jpeg","datePublished":"2026-03-13T22:05:20+00:00","author":{"@id":"https:\/\/www.correiobraziliense.com.br\/cbradar\/#\/schema\/person\/7356666e12ec0ee53f348ee5db227032"},"description":"Panqueca de banana e aveia \u00e9 pr\u00e1tica, naturalmente doce e pode substituir o p\u00e3o no caf\u00e9 da manh\u00e3. Veja como preparar e os benef\u00edcios.","breadcrumb":{"@id":"https:\/\/www.correiobraziliense.com.br\/cbradar\/troquei-o-pao-por-essa-panqueca-de-banana-e-aveia-no-cafe-da-manha-quando-comecei-a-reduzir-acucar\/#breadcrumb"},"inLanguage":"pt-BR","potentialAction":[{"@type":"ReadAction","target":["https:\/\/www.correiobraziliense.com.br\/cbradar\/troquei-o-pao-por-essa-panqueca-de-banana-e-aveia-no-cafe-da-manha-quando-comecei-a-reduzir-acucar\/"]}]},{"@type":"ImageObject","inLanguage":"pt-BR","@id":"https:\/\/www.correiobraziliense.com.br\/cbradar\/troquei-o-pao-por-essa-panqueca-de-banana-e-aveia-no-cafe-da-manha-quando-comecei-a-reduzir-acucar\/#primaryimage","url":"https:\/\/www.correiobraziliense.com.br\/cbradar\/wp-content\/uploads\/2026\/03\/freepik__p-de-figo-crescendo-em-vaso-grande-em-uma-varanda-__33568.jpeg","contentUrl":"https:\/\/www.correiobraziliense.com.br\/cbradar\/wp-content\/uploads\/2026\/03\/freepik__p-de-figo-crescendo-em-vaso-grande-em-uma-varanda-__33568.jpeg","width":1280,"height":720,"caption":"Panquecas de banana com aveia s\u00e3o preparadas com poucos ingredientes e podem ser feitas em poucos minutos"},{"@type":"BreadcrumbList","@id":"https:\/\/www.correiobraziliense.com.br\/cbradar\/troquei-o-pao-por-essa-panqueca-de-banana-e-aveia-no-cafe-da-manha-quando-comecei-a-reduzir-acucar\/#breadcrumb","itemListElement":[{"@type":"ListItem","position":1,"name":"In\u00edcio","item":"https:\/\/www.correiobraziliense.com.br\/cbradar\/"},{"@type":"ListItem","position":2,"name":"Troquei o p\u00e3o por essa panqueca de banana e aveia no caf\u00e9 da manh\u00e3 quando comecei a reduzir a\u00e7\u00facar"}]},{"@type":"WebSite","@id":"https:\/\/www.correiobraziliense.com.br\/cbradar\/#website","url":"https:\/\/www.correiobraziliense.com.br\/cbradar\/","name":"Correio Braziliense - Radar","description":"Acompanhe as \u00faltimas not\u00edcias e fique bem informado sobre tudo o que acontece no Brasil e no mundo.","potentialAction":[{"@type":"SearchAction","target":{"@type":"EntryPoint","urlTemplate":"https:\/\/www.correiobraziliense.com.br\/cbradar\/?s={search_term_string}"},"query-input":{"@type":"PropertyValueSpecification","valueRequired":true,"valueName":"search_term_string"}}],"inLanguage":"pt-BR"},{"@type":"Person","@id":"https:\/\/www.correiobraziliense.com.br\/cbradar\/#\/schema\/person\/7356666e12ec0ee53f348ee5db227032","name":"Daniely Cardoso","image":{"@type":"ImageObject","inLanguage":"pt-BR","@id":"https:\/\/www.correiobraziliense.com.br\/cbradar\/#\/schema\/person\/image\/","url":"https:\/\/secure.gravatar.com\/avatar\/4b80ddbd124d1f071b626d52d62e5dff?s=96&d=mm&r=g","contentUrl":"https:\/\/secure.gravatar.com\/avatar\/4b80ddbd124d1f071b626d52d62e5dff?s=96&d=mm&r=g","caption":"Daniely Cardoso"},"description":"Redatora nos portais CB Radar e EM Foco, formada pela Universidade Federal de Goi\u00e1s, em Goi\u00e2nia. Apaixonada por comunica\u00e7\u00e3o, arte, decora\u00e7\u00e3o e tend\u00eancias, atuo na produ\u00e7\u00e3o de conte\u00fados envolventes sobre curiosidades, moda, beleza e paisagismo, sempre com um olhar atento \u00e0s novidades do momento.","sameAs":["https:\/\/www.correiobraziliense.com.br\/cbradar"],"url":"https:\/\/www.correiobraziliense.com.br\/cbradar\/author\/danielymyth\/"}]}},"_links":{"self":[{"href":"https:\/\/www.correiobraziliense.com.br\/cbradar\/wp-json\/wp\/v2\/posts\/207294","targetHints":{"allow":["GET"]}}],"collection":[{"href":"https:\/\/www.correiobraziliense.com.br\/cbradar\/wp-json\/wp\/v2\/posts"}],"about":[{"href":"https:\/\/www.correiobraziliense.com.br\/cbradar\/wp-json\/wp\/v2\/types\/post"}],"author":[{"embeddable":true,"href":"https:\/\/www.correiobraziliense.com.br\/cbradar\/wp-json\/wp\/v2\/users\/9"}],"replies":[{"embeddable":true,"href":"https:\/\/www.correiobraziliense.com.br\/cbradar\/wp-json\/wp\/v2\/comments?post=207294"}],"version-history":[{"count":2,"href":"https:\/\/www.correiobraziliense.com.br\/cbradar\/wp-json\/wp\/v2\/posts\/207294\/revisions"}],"predecessor-version":[{"id":207395,"href":"https:\/\/www.correiobraziliense.com.br\/cbradar\/wp-json\/wp\/v2\/posts\/207294\/revisions\/207395"}],"wp:featuredmedia":[{"embeddable":true,"href":"https:\/\/www.correiobraziliense.com.br\/cbradar\/wp-json\/wp\/v2\/media\/207592"}],"wp:attachment":[{"href":"https:\/\/www.correiobraziliense.com.br\/cbradar\/wp-json\/wp\/v2\/media?parent=207294"}],"wp:term":[{"taxonomy":"category","embeddable":true,"href":"https:\/\/www.correiobraziliense.com.br\/cbradar\/wp-json\/wp\/v2\/categories?post=207294"},{"taxonomy":"post_tag","embeddable":true,"href":"https:\/\/www.correiobraziliense.com.br\/cbradar\/wp-json\/wp\/v2\/tags?post=207294"}],"curies":[{"name":"wp","href":"https:\/\/api.w.org\/{rel}","templated":true}]}}