{"id":207300,"date":"2026-03-13T14:55:45","date_gmt":"2026-03-13T17:55:45","guid":{"rendered":"https:\/\/www.correiobraziliense.com.br\/cbradar\/?p=207300"},"modified":"2026-03-12T15:00:10","modified_gmt":"2026-03-12T18:00:10","slug":"5-cremes-hidratantes-da-natura-que-deixam-a-pele-macia-o-dia-todo","status":"publish","type":"post","link":"https:\/\/www.correiobraziliense.com.br\/cbradar\/5-cremes-hidratantes-da-natura-que-deixam-a-pele-macia-o-dia-todo\/","title":{"rendered":"5 cremes hidratantes da Natura que deixam a pele macia o dia todo"},"content":{"rendered":"\n<p>Voc\u00ea j\u00e1 sentiu a <b>pele do corpo<\/b> macia depois do banho, mas, poucas horas depois, ela voltou a ficar ressecada e repuxando? \u00c9 nessa hora que um bom <b>creme hidratante<\/b> da Natura faz diferen\u00e7a no dia a dia. A marca \u00e9 conhecida por misturar cuidado com a pele, ingredientes de origem natural e praticidade, oferecendo op\u00e7\u00f5es que podem ser usadas tanto no rosto quanto no corpo, sem exigir uma rotina complicada ou muito cara.<\/p>\n\n\n\n<h2 class=\"wp-block-heading\">Quais s\u00e3o os benef\u00edcios dos cremes hidratantes da Natura para o rosto e o corpo<\/h2>\n\n\n\n<p>Os principais benef\u00edcios de um <b>creme hidratante<\/b> Natura est\u00e3o ligados a manter a \u00e1gua dentro da pele por mais tempo, criando um \u201cescudo\u201d que evita o ressecamento ao longo do dia. Isso ajuda a afastar aquela sensa\u00e7\u00e3o de <b>pele seca<\/b>, \u00e1spera e desconfort\u00e1vel, especialmente depois do banho ou em dias frios.<\/p>\n\n\n\n<p>Muitas f\u00f3rmulas tamb\u00e9m trazem <b>\u00f3leos vegetais<\/b> e manteigas que deixam o toque mais macio, facilitam a aplica\u00e7\u00e3o e entregam perfume suave. Alguns produtos podem ser usados tanto no rosto quanto no corpo, o que \u00e9 \u00f3timo para quem quer <b>simplificar a rotina<\/b> sem abrir m\u00e3o da hidrata\u00e7\u00e3o di\u00e1ria.<\/p>\n\n\n<div class=\"wp-block-image\">\n<figure class=\"aligncenter size-full\"><img decoding=\"async\" width=\"1280\" height=\"720\" src=\"https:\/\/www.correiobraziliense.com.br\/cbradar\/wp-content\/uploads\/2026\/03\/creme-rosto_1773320327044.jpg\" alt=\"\" class=\"wp-image-207379\" srcset=\"https:\/\/www.correiobraziliense.com.br\/cbradar\/wp-content\/uploads\/2026\/03\/creme-rosto_1773320327044.jpg 1280w, https:\/\/www.correiobraziliense.com.br\/cbradar\/wp-content\/uploads\/2026\/03\/creme-rosto_1773320327044-300x169.jpg 300w, https:\/\/www.correiobraziliense.com.br\/cbradar\/wp-content\/uploads\/2026\/03\/creme-rosto_1773320327044-768x432.jpg 768w, https:\/\/www.correiobraziliense.com.br\/cbradar\/wp-content\/uploads\/2026\/03\/creme-rosto_1773320327044-750x422.jpg 750w, https:\/\/www.correiobraziliense.com.br\/cbradar\/wp-content\/uploads\/2026\/03\/creme-rosto_1773320327044-1140x641.jpg 1140w\" sizes=\"(max-width: 1280px) 100vw, 1280px\" \/><figcaption class=\"wp-element-caption\">Os principais benef\u00edcios de um creme hidratante Natura est\u00e3o ligados a manter a \u00e1gua dentro da pele &#8211; Cr\u00e9ditos: depositphotos.com \/ DragonImages<\/figcaption><\/figure><\/div>\n\n\n<p>Leia tamb\u00e9m:&nbsp;<a href=\"https:\/\/www.correiobraziliense.com.br\/cbradar\/a-pimenta-aromatica-que-pode-intensificar-o-sabor-das-receitas-e-ainda-apoiar-o-metabolismo-no-dia-a-dia\/\" target=\"_blank\" rel=\"noopener\">A pimenta arom\u00e1tica que pode intensificar o sabor das receitas e ainda apoiar o metabolismo no dia a dia<\/a><\/p>\n\n\n\n<h2 class=\"wp-block-heading\">Quais s\u00e3o os principais benef\u00edcios gerais dos hidratantes corporais e faciais da Natura<\/h2>\n\n\n\n<p>Os <b>hidratantes corporais<\/b> e faciais da Natura se destacam por combinar \u00f3leos vegetais, manteigas e ativos de origem natural que nutrem enquanto hidratam. Em 2026, a linha inclui desde f\u00f3rmulas bem leves, ideais para <b>peles oleosas<\/b>, at\u00e9 texturas mais encorpadas, pensadas para quem sofre com ressecamento intenso.<\/p>\n\n\n\n<p>Dentro desse universo, d\u00e1 para escolher vers\u00f5es com bom <b>custo-benef\u00edcio<\/b>, que mant\u00eam a pele macia por horas e se encaixam na rotina corrida. A seguir, alguns pontos gerais que costumam agradar quem usa esses produtos todos os dias:<\/p>\n\n\n\n<ul class=\"wp-block-list\">\n<li>ajudam a manter a <b>maciez da pele<\/b> por longos per\u00edodos;<\/li>\n\n\n\n<li>podem aliviar o desconforto em \u00e1reas mais <b>secas do corpo<\/b>, como cotovelos e joelhos;<\/li>\n\n\n\n<li>t\u00eam <b>fragr\u00e2ncias suaves<\/b>, pensadas para o uso di\u00e1rio sem enjoar;<\/li>\n\n\n\n<li>possuem diferentes tamanhos de <b>embalagem<\/b>, facilitando a escolha de acordo com o or\u00e7amento.<\/li>\n<\/ul>\n\n\n\n<h2 class=\"wp-block-heading\">Quais s\u00e3o 5 cremes hidratantes da Natura que mant\u00eam a pele macia o dia todo<\/h2>\n\n\n\n<p>Abaixo, voc\u00ea encontra cinco op\u00e7\u00f5es de <b>hidratante Natura<\/b> para rosto e corpo que t\u00eam como proposta hidrata\u00e7\u00e3o prolongada com pre\u00e7o mais acess\u00edvel em compara\u00e7\u00e3o a linhas premium. As descri\u00e7\u00f5es ajudam a entender qual faz mais sentido para a sua <b>rotina di\u00e1ria<\/b>, tipo de pele e clima da regi\u00e3o em que voc\u00ea vive.<\/p>\n\n\n\n<ul class=\"wp-block-list\">\n<li><strong>Natura Tododia Nutri\u00e7\u00e3o Essencial \u2013 Creme Hidratante Corporal e Facial<\/strong><br><p>Com textura cremosa e r\u00e1pida <b>absor\u00e7\u00e3o<\/b>, esse hidratante foi pensado para uso di\u00e1rio em todas as \u00e1reas do corpo, inclusive no rosto. A f\u00f3rmula costuma unir <b>manteigas vegetais<\/b> e ingredientes que puxam \u00e1gua para a pele, deixando-a macia sem sensa\u00e7\u00e3o de pegajosidade.<\/p><\/li>\n<\/ul>\n\n\n\n<figure class=\"wp-block-embed is-type-rich is-provider-pinterest wp-block-embed-pinterest\"><div class=\"wp-block-embed__wrapper\">\n<iframe loading=\"lazy\" title=\"Hidratantes Natura tododia...sua dose di\u00e1ria de bem estar!\ud83e\udd70\u2698\ufe0f #natura #presentescriativos #naturalovers #naturarevendedora #hidratantecorporal #hidratantenaturatododia\" src=\"https:\/\/assets.pinterest.com\/ext\/embed.html?id=134052526406191433&#038;src=oembed\" height=\"898\" width=\"450\" frameborder=\"0\" scrolling=\"no\" ><\/iframe>\n<\/div><\/figure>\n\n\n\n<ul class=\"wp-block-list\">\n<li><strong>Natura Tododia Flor de Lis \u2013 Hidratante Multirreparador<\/strong><br><p>Essa vers\u00e3o atende quem sente a <b>pele mais ressecada<\/b>, pedindo um cuidado extra. A proposta \u00e9 oferecer <b>hidrata\u00e7\u00e3o prolongada<\/b> e ajudar a repor lip\u00eddios da barreira cut\u00e2nea, sendo uma boa aliada em climas secos ou no inverno, quando a pele costuma ficar \u00e1spera mais r\u00e1pido.<\/p><\/li>\n<\/ul>\n\n\n\n<figure class=\"wp-block-embed is-type-rich is-provider-pinterest wp-block-embed-pinterest\"><div class=\"wp-block-embed__wrapper\">\n<iframe loading=\"lazy\" title=\"natura tododia\" src=\"https:\/\/assets.pinterest.com\/ext\/embed.html?id=288230444920914556&#038;src=oembed\" height=\"899\" width=\"450\" frameborder=\"0\" scrolling=\"no\" ><\/iframe>\n<\/div><\/figure>\n\n\n\n<ul class=\"wp-block-list\">\n<li><strong>Natura Ekos Castanha \u2013 Polpa Hidratante para Corpo e Rosto<\/strong><br><p>A linha Ekos Castanha usa o <b>\u00f3leo de castanha<\/b>, rico em \u00e1cidos graxos que contribuem para nutrir a pele. A polpa hidratante tem textura encorpada e forma um filme que segura a <b>hidrata\u00e7\u00e3o da pele<\/b> ao longo do dia, sendo muito usada no corpo e em pequenos pontos mais ressecados do rosto.<\/p><\/li>\n<\/ul>\n\n\n\n<figure class=\"wp-block-embed is-type-rich is-provider-pinterest wp-block-embed-pinterest\"><div class=\"wp-block-embed__wrapper\">\n<iframe loading=\"lazy\" title=\"#ekos #natura #ekoscastanha #castanha #bodysplash\" src=\"https:\/\/assets.pinterest.com\/ext\/embed.html?id=1079949185696224833&#038;src=oembed\" height=\"899\" width=\"450\" frameborder=\"0\" scrolling=\"no\" ><\/iframe>\n<\/div><\/figure>\n\n\n\n<ul class=\"wp-block-list\">\n<li><strong>Natura Ekos Andiroba \u2013 Creme Corporal de Hidrata\u00e7\u00e3o Prolongada<\/strong><br><p>Com textura mais <b>consistente<\/b>, esse creme \u00e9 indicado para quem sente a pele opaca, esbranqui\u00e7ada e \u00e1spera. O ativo de andiroba ajuda a suavizar o toque e a manter a sensa\u00e7\u00e3o de <b>maciez duradoura<\/b>, podendo ser aplicado tamb\u00e9m em \u00e1reas do rosto mais resistentes, desde que n\u00e3o haja sensibilidade aos \u00f3leos.<\/p><\/li>\n<\/ul>\n\n\n\n<figure class=\"wp-block-embed is-type-rich is-provider-pinterest wp-block-embed-pinterest\"><div class=\"wp-block-embed__wrapper\">\n<iframe loading=\"lazy\" title=\"Minha Loja - Natura\" src=\"https:\/\/assets.pinterest.com\/ext\/embed.html?id=928374910698822439&#038;src=oembed\" height=\"899\" width=\"450\" frameborder=\"0\" scrolling=\"no\" ><\/iframe>\n<\/div><\/figure>\n\n\n\n<ul class=\"wp-block-list\">\n<li><strong>Natura Tododia Sem Fragr\u00e2ncia \u2013 Hidratante Neutro Rosto e Corpo<\/strong><br><p>Pensado para <b>peles sens\u00edveis<\/b> ou para quem prefere produtos sem perfume, esse hidratante neutro \u00e9 um verdadeiro coringa. A f\u00f3rmula prioriza ingredientes b\u00e1sicos de <b>hidrata\u00e7\u00e3o di\u00e1ria<\/b> e costuma ser bem aceita por diferentes tipos de pele, funcionando para uso individual ou compartilhado pela fam\u00edlia.<\/p><\/li>\n<\/ul>\n\n\n\n<figure class=\"wp-block-embed is-type-rich is-provider-pinterest wp-block-embed-pinterest\"><div class=\"wp-block-embed__wrapper\">\n<iframe loading=\"lazy\" title=\" \" src=\"https:\/\/assets.pinterest.com\/ext\/embed.html?id=190699365467908685&#038;src=oembed\" height=\"899\" width=\"450\" frameborder=\"0\" scrolling=\"no\" ><\/iframe>\n<\/div><\/figure>\n\n\n\n<h2 class=\"wp-block-heading\">Como escolher o melhor creme hidratante Natura para o seu tipo de pele<\/h2>\n\n\n\n<p>A escolha de um <b>creme hidratante<\/b> Natura ideal passa por fatores como tipo de pele, clima em que voc\u00ea vive e h\u00e1bitos do dia a dia. Peles secas geralmente se d\u00e3o melhor com texturas mais densas, enquanto <b>peles mistas<\/b> ou oleosas costumam preferir cremes levinhos, com toque seco e r\u00e1pida absor\u00e7\u00e3o.<\/p>\n\n\n\n<p>Para peles sens\u00edveis, f\u00f3rmulas sem <b>fragr\u00e2ncia<\/b> e com menos ativos perfumantes tendem a ser mais tranquilas de usar. Ao considerar essas caracter\u00edsticas junto com o or\u00e7amento, fica mais f\u00e1cil encontrar um <b>hidratante acess\u00edvel<\/b> da Natura que mantenha a pele do rosto e do corpo macia ao longo do dia, observando com calma como ela reage ao produto nas primeiras semanas de uso.<\/p>\n","protected":false},"excerpt":{"rendered":"<p>Voc\u00ea j\u00e1 sentiu a pele do corpo macia depois do banho, mas, poucas horas depois, ela voltou a ficar ressecada e repuxando? \u00c9 nessa hora que um bom creme hidratante da Natura faz diferen\u00e7a no dia a dia. A marca \u00e9 conhecida por misturar cuidado com a pele, ingredientes de origem natural e praticidade, oferecendo [&hellip;]<\/p>\n","protected":false},"author":9,"featured_media":207581,"comment_status":"open","ping_status":"open","sticky":false,"template":"","format":"standard","meta":{"_yoast_wpseo_focuskw":"cremes hidratantes da Natura","_yoast_wpseo_title":"","_yoast_wpseo_metadesc":"Descubra 5 cremes hidratantes da Natura que ajudam a manter a pele macia e hidratada ao longo do dia, com op\u00e7\u00f5es para rosto e corpo.","jnews-multi-image_gallery":[],"jnews_single_post":{"format":"standard"},"jnews_primary_category":[],"jnews_social_meta":[],"jnews_override_counter":[],"footnotes":""},"categories":[124],"post_tag":[16006,16005,13548],"class_list":["post-207300","post","type-post","status-publish","format-standard","has-post-thumbnail","hentry","category-beleza","tag-creme-para-o-corpo","tag-cremes-hidratantes","tag-natura"],"yoast_head":"<!-- This site is optimized with the Yoast SEO plugin v24.6 - https:\/\/yoast.com\/wordpress\/plugins\/seo\/ -->\n<title>5 cremes hidratantes da Natura que deixam a pele macia o dia todo - Correio Braziliense - Radar<\/title>\n<meta name=\"description\" content=\"Descubra 5 cremes hidratantes da Natura que ajudam a manter a pele macia e hidratada ao longo do dia, com op\u00e7\u00f5es para rosto e corpo.\" \/>\n<meta name=\"robots\" content=\"index, follow, max-snippet:-1, max-image-preview:large, max-video-preview:-1\" \/>\n<link rel=\"canonical\" href=\"https:\/\/www.correiobraziliense.com.br\/cbradar\/5-cremes-hidratantes-da-natura-que-deixam-a-pele-macia-o-dia-todo\/\" \/>\n<meta property=\"og:locale\" content=\"pt_BR\" \/>\n<meta property=\"og:type\" content=\"article\" \/>\n<meta property=\"og:title\" content=\"5 cremes hidratantes da Natura que deixam a pele macia o dia todo - Correio Braziliense - Radar\" \/>\n<meta property=\"og:description\" content=\"Descubra 5 cremes hidratantes da Natura que ajudam a manter a pele macia e hidratada ao longo do dia, com op\u00e7\u00f5es para rosto e corpo.\" \/>\n<meta property=\"og:url\" content=\"https:\/\/www.correiobraziliense.com.br\/cbradar\/5-cremes-hidratantes-da-natura-que-deixam-a-pele-macia-o-dia-todo\/\" \/>\n<meta property=\"og:site_name\" content=\"Correio Braziliense - Radar\" \/>\n<meta property=\"article:published_time\" content=\"2026-03-13T17:55:45+00:00\" \/>\n<meta property=\"og:image\" content=\"https:\/\/www.correiobraziliense.com.br\/cbradar\/wp-content\/uploads\/2026\/03\/freepik__frasco-de-creme-hidratante-natura-tododia-aberto-s__33564.jpeg\" \/>\n\t<meta property=\"og:image:width\" content=\"1280\" \/>\n\t<meta property=\"og:image:height\" content=\"720\" \/>\n\t<meta property=\"og:image:type\" content=\"image\/jpeg\" \/>\n<meta name=\"author\" content=\"Daniely Cardoso\" \/>\n<meta name=\"twitter:card\" content=\"summary_large_image\" \/>\n<meta name=\"twitter:label1\" content=\"Escrito por\" \/>\n\t<meta name=\"twitter:data1\" content=\"Daniely Cardoso\" \/>\n\t<meta name=\"twitter:label2\" content=\"Est. tempo de leitura\" \/>\n\t<meta name=\"twitter:data2\" content=\"5 minutos\" \/>\n<!-- \/ Yoast SEO plugin. -->","yoast_head_json":{"title":"5 cremes hidratantes da Natura que deixam a pele macia o dia todo - Correio Braziliense - Radar","description":"Descubra 5 cremes hidratantes da Natura que ajudam a manter a pele macia e hidratada ao longo do dia, com op\u00e7\u00f5es para rosto e corpo.","robots":{"index":"index","follow":"follow","max-snippet":"max-snippet:-1","max-image-preview":"max-image-preview:large","max-video-preview":"max-video-preview:-1"},"canonical":"https:\/\/www.correiobraziliense.com.br\/cbradar\/5-cremes-hidratantes-da-natura-que-deixam-a-pele-macia-o-dia-todo\/","og_locale":"pt_BR","og_type":"article","og_title":"5 cremes hidratantes da Natura que deixam a pele macia o dia todo - Correio Braziliense - Radar","og_description":"Descubra 5 cremes hidratantes da Natura que ajudam a manter a pele macia e hidratada ao longo do dia, com op\u00e7\u00f5es para rosto e corpo.","og_url":"https:\/\/www.correiobraziliense.com.br\/cbradar\/5-cremes-hidratantes-da-natura-que-deixam-a-pele-macia-o-dia-todo\/","og_site_name":"Correio Braziliense - Radar","article_published_time":"2026-03-13T17:55:45+00:00","og_image":[{"width":1280,"height":720,"url":"https:\/\/www.correiobraziliense.com.br\/cbradar\/wp-content\/uploads\/2026\/03\/freepik__frasco-de-creme-hidratante-natura-tododia-aberto-s__33564.jpeg","type":"image\/jpeg"}],"author":"Daniely Cardoso","twitter_card":"summary_large_image","twitter_misc":{"Escrito por":"Daniely Cardoso","Est. tempo de leitura":"5 minutos"},"schema":{"@context":"https:\/\/schema.org","@graph":[{"@type":"WebPage","@id":"https:\/\/www.correiobraziliense.com.br\/cbradar\/5-cremes-hidratantes-da-natura-que-deixam-a-pele-macia-o-dia-todo\/","url":"https:\/\/www.correiobraziliense.com.br\/cbradar\/5-cremes-hidratantes-da-natura-que-deixam-a-pele-macia-o-dia-todo\/","name":"5 cremes hidratantes da Natura que deixam a pele macia o dia todo - Correio Braziliense - Radar","isPartOf":{"@id":"https:\/\/www.correiobraziliense.com.br\/cbradar\/#website"},"primaryImageOfPage":{"@id":"https:\/\/www.correiobraziliense.com.br\/cbradar\/5-cremes-hidratantes-da-natura-que-deixam-a-pele-macia-o-dia-todo\/#primaryimage"},"image":{"@id":"https:\/\/www.correiobraziliense.com.br\/cbradar\/5-cremes-hidratantes-da-natura-que-deixam-a-pele-macia-o-dia-todo\/#primaryimage"},"thumbnailUrl":"https:\/\/www.correiobraziliense.com.br\/cbradar\/wp-content\/uploads\/2026\/03\/freepik__frasco-de-creme-hidratante-natura-tododia-aberto-s__33564.jpeg","datePublished":"2026-03-13T17:55:45+00:00","author":{"@id":"https:\/\/www.correiobraziliense.com.br\/cbradar\/#\/schema\/person\/7356666e12ec0ee53f348ee5db227032"},"description":"Descubra 5 cremes hidratantes da Natura que ajudam a manter a pele macia e hidratada ao longo do dia, com op\u00e7\u00f5es para rosto e corpo.","breadcrumb":{"@id":"https:\/\/www.correiobraziliense.com.br\/cbradar\/5-cremes-hidratantes-da-natura-que-deixam-a-pele-macia-o-dia-todo\/#breadcrumb"},"inLanguage":"pt-BR","potentialAction":[{"@type":"ReadAction","target":["https:\/\/www.correiobraziliense.com.br\/cbradar\/5-cremes-hidratantes-da-natura-que-deixam-a-pele-macia-o-dia-todo\/"]}]},{"@type":"ImageObject","inLanguage":"pt-BR","@id":"https:\/\/www.correiobraziliense.com.br\/cbradar\/5-cremes-hidratantes-da-natura-que-deixam-a-pele-macia-o-dia-todo\/#primaryimage","url":"https:\/\/www.correiobraziliense.com.br\/cbradar\/wp-content\/uploads\/2026\/03\/freepik__frasco-de-creme-hidratante-natura-tododia-aberto-s__33564.jpeg","contentUrl":"https:\/\/www.correiobraziliense.com.br\/cbradar\/wp-content\/uploads\/2026\/03\/freepik__frasco-de-creme-hidratante-natura-tododia-aberto-s__33564.jpeg","width":1280,"height":720,"caption":"A hidrata\u00e7\u00e3o da pele ajuda a manter a barreira cut\u00e2nea e reduzir o ressecamento"},{"@type":"BreadcrumbList","@id":"https:\/\/www.correiobraziliense.com.br\/cbradar\/5-cremes-hidratantes-da-natura-que-deixam-a-pele-macia-o-dia-todo\/#breadcrumb","itemListElement":[{"@type":"ListItem","position":1,"name":"In\u00edcio","item":"https:\/\/www.correiobraziliense.com.br\/cbradar\/"},{"@type":"ListItem","position":2,"name":"5 cremes hidratantes da Natura que deixam a pele macia o dia todo"}]},{"@type":"WebSite","@id":"https:\/\/www.correiobraziliense.com.br\/cbradar\/#website","url":"https:\/\/www.correiobraziliense.com.br\/cbradar\/","name":"Correio Braziliense - Radar","description":"Acompanhe as \u00faltimas not\u00edcias e fique bem informado sobre tudo o que acontece no Brasil e no mundo.","potentialAction":[{"@type":"SearchAction","target":{"@type":"EntryPoint","urlTemplate":"https:\/\/www.correiobraziliense.com.br\/cbradar\/?s={search_term_string}"},"query-input":{"@type":"PropertyValueSpecification","valueRequired":true,"valueName":"search_term_string"}}],"inLanguage":"pt-BR"},{"@type":"Person","@id":"https:\/\/www.correiobraziliense.com.br\/cbradar\/#\/schema\/person\/7356666e12ec0ee53f348ee5db227032","name":"Daniely Cardoso","image":{"@type":"ImageObject","inLanguage":"pt-BR","@id":"https:\/\/www.correiobraziliense.com.br\/cbradar\/#\/schema\/person\/image\/","url":"https:\/\/secure.gravatar.com\/avatar\/4b80ddbd124d1f071b626d52d62e5dff?s=96&d=mm&r=g","contentUrl":"https:\/\/secure.gravatar.com\/avatar\/4b80ddbd124d1f071b626d52d62e5dff?s=96&d=mm&r=g","caption":"Daniely Cardoso"},"description":"Redatora nos portais CB Radar e EM Foco, formada pela Universidade Federal de Goi\u00e1s, em Goi\u00e2nia. Apaixonada por comunica\u00e7\u00e3o, arte, decora\u00e7\u00e3o e tend\u00eancias, atuo na produ\u00e7\u00e3o de conte\u00fados envolventes sobre curiosidades, moda, beleza e paisagismo, sempre com um olhar atento \u00e0s novidades do momento.","sameAs":["https:\/\/www.correiobraziliense.com.br\/cbradar"],"url":"https:\/\/www.correiobraziliense.com.br\/cbradar\/author\/danielymyth\/"}]}},"_links":{"self":[{"href":"https:\/\/www.correiobraziliense.com.br\/cbradar\/wp-json\/wp\/v2\/posts\/207300","targetHints":{"allow":["GET"]}}],"collection":[{"href":"https:\/\/www.correiobraziliense.com.br\/cbradar\/wp-json\/wp\/v2\/posts"}],"about":[{"href":"https:\/\/www.correiobraziliense.com.br\/cbradar\/wp-json\/wp\/v2\/types\/post"}],"author":[{"embeddable":true,"href":"https:\/\/www.correiobraziliense.com.br\/cbradar\/wp-json\/wp\/v2\/users\/9"}],"replies":[{"embeddable":true,"href":"https:\/\/www.correiobraziliense.com.br\/cbradar\/wp-json\/wp\/v2\/comments?post=207300"}],"version-history":[{"count":2,"href":"https:\/\/www.correiobraziliense.com.br\/cbradar\/wp-json\/wp\/v2\/posts\/207300\/revisions"}],"predecessor-version":[{"id":207380,"href":"https:\/\/www.correiobraziliense.com.br\/cbradar\/wp-json\/wp\/v2\/posts\/207300\/revisions\/207380"}],"wp:featuredmedia":[{"embeddable":true,"href":"https:\/\/www.correiobraziliense.com.br\/cbradar\/wp-json\/wp\/v2\/media\/207581"}],"wp:attachment":[{"href":"https:\/\/www.correiobraziliense.com.br\/cbradar\/wp-json\/wp\/v2\/media?parent=207300"}],"wp:term":[{"taxonomy":"category","embeddable":true,"href":"https:\/\/www.correiobraziliense.com.br\/cbradar\/wp-json\/wp\/v2\/categories?post=207300"},{"taxonomy":"post_tag","embeddable":true,"href":"https:\/\/www.correiobraziliense.com.br\/cbradar\/wp-json\/wp\/v2\/post_tag?post=207300"}],"curies":[{"name":"wp","href":"https:\/\/api.w.org\/{rel}","templated":true}]}}