{"id":207307,"date":"2026-03-13T16:25:27","date_gmt":"2026-03-13T19:25:27","guid":{"rendered":"https:\/\/www.correiobraziliense.com.br\/cbradar\/?p=207307"},"modified":"2026-03-12T15:01:58","modified_gmt":"2026-03-12T18:01:58","slug":"5-shampoos-nacionais-que-ajudam-a-manter-o-brilho-e-a-cor-do-cabelo-por-mais-tempo","status":"publish","type":"post","link":"https:\/\/www.correiobraziliense.com.br\/cbradar\/5-shampoos-nacionais-que-ajudam-a-manter-o-brilho-e-a-cor-do-cabelo-por-mais-tempo\/","title":{"rendered":"5 shampoos nacionais que ajudam a manter o brilho e a cor do cabelo por mais tempo"},"content":{"rendered":"\n<p>Voc\u00ea j\u00e1 notou como, depois de algumas lavagens, aquele <b>cabelo brilhante<\/b> de sal\u00e3o parece perder o encanto? Muitas vezes, o \u201cculpado\u201d est\u00e1 no <b>shampoo errado<\/b>. A boa not\u00edcia \u00e9 que, escolhendo bem o produto, d\u00e1 para manter o brilho e a cor bonitos por muito mais tempo, tanto em cabelos tingidos quanto naturais.<\/p>\n\n\n\n<h2 class=\"wp-block-heading\">O que \u00e9 um shampoo que mant\u00e9m o brilho e a cor por mais tempo<\/h2>\n\n\n\n<p>Um <b>shampoo espec\u00edfico<\/b> que d\u00e1 brilho e durabilidade \u00e0 cor \u00e9, antes de tudo, gentil com os fios. Quando a <b>limpeza agressiva<\/b> \u00e9 muito intensa, leva embora n\u00e3o s\u00f3 a oleosidade, mas tamb\u00e9m pigmentos e nutrientes, deixando o cabelo opaco e desbotado rapidamente.<\/p>\n\n\n\n<p>Por isso, essas <b>f\u00f3rmulas suaves<\/b> costumam ter limpantes leves, pH levemente \u00e1cido e ingredientes que ajudam a \u201cfechar\u201d a cut\u00edcula, como \u00f3leos leves, silicones e prote\u00ednas. Antioxidantes, como <b>vitamina E<\/b> e extratos vegetais, tamb\u00e9m entram em cena para proteger contra sol, polui\u00e7\u00e3o e calor de secador e chapinha.<\/p>\n\n\n<div class=\"wp-block-image\">\n<figure class=\"aligncenter size-full\"><img decoding=\"async\" width=\"1280\" height=\"720\" src=\"https:\/\/www.correiobraziliense.com.br\/cbradar\/wp-content\/uploads\/2026\/03\/shampoo_1773320062489.jpg\" alt=\"\" class=\"wp-image-207373\" srcset=\"https:\/\/www.correiobraziliense.com.br\/cbradar\/wp-content\/uploads\/2026\/03\/shampoo_1773320062489.jpg 1280w, https:\/\/www.correiobraziliense.com.br\/cbradar\/wp-content\/uploads\/2026\/03\/shampoo_1773320062489-300x169.jpg 300w, https:\/\/www.correiobraziliense.com.br\/cbradar\/wp-content\/uploads\/2026\/03\/shampoo_1773320062489-768x432.jpg 768w, https:\/\/www.correiobraziliense.com.br\/cbradar\/wp-content\/uploads\/2026\/03\/shampoo_1773320062489-750x422.jpg 750w, https:\/\/www.correiobraziliense.com.br\/cbradar\/wp-content\/uploads\/2026\/03\/shampoo_1773320062489-1140x641.jpg 1140w\" sizes=\"(max-width: 1280px) 100vw, 1280px\" \/><figcaption class=\"wp-element-caption\">Um shampoo espec\u00edfico que d\u00e1 brilho e durabilidade \u00e0 cor \u00e9, antes de tudo, gentil com os fios &#8211; Cr\u00e9ditos: depositphotos.com \/ esp2k<\/figcaption><\/figure><\/div>\n\n\n<p>Leia tamb\u00e9m:&nbsp;<a href=\"https:\/\/www.correiobraziliense.com.br\/cbradar\/a-pimenta-aromatica-que-pode-intensificar-o-sabor-das-receitas-e-ainda-apoiar-o-metabolismo-no-dia-a-dia\/\" target=\"_blank\" rel=\"noopener\">A pimenta arom\u00e1tica que pode intensificar o sabor das receitas e ainda apoiar o metabolismo no dia a dia<\/a><\/p>\n\n\n\n<h2 class=\"wp-block-heading\">Quais s\u00e3o 5 shampoos nacionais que ajudam a dar brilho e proteger a cor<\/h2>\n\n\n\n<p>O mercado brasileiro oferece v\u00e1rias <b>op\u00e7\u00f5es nacionais<\/b> pensadas justamente para segurar a cor e o brilho por mais tempo. A seguir, voc\u00ea encontra cinco shampoos nacionais bastante conhecidos, que funcionam bem tanto em cabelos tingidos quanto em tons naturais que precisam de <b>luminosidade extra<\/b>.<\/p>\n\n\n\n<ul class=\"wp-block-list\">\n<li><strong>Shampoo para Cabelos Coloridos da L\u2019Or\u00e9al Professionnel (linha nacionalizada)<\/strong><br><p>Desenvolvido para cabelos <b>quimicamente coloridos<\/b>, esse shampoo \u00e9 famoso pela limpeza delicada e pelo pH controlado, que ajuda a preservar os pigmentos. Costuma ter filtros <b>UV protetores<\/b> e tecnologia antioxidante, retardando o desbotamento e mantendo a cor intensa por mais tempo.<\/p><\/li>\n<\/ul>\n\n\n\n<figure class=\"wp-block-embed is-type-rich is-provider-pinterest wp-block-embed-pinterest\"><div class=\"wp-block-embed__wrapper\">\n<iframe loading=\"lazy\" title=\" \" src=\"https:\/\/assets.pinterest.com\/ext\/embed.html?id=914862420761963&#038;src=oembed\" height=\"554\" width=\"450\" frameborder=\"0\" scrolling=\"no\" ><\/iframe>\n<\/div><\/figure>\n\n\n\n<ul class=\"wp-block-list\">\n<li><strong>Shampoo Brilho e Cor da Seda<\/strong><br><p>Entre as op\u00e7\u00f5es mais acess\u00edveis, esse produto aposta em <b>agentes condicionantes<\/b> e ingredientes que real\u00e7am o brilho vis\u00edvel j\u00e1 nas primeiras lavagens. Indicado para fios com tintura ou naturais, funciona ainda melhor quando usado com o <b>condicionador correspondente<\/b> da mesma linha.<\/p><\/li>\n<\/ul>\n\n\n\n<figure class=\"wp-block-embed is-type-rich is-provider-pinterest wp-block-embed-pinterest\"><div class=\"wp-block-embed__wrapper\">\n<iframe loading=\"lazy\" title=\"Preparadas para ter um cabelo 5x mais brilhoso por at\u00e9 100 horas ? Testei em primeira m\u00e3o o Lan\u00e7amento Luminous UV da @sedaoficial e posso dizer que o brilho, a maciez, o balan\u00e7o que o cabelo fica \u00e9 SURREAL \ud83d\udc97 Os produtos da Linha contam com a tecnologia Glycol + Vitamina C Complex e juntos eles potencializam o brilho e melhoram o alinhamento dos fios. E o maioral de todos \u00e9 o primeiro S\u00e9rum Leave-In da Seda, ele repara e ilumina os fios, tem uma textura leve e uma r\u00e1pida absor\u00e7\u00e3o e prote...\" src=\"https:\/\/assets.pinterest.com\/ext\/embed.html?id=756745543674481720&#038;src=oembed\" height=\"899\" width=\"450\" frameborder=\"0\" scrolling=\"no\" ><\/iframe>\n<\/div><\/figure>\n\n\n\n<ul class=\"wp-block-list\">\n<li><strong>Shampoo Color Protection da Haskell<\/strong><br><p>A Haskell \u00e9 conhecida pelo uso de <b>ativos vegetais<\/b>. Na linha de prote\u00e7\u00e3o da cor, o shampoo combina extratos bot\u00e2nicos e limpeza suave para diminuir o desbotamento, mantendo o brilho de cabelos ruivos, castanhos, loiros ou pretos, especialmente em quem colore com <b>frequ\u00eancia maior<\/b>.<\/p><\/li>\n<\/ul>\n\n\n\n<figure class=\"wp-block-embed is-type-rich is-provider-pinterest wp-block-embed-pinterest\"><div class=\"wp-block-embed__wrapper\">\n<iframe loading=\"lazy\" title=\"Kit com 5 Linha Cavalo Forte 300ml Haskell Cuidado Com O Cabelo Salao de Beleza Tratamento Capilar Intenso | Shopee Brasil\" src=\"https:\/\/assets.pinterest.com\/ext\/embed.html?id=1051098000543512737&#038;src=oembed\" height=\"775\" width=\"450\" frameborder=\"0\" scrolling=\"no\" ><\/iframe>\n<\/div><\/figure>\n\n\n\n<ul class=\"wp-block-list\">\n<li><strong>Shampoo Brilho Intenso da Skala<\/strong><br><p>Pensado para uso di\u00e1rio e boa rela\u00e7\u00e3o custo-benef\u00edcio, o shampoo Brilho Intenso traz <b>ativos hidratantes<\/b> e agentes de limpeza moderados. Ele ajuda a deixar a superf\u00edcie do fio mais alinhada, o que aumenta o reflexo de luz em cabelos tingidos e naturais, favorecendo um <b>acabamento polido<\/b>.<\/p><\/li>\n<\/ul>\n\n\n\n<figure class=\"wp-block-embed is-type-rich is-provider-pinterest wp-block-embed-pinterest\"><div class=\"wp-block-embed__wrapper\">\n<iframe loading=\"lazy\" title=\" \" src=\"https:\/\/assets.pinterest.com\/ext\/embed.html?id=139822763424957021&#038;src=oembed\" height=\"899\" width=\"450\" frameborder=\"0\" scrolling=\"no\" ><\/iframe>\n<\/div><\/figure>\n\n\n\n<ul class=\"wp-block-list\">\n<li><strong>Shampoo Prote\u00e7\u00e3o da Cor da Bio Extratus<\/strong><br><p>Focado em <em>cabelos coloridos<\/em>, esse shampoo geralmente associa <b>extratos vegetais<\/b>, como o de girassol, a ingredientes antioxidantes que formam uma camada protetora em torno do fio. A ideia \u00e9 aumentar a durabilidade da cor, reduzir o aspecto opaco e deixar o <b>toque macio<\/b>.<\/p><\/li>\n<\/ul>\n\n\n\n<figure class=\"wp-block-embed is-type-rich is-provider-pinterest wp-block-embed-pinterest\"><div class=\"wp-block-embed__wrapper\">\n<iframe loading=\"lazy\" title=\"CONTE\u00daDO:1 - SHAMPOO POS-COLORA\u00c7\u00c3O BIO EXTRATUS OFICIAL 250ML1 - CONDICIONADOR POS-COLORA\u00c7\u00c3O BIO EXTRATUS OFICIAL 250ML=======================================================================- PRODUTO A PRONTA ENTREGA, RECEBA COM O ENVIO MAIS R\u00c1PIDO DO BRASIL.- PRODUTO ORIGINAL DIRETO DA FABRICA.- MELHORES DATAS DE VALIDADE DO MERCADO, DEVIDO O VOLUME ALTO DE VENDAS.=======================================================================P\u00d3S-COLORA\u00c7\u00c3O - PROTE\u00c7\u00c3O DA CORINDICA\u00c7\u00c3OCabelo colorido.FUN\u00c7\u00c3OPreservar a cor, hidratar e real\u00e7ar o brilho dos cabelos.RESULTADOS E BENEF\u00cdCIOSTons intensos por muito mais tempo, cabelos hidratados e protegidos.Desenvolvida para hidratar, recuperar, proteger e aumentar a durabilidade da cor nos cabelos coloridos. Sua f\u00f3rmu\" src=\"https:\/\/assets.pinterest.com\/ext\/embed.html?id=4604860349477833856&#038;src=oembed\" height=\"550\" width=\"450\" frameborder=\"0\" scrolling=\"no\" ><\/iframe>\n<\/div><\/figure>\n\n\n\n<h2 class=\"wp-block-heading\">Como escolher shampoo para cabelos tingidos e naturais com brilho<\/h2>\n\n\n\n<p>Na hora de bater o olho na prateleira, alguns <b>detalhes do r\u00f3tulo<\/b> fazem diferen\u00e7a. Termos como \u201cprote\u00e7\u00e3o da cor\u201d, \u201cbrilho intenso\u201d ou \u201cmanuten\u00e7\u00e3o da colora\u00e7\u00e3o\u201d costumam indicar f\u00f3rmulas pensadas para segurar os pigmentos e o brilho por mais tempo, inclusive com <b>filtros UV<\/b>.<\/p>\n\n\n\n<p>Tamb\u00e9m vale observar como \u00e9 o seu fio: cabelos finos pedem shampoos mais leves, enquanto fios grossos ou ressecados se d\u00e3o melhor com f\u00f3rmulas mais hidratantes. Para facilitar essa escolha, d\u00e1 para seguir alguns <b>pontos simples<\/b> ao avaliar os produtos.<\/p>\n\n\n\n<ul class=\"wp-block-list\">\n<li><b>Preferir shampoos<\/b> que mencionem prote\u00e7\u00e3o da cor ou realce de brilho no r\u00f3tulo.<\/li>\n\n\n\n<li>Checar se s\u00e3o indicados para <b>cabelos tingidos<\/b>, naturais ou ambos.<\/li>\n\n\n\n<li>Buscar ativos como <b>\u00f3leos vegetais<\/b>, prote\u00ednas, antioxidantes e filtros UV.<\/li>\n\n\n\n<li>Ajustar a f\u00f3rmula ao tipo de fio: fino, <b>grosso ou seco<\/b>.<\/li>\n\n\n\n<li>Usar, quando poss\u00edvel, condicionador e <b>m\u00e1scara da linha<\/b> da mesma linha.<\/li>\n<\/ul>\n\n\n\n<h2 class=\"wp-block-heading\">Quais cuidados di\u00e1rios aumentam o brilho e a durabilidade da cor<\/h2>\n\n\n\n<p>Mesmo com o melhor shampoo, alguns h\u00e1bitos do dia a dia podem acelerar o <b>desbotamento precoce<\/b>. Um deles \u00e9 a temperatura da \u00e1gua: banhos muito quentes abrem demais a cut\u00edcula e facilitam a sa\u00edda dos pigmentos, deixando o cabelo opaco e <b>\u00e1spero rapidamente<\/b> com o tempo.<\/p>\n\n\n\n<p>Outra atitude importante \u00e9 moderar o uso de secador, chapinha e babyliss, sempre com <b>protetor t\u00e9rmico<\/b> quando o calor for inevit\u00e1vel. Intercalar hidrata\u00e7\u00e3o, nutri\u00e7\u00e3o e reconstru\u00e7\u00e3o conforme a necessidade do fio, al\u00e9m de usar produtos com filtro solar capilar em dias de sol forte, ajuda a manter a <b>cor viva<\/b>, o brilho em dia e o cabelo com cara de bem cuidado por muito mais tempo.<\/p>\n","protected":false},"excerpt":{"rendered":"<p>Voc\u00ea j\u00e1 notou como, depois de algumas lavagens, aquele cabelo brilhante de sal\u00e3o parece perder o encanto? Muitas vezes, o \u201cculpado\u201d est\u00e1 no shampoo errado. A boa not\u00edcia \u00e9 que, escolhendo bem o produto, d\u00e1 para manter o brilho e a cor bonitos por muito mais tempo, tanto em cabelos tingidos quanto naturais. O que [&hellip;]<\/p>\n","protected":false},"author":9,"featured_media":207582,"comment_status":"open","ping_status":"open","sticky":false,"template":"","format":"standard","meta":{"_yoast_wpseo_focuskw":"shampoos nacionais","_yoast_wpseo_title":"","_yoast_wpseo_metadesc":"Veja 5 shampoos que ajudam a manter o brilho do cabelo e preservar a cor por mais tempo, ideais para fios tingidos ou naturais.","jnews-multi-image_gallery":[],"jnews_single_post":{"format":"standard"},"jnews_primary_category":[],"jnews_social_meta":[],"jnews_override_counter":[],"footnotes":""},"categories":[119],"post_tag":[126,16008,16007],"class_list":["post-207307","post","type-post","status-publish","format-standard","has-post-thumbnail","hentry","category-bem-estar","tag-cabelo","tag-shampoo-ideal","tag-shampoos-nacionais"],"yoast_head":"<!-- This site is optimized with the Yoast SEO plugin v24.6 - https:\/\/yoast.com\/wordpress\/plugins\/seo\/ -->\n<title>5 shampoos nacionais que ajudam a manter o brilho e a cor do cabelo por mais tempo - Correio Braziliense - Radar<\/title>\n<meta name=\"description\" content=\"Veja 5 shampoos que ajudam a manter o brilho do cabelo e preservar a cor por mais tempo, ideais para fios tingidos ou naturais.\" \/>\n<meta name=\"robots\" content=\"index, follow, max-snippet:-1, max-image-preview:large, max-video-preview:-1\" \/>\n<link rel=\"canonical\" href=\"https:\/\/www.correiobraziliense.com.br\/cbradar\/5-shampoos-nacionais-que-ajudam-a-manter-o-brilho-e-a-cor-do-cabelo-por-mais-tempo\/\" \/>\n<meta property=\"og:locale\" content=\"pt_BR\" \/>\n<meta property=\"og:type\" content=\"article\" \/>\n<meta property=\"og:title\" content=\"5 shampoos nacionais que ajudam a manter o brilho e a cor do cabelo por mais tempo - Correio Braziliense - Radar\" \/>\n<meta property=\"og:description\" content=\"Veja 5 shampoos que ajudam a manter o brilho do cabelo e preservar a cor por mais tempo, ideais para fios tingidos ou naturais.\" \/>\n<meta property=\"og:url\" content=\"https:\/\/www.correiobraziliense.com.br\/cbradar\/5-shampoos-nacionais-que-ajudam-a-manter-o-brilho-e-a-cor-do-cabelo-por-mais-tempo\/\" \/>\n<meta property=\"og:site_name\" content=\"Correio Braziliense - Radar\" \/>\n<meta property=\"article:published_time\" content=\"2026-03-13T19:25:27+00:00\" \/>\n<meta property=\"og:image\" content=\"https:\/\/www.correiobraziliense.com.br\/cbradar\/wp-content\/uploads\/2026\/03\/freepik__frasco-de-shampoo-sendo-aplicado-na-mo-durante-lav__33565.jpeg\" \/>\n\t<meta property=\"og:image:width\" content=\"1280\" \/>\n\t<meta property=\"og:image:height\" content=\"720\" \/>\n\t<meta property=\"og:image:type\" content=\"image\/jpeg\" \/>\n<meta name=\"author\" content=\"Daniely Cardoso\" \/>\n<meta name=\"twitter:card\" content=\"summary_large_image\" \/>\n<meta name=\"twitter:label1\" content=\"Escrito por\" \/>\n\t<meta name=\"twitter:data1\" content=\"Daniely Cardoso\" \/>\n\t<meta name=\"twitter:label2\" content=\"Est. tempo de leitura\" \/>\n\t<meta name=\"twitter:data2\" content=\"5 minutos\" \/>\n<!-- \/ Yoast SEO plugin. -->","yoast_head_json":{"title":"5 shampoos nacionais que ajudam a manter o brilho e a cor do cabelo por mais tempo - Correio Braziliense - Radar","description":"Veja 5 shampoos que ajudam a manter o brilho do cabelo e preservar a cor por mais tempo, ideais para fios tingidos ou naturais.","robots":{"index":"index","follow":"follow","max-snippet":"max-snippet:-1","max-image-preview":"max-image-preview:large","max-video-preview":"max-video-preview:-1"},"canonical":"https:\/\/www.correiobraziliense.com.br\/cbradar\/5-shampoos-nacionais-que-ajudam-a-manter-o-brilho-e-a-cor-do-cabelo-por-mais-tempo\/","og_locale":"pt_BR","og_type":"article","og_title":"5 shampoos nacionais que ajudam a manter o brilho e a cor do cabelo por mais tempo - Correio Braziliense - Radar","og_description":"Veja 5 shampoos que ajudam a manter o brilho do cabelo e preservar a cor por mais tempo, ideais para fios tingidos ou naturais.","og_url":"https:\/\/www.correiobraziliense.com.br\/cbradar\/5-shampoos-nacionais-que-ajudam-a-manter-o-brilho-e-a-cor-do-cabelo-por-mais-tempo\/","og_site_name":"Correio Braziliense - Radar","article_published_time":"2026-03-13T19:25:27+00:00","og_image":[{"width":1280,"height":720,"url":"https:\/\/www.correiobraziliense.com.br\/cbradar\/wp-content\/uploads\/2026\/03\/freepik__frasco-de-shampoo-sendo-aplicado-na-mo-durante-lav__33565.jpeg","type":"image\/jpeg"}],"author":"Daniely Cardoso","twitter_card":"summary_large_image","twitter_misc":{"Escrito por":"Daniely Cardoso","Est. tempo de leitura":"5 minutos"},"schema":{"@context":"https:\/\/schema.org","@graph":[{"@type":"WebPage","@id":"https:\/\/www.correiobraziliense.com.br\/cbradar\/5-shampoos-nacionais-que-ajudam-a-manter-o-brilho-e-a-cor-do-cabelo-por-mais-tempo\/","url":"https:\/\/www.correiobraziliense.com.br\/cbradar\/5-shampoos-nacionais-que-ajudam-a-manter-o-brilho-e-a-cor-do-cabelo-por-mais-tempo\/","name":"5 shampoos nacionais que ajudam a manter o brilho e a cor do cabelo por mais tempo - Correio Braziliense - Radar","isPartOf":{"@id":"https:\/\/www.correiobraziliense.com.br\/cbradar\/#website"},"primaryImageOfPage":{"@id":"https:\/\/www.correiobraziliense.com.br\/cbradar\/5-shampoos-nacionais-que-ajudam-a-manter-o-brilho-e-a-cor-do-cabelo-por-mais-tempo\/#primaryimage"},"image":{"@id":"https:\/\/www.correiobraziliense.com.br\/cbradar\/5-shampoos-nacionais-que-ajudam-a-manter-o-brilho-e-a-cor-do-cabelo-por-mais-tempo\/#primaryimage"},"thumbnailUrl":"https:\/\/www.correiobraziliense.com.br\/cbradar\/wp-content\/uploads\/2026\/03\/freepik__frasco-de-shampoo-sendo-aplicado-na-mo-durante-lav__33565.jpeg","datePublished":"2026-03-13T19:25:27+00:00","author":{"@id":"https:\/\/www.correiobraziliense.com.br\/cbradar\/#\/schema\/person\/7356666e12ec0ee53f348ee5db227032"},"description":"Veja 5 shampoos que ajudam a manter o brilho do cabelo e preservar a cor por mais tempo, ideais para fios tingidos ou naturais.","breadcrumb":{"@id":"https:\/\/www.correiobraziliense.com.br\/cbradar\/5-shampoos-nacionais-que-ajudam-a-manter-o-brilho-e-a-cor-do-cabelo-por-mais-tempo\/#breadcrumb"},"inLanguage":"pt-BR","potentialAction":[{"@type":"ReadAction","target":["https:\/\/www.correiobraziliense.com.br\/cbradar\/5-shampoos-nacionais-que-ajudam-a-manter-o-brilho-e-a-cor-do-cabelo-por-mais-tempo\/"]}]},{"@type":"ImageObject","inLanguage":"pt-BR","@id":"https:\/\/www.correiobraziliense.com.br\/cbradar\/5-shampoos-nacionais-que-ajudam-a-manter-o-brilho-e-a-cor-do-cabelo-por-mais-tempo\/#primaryimage","url":"https:\/\/www.correiobraziliense.com.br\/cbradar\/wp-content\/uploads\/2026\/03\/freepik__frasco-de-shampoo-sendo-aplicado-na-mo-durante-lav__33565.jpeg","contentUrl":"https:\/\/www.correiobraziliense.com.br\/cbradar\/wp-content\/uploads\/2026\/03\/freepik__frasco-de-shampoo-sendo-aplicado-na-mo-durante-lav__33565.jpeg","width":1280,"height":720,"caption":"Shampoos formulados para cabelos tingidos ajudam a preservar a cor por mais tempo"},{"@type":"BreadcrumbList","@id":"https:\/\/www.correiobraziliense.com.br\/cbradar\/5-shampoos-nacionais-que-ajudam-a-manter-o-brilho-e-a-cor-do-cabelo-por-mais-tempo\/#breadcrumb","itemListElement":[{"@type":"ListItem","position":1,"name":"In\u00edcio","item":"https:\/\/www.correiobraziliense.com.br\/cbradar\/"},{"@type":"ListItem","position":2,"name":"5 shampoos nacionais que ajudam a manter o brilho e a cor do cabelo por mais tempo"}]},{"@type":"WebSite","@id":"https:\/\/www.correiobraziliense.com.br\/cbradar\/#website","url":"https:\/\/www.correiobraziliense.com.br\/cbradar\/","name":"Correio Braziliense - Radar","description":"Acompanhe as \u00faltimas not\u00edcias e fique bem informado sobre tudo o que acontece no Brasil e no mundo.","potentialAction":[{"@type":"SearchAction","target":{"@type":"EntryPoint","urlTemplate":"https:\/\/www.correiobraziliense.com.br\/cbradar\/?s={search_term_string}"},"query-input":{"@type":"PropertyValueSpecification","valueRequired":true,"valueName":"search_term_string"}}],"inLanguage":"pt-BR"},{"@type":"Person","@id":"https:\/\/www.correiobraziliense.com.br\/cbradar\/#\/schema\/person\/7356666e12ec0ee53f348ee5db227032","name":"Daniely Cardoso","image":{"@type":"ImageObject","inLanguage":"pt-BR","@id":"https:\/\/www.correiobraziliense.com.br\/cbradar\/#\/schema\/person\/image\/","url":"https:\/\/secure.gravatar.com\/avatar\/4b80ddbd124d1f071b626d52d62e5dff?s=96&d=mm&r=g","contentUrl":"https:\/\/secure.gravatar.com\/avatar\/4b80ddbd124d1f071b626d52d62e5dff?s=96&d=mm&r=g","caption":"Daniely Cardoso"},"description":"Redatora nos portais CB Radar e EM Foco, formada pela Universidade Federal de Goi\u00e1s, em Goi\u00e2nia. Apaixonada por comunica\u00e7\u00e3o, arte, decora\u00e7\u00e3o e tend\u00eancias, atuo na produ\u00e7\u00e3o de conte\u00fados envolventes sobre curiosidades, moda, beleza e paisagismo, sempre com um olhar atento \u00e0s novidades do momento.","sameAs":["https:\/\/www.correiobraziliense.com.br\/cbradar"],"url":"https:\/\/www.correiobraziliense.com.br\/cbradar\/author\/danielymyth\/"}]}},"_links":{"self":[{"href":"https:\/\/www.correiobraziliense.com.br\/cbradar\/wp-json\/wp\/v2\/posts\/207307","targetHints":{"allow":["GET"]}}],"collection":[{"href":"https:\/\/www.correiobraziliense.com.br\/cbradar\/wp-json\/wp\/v2\/posts"}],"about":[{"href":"https:\/\/www.correiobraziliense.com.br\/cbradar\/wp-json\/wp\/v2\/types\/post"}],"author":[{"embeddable":true,"href":"https:\/\/www.correiobraziliense.com.br\/cbradar\/wp-json\/wp\/v2\/users\/9"}],"replies":[{"embeddable":true,"href":"https:\/\/www.correiobraziliense.com.br\/cbradar\/wp-json\/wp\/v2\/comments?post=207307"}],"version-history":[{"count":2,"href":"https:\/\/www.correiobraziliense.com.br\/cbradar\/wp-json\/wp\/v2\/posts\/207307\/revisions"}],"predecessor-version":[{"id":207384,"href":"https:\/\/www.correiobraziliense.com.br\/cbradar\/wp-json\/wp\/v2\/posts\/207307\/revisions\/207384"}],"wp:featuredmedia":[{"embeddable":true,"href":"https:\/\/www.correiobraziliense.com.br\/cbradar\/wp-json\/wp\/v2\/media\/207582"}],"wp:attachment":[{"href":"https:\/\/www.correiobraziliense.com.br\/cbradar\/wp-json\/wp\/v2\/media?parent=207307"}],"wp:term":[{"taxonomy":"category","embeddable":true,"href":"https:\/\/www.correiobraziliense.com.br\/cbradar\/wp-json\/wp\/v2\/categories?post=207307"},{"taxonomy":"post_tag","embeddable":true,"href":"https:\/\/www.correiobraziliense.com.br\/cbradar\/wp-json\/wp\/v2\/post_tag?post=207307"}],"curies":[{"name":"wp","href":"https:\/\/api.w.org\/{rel}","templated":true}]}}