{"id":207317,"date":"2026-03-13T08:45:00","date_gmt":"2026-03-13T11:45:00","guid":{"rendered":"https:\/\/www.correiobraziliense.com.br\/cbradar\/?p=207317"},"modified":"2026-03-12T13:47:30","modified_gmt":"2026-03-12T16:47:30","slug":"qual-o-plural-de-guarda-chuva-de-acordo-com-professores-de-portugues","status":"publish","type":"post","link":"https:\/\/www.correiobraziliense.com.br\/cbradar\/qual-o-plural-de-guarda-chuva-de-acordo-com-professores-de-portugues\/","title":{"rendered":"Qual o plural de guarda-chuva de acordo com professores de portugu\u00eas"},"content":{"rendered":"\n<p>Muitas pessoas sentem d\u00favida ao flexionar substantivos compostos iniciados por verbos na l\u00edngua portuguesa. O termo guarda-chuva \u00e9 um exemplo cl\u00e1ssico que frequentemente gera confus\u00e3o em reda\u00e7\u00f5es ou conversas formais. Entender a l\u00f3gica gramatical por tr\u00e1s dessa regra espec\u00edfica garante que sua escrita seja sempre impec\u00e1vel e transmita total seguran\u00e7a.<\/p>\n\n\n\n<h2 class=\"wp-block-heading\">Por que o termo guarda permanece invari\u00e1vel no plural?<\/h2>\n\n\n\n<p>A primeira palavra desta composi\u00e7\u00e3o funciona como um verbo, derivado da a\u00e7\u00e3o de guardar algo contra as intemp\u00e9ries. Segundo a norma culta, verbos que comp\u00f5em substantivos hifenizados nunca sofrem flex\u00e3o de n\u00famero, permanecendo obrigatoriamente no singular. Essa caracter\u00edstica gramatical \u00e9 fundamental para estruturar corretamente a frase e evitar erros b\u00e1sicos de concord\u00e2ncia nominal em textos.<\/p>\n\n\n\n<p>O segredo para dominar essa regra reside na identifica\u00e7\u00e3o da classe gramatical de cada elemento presente na palavra composta. Quando o primeiro termo indica uma a\u00e7\u00e3o, ele se torna uma base fixa que n\u00e3o acompanha o substantivo seguinte na mudan\u00e7a para o plural. <strong>Seguir esse padr\u00e3o normativo<\/strong> assegura que sua comunica\u00e7\u00e3o escrita mantenha o rigor necess\u00e1rio exigido por professores.<\/p>\n\n\n\n<figure class=\"wp-block-image size-full\"><img decoding=\"async\" width=\"1280\" height=\"720\" src=\"https:\/\/www.correiobraziliense.com.br\/cbradar\/wp-content\/uploads\/2026\/03\/Gemini_Generated_Image_a2nroba2nroba2nr-1-1.png\" alt=\"Qual o plural de guarda-chuva de acordo com professores de portugu\u00eas\" class=\"wp-image-207415\" srcset=\"https:\/\/www.correiobraziliense.com.br\/cbradar\/wp-content\/uploads\/2026\/03\/Gemini_Generated_Image_a2nroba2nroba2nr-1-1.png 1280w, https:\/\/www.correiobraziliense.com.br\/cbradar\/wp-content\/uploads\/2026\/03\/Gemini_Generated_Image_a2nroba2nroba2nr-1-1-300x169.png 300w, https:\/\/www.correiobraziliense.com.br\/cbradar\/wp-content\/uploads\/2026\/03\/Gemini_Generated_Image_a2nroba2nroba2nr-1-1-768x432.png 768w, https:\/\/www.correiobraziliense.com.br\/cbradar\/wp-content\/uploads\/2026\/03\/Gemini_Generated_Image_a2nroba2nroba2nr-1-1-750x422.png 750w, https:\/\/www.correiobraziliense.com.br\/cbradar\/wp-content\/uploads\/2026\/03\/Gemini_Generated_Image_a2nroba2nroba2nr-1-1-1140x641.png 1140w\" sizes=\"(max-width: 1280px) 100vw, 1280px\" \/><figcaption class=\"wp-element-caption\">O plural de guarda-chuva segue uma regra espec\u00edfica da gram\u00e1tica portuguesa<\/figcaption><\/figure>\n\n\n\n<h2 class=\"wp-block-heading\">Qual \u00e9 a forma correta de flexionar o substantivo chuvas?<\/h2>\n\n\n\n<p>O segundo elemento da palavra, chuva, \u00e9 classificado como um substantivo comum que admite flex\u00e3o normalmente em qualquer contexto. Quando unimos um verbo invari\u00e1vel a um substantivo flex\u00edvel, apenas o segundo termo deve receber a marca\u00e7\u00e3o de plural ao final da express\u00e3o. Portanto, a grafia correta e aceita pelos gram\u00e1ticos renomados \u00e9 exclusivamente a forma guarda-chuvas.<\/p>\n\n\n\n<p>Muitos falantes cometem o equ\u00edvoco de pluralizar ambos os termos, criando constru\u00e7\u00f5es inexistentes na gram\u00e1tica oficial do nosso pa\u00eds. Essa confus\u00e3o acontece pela falsa percep\u00e7\u00e3o de que todas as palavras compostas devem concordar integralmente entre si. <strong>Manter a aten\u00e7\u00e3o redobrada<\/strong> nesses detalhes morfol\u00f3gicos evita julgamentos negativos sobre sua profici\u00eancia lingu\u00edstica em ambientes profissionais ou acad\u00eamicos de alta performance.<\/p>\n\n\n\n<h2 class=\"wp-block-heading\">Existem outros exemplos que seguem essa mesma l\u00f3gica gramatical?<\/h2>\n\n\n\n<p>A regra que rege o plural de guarda-chuva se aplica a diversas outras palavras que utilizamos frequentemente no cotidiano. Identificar essas semelhan\u00e7as ajuda a automatizar o processo de escrita sem consultar dicion\u00e1rios constantemente. Para que voc\u00ea compreenda como essa regra se estende a outros termos compostos por verbos e substantivos, observe os exemplos fundamentais apresentados a seguir:<\/p>\n\n\n\n<ul class=\"wp-block-list\">\n<li>Guarda-s\u00f3is.<\/li>\n\n\n\n<li>Guarda-roupas.<\/li>\n\n\n\n<li>Beija-flores.<\/li>\n\n\n\n<li>Para-choques.<\/li>\n\n\n\n<li>Quebra-molas.<\/li>\n<\/ul>\n\n\n\n<h2 class=\"wp-block-heading\">Como evitar a confus\u00e3o com o substantivo guarda?<\/h2>\n\n\n\n<p>\u00c9 crucial n\u00e3o confundir o verbo guarda com o substantivo que designa um profissional de seguran\u00e7a ou vigil\u00e2ncia. Quando a palavra guarda refere-se a uma pessoa, ela deixa de ser um verbo e passa a admitir flex\u00e3o de plural normalmente. Em casos como guardas-civis, ambos os termos s\u00e3o flexionados por serem compostos por dois substantivos ou adjetivos.<\/p>\n\n\n\n<p>A distin\u00e7\u00e3o entre a\u00e7\u00e3o e ocupa\u00e7\u00e3o \u00e9 o ponto de virada para acertar sempre a concord\u00e2ncia nessas situa\u00e7\u00f5es complexas. Professores de portugu\u00eas recomendam que voc\u00ea analise o contexto da frase para determinar se existe uma atividade sendo realizada ou um sujeito sendo nomeado. <strong>Dominar essa diferencia\u00e7\u00e3o sem\u00e2ntica<\/strong> eleva o n\u00edvel t\u00e9cnico da sua produ\u00e7\u00e3o textual em qualquer plataforma digital.<\/p>\n\n\n\n<p>No v\u00eddeo abaixo do TikTok <strong><em>Achadinhos_deagora<\/em><\/strong>, que conta com mais de <strong><em>99 mil <\/em><\/strong>seguidores, ela explica o plural de guarda-chuva:<\/p>\n\n\n\n<blockquote class=\"tiktok-embed\" cite=\"https:\/\/www.tiktok.com\/@achadinhos_deagora\/video\/7074265982893624581\" data-video-id=\"7074265982893624581\" style=\"max-width: 605px;min-width: 325px;\" > <section> <a target=\"_blank\" title=\"@achadinhos_deagora\" href=\"https:\/\/www.tiktok.com\/@achadinhos_deagora?refer=embed\">@achadinhos_deagora<\/a> Qual \u00e9 o plural de GUARDA-CHUVA?\ud83e\udd14\ud83e\udd14<a title=\"enem2021\" target=\"_blank\" href=\"https:\/\/www.tiktok.com\/tag\/enem2021?refer=embed\">#enem2021<\/a> <a title=\"redacaoenem\" target=\"_blank\" href=\"https:\/\/www.tiktok.com\/tag\/redacaoenem?refer=embed\">#redacaoenem<\/a> <a title=\"aprendanotiktok\" target=\"_blank\" href=\"https:\/\/www.tiktok.com\/tag\/aprendanotiktok?refer=embed\">#AprendaNoTikTok<\/a> <a title=\"dicasportugues\" target=\"_blank\" href=\"https:\/\/www.tiktok.com\/tag\/dicasportugues?refer=embed\">#dicasportugues<\/a> <a title=\"tiktok\" target=\"_blank\" href=\"https:\/\/www.tiktok.com\/tag\/tiktok?refer=embed\">#tiktok<\/a> <a title=\"redacaonota1000\" target=\"_blank\" href=\"https:\/\/www.tiktok.com\/tag\/redacaonota1000?refer=embed\">#redacaonota1000<\/a> <a title=\"dicasgramaticais\" target=\"_blank\" href=\"https:\/\/www.tiktok.com\/tag\/dicasgramaticais?refer=embed\">#dicasgramaticais<\/a> <a target=\"_blank\" title=\"\u266c Sunroof - Nicky Youre &#38; dazy\" href=\"https:\/\/www.tiktok.com\/music\/Sunroof-7030869625311086594?refer=embed\">\u266c Sunroof &#8211; Nicky Youre &#38; dazy<\/a> <\/section> <\/blockquote> <script async src=\"https:\/\/www.tiktok.com\/embed.js\"><\/script>\n\n\n\n<p>Leia tamb\u00e9m: <a href=\"https:\/\/www.correiobraziliense.com.br\/cbradar\/o-verbo-comum-que-quase-todo-mundo-usa-errado-no-passado\/\" target=\"_blank\" rel=\"noreferrer noopener\">O verbo comum que quase todo mundo usa errado no passado<\/a><\/p>\n\n\n\n<h2 class=\"wp-block-heading\">O que a Academia Brasileira de Letras recomenda oficialmente?<\/h2>\n\n\n\n<p>A <strong>Academia Brasileira de Letras<\/strong> ratifica que a flex\u00e3o correta de guarda-chuvas segue os preceitos estabelecidos no Acordo Ortogr\u00e1fico vigente. Essa padroniza\u00e7\u00e3o \u00e9 essencial para garantir a unidade do idioma entre todos os pa\u00edses lus\u00f3fonos ao redor do globo. Seguir as orienta\u00e7\u00f5es de \u00f3rg\u00e3os oficiais \u00e9 a maneira mais segura de validar sua escrita t\u00e9cnica com total autoridade.<\/p>\n\n\n\n<p>Para consultar a grafia de outros substantivos compostos e sanar d\u00favidas sobre o Vocabul\u00e1rio Ortogr\u00e1fico, voc\u00ea deve acessar o portal oficial da <strong><a target=\"_blank\" rel=\"noreferrer noopener\" href=\"https:\/\/www.academia.org.br\/nossa-lingua\/busca-no-vocabulario\">Academia Brasileira de Letras<\/a><\/strong>. Este recurso t\u00e9cnico oferece a base necess\u00e1ria para que voc\u00ea escreva com precis\u00e3o e evite equ\u00edvocos comuns. Mantenha essa refer\u00eancia sempre dispon\u00edvel para garantir que seus textos possuam <strong>m\u00e1xima credibilidade e rigor lingu\u00edstico<\/strong>.<\/p>\n","protected":false},"excerpt":{"rendered":"<p>Muitas pessoas sentem d\u00favida ao flexionar substantivos compostos iniciados por verbos na l\u00edngua portuguesa. O termo guarda-chuva \u00e9 um exemplo cl\u00e1ssico que frequentemente gera confus\u00e3o em reda\u00e7\u00f5es ou conversas formais. Entender a l\u00f3gica gramatical por tr\u00e1s dessa regra espec\u00edfica garante que sua escrita seja sempre impec\u00e1vel e transmita total seguran\u00e7a. Por que o termo guarda [&hellip;]<\/p>\n","protected":false},"author":21,"featured_media":207411,"comment_status":"open","ping_status":"open","sticky":false,"template":"","format":"standard","meta":{"_yoast_wpseo_focuskw":"plural de guarda-chuva","_yoast_wpseo_title":"","_yoast_wpseo_metadesc":"A forma correta do plural de guarda-chuva costuma gerar d\u00favidas na escrita e envolve uma regra espec\u00edfica da gram\u00e1tica","jnews-multi-image_gallery":[],"jnews_single_post":{"format":"standard"},"jnews_primary_category":[],"jnews_social_meta":[],"jnews_override_counter":[],"footnotes":""},"categories":[112],"tags":[11857,10902,11068,6081],"class_list":["post-207317","post","type-post","status-publish","format-standard","has-post-thumbnail","hentry","category-curiosidades","tag-guarda-chuva-2","tag-lingua-portuguesa","tag-plural","tag-portugues"],"yoast_head":"<!-- This site is optimized with the Yoast SEO plugin v24.6 - https:\/\/yoast.com\/wordpress\/plugins\/seo\/ -->\n<title>Qual o plural de guarda-chuva de acordo com professores de portugu\u00eas - Correio Braziliense - Radar<\/title>\n<meta name=\"description\" content=\"A forma correta do plural de guarda-chuva costuma gerar d\u00favidas na escrita e envolve uma regra espec\u00edfica da gram\u00e1tica\" \/>\n<meta name=\"robots\" content=\"index, follow, max-snippet:-1, max-image-preview:large, max-video-preview:-1\" \/>\n<link rel=\"canonical\" href=\"https:\/\/www.correiobraziliense.com.br\/cbradar\/qual-o-plural-de-guarda-chuva-de-acordo-com-professores-de-portugues\/\" \/>\n<meta property=\"og:locale\" content=\"pt_BR\" \/>\n<meta property=\"og:type\" content=\"article\" \/>\n<meta property=\"og:title\" content=\"Qual o plural de guarda-chuva de acordo com professores de portugu\u00eas - Correio Braziliense - Radar\" \/>\n<meta property=\"og:description\" content=\"A forma correta do plural de guarda-chuva costuma gerar d\u00favidas na escrita e envolve uma regra espec\u00edfica da gram\u00e1tica\" \/>\n<meta property=\"og:url\" content=\"https:\/\/www.correiobraziliense.com.br\/cbradar\/qual-o-plural-de-guarda-chuva-de-acordo-com-professores-de-portugues\/\" \/>\n<meta property=\"og:site_name\" content=\"Correio Braziliense - Radar\" \/>\n<meta property=\"article:published_time\" content=\"2026-03-13T11:45:00+00:00\" \/>\n<meta property=\"og:image\" content=\"https:\/\/www.correiobraziliense.com.br\/cbradar\/wp-content\/uploads\/2026\/03\/Gemini_Generated_Image_pzw2owpzw2owpzw2-1-1.png\" \/>\n\t<meta property=\"og:image:width\" content=\"1280\" \/>\n\t<meta property=\"og:image:height\" content=\"720\" \/>\n\t<meta property=\"og:image:type\" content=\"image\/png\" \/>\n<meta name=\"author\" content=\"Patrick Silva\" \/>\n<meta name=\"twitter:card\" content=\"summary_large_image\" \/>\n<meta name=\"twitter:label1\" content=\"Escrito por\" \/>\n\t<meta name=\"twitter:data1\" content=\"Patrick Silva\" \/>\n\t<meta name=\"twitter:label2\" content=\"Est. tempo de leitura\" \/>\n\t<meta name=\"twitter:data2\" content=\"5 minutos\" \/>\n<!-- \/ Yoast SEO plugin. -->","yoast_head_json":{"title":"Qual o plural de guarda-chuva de acordo com professores de portugu\u00eas - Correio Braziliense - Radar","description":"A forma correta do plural de guarda-chuva costuma gerar d\u00favidas na escrita e envolve uma regra espec\u00edfica da gram\u00e1tica","robots":{"index":"index","follow":"follow","max-snippet":"max-snippet:-1","max-image-preview":"max-image-preview:large","max-video-preview":"max-video-preview:-1"},"canonical":"https:\/\/www.correiobraziliense.com.br\/cbradar\/qual-o-plural-de-guarda-chuva-de-acordo-com-professores-de-portugues\/","og_locale":"pt_BR","og_type":"article","og_title":"Qual o plural de guarda-chuva de acordo com professores de portugu\u00eas - Correio Braziliense - Radar","og_description":"A forma correta do plural de guarda-chuva costuma gerar d\u00favidas na escrita e envolve uma regra espec\u00edfica da gram\u00e1tica","og_url":"https:\/\/www.correiobraziliense.com.br\/cbradar\/qual-o-plural-de-guarda-chuva-de-acordo-com-professores-de-portugues\/","og_site_name":"Correio Braziliense - Radar","article_published_time":"2026-03-13T11:45:00+00:00","og_image":[{"width":1280,"height":720,"url":"https:\/\/www.correiobraziliense.com.br\/cbradar\/wp-content\/uploads\/2026\/03\/Gemini_Generated_Image_pzw2owpzw2owpzw2-1-1.png","type":"image\/png"}],"author":"Patrick Silva","twitter_card":"summary_large_image","twitter_misc":{"Escrito por":"Patrick Silva","Est. tempo de leitura":"5 minutos"},"schema":{"@context":"https:\/\/schema.org","@graph":[{"@type":"WebPage","@id":"https:\/\/www.correiobraziliense.com.br\/cbradar\/qual-o-plural-de-guarda-chuva-de-acordo-com-professores-de-portugues\/","url":"https:\/\/www.correiobraziliense.com.br\/cbradar\/qual-o-plural-de-guarda-chuva-de-acordo-com-professores-de-portugues\/","name":"Qual o plural de guarda-chuva de acordo com professores de portugu\u00eas - Correio Braziliense - Radar","isPartOf":{"@id":"https:\/\/www.correiobraziliense.com.br\/cbradar\/#website"},"primaryImageOfPage":{"@id":"https:\/\/www.correiobraziliense.com.br\/cbradar\/qual-o-plural-de-guarda-chuva-de-acordo-com-professores-de-portugues\/#primaryimage"},"image":{"@id":"https:\/\/www.correiobraziliense.com.br\/cbradar\/qual-o-plural-de-guarda-chuva-de-acordo-com-professores-de-portugues\/#primaryimage"},"thumbnailUrl":"https:\/\/www.correiobraziliense.com.br\/cbradar\/wp-content\/uploads\/2026\/03\/Gemini_Generated_Image_pzw2owpzw2owpzw2-1-1.png","datePublished":"2026-03-13T11:45:00+00:00","author":{"@id":"https:\/\/www.correiobraziliense.com.br\/cbradar\/#\/schema\/person\/5440b72be9c7eb74f446c846479dc4da"},"description":"A forma correta do plural de guarda-chuva costuma gerar d\u00favidas na escrita e envolve uma regra espec\u00edfica da gram\u00e1tica","breadcrumb":{"@id":"https:\/\/www.correiobraziliense.com.br\/cbradar\/qual-o-plural-de-guarda-chuva-de-acordo-com-professores-de-portugues\/#breadcrumb"},"inLanguage":"pt-BR","potentialAction":[{"@type":"ReadAction","target":["https:\/\/www.correiobraziliense.com.br\/cbradar\/qual-o-plural-de-guarda-chuva-de-acordo-com-professores-de-portugues\/"]}]},{"@type":"ImageObject","inLanguage":"pt-BR","@id":"https:\/\/www.correiobraziliense.com.br\/cbradar\/qual-o-plural-de-guarda-chuva-de-acordo-com-professores-de-portugues\/#primaryimage","url":"https:\/\/www.correiobraziliense.com.br\/cbradar\/wp-content\/uploads\/2026\/03\/Gemini_Generated_Image_pzw2owpzw2owpzw2-1-1.png","contentUrl":"https:\/\/www.correiobraziliense.com.br\/cbradar\/wp-content\/uploads\/2026\/03\/Gemini_Generated_Image_pzw2owpzw2owpzw2-1-1.png","width":1280,"height":720,"caption":"O plural de guarda-chuva segue uma regra espec\u00edfica da gram\u00e1tica portuguesa"},{"@type":"BreadcrumbList","@id":"https:\/\/www.correiobraziliense.com.br\/cbradar\/qual-o-plural-de-guarda-chuva-de-acordo-com-professores-de-portugues\/#breadcrumb","itemListElement":[{"@type":"ListItem","position":1,"name":"In\u00edcio","item":"https:\/\/www.correiobraziliense.com.br\/cbradar\/"},{"@type":"ListItem","position":2,"name":"Qual o plural de guarda-chuva de acordo com professores de portugu\u00eas"}]},{"@type":"WebSite","@id":"https:\/\/www.correiobraziliense.com.br\/cbradar\/#website","url":"https:\/\/www.correiobraziliense.com.br\/cbradar\/","name":"Correio Braziliense - Radar","description":"Acompanhe as \u00faltimas not\u00edcias e fique bem informado sobre tudo o que acontece no Brasil e no mundo.","potentialAction":[{"@type":"SearchAction","target":{"@type":"EntryPoint","urlTemplate":"https:\/\/www.correiobraziliense.com.br\/cbradar\/?s={search_term_string}"},"query-input":{"@type":"PropertyValueSpecification","valueRequired":true,"valueName":"search_term_string"}}],"inLanguage":"pt-BR"},{"@type":"Person","@id":"https:\/\/www.correiobraziliense.com.br\/cbradar\/#\/schema\/person\/5440b72be9c7eb74f446c846479dc4da","name":"Patrick Silva","image":{"@type":"ImageObject","inLanguage":"pt-BR","@id":"https:\/\/www.correiobraziliense.com.br\/cbradar\/#\/schema\/person\/image\/","url":"https:\/\/secure.gravatar.com\/avatar\/944109df296fc087785c9715fd5f80b2?s=96&d=mm&r=g","contentUrl":"https:\/\/secure.gravatar.com\/avatar\/944109df296fc087785c9715fd5f80b2?s=96&d=mm&r=g","caption":"Patrick Silva"},"sameAs":["https:\/\/www.correiobraziliense.com.br\/cbradar\/"],"url":"https:\/\/www.correiobraziliense.com.br\/cbradar\/author\/patrick-silva\/"}]}},"_links":{"self":[{"href":"https:\/\/www.correiobraziliense.com.br\/cbradar\/wp-json\/wp\/v2\/posts\/207317","targetHints":{"allow":["GET"]}}],"collection":[{"href":"https:\/\/www.correiobraziliense.com.br\/cbradar\/wp-json\/wp\/v2\/posts"}],"about":[{"href":"https:\/\/www.correiobraziliense.com.br\/cbradar\/wp-json\/wp\/v2\/types\/post"}],"author":[{"embeddable":true,"href":"https:\/\/www.correiobraziliense.com.br\/cbradar\/wp-json\/wp\/v2\/users\/21"}],"replies":[{"embeddable":true,"href":"https:\/\/www.correiobraziliense.com.br\/cbradar\/wp-json\/wp\/v2\/comments?post=207317"}],"version-history":[{"count":2,"href":"https:\/\/www.correiobraziliense.com.br\/cbradar\/wp-json\/wp\/v2\/posts\/207317\/revisions"}],"predecessor-version":[{"id":207429,"href":"https:\/\/www.correiobraziliense.com.br\/cbradar\/wp-json\/wp\/v2\/posts\/207317\/revisions\/207429"}],"wp:featuredmedia":[{"embeddable":true,"href":"https:\/\/www.correiobraziliense.com.br\/cbradar\/wp-json\/wp\/v2\/media\/207411"}],"wp:attachment":[{"href":"https:\/\/www.correiobraziliense.com.br\/cbradar\/wp-json\/wp\/v2\/media?parent=207317"}],"wp:term":[{"taxonomy":"category","embeddable":true,"href":"https:\/\/www.correiobraziliense.com.br\/cbradar\/wp-json\/wp\/v2\/categories?post=207317"},{"taxonomy":"post_tag","embeddable":true,"href":"https:\/\/www.correiobraziliense.com.br\/cbradar\/wp-json\/wp\/v2\/tags?post=207317"}],"curies":[{"name":"wp","href":"https:\/\/api.w.org\/{rel}","templated":true}]}}