{"id":207318,"date":"2026-03-13T06:45:00","date_gmt":"2026-03-13T09:45:00","guid":{"rendered":"https:\/\/www.correiobraziliense.com.br\/cbradar\/?p=207318"},"modified":"2026-03-12T13:47:43","modified_gmt":"2026-03-12T16:47:43","slug":"os-tres-nomes-femininos-curtos-que-estao-conquistando-os-registros-de-bebes","status":"publish","type":"post","link":"https:\/\/www.correiobraziliense.com.br\/cbradar\/os-tres-nomes-femininos-curtos-que-estao-conquistando-os-registros-de-bebes\/","title":{"rendered":"Os tr\u00eas nomes femininos curtos que est\u00e3o conquistando os registros de beb\u00eas"},"content":{"rendered":"\n<p>Escolher nomes curtos para meninas tornou-se uma tend\u00eancia consolidada nos cart\u00f3rios brasileiros devido \u00e0 praticidade e sofistica\u00e7\u00e3o imediata que eles proporcionam. Essa prefer\u00eancia reflete o desejo de fam\u00edlias modernas por sonoridades marcantes, f\u00e1ceis de pronunciar em qualquer idioma. Conhecer as op\u00e7\u00f5es que dominam os registros atuais ajuda voc\u00ea a selecionar uma identidade forte para sempre.<\/p>\n\n\n\n<h2 class=\"wp-block-heading\">Quais motivos explicam a ascens\u00e3o desses nomes minimalistas?<\/h2>\n\n\n\n<p>A simplicidade fon\u00e9tica \u00e9 o principal motor dessa mudan\u00e7a cultural nos registros de nascimento em todo o territ\u00f3rio nacional. Nomes com poucas letras facilitam a alfabetiza\u00e7\u00e3o e evitam erros de grafia constantes em documentos oficiais ou escolares. Essa agilidade cotidiana \u00e9 extremamente valorizada por pais que possuem rotinas din\u00e2micas e buscam nomes que transmitam clareza e autoridade.<\/p>\n\n\n\n<p>Outro fator determinante \u00e9 a influ\u00eancia est\u00e9tica das redes sociais e do minimalismo global nas escolhas das fam\u00edlias contempor\u00e2neas. Nomes curtos funcionam perfeitamente como assinaturas digitais limpas e elegantes, adequando-se ao estilo de vida moderno que prioriza o essencial. Essa busca por minimalismo reflete uma mudan\u00e7a de comportamento geracional que valoriza a efici\u00eancia sem abrir m\u00e3o da beleza.<\/p>\n\n\n\n<figure class=\"wp-block-image size-full\"><img decoding=\"async\" width=\"1280\" height=\"720\" src=\"https:\/\/www.correiobraziliense.com.br\/cbradar\/wp-content\/uploads\/2026\/03\/Gemini_Generated_Image_iekp9oiekp9oiekp-1-1.png\" alt=\"Os tr\u00eas nomes femininos curtos que est\u00e3o conquistando os registros de beb\u00eas\" class=\"wp-image-207454\" srcset=\"https:\/\/www.correiobraziliense.com.br\/cbradar\/wp-content\/uploads\/2026\/03\/Gemini_Generated_Image_iekp9oiekp9oiekp-1-1.png 1280w, https:\/\/www.correiobraziliense.com.br\/cbradar\/wp-content\/uploads\/2026\/03\/Gemini_Generated_Image_iekp9oiekp9oiekp-1-1-300x169.png 300w, https:\/\/www.correiobraziliense.com.br\/cbradar\/wp-content\/uploads\/2026\/03\/Gemini_Generated_Image_iekp9oiekp9oiekp-1-1-768x432.png 768w, https:\/\/www.correiobraziliense.com.br\/cbradar\/wp-content\/uploads\/2026\/03\/Gemini_Generated_Image_iekp9oiekp9oiekp-1-1-750x422.png 750w, https:\/\/www.correiobraziliense.com.br\/cbradar\/wp-content\/uploads\/2026\/03\/Gemini_Generated_Image_iekp9oiekp9oiekp-1-1-1140x641.png 1140w\" sizes=\"(max-width: 1280px) 100vw, 1280px\" \/><figcaption class=\"wp-element-caption\">Nomes curtos para meninas unem simplicidade, eleg\u00e2ncia e facilidade de pron\u00fancia<\/figcaption><\/figure>\n\n\n\n<h2 class=\"wp-block-heading\">Por que o nome Liz tornou-se um fen\u00f4meno de popularidade?<\/h2>\n\n\n\n<p>O nome <strong>Liz<\/strong> conquistou o topo das listas de prefer\u00eancia por ser uma op\u00e7\u00e3o delicada que carrega um significado poderoso. Derivado de Elizabeth, ele carrega a for\u00e7a de ra\u00edzes hist\u00f3ricas profundas, mas com uma roupagem moderna e vers\u00e1til para o s\u00e9culo atual. Essa combina\u00e7\u00e3o \u00fanica atrai pais que desejam um nome cl\u00e1ssico, por\u00e9m com uma sonoridade extremamente atual.<\/p>\n\n\n\n<p>Al\u00e9m da beleza sonora, a facilidade de combina\u00e7\u00e3o com sobrenomes longos torna esse nome uma escolha estrat\u00e9gica e muito equilibrada. Muitas personalidades influentes adotaram essa op\u00e7\u00e3o, o que impulsionou o registro em diversas classes sociais brasileiras recentemente. Ter um nome curto e marcante como este garante que a crian\u00e7a seja lembrada com facilidade em qualquer ambiente social.<\/p>\n\n\n\n<h2 class=\"wp-block-heading\">Quais outras op\u00e7\u00f5es curtas est\u00e3o ganhando destaque nos cart\u00f3rios?<\/h2>\n\n\n\n<p>Al\u00e9m do sucesso absoluto de op\u00e7\u00f5es consolidadas, novas sonoridades minimalistas surgem como alternativas refrescantes para quem busca exclusividade e inova\u00e7\u00e3o. A busca por nomes com apenas tr\u00eas letras reflete uma tend\u00eancia internacional de simplifica\u00e7\u00e3o que facilita a comunica\u00e7\u00e3o global imediata. Para ajudar voc\u00ea a visualizar essas tend\u00eancias crescentes, organizei os destaques que apresentam o maior crescimento nos \u00faltimos meses:<\/p>\n\n\n\n<p>Para que voc\u00ea consiga visualizar melhor essas escolhas repletas de hist\u00f3ria e que representam o auge do bom gosto cl\u00e1ssico e minimalista:<\/p>\n\n\n\n<ul class=\"wp-block-list\">\n<li><strong>Mia<\/strong><\/li>\n\n\n\n<li><strong>Eva<\/strong><\/li>\n\n\n\n<li><strong>Iris<\/strong><\/li>\n<\/ul>\n\n\n\n<h2 class=\"wp-block-heading\">Como o nome Mia reflete a modernidade das escolhas atuais?<\/h2>\n\n\n\n<p>O nome <strong>Mia<\/strong> destaca-se por sua universalidade, sendo facilmente compreendido em diversos pa\u00edses e culturas ao redor de todo o mundo. Essa caracter\u00edstica \u00e9 fundamental para fam\u00edlias que vislumbram um futuro internacional para seus filhos, garantindo que a identidade sonora seja preservada. \u00c9 uma escolha que combina do\u00e7ura e personalidade, adaptando-se perfeitamente desde a inf\u00e2ncia at\u00e9 a vida adulta.<\/p>\n\n\n\n<p>A popularidade deste nome tamb\u00e9m est\u00e1 ligada \u00e0 facilidade de escrita, o que reduz drasticamente a ocorr\u00eancia de ambiguidades em registros digitais. Pais modernos buscam essa efici\u00eancia para evitar problemas burocr\u00e1ticos e garantir que a comunica\u00e7\u00e3o seja sempre direta e precisa. Escolher uma op\u00e7\u00e3o t\u00e3o curta \u00e9 uma declara\u00e7\u00e3o de estilo que prioriza a sofistica\u00e7\u00e3o atrav\u00e9s da simplicidade absoluta.<\/p>\n\n\n\n<p>No v\u00eddeo abaixo do TikTok <strong><em>Sonhobabydicas<\/em><\/strong>, que conta com mais de <strong><em>718 mil<\/em><\/strong> seguidores, sugere os nomes femininos curtos para voc\u00ea se inspirar:<\/p>\n\n\n\n<blockquote class=\"tiktok-embed\" cite=\"https:\/\/www.tiktok.com\/@sonhobabydicas\/video\/7285848860658896134\" data-video-id=\"7285848860658896134\" style=\"max-width: 605px;min-width: 325px;\" > <section> <a target=\"_blank\" title=\"@sonhobabydicas\" href=\"https:\/\/www.tiktok.com\/@sonhobabydicas?refer=embed\">@sonhobabydicas<\/a> Nomes Curtos e Diferentes para Meninas \ud83d\udc95 . . Dicas todos os dias, me segue para mais inspira\u00e7\u00f5es \ud83e\udd70 <a title=\"nomes\" target=\"_blank\" href=\"https:\/\/www.tiktok.com\/tag\/nomes?refer=embed\">#nomes<\/a> <a title=\"bebes\" target=\"_blank\" href=\"https:\/\/www.tiktok.com\/tag\/bebes?refer=embed\">#bebes<\/a> <a title=\"nomesbebes\" target=\"_blank\" href=\"https:\/\/www.tiktok.com\/tag\/nomesbebes?refer=embed\">#nomesbebes<\/a> <a title=\"nomeslindos\" target=\"_blank\" href=\"https:\/\/www.tiktok.com\/tag\/nomeslindos?refer=embed\">#nomeslindos<\/a> <a title=\"fy\" target=\"_blank\" href=\"https:\/\/www.tiktok.com\/tag\/fy?refer=embed\">#fy<\/a> <a title=\"capcut\" target=\"_blank\" href=\"https:\/\/www.tiktok.com\/tag\/capcut?refer=embed\">#capcut<\/a> <a title=\"viral\" target=\"_blank\" href=\"https:\/\/www.tiktok.com\/tag\/viral?refer=embed\">#viral<\/a> <a title=\"gravidez\" target=\"_blank\" href=\"https:\/\/www.tiktok.com\/tag\/gravidez?refer=embed\">#gravidez<\/a> <a title=\"gravidasnotiktok\" target=\"_blank\" href=\"https:\/\/www.tiktok.com\/tag\/gravidasnotiktok?refer=embed\">#gravidasnotiktok<\/a> <a title=\"bebe\" target=\"_blank\" href=\"https:\/\/www.tiktok.com\/tag\/bebe?refer=embed\">#bebe<\/a> <a title=\"dicasdenomes\" target=\"_blank\" href=\"https:\/\/www.tiktok.com\/tag\/dicasdenomes?refer=embed\">#dicasdenomes<\/a> <a title=\"nomesdebebes\" target=\"_blank\" href=\"https:\/\/www.tiktok.com\/tag\/nomesdebebes?refer=embed\">#nomesdebebes<\/a> <a title=\"nomesperfeitos\" target=\"_blank\" href=\"https:\/\/www.tiktok.com\/tag\/nomesperfeitos?refer=embed\">#nomesperfeitos<\/a> <a title=\"nomesraros\" target=\"_blank\" href=\"https:\/\/www.tiktok.com\/tag\/nomesraros?refer=embed\">#nomesraros<\/a> <a title=\"nomesbonitos\" target=\"_blank\" href=\"https:\/\/www.tiktok.com\/tag\/nomesbonitos?refer=embed\">#nomesbonitos<\/a> <a title=\"nomesmeninas\" target=\"_blank\" href=\"https:\/\/www.tiktok.com\/tag\/nomesmeninas?refer=embed\">#nomesmeninas<\/a> <a title=\"nomesparameninas\" target=\"_blank\" href=\"https:\/\/www.tiktok.com\/tag\/nomesparameninas?refer=embed\">#nomesparameninas<\/a> <a title=\"nomesdemeninas\" target=\"_blank\" href=\"https:\/\/www.tiktok.com\/tag\/nomesdemeninas?refer=embed\">#nomesdemeninas<\/a> <a title=\"nomesdiferentes\" target=\"_blank\" href=\"https:\/\/www.tiktok.com\/tag\/nomesdiferentes?refer=embed\">#nomesdiferentes<\/a> <a title=\"nomescurtos\" target=\"_blank\" href=\"https:\/\/www.tiktok.com\/tag\/nomescurtos?refer=embed\">#nomescurtos<\/a> <a target=\"_blank\" title=\"\u266c Dandelions - Ruth B.\" href=\"https:\/\/www.tiktok.com\/music\/Dandelions-6717100600091215873?refer=embed\">\u266c Dandelions &#8211; Ruth B.<\/a> <\/section> <\/blockquote> <script async src=\"https:\/\/www.tiktok.com\/embed.js\"><\/script>\n\n\n\n<p>Leia tamb\u00e9m: <a href=\"https:\/\/www.correiobraziliense.com.br\/cbradar\/os-nomes-de-bebes-que-atravessaram-geracoes-e-continuam-sendo-escolhas-seguras-para-os-pais\/\" target=\"_blank\" rel=\"noreferrer noopener\">Os nomes de beb\u00eas que atravessaram gera\u00e7\u00f5es e continuam sendo escolhas seguras para os pais<\/a><\/p>\n\n\n\n<h2 class=\"wp-block-heading\">Qual o papel de nomes como Iris na preserva\u00e7\u00e3o da tradi\u00e7\u00e3o?<\/h2>\n\n\n\n<p>O nome <strong>Iris<\/strong> representa o equil\u00edbrio perfeito entre a delicadeza da natureza e a for\u00e7a de nomes que atravessam gera\u00e7\u00f5es. Embora seja curto, ele carrega uma carga simb\u00f3lica rica, remetendo ao colorido e \u00e0 luz, qualidades muito apreciadas em registros civis. \u00c9 uma escolha que demonstra como nomes cl\u00e1ssicos podem ser reinventados atrav\u00e9s de uma sonoridade minimalista e poderosa.<\/p>\n\n\n\n<p>Acompanhar as estat\u00edsticas oficiais de nomes mais registrados ajuda a entender o que \u00e9 considerado padr\u00e3o de excel\u00eancia na sociedade brasileira atual. Para consultar o ranking hist\u00f3rico e verificar a popularidade de cada denomina\u00e7\u00e3o no territ\u00f3rio nacional, voc\u00ea deve acessar o portal oficial do <strong><a target=\"_blank\" rel=\"noreferrer noopener\" href=\"https:\/\/censo2010.ibge.gov.br\/nomes\/\">IBGE Nomes<\/a><\/strong>. Utilizar dados governamentais precisos \u00e9 a melhor forma de validar sua escolha com base em informa\u00e7\u00f5es reais.<\/p>\n","protected":false},"excerpt":{"rendered":"<p>Escolher nomes curtos para meninas tornou-se uma tend\u00eancia consolidada nos cart\u00f3rios brasileiros devido \u00e0 praticidade e sofistica\u00e7\u00e3o imediata que eles proporcionam. Essa prefer\u00eancia reflete o desejo de fam\u00edlias modernas por sonoridades marcantes, f\u00e1ceis de pronunciar em qualquer idioma. Conhecer as op\u00e7\u00f5es que dominam os registros atuais ajuda voc\u00ea a selecionar uma identidade forte para sempre. [&hellip;]<\/p>\n","protected":false},"author":21,"featured_media":207447,"comment_status":"open","ping_status":"open","sticky":false,"template":"","format":"standard","meta":{"_yoast_wpseo_focuskw":"nomes curtos para meninas","_yoast_wpseo_title":"","_yoast_wpseo_metadesc":"Nomes curtos para meninas ganham popularidade por serem modernos, elegantes e f\u00e1ceis de pronunciar em qualquer idioma","jnews-multi-image_gallery":[],"jnews_single_post":{"format":"standard"},"jnews_primary_category":[],"jnews_social_meta":[],"jnews_override_counter":[],"footnotes":""},"categories":[112],"tags":[5202,11461,11783,7907],"class_list":["post-207318","post","type-post","status-publish","format-standard","has-post-thumbnail","hentry","category-curiosidades","tag-nomes","tag-nomes-curtos","tag-nomes-de-bebes","tag-nomes-femininos"],"yoast_head":"<!-- This site is optimized with the Yoast SEO plugin v24.6 - https:\/\/yoast.com\/wordpress\/plugins\/seo\/ -->\n<title>Os tr\u00eas nomes femininos curtos que est\u00e3o conquistando os registros de beb\u00eas - Correio Braziliense - Radar<\/title>\n<meta name=\"description\" content=\"Nomes curtos para meninas ganham popularidade por serem modernos, elegantes e f\u00e1ceis de pronunciar em qualquer idioma\" \/>\n<meta name=\"robots\" content=\"index, follow, max-snippet:-1, max-image-preview:large, max-video-preview:-1\" \/>\n<link rel=\"canonical\" href=\"https:\/\/www.correiobraziliense.com.br\/cbradar\/os-tres-nomes-femininos-curtos-que-estao-conquistando-os-registros-de-bebes\/\" \/>\n<meta property=\"og:locale\" content=\"pt_BR\" \/>\n<meta property=\"og:type\" content=\"article\" \/>\n<meta property=\"og:title\" content=\"Os tr\u00eas nomes femininos curtos que est\u00e3o conquistando os registros de beb\u00eas - Correio Braziliense - Radar\" \/>\n<meta property=\"og:description\" content=\"Nomes curtos para meninas ganham popularidade por serem modernos, elegantes e f\u00e1ceis de pronunciar em qualquer idioma\" \/>\n<meta property=\"og:url\" content=\"https:\/\/www.correiobraziliense.com.br\/cbradar\/os-tres-nomes-femininos-curtos-que-estao-conquistando-os-registros-de-bebes\/\" \/>\n<meta property=\"og:site_name\" content=\"Correio Braziliense - Radar\" \/>\n<meta property=\"article:published_time\" content=\"2026-03-13T09:45:00+00:00\" \/>\n<meta property=\"og:image\" content=\"https:\/\/www.correiobraziliense.com.br\/cbradar\/wp-content\/uploads\/2026\/03\/Gemini_Generated_Image_wku15cwku15cwku1-1-1.png\" \/>\n\t<meta property=\"og:image:width\" content=\"1280\" \/>\n\t<meta property=\"og:image:height\" content=\"720\" \/>\n\t<meta property=\"og:image:type\" content=\"image\/png\" \/>\n<meta name=\"author\" content=\"Patrick Silva\" \/>\n<meta name=\"twitter:card\" content=\"summary_large_image\" \/>\n<meta name=\"twitter:label1\" content=\"Escrito por\" \/>\n\t<meta name=\"twitter:data1\" content=\"Patrick Silva\" \/>\n\t<meta name=\"twitter:label2\" content=\"Est. tempo de leitura\" \/>\n\t<meta name=\"twitter:data2\" content=\"5 minutos\" \/>\n<!-- \/ Yoast SEO plugin. -->","yoast_head_json":{"title":"Os tr\u00eas nomes femininos curtos que est\u00e3o conquistando os registros de beb\u00eas - Correio Braziliense - Radar","description":"Nomes curtos para meninas ganham popularidade por serem modernos, elegantes e f\u00e1ceis de pronunciar em qualquer idioma","robots":{"index":"index","follow":"follow","max-snippet":"max-snippet:-1","max-image-preview":"max-image-preview:large","max-video-preview":"max-video-preview:-1"},"canonical":"https:\/\/www.correiobraziliense.com.br\/cbradar\/os-tres-nomes-femininos-curtos-que-estao-conquistando-os-registros-de-bebes\/","og_locale":"pt_BR","og_type":"article","og_title":"Os tr\u00eas nomes femininos curtos que est\u00e3o conquistando os registros de beb\u00eas - Correio Braziliense - Radar","og_description":"Nomes curtos para meninas ganham popularidade por serem modernos, elegantes e f\u00e1ceis de pronunciar em qualquer idioma","og_url":"https:\/\/www.correiobraziliense.com.br\/cbradar\/os-tres-nomes-femininos-curtos-que-estao-conquistando-os-registros-de-bebes\/","og_site_name":"Correio Braziliense - Radar","article_published_time":"2026-03-13T09:45:00+00:00","og_image":[{"width":1280,"height":720,"url":"https:\/\/www.correiobraziliense.com.br\/cbradar\/wp-content\/uploads\/2026\/03\/Gemini_Generated_Image_wku15cwku15cwku1-1-1.png","type":"image\/png"}],"author":"Patrick Silva","twitter_card":"summary_large_image","twitter_misc":{"Escrito por":"Patrick Silva","Est. tempo de leitura":"5 minutos"},"schema":{"@context":"https:\/\/schema.org","@graph":[{"@type":"WebPage","@id":"https:\/\/www.correiobraziliense.com.br\/cbradar\/os-tres-nomes-femininos-curtos-que-estao-conquistando-os-registros-de-bebes\/","url":"https:\/\/www.correiobraziliense.com.br\/cbradar\/os-tres-nomes-femininos-curtos-que-estao-conquistando-os-registros-de-bebes\/","name":"Os tr\u00eas nomes femininos curtos que est\u00e3o conquistando os registros de beb\u00eas - Correio Braziliense - Radar","isPartOf":{"@id":"https:\/\/www.correiobraziliense.com.br\/cbradar\/#website"},"primaryImageOfPage":{"@id":"https:\/\/www.correiobraziliense.com.br\/cbradar\/os-tres-nomes-femininos-curtos-que-estao-conquistando-os-registros-de-bebes\/#primaryimage"},"image":{"@id":"https:\/\/www.correiobraziliense.com.br\/cbradar\/os-tres-nomes-femininos-curtos-que-estao-conquistando-os-registros-de-bebes\/#primaryimage"},"thumbnailUrl":"https:\/\/www.correiobraziliense.com.br\/cbradar\/wp-content\/uploads\/2026\/03\/Gemini_Generated_Image_wku15cwku15cwku1-1-1.png","datePublished":"2026-03-13T09:45:00+00:00","author":{"@id":"https:\/\/www.correiobraziliense.com.br\/cbradar\/#\/schema\/person\/5440b72be9c7eb74f446c846479dc4da"},"description":"Nomes curtos para meninas ganham popularidade por serem modernos, elegantes e f\u00e1ceis de pronunciar em qualquer idioma","breadcrumb":{"@id":"https:\/\/www.correiobraziliense.com.br\/cbradar\/os-tres-nomes-femininos-curtos-que-estao-conquistando-os-registros-de-bebes\/#breadcrumb"},"inLanguage":"pt-BR","potentialAction":[{"@type":"ReadAction","target":["https:\/\/www.correiobraziliense.com.br\/cbradar\/os-tres-nomes-femininos-curtos-que-estao-conquistando-os-registros-de-bebes\/"]}]},{"@type":"ImageObject","inLanguage":"pt-BR","@id":"https:\/\/www.correiobraziliense.com.br\/cbradar\/os-tres-nomes-femininos-curtos-que-estao-conquistando-os-registros-de-bebes\/#primaryimage","url":"https:\/\/www.correiobraziliense.com.br\/cbradar\/wp-content\/uploads\/2026\/03\/Gemini_Generated_Image_wku15cwku15cwku1-1-1.png","contentUrl":"https:\/\/www.correiobraziliense.com.br\/cbradar\/wp-content\/uploads\/2026\/03\/Gemini_Generated_Image_wku15cwku15cwku1-1-1.png","width":1280,"height":720,"caption":"Nomes curtos para meninas unem simplicidade, eleg\u00e2ncia e facilidade de pron\u00fancia"},{"@type":"BreadcrumbList","@id":"https:\/\/www.correiobraziliense.com.br\/cbradar\/os-tres-nomes-femininos-curtos-que-estao-conquistando-os-registros-de-bebes\/#breadcrumb","itemListElement":[{"@type":"ListItem","position":1,"name":"In\u00edcio","item":"https:\/\/www.correiobraziliense.com.br\/cbradar\/"},{"@type":"ListItem","position":2,"name":"Os tr\u00eas nomes femininos curtos que est\u00e3o conquistando os registros de beb\u00eas"}]},{"@type":"WebSite","@id":"https:\/\/www.correiobraziliense.com.br\/cbradar\/#website","url":"https:\/\/www.correiobraziliense.com.br\/cbradar\/","name":"Correio Braziliense - Radar","description":"Acompanhe as \u00faltimas not\u00edcias e fique bem informado sobre tudo o que acontece no Brasil e no mundo.","potentialAction":[{"@type":"SearchAction","target":{"@type":"EntryPoint","urlTemplate":"https:\/\/www.correiobraziliense.com.br\/cbradar\/?s={search_term_string}"},"query-input":{"@type":"PropertyValueSpecification","valueRequired":true,"valueName":"search_term_string"}}],"inLanguage":"pt-BR"},{"@type":"Person","@id":"https:\/\/www.correiobraziliense.com.br\/cbradar\/#\/schema\/person\/5440b72be9c7eb74f446c846479dc4da","name":"Patrick Silva","image":{"@type":"ImageObject","inLanguage":"pt-BR","@id":"https:\/\/www.correiobraziliense.com.br\/cbradar\/#\/schema\/person\/image\/","url":"https:\/\/secure.gravatar.com\/avatar\/944109df296fc087785c9715fd5f80b2?s=96&d=mm&r=g","contentUrl":"https:\/\/secure.gravatar.com\/avatar\/944109df296fc087785c9715fd5f80b2?s=96&d=mm&r=g","caption":"Patrick Silva"},"sameAs":["https:\/\/www.correiobraziliense.com.br\/cbradar\/"],"url":"https:\/\/www.correiobraziliense.com.br\/cbradar\/author\/patrick-silva\/"}]}},"_links":{"self":[{"href":"https:\/\/www.correiobraziliense.com.br\/cbradar\/wp-json\/wp\/v2\/posts\/207318","targetHints":{"allow":["GET"]}}],"collection":[{"href":"https:\/\/www.correiobraziliense.com.br\/cbradar\/wp-json\/wp\/v2\/posts"}],"about":[{"href":"https:\/\/www.correiobraziliense.com.br\/cbradar\/wp-json\/wp\/v2\/types\/post"}],"author":[{"embeddable":true,"href":"https:\/\/www.correiobraziliense.com.br\/cbradar\/wp-json\/wp\/v2\/users\/21"}],"replies":[{"embeddable":true,"href":"https:\/\/www.correiobraziliense.com.br\/cbradar\/wp-json\/wp\/v2\/comments?post=207318"}],"version-history":[{"count":2,"href":"https:\/\/www.correiobraziliense.com.br\/cbradar\/wp-json\/wp\/v2\/posts\/207318\/revisions"}],"predecessor-version":[{"id":207459,"href":"https:\/\/www.correiobraziliense.com.br\/cbradar\/wp-json\/wp\/v2\/posts\/207318\/revisions\/207459"}],"wp:featuredmedia":[{"embeddable":true,"href":"https:\/\/www.correiobraziliense.com.br\/cbradar\/wp-json\/wp\/v2\/media\/207447"}],"wp:attachment":[{"href":"https:\/\/www.correiobraziliense.com.br\/cbradar\/wp-json\/wp\/v2\/media?parent=207318"}],"wp:term":[{"taxonomy":"category","embeddable":true,"href":"https:\/\/www.correiobraziliense.com.br\/cbradar\/wp-json\/wp\/v2\/categories?post=207318"},{"taxonomy":"post_tag","embeddable":true,"href":"https:\/\/www.correiobraziliense.com.br\/cbradar\/wp-json\/wp\/v2\/tags?post=207318"}],"curies":[{"name":"wp","href":"https:\/\/api.w.org\/{rel}","templated":true}]}}