{"id":207319,"date":"2026-03-14T09:45:00","date_gmt":"2026-03-14T12:45:00","guid":{"rendered":"https:\/\/www.correiobraziliense.com.br\/cbradar\/?p=207319"},"modified":"2026-03-12T09:16:58","modified_gmt":"2026-03-12T12:16:58","slug":"a-psicologia-diz-que-quem-recolhe-o-proprio-lixo-em-publico-revela-um-raro-senso-de-responsabilidade","status":"publish","type":"post","link":"https:\/\/www.correiobraziliense.com.br\/cbradar\/a-psicologia-diz-que-quem-recolhe-o-proprio-lixo-em-publico-revela-um-raro-senso-de-responsabilidade\/","title":{"rendered":"A psicologia diz que quem recolhe o pr\u00f3prio lixo em p\u00fablico revela um raro senso de responsabilidade"},"content":{"rendered":"\n<p>Recolher o pr\u00f3prio lixo em espa\u00e7os p\u00fablicos demonstra uma maturidade emocional que transcende a simples educa\u00e7\u00e3o b\u00e1sica recebida na inf\u00e2ncia. Essa atitude revela um compromisso genu\u00edno com o bem comum e a preserva\u00e7\u00e3o do ambiente compartilhado por todos. Entender os gatilhos psicol\u00f3gicos por tr\u00e1s desse comportamento \u00e9tico \u00e9 fundamental para fortalecer a conviv\u00eancia social urbana.<\/p>\n\n\n\n<h2 class=\"wp-block-heading\">Como a \u00e9tica individual molda o ambiente coletivo?<\/h2>\n\n\n\n<p>Cidad\u00e3os que cuidam dos seus res\u00edduos manifestam uma consci\u00eancia c\u00edvica elevada que impacta diretamente a organiza\u00e7\u00e3o urbana brasileira. Esse gesto solit\u00e1rio, quando replicado por muitos, cria uma atmosfera de respeito m\u00fatuo. A <a href=\"https:\/\/www.correiobraziliense.com.br\/cbradar\/a-psicologia-diz-que-criancas-que-cresceram-antes-da-era-dos-smartphones-desenvolveram-mais-autonomia-emocional\/\" target=\"_blank\" rel=\"noreferrer noopener\">psicologia <\/a>social explica que a\u00e7\u00f5es individuais influenciam positivamente as normas de conduta.<\/p>\n\n\n\n<p>Manter o espa\u00e7o limpo reduz a sensa\u00e7\u00e3o de desordem, que costuma gerar estresse e ansiedade na popula\u00e7\u00e3o local. Quando um indiv\u00edduo decide n\u00e3o abandonar sua sujeira, ele rompe um ciclo comum de neglig\u00eancia. Essa responsabilidade pessoal constr\u00f3i cidades mais acolhedoras para todos os seus habitantes.<\/p>\n\n\n\n<figure class=\"wp-block-image size-full\"><img decoding=\"async\" width=\"1280\" height=\"720\" src=\"https:\/\/www.correiobraziliense.com.br\/cbradar\/wp-content\/uploads\/2026\/03\/Gemini_Generated_Image_y8dx8iy8dx8iy8dx-1-1.png\" alt=\"A psicologia diz que quem recolhe o pr\u00f3prio lixo em p\u00fablico revela um raro senso de responsabilidade\" class=\"wp-image-207324\" srcset=\"https:\/\/www.correiobraziliense.com.br\/cbradar\/wp-content\/uploads\/2026\/03\/Gemini_Generated_Image_y8dx8iy8dx8iy8dx-1-1.png 1280w, https:\/\/www.correiobraziliense.com.br\/cbradar\/wp-content\/uploads\/2026\/03\/Gemini_Generated_Image_y8dx8iy8dx8iy8dx-1-1-300x169.png 300w, https:\/\/www.correiobraziliense.com.br\/cbradar\/wp-content\/uploads\/2026\/03\/Gemini_Generated_Image_y8dx8iy8dx8iy8dx-1-1-768x432.png 768w, https:\/\/www.correiobraziliense.com.br\/cbradar\/wp-content\/uploads\/2026\/03\/Gemini_Generated_Image_y8dx8iy8dx8iy8dx-1-1-750x422.png 750w, https:\/\/www.correiobraziliense.com.br\/cbradar\/wp-content\/uploads\/2026\/03\/Gemini_Generated_Image_y8dx8iy8dx8iy8dx-1-1-1140x641.png 1140w\" sizes=\"(max-width: 1280px) 100vw, 1280px\" \/><figcaption class=\"wp-element-caption\">Um gesto simples nas ruas revela car\u00e1ter empatia e respeito pelo espa\u00e7o compartilhado de todos na cidade<\/figcaption><\/figure>\n\n\n\n<h2 class=\"wp-block-heading\">Qual o impacto psicol\u00f3gico da ordem no comportamento?<\/h2>\n\n\n\n<p>A teoria das janelas quebradas sugere que ambientes limpos desencorajam atos de vandalismo e novos descartes incorretos de res\u00edduos. Ao ver um local preservado, o c\u00e9rebro tende a seguir o padr\u00e3o de organiza\u00e7\u00e3o. Esse fen\u00f4meno psicol\u00f3gico refor\u00e7a a import\u00e2ncia de zelar pela ordem di\u00e1ria.<\/p>\n\n\n\n<p>Desenvolver esse senso de dever ajuda a fortalecer a autoestima e a sensa\u00e7\u00e3o de pertencimento a um grupo social. Quem cuida do que \u00e9 p\u00fablico demonstra seguran\u00e7a interna para agir corretamente. Essa autonomia moral define l\u00edderes capazes de inspirar mudan\u00e7as reais por meio do pr\u00f3prio exemplo.<\/p>\n\n\n\n<h2 class=\"wp-block-heading\">O que essa atitude diz sobre a empatia moderna?<\/h2>\n\n\n\n<p>Recolher o descarte pessoal reflete uma profunda preocupa\u00e7\u00e3o com o pr\u00f3ximo e com as futuras gera\u00e7\u00f5es que ocupar\u00e3o aquele espa\u00e7o. Essa pr\u00e1tica cotidiana de altru\u00edsmo demonstra que o indiv\u00edduo consegue olhar al\u00e9m das suas necessidades. A ado\u00e7\u00e3o desse h\u00e1bito revela ganhos que impactam a sociedade:<\/p>\n\n\n\n<figure class=\"wp-block-image size-large\"><img decoding=\"async\" width=\"1182\" height=\"720\" src=\"https:\/\/www.correiobraziliense.com.br\/cbradar\/wp-content\/uploads\/2026\/03\/convertido-33-1182x720.jpg\" alt=\"\" class=\"wp-image-207328\" srcset=\"https:\/\/www.correiobraziliense.com.br\/cbradar\/wp-content\/uploads\/2026\/03\/convertido-33-1182x720.jpg 1182w, https:\/\/www.correiobraziliense.com.br\/cbradar\/wp-content\/uploads\/2026\/03\/convertido-33-300x183.jpg 300w, https:\/\/www.correiobraziliense.com.br\/cbradar\/wp-content\/uploads\/2026\/03\/convertido-33-768x468.jpg 768w, https:\/\/www.correiobraziliense.com.br\/cbradar\/wp-content\/uploads\/2026\/03\/convertido-33-750x457.jpg 750w, https:\/\/www.correiobraziliense.com.br\/cbradar\/wp-content\/uploads\/2026\/03\/convertido-33-1140x695.jpg 1140w, https:\/\/www.correiobraziliense.com.br\/cbradar\/wp-content\/uploads\/2026\/03\/convertido-33.jpg 1280w\" sizes=\"(max-width: 1182px) 100vw, 1182px\" \/><\/figure>\n\n\n\n<h2 class=\"wp-block-heading\">Como ensinar a responsabilidade para as novas gera\u00e7\u00f5es?<\/h2>\n\n\n\n<p>Educar crian\u00e7as atrav\u00e9s do exemplo pr\u00e1tico \u00e9 a forma mais eficaz de transmitir valores de respeito ao meio ambiente. Quando os pais recolhem o lixo juntos, eles ensinam que a preserva\u00e7\u00e3o \u00e9 inegoci\u00e1vel. Esse aprendizado precoce molda adultos conscientes que valorizam o patrim\u00f4nio comum.<\/p>\n\n\n\n<p>Incluir temas de sustentabilidade na rotina familiar prepara os jovens para lidar com os desafios complexos do mundo contempor\u00e2neo. A psicologia infantil ressalta que o refor\u00e7o positivo de comportamentos cria uma base s\u00f3lida. Ter orgulho de manter as ruas limpas \u00e9 um sentimento poderoso hoje.<\/p>\n\n\n\n<p>As mudan\u00e7as culturais e tecnol\u00f3gicas t\u00eam influenciado a forma como diferentes gera\u00e7\u00f5es enxergam trabalho, prop\u00f3sito e lideran\u00e7a. Isso levanta debates sobre desafios no ambiente profissional atual. No conte\u00fado do <strong>L\u00edder HD &#8211; Lideran\u00e7a em Alta Defini\u00e7\u00e3o<\/strong>, com 100 mil inscritos, voc\u00ea entende essa discuss\u00e3o:<\/p>\n\n\n\n<figure class=\"wp-block-embed is-type-video is-provider-youtube wp-block-embed-youtube wp-embed-aspect-16-9 wp-has-aspect-ratio\"><div class=\"wp-block-embed__wrapper\">\n<div class=\"jeg_video_container jeg_video_content\"><iframe loading=\"lazy\" title=\"A GERA\u00c7\u00c3O Z \u00c9 A MAIS DIF\u00cdCIL DE TRABALHAR?\" width=\"500\" height=\"281\" src=\"https:\/\/www.youtube.com\/embed\/NWYjNFLmcUM?feature=oembed\" frameborder=\"0\" allow=\"accelerometer; autoplay; clipboard-write; encrypted-media; gyroscope; picture-in-picture; web-share\" referrerpolicy=\"strict-origin-when-cross-origin\" allowfullscreen><\/iframe><\/div>\n<\/div><\/figure>\n\n\n\n<h2 class=\"wp-block-heading\">Quais s\u00e3o as evid\u00eancias cient\u00edficas sobre o comportamento altru\u00edsta?<\/h2>\n\n\n\n<p>Pesquisas indicam que atos de gentileza com o espa\u00e7o p\u00fablico liberam horm\u00f4nios relacionados ao bem-estar e \u00e0 felicidade plena. O c\u00e9rebro recompensa a\u00e7\u00f5es que fortalecem o v\u00ednculo social. Manter um comportamento \u00e9tico \u00e9 um indicativo forte de integridade e sa\u00fade mental equilibrada no cotidiano.<\/p>\n\n\n\n<p>A <strong>American Psychological Association<\/strong> afirma que comportamentos pr\u00f3-sociais s\u00e3o essenciais para a coes\u00e3o de comunidades resilientes e saud\u00e1veis. Incentivar a responsabilidade sobre os pr\u00f3prios res\u00edduos cultiva uma sociedade emp\u00e1tica. Para aprofundar seu conhecimento, acesse o guia oficial diretamente no portal da <a href=\"https:\/\/www.apa.org\/topics\/emotions\/empathy-forgiveness-prosocial-behavior\" target=\"_blank\" rel=\"noreferrer noopener\">APA<\/a>.<\/p>\n","protected":false},"excerpt":{"rendered":"<p>Recolher o pr\u00f3prio lixo em espa\u00e7os p\u00fablicos demonstra uma maturidade emocional que transcende a simples educa\u00e7\u00e3o b\u00e1sica recebida na inf\u00e2ncia. Essa atitude revela um compromisso genu\u00edno com o bem comum e a preserva\u00e7\u00e3o do ambiente compartilhado por todos. Entender os gatilhos psicol\u00f3gicos por tr\u00e1s desse comportamento \u00e9tico \u00e9 fundamental para fortalecer a conviv\u00eancia social urbana. [&hellip;]<\/p>\n","protected":false},"author":21,"featured_media":207331,"comment_status":"open","ping_status":"open","sticky":false,"template":"","format":"standard","meta":{"_yoast_wpseo_focuskw":"\u00e9tica urbana e responsabilidade coletiva","_yoast_wpseo_title":"","_yoast_wpseo_metadesc":"Um gesto simples nas ruas revela muito sobre car\u00e1ter e empatia. O impacto silencioso desse h\u00e1bito pode transformar a conviv\u00eancia urbana.","jnews-multi-image_gallery":[],"jnews_single_post":{"format":"standard"},"jnews_primary_category":[],"jnews_social_meta":[],"jnews_override_counter":[],"footnotes":""},"categories":[112],"post_tag":[7866,404,8599],"class_list":["post-207319","post","type-post","status-publish","format-standard","has-post-thumbnail","hentry","category-curiosidades","tag-lixo","tag-psicologia","tag-responsabilidade"],"yoast_head":"<!-- This site is optimized with the Yoast SEO plugin v24.6 - https:\/\/yoast.com\/wordpress\/plugins\/seo\/ -->\n<title>A psicologia diz que quem recolhe o pr\u00f3prio lixo em p\u00fablico revela um raro senso de responsabilidade - Correio Braziliense - Radar<\/title>\n<meta name=\"description\" content=\"Um gesto simples nas ruas revela muito sobre car\u00e1ter e empatia. O impacto silencioso desse h\u00e1bito pode transformar a conviv\u00eancia urbana.\" \/>\n<meta name=\"robots\" content=\"index, follow, max-snippet:-1, max-image-preview:large, max-video-preview:-1\" \/>\n<link rel=\"canonical\" href=\"https:\/\/www.correiobraziliense.com.br\/cbradar\/a-psicologia-diz-que-quem-recolhe-o-proprio-lixo-em-publico-revela-um-raro-senso-de-responsabilidade\/\" \/>\n<meta property=\"og:locale\" content=\"pt_BR\" \/>\n<meta property=\"og:type\" content=\"article\" \/>\n<meta property=\"og:title\" content=\"A psicologia diz que quem recolhe o pr\u00f3prio lixo em p\u00fablico revela um raro senso de responsabilidade - Correio Braziliense - Radar\" \/>\n<meta property=\"og:description\" content=\"Um gesto simples nas ruas revela muito sobre car\u00e1ter e empatia. O impacto silencioso desse h\u00e1bito pode transformar a conviv\u00eancia urbana.\" \/>\n<meta property=\"og:url\" content=\"https:\/\/www.correiobraziliense.com.br\/cbradar\/a-psicologia-diz-que-quem-recolhe-o-proprio-lixo-em-publico-revela-um-raro-senso-de-responsabilidade\/\" \/>\n<meta property=\"og:site_name\" content=\"Correio Braziliense - Radar\" \/>\n<meta property=\"article:published_time\" content=\"2026-03-14T12:45:00+00:00\" \/>\n<meta property=\"og:image\" content=\"https:\/\/www.correiobraziliense.com.br\/cbradar\/wp-content\/uploads\/2026\/03\/Gemini_Generated_Image_8ol1tj8ol1tj8ol1-1-1.png\" \/>\n\t<meta property=\"og:image:width\" content=\"1280\" \/>\n\t<meta property=\"og:image:height\" content=\"720\" \/>\n\t<meta property=\"og:image:type\" content=\"image\/png\" \/>\n<meta name=\"author\" content=\"Patrick Silva\" \/>\n<meta name=\"twitter:card\" content=\"summary_large_image\" \/>\n<meta name=\"twitter:label1\" content=\"Escrito por\" \/>\n\t<meta name=\"twitter:data1\" content=\"Patrick Silva\" \/>\n\t<meta name=\"twitter:label2\" content=\"Est. tempo de leitura\" \/>\n\t<meta name=\"twitter:data2\" content=\"4 minutos\" \/>\n<!-- \/ Yoast SEO plugin. -->","yoast_head_json":{"title":"A psicologia diz que quem recolhe o pr\u00f3prio lixo em p\u00fablico revela um raro senso de responsabilidade - Correio Braziliense - Radar","description":"Um gesto simples nas ruas revela muito sobre car\u00e1ter e empatia. O impacto silencioso desse h\u00e1bito pode transformar a conviv\u00eancia urbana.","robots":{"index":"index","follow":"follow","max-snippet":"max-snippet:-1","max-image-preview":"max-image-preview:large","max-video-preview":"max-video-preview:-1"},"canonical":"https:\/\/www.correiobraziliense.com.br\/cbradar\/a-psicologia-diz-que-quem-recolhe-o-proprio-lixo-em-publico-revela-um-raro-senso-de-responsabilidade\/","og_locale":"pt_BR","og_type":"article","og_title":"A psicologia diz que quem recolhe o pr\u00f3prio lixo em p\u00fablico revela um raro senso de responsabilidade - Correio Braziliense - Radar","og_description":"Um gesto simples nas ruas revela muito sobre car\u00e1ter e empatia. O impacto silencioso desse h\u00e1bito pode transformar a conviv\u00eancia urbana.","og_url":"https:\/\/www.correiobraziliense.com.br\/cbradar\/a-psicologia-diz-que-quem-recolhe-o-proprio-lixo-em-publico-revela-um-raro-senso-de-responsabilidade\/","og_site_name":"Correio Braziliense - Radar","article_published_time":"2026-03-14T12:45:00+00:00","og_image":[{"width":1280,"height":720,"url":"https:\/\/www.correiobraziliense.com.br\/cbradar\/wp-content\/uploads\/2026\/03\/Gemini_Generated_Image_8ol1tj8ol1tj8ol1-1-1.png","type":"image\/png"}],"author":"Patrick Silva","twitter_card":"summary_large_image","twitter_misc":{"Escrito por":"Patrick Silva","Est. tempo de leitura":"4 minutos"},"schema":{"@context":"https:\/\/schema.org","@graph":[{"@type":"WebPage","@id":"https:\/\/www.correiobraziliense.com.br\/cbradar\/a-psicologia-diz-que-quem-recolhe-o-proprio-lixo-em-publico-revela-um-raro-senso-de-responsabilidade\/","url":"https:\/\/www.correiobraziliense.com.br\/cbradar\/a-psicologia-diz-que-quem-recolhe-o-proprio-lixo-em-publico-revela-um-raro-senso-de-responsabilidade\/","name":"A psicologia diz que quem recolhe o pr\u00f3prio lixo em p\u00fablico revela um raro senso de responsabilidade - Correio Braziliense - Radar","isPartOf":{"@id":"https:\/\/www.correiobraziliense.com.br\/cbradar\/#website"},"primaryImageOfPage":{"@id":"https:\/\/www.correiobraziliense.com.br\/cbradar\/a-psicologia-diz-que-quem-recolhe-o-proprio-lixo-em-publico-revela-um-raro-senso-de-responsabilidade\/#primaryimage"},"image":{"@id":"https:\/\/www.correiobraziliense.com.br\/cbradar\/a-psicologia-diz-que-quem-recolhe-o-proprio-lixo-em-publico-revela-um-raro-senso-de-responsabilidade\/#primaryimage"},"thumbnailUrl":"https:\/\/www.correiobraziliense.com.br\/cbradar\/wp-content\/uploads\/2026\/03\/Gemini_Generated_Image_8ol1tj8ol1tj8ol1-1-1.png","datePublished":"2026-03-14T12:45:00+00:00","author":{"@id":"https:\/\/www.correiobraziliense.com.br\/cbradar\/#\/schema\/person\/5440b72be9c7eb74f446c846479dc4da"},"description":"Um gesto simples nas ruas revela muito sobre car\u00e1ter e empatia. O impacto silencioso desse h\u00e1bito pode transformar a conviv\u00eancia urbana.","breadcrumb":{"@id":"https:\/\/www.correiobraziliense.com.br\/cbradar\/a-psicologia-diz-que-quem-recolhe-o-proprio-lixo-em-publico-revela-um-raro-senso-de-responsabilidade\/#breadcrumb"},"inLanguage":"pt-BR","potentialAction":[{"@type":"ReadAction","target":["https:\/\/www.correiobraziliense.com.br\/cbradar\/a-psicologia-diz-que-quem-recolhe-o-proprio-lixo-em-publico-revela-um-raro-senso-de-responsabilidade\/"]}]},{"@type":"ImageObject","inLanguage":"pt-BR","@id":"https:\/\/www.correiobraziliense.com.br\/cbradar\/a-psicologia-diz-que-quem-recolhe-o-proprio-lixo-em-publico-revela-um-raro-senso-de-responsabilidade\/#primaryimage","url":"https:\/\/www.correiobraziliense.com.br\/cbradar\/wp-content\/uploads\/2026\/03\/Gemini_Generated_Image_8ol1tj8ol1tj8ol1-1-1.png","contentUrl":"https:\/\/www.correiobraziliense.com.br\/cbradar\/wp-content\/uploads\/2026\/03\/Gemini_Generated_Image_8ol1tj8ol1tj8ol1-1-1.png","width":1280,"height":720,"caption":"Um gesto simples nas ruas revela car\u00e1ter empatia e respeito pelo espa\u00e7o compartilhado de todos na cidade"},{"@type":"BreadcrumbList","@id":"https:\/\/www.correiobraziliense.com.br\/cbradar\/a-psicologia-diz-que-quem-recolhe-o-proprio-lixo-em-publico-revela-um-raro-senso-de-responsabilidade\/#breadcrumb","itemListElement":[{"@type":"ListItem","position":1,"name":"In\u00edcio","item":"https:\/\/www.correiobraziliense.com.br\/cbradar\/"},{"@type":"ListItem","position":2,"name":"A psicologia diz que quem recolhe o pr\u00f3prio lixo em p\u00fablico revela um raro senso de responsabilidade"}]},{"@type":"WebSite","@id":"https:\/\/www.correiobraziliense.com.br\/cbradar\/#website","url":"https:\/\/www.correiobraziliense.com.br\/cbradar\/","name":"Correio Braziliense - Radar","description":"Acompanhe as \u00faltimas not\u00edcias e fique bem informado sobre tudo o que acontece no Brasil e no mundo.","potentialAction":[{"@type":"SearchAction","target":{"@type":"EntryPoint","urlTemplate":"https:\/\/www.correiobraziliense.com.br\/cbradar\/?s={search_term_string}"},"query-input":{"@type":"PropertyValueSpecification","valueRequired":true,"valueName":"search_term_string"}}],"inLanguage":"pt-BR"},{"@type":"Person","@id":"https:\/\/www.correiobraziliense.com.br\/cbradar\/#\/schema\/person\/5440b72be9c7eb74f446c846479dc4da","name":"Patrick Silva","image":{"@type":"ImageObject","inLanguage":"pt-BR","@id":"https:\/\/www.correiobraziliense.com.br\/cbradar\/#\/schema\/person\/image\/","url":"https:\/\/secure.gravatar.com\/avatar\/944109df296fc087785c9715fd5f80b2?s=96&d=mm&r=g","contentUrl":"https:\/\/secure.gravatar.com\/avatar\/944109df296fc087785c9715fd5f80b2?s=96&d=mm&r=g","caption":"Patrick Silva"},"sameAs":["https:\/\/www.correiobraziliense.com.br\/cbradar\/"],"url":"https:\/\/www.correiobraziliense.com.br\/cbradar\/author\/patrick-silva\/"}]}},"_links":{"self":[{"href":"https:\/\/www.correiobraziliense.com.br\/cbradar\/wp-json\/wp\/v2\/posts\/207319","targetHints":{"allow":["GET"]}}],"collection":[{"href":"https:\/\/www.correiobraziliense.com.br\/cbradar\/wp-json\/wp\/v2\/posts"}],"about":[{"href":"https:\/\/www.correiobraziliense.com.br\/cbradar\/wp-json\/wp\/v2\/types\/post"}],"author":[{"embeddable":true,"href":"https:\/\/www.correiobraziliense.com.br\/cbradar\/wp-json\/wp\/v2\/users\/21"}],"replies":[{"embeddable":true,"href":"https:\/\/www.correiobraziliense.com.br\/cbradar\/wp-json\/wp\/v2\/comments?post=207319"}],"version-history":[{"count":7,"href":"https:\/\/www.correiobraziliense.com.br\/cbradar\/wp-json\/wp\/v2\/posts\/207319\/revisions"}],"predecessor-version":[{"id":207332,"href":"https:\/\/www.correiobraziliense.com.br\/cbradar\/wp-json\/wp\/v2\/posts\/207319\/revisions\/207332"}],"wp:featuredmedia":[{"embeddable":true,"href":"https:\/\/www.correiobraziliense.com.br\/cbradar\/wp-json\/wp\/v2\/media\/207331"}],"wp:attachment":[{"href":"https:\/\/www.correiobraziliense.com.br\/cbradar\/wp-json\/wp\/v2\/media?parent=207319"}],"wp:term":[{"taxonomy":"category","embeddable":true,"href":"https:\/\/www.correiobraziliense.com.br\/cbradar\/wp-json\/wp\/v2\/categories?post=207319"},{"taxonomy":"post_tag","embeddable":true,"href":"https:\/\/www.correiobraziliense.com.br\/cbradar\/wp-json\/wp\/v2\/post_tag?post=207319"}],"curies":[{"name":"wp","href":"https:\/\/api.w.org\/{rel}","templated":true}]}}