{"id":207347,"date":"2026-03-14T17:05:00","date_gmt":"2026-03-14T20:05:00","guid":{"rendered":"https:\/\/www.correiobraziliense.com.br\/cbradar\/?p=207347"},"modified":"2026-03-12T09:40:14","modified_gmt":"2026-03-12T12:40:14","slug":"a-psicologia-diz-que-pessoas-que-mantem-poucos-amigos-proximos-nao-estao-se-isolando-elas-descobriram-que-profundidade-emocional-vale-mais-que-popularidade","status":"publish","type":"post","link":"https:\/\/www.correiobraziliense.com.br\/cbradar\/a-psicologia-diz-que-pessoas-que-mantem-poucos-amigos-proximos-nao-estao-se-isolando-elas-descobriram-que-profundidade-emocional-vale-mais-que-popularidade\/","title":{"rendered":"A psicologia diz que pessoas que mant\u00eam poucos amigos pr\u00f3ximos n\u00e3o est\u00e3o se isolando \u2014 elas descobriram que profundidade emocional vale mais que popularidade"},"content":{"rendered":"\n<p>Priorizar conex\u00f5es \u00edntimas em vez de uma vasta rede de conhecidos superficiais reflete uma maturidade psicol\u00f3gica avan\u00e7ada no mundo contempor\u00e2neo. Muitas pessoas optam por c\u00edrculos sociais restritos para garantir trocas afetivas realmente significativas e duradouras. Essa escolha consciente prioriza a sa\u00fade mental e o bem-estar, evitando o esgotamento social constante e desnecess\u00e1rio.<\/p>\n\n\n\n<h2 class=\"wp-block-heading\">Por que a qualidade supera o volume social?<\/h2>\n\n\n\n<p>Manter um grupo reduzido de aliados permite que as intera\u00e7\u00f5es alcancem um n\u00edvel de compreens\u00e3o m\u00fatua muito superior aos encontros casuais. Quando investimos tempo e energia emocional em poucas pessoas, conseguimos construir alicerces de confian\u00e7a inabal\u00e1veis para os momentos de crise. Essa dedica\u00e7\u00e3o m\u00fatua fortalece a seguran\u00e7a interna e promove uma sensa\u00e7\u00e3o de pertencimento genu\u00edno e duradouro.<\/p>\n\n\n\n<p>Redes sociais amplas frequentemente demandam uma manuten\u00e7\u00e3o exaustiva que drena a vitalidade necess\u00e1ria para o crescimento pessoal e profissional constante. Ao filtrar quem realmente importa, o indiv\u00edduo consegue preservar sua ess\u00eancia sem as press\u00f5es da aprova\u00e7\u00e3o externa constante e superficial. Essa seletividade estrat\u00e9gica protege a <strong>estabilidade emocional<\/strong> contra as flutua\u00e7\u00f5es inevit\u00e1veis das amizades baseadas apenas em conveni\u00eancias moment\u00e2neas.<\/p>\n\n\n\n<figure class=\"wp-block-image size-full\"><img decoding=\"async\" width=\"1280\" height=\"720\" src=\"https:\/\/www.correiobraziliense.com.br\/cbradar\/wp-content\/uploads\/2026\/03\/Gemini_Generated_Image_3gyc2k3gyc2k3gyc-1-1.png\" alt=\"A psicologia diz que pessoas que mant\u00eam poucos amigos pr\u00f3ximos n\u00e3o est\u00e3o se isolando \u2014 elas descobriram que profundidade emocional vale mais que popularidade\" class=\"wp-image-207351\" srcset=\"https:\/\/www.correiobraziliense.com.br\/cbradar\/wp-content\/uploads\/2026\/03\/Gemini_Generated_Image_3gyc2k3gyc2k3gyc-1-1.png 1280w, https:\/\/www.correiobraziliense.com.br\/cbradar\/wp-content\/uploads\/2026\/03\/Gemini_Generated_Image_3gyc2k3gyc2k3gyc-1-1-300x169.png 300w, https:\/\/www.correiobraziliense.com.br\/cbradar\/wp-content\/uploads\/2026\/03\/Gemini_Generated_Image_3gyc2k3gyc2k3gyc-1-1-768x432.png 768w, https:\/\/www.correiobraziliense.com.br\/cbradar\/wp-content\/uploads\/2026\/03\/Gemini_Generated_Image_3gyc2k3gyc2k3gyc-1-1-750x422.png 750w, https:\/\/www.correiobraziliense.com.br\/cbradar\/wp-content\/uploads\/2026\/03\/Gemini_Generated_Image_3gyc2k3gyc2k3gyc-1-1-1140x641.png 1140w\" sizes=\"(max-width: 1280px) 100vw, 1280px\" \/><figcaption class=\"wp-element-caption\">Poucos amigos rela\u00e7\u00f5es profundas e confian\u00e7a verdadeira revelam maturidade emocional na vida social<\/figcaption><\/figure>\n\n\n\n<h2 class=\"wp-block-heading\">Como o c\u00e9rebro processa v\u00ednculos profundos?<\/h2>\n\n\n\n<p>A neurobiologia das rela\u00e7\u00f5es indica que v\u00ednculos intensos estimulam a libera\u00e7\u00e3o de oxitocina em n\u00edveis muito mais saud\u00e1veis e constantes. Esse horm\u00f4nio do acolhimento reduz o estresse cr\u00f4nico e melhora a resposta imunol\u00f3gica do corpo humano diante de amea\u00e7as externas. Viver cercado de poucas pessoas confi\u00e1veis cria um ambiente neurol\u00f3gico seguro para o desenvolvimento da criatividade e inova\u00e7\u00e3o hoje.<\/p>\n\n\n\n<p>Intera\u00e7\u00f5es superficiais constantes podem elevar os n\u00edveis de cortisol, gerando uma sensa\u00e7\u00e3o de vazio mesmo em ambientes lotados de conhecidos. O c\u00e9rebro humano evoluiu para lidar com grupos pequenos onde a coopera\u00e7\u00e3o era a chave para a sobreviv\u00eancia em condi\u00e7\u00f5es adversas. Resgatar essa l\u00f3gica ancestral no mundo digital \u00e9 uma forma potente de garantir a <strong>longevidade cognitiva<\/strong> individual.<\/p>\n\n\n\n<h2 class=\"wp-block-heading\">Quais sinais indicam maturidade nas rela\u00e7\u00f5es?<\/h2>\n\n\n\n<p>Saber dizer n\u00e3o a convites vazios e priorizar o sil\u00eancio compartilhado com um amigo leal \u00e9 um marco de evolu\u00e7\u00e3o pessoal. Essa autonomia permite que a pessoa viva de acordo com seus valores internos, ignorando as m\u00e9tricas de popularidade impostas pela cultura atual. A verdadeira riqueza reside na capacidade de ser vulner\u00e1vel e compreendido sem julgamentos ou m\u00e1scaras sociais.<\/p>\n\n\n\n<p>Optar por um estilo de vida mais reservado e focado na intimidade proporciona benef\u00edcios que transformam a experi\u00eancia humana em pilares fundamentais da sa\u00fade:<\/p>\n\n\n\n<ul class=\"wp-block-list\">\n<li>Aumento da intelig\u00eancia emocional.<\/li>\n\n\n\n<li>Redu\u00e7\u00e3o da ansiedade de compara\u00e7\u00e3o.<\/li>\n\n\n\n<li>Maior suporte em tempos dif\u00edceis.<\/li>\n\n\n\n<li>Preserva\u00e7\u00e3o da energia vital di\u00e1ria.<\/li>\n<\/ul>\n\n\n\n<h2 class=\"wp-block-heading\">Existe rela\u00e7\u00e3o entre solitude e produtividade?<\/h2>\n\n\n\n<p>Indiv\u00edduos que apreciam a pr\u00f3pria companhia e selecionam rigorosamente seus pares tendem a ser muito mais focados em seus objetivos. A aus\u00eancia de ru\u00eddos sociais desnecess\u00e1rios permite uma imers\u00e3o profunda em projetos complexos que exigem alta performance intelectual e t\u00e9cnica. Essa tranquilidade emocional \u00e9 o solo f\u00e9rtil onde as grandes ideias e as realiza\u00e7\u00f5es profissionais mais s\u00f3lidas florescem.<\/p>\n\n\n\n<p>A solitude permite que o profissional reflita sobre suas escolhas sem a interfer\u00eancia constante de opini\u00f5es alheias e muitas vezes desinformadas. Ao retornar para seu c\u00edrculo \u00edntimo, esse indiv\u00edduo traz contribui\u00e7\u00f5es muito mais valiosas e bem fundamentadas para o grupo. O equil\u00edbrio entre o recolhimento estrat\u00e9gico e a conex\u00e3o profunda define os l\u00edderes que alcan\u00e7am o sucesso sustent\u00e1vel hoje.<\/p>\n\n\n\n<p>Estar sozinho pode ter significados muito diferentes dependendo da forma como essa experi\u00eancia \u00e9 vivida. Enquanto a solid\u00e3o pode trazer sofrimento, a solitude pode favorecer reflex\u00e3o e equil\u00edbrio emocional. No conte\u00fado do <strong>PodPeople &#8211; Ana Beatriz Barbosa<\/strong>, com 4,59 milh\u00f5es de inscritos, voc\u00ea entende essa diferen\u00e7a:<\/p>\n\n\n\n<figure class=\"wp-block-embed is-type-video is-provider-youtube wp-block-embed-youtube wp-embed-aspect-16-9 wp-has-aspect-ratio\"><div class=\"wp-block-embed__wrapper\">\n<div class=\"jeg_video_container jeg_video_content\"><iframe loading=\"lazy\" title=\"SOLID\u00c3O x SOLITUDE: Quando estar S\u00d3 \u00e9 bom para a sua MENTE | ANA BEATRIZ\" width=\"500\" height=\"281\" src=\"https:\/\/www.youtube.com\/embed\/1V5l4YWXGWk?feature=oembed\" frameborder=\"0\" allow=\"accelerometer; autoplay; clipboard-write; encrypted-media; gyroscope; picture-in-picture; web-share\" referrerpolicy=\"strict-origin-when-cross-origin\" allowfullscreen><\/iframe><\/div>\n<\/div><\/figure>\n\n\n\n<h2 class=\"wp-block-heading\">O que as autoridades dizem sobre a seletividade?<\/h2>\n\n\n\n<p>\u00c9 fundamental distinguir o isolamento involunt\u00e1rio da seletividade social consciente que promove o bem-estar psicol\u00f3gico e a resili\u00eancia. Enquanto o primeiro pode causar danos severos \u00e0 sa\u00fade, a escolha por poucos amigos \u00e9 vista como um fator de prote\u00e7\u00e3o <strong><a href=\"https:\/\/www.correiobraziliense.com.br\/cbradar\/a-psicologia-diz-que-criancas-que-cresceram-antes-da-era-dos-smartphones-desenvolveram-mais-autonomia-emocional\/\" target=\"_blank\" rel=\"noreferrer noopener\">emocional<\/a><\/strong>. Promover conex\u00f5es de alta qualidade \u00e9 uma recomenda\u00e7\u00e3o central para prevenir transtornos mentais graves em adultos.<\/p>\n\n\n\n<p>Organiza\u00e7\u00f5es como a <strong>American Psychological Association<\/strong> destacam que a qualidade do suporte social \u00e9 um preditor muito mais forte de sa\u00fade do que a quantidade de amigos. Ter algu\u00e9m com quem contar de verdade diminui os riscos de doen\u00e7as cardiovasculares e depress\u00e3o. Para aprofundar seu conhecimento sobre o tema, consulte as diretrizes oficiais no portal da <a href=\"https:\/\/www.apa.org\/monitor\/2019\/05\/ce-corner-isolation\" target=\"_blank\" rel=\"noreferrer noopener\">APA<\/a>.<\/p>\n","protected":false},"excerpt":{"rendered":"<p>Priorizar conex\u00f5es \u00edntimas em vez de uma vasta rede de conhecidos superficiais reflete uma maturidade psicol\u00f3gica avan\u00e7ada no mundo contempor\u00e2neo. Muitas pessoas optam por c\u00edrculos sociais restritos para garantir trocas afetivas realmente significativas e duradouras. Essa escolha consciente prioriza a sa\u00fade mental e o bem-estar, evitando o esgotamento social constante e desnecess\u00e1rio. Por que a [&hellip;]<\/p>\n","protected":false},"author":21,"featured_media":207355,"comment_status":"open","ping_status":"open","sticky":false,"template":"","format":"standard","meta":{"_yoast_wpseo_focuskw":"psicologia das rela\u00e7\u00f5es sociais profundas","_yoast_wpseo_title":"","_yoast_wpseo_metadesc":"Algumas pessoas preferem poucos amigos e rela\u00e7\u00f5es profundas. Esse comportamento revela tra\u00e7os de intelig\u00eancia emocional pouco percebidos.","jnews-multi-image_gallery":[],"jnews_single_post":{"format":"standard"},"jnews_primary_category":[],"jnews_social_meta":[],"jnews_override_counter":[],"footnotes":""},"categories":[112],"tags":[3277,16009,12232,404],"class_list":["post-207347","post","type-post","status-publish","format-standard","has-post-thumbnail","hentry","category-curiosidades","tag-amigos","tag-conexoes","tag-popularidade","tag-psicologia"],"yoast_head":"<!-- This site is optimized with the Yoast SEO plugin v24.6 - https:\/\/yoast.com\/wordpress\/plugins\/seo\/ -->\n<title>A psicologia diz que pessoas que mant\u00eam poucos amigos pr\u00f3ximos n\u00e3o est\u00e3o se isolando \u2014 elas descobriram que profundidade emocional vale mais que popularidade - Correio Braziliense - Radar<\/title>\n<meta name=\"description\" content=\"Algumas pessoas preferem poucos amigos e rela\u00e7\u00f5es profundas. Esse comportamento revela tra\u00e7os de intelig\u00eancia emocional pouco percebidos.\" \/>\n<meta name=\"robots\" content=\"index, follow, max-snippet:-1, max-image-preview:large, max-video-preview:-1\" \/>\n<link rel=\"canonical\" href=\"https:\/\/www.correiobraziliense.com.br\/cbradar\/a-psicologia-diz-que-pessoas-que-mantem-poucos-amigos-proximos-nao-estao-se-isolando-elas-descobriram-que-profundidade-emocional-vale-mais-que-popularidade\/\" \/>\n<meta property=\"og:locale\" content=\"pt_BR\" \/>\n<meta property=\"og:type\" content=\"article\" \/>\n<meta property=\"og:title\" content=\"A psicologia diz que pessoas que mant\u00eam poucos amigos pr\u00f3ximos n\u00e3o est\u00e3o se isolando \u2014 elas descobriram que profundidade emocional vale mais que popularidade - Correio Braziliense - Radar\" \/>\n<meta property=\"og:description\" content=\"Algumas pessoas preferem poucos amigos e rela\u00e7\u00f5es profundas. Esse comportamento revela tra\u00e7os de intelig\u00eancia emocional pouco percebidos.\" \/>\n<meta property=\"og:url\" content=\"https:\/\/www.correiobraziliense.com.br\/cbradar\/a-psicologia-diz-que-pessoas-que-mantem-poucos-amigos-proximos-nao-estao-se-isolando-elas-descobriram-que-profundidade-emocional-vale-mais-que-popularidade\/\" \/>\n<meta property=\"og:site_name\" content=\"Correio Braziliense - Radar\" \/>\n<meta property=\"article:published_time\" content=\"2026-03-14T20:05:00+00:00\" \/>\n<meta property=\"og:image\" content=\"https:\/\/www.correiobraziliense.com.br\/cbradar\/wp-content\/uploads\/2026\/03\/Gemini_Generated_Image_67k7qu67k7qu67k7-1-1.png\" \/>\n\t<meta property=\"og:image:width\" content=\"1280\" \/>\n\t<meta property=\"og:image:height\" content=\"720\" \/>\n\t<meta property=\"og:image:type\" content=\"image\/png\" \/>\n<meta name=\"author\" content=\"Patrick Silva\" \/>\n<meta name=\"twitter:card\" content=\"summary_large_image\" \/>\n<meta name=\"twitter:label1\" content=\"Escrito por\" \/>\n\t<meta name=\"twitter:data1\" content=\"Patrick Silva\" \/>\n\t<meta name=\"twitter:label2\" content=\"Est. tempo de leitura\" \/>\n\t<meta name=\"twitter:data2\" content=\"5 minutos\" \/>\n<!-- \/ Yoast SEO plugin. -->","yoast_head_json":{"title":"A psicologia diz que pessoas que mant\u00eam poucos amigos pr\u00f3ximos n\u00e3o est\u00e3o se isolando \u2014 elas descobriram que profundidade emocional vale mais que popularidade - Correio Braziliense - Radar","description":"Algumas pessoas preferem poucos amigos e rela\u00e7\u00f5es profundas. Esse comportamento revela tra\u00e7os de intelig\u00eancia emocional pouco percebidos.","robots":{"index":"index","follow":"follow","max-snippet":"max-snippet:-1","max-image-preview":"max-image-preview:large","max-video-preview":"max-video-preview:-1"},"canonical":"https:\/\/www.correiobraziliense.com.br\/cbradar\/a-psicologia-diz-que-pessoas-que-mantem-poucos-amigos-proximos-nao-estao-se-isolando-elas-descobriram-que-profundidade-emocional-vale-mais-que-popularidade\/","og_locale":"pt_BR","og_type":"article","og_title":"A psicologia diz que pessoas que mant\u00eam poucos amigos pr\u00f3ximos n\u00e3o est\u00e3o se isolando \u2014 elas descobriram que profundidade emocional vale mais que popularidade - Correio Braziliense - Radar","og_description":"Algumas pessoas preferem poucos amigos e rela\u00e7\u00f5es profundas. Esse comportamento revela tra\u00e7os de intelig\u00eancia emocional pouco percebidos.","og_url":"https:\/\/www.correiobraziliense.com.br\/cbradar\/a-psicologia-diz-que-pessoas-que-mantem-poucos-amigos-proximos-nao-estao-se-isolando-elas-descobriram-que-profundidade-emocional-vale-mais-que-popularidade\/","og_site_name":"Correio Braziliense - Radar","article_published_time":"2026-03-14T20:05:00+00:00","og_image":[{"width":1280,"height":720,"url":"https:\/\/www.correiobraziliense.com.br\/cbradar\/wp-content\/uploads\/2026\/03\/Gemini_Generated_Image_67k7qu67k7qu67k7-1-1.png","type":"image\/png"}],"author":"Patrick Silva","twitter_card":"summary_large_image","twitter_misc":{"Escrito por":"Patrick Silva","Est. tempo de leitura":"5 minutos"},"schema":{"@context":"https:\/\/schema.org","@graph":[{"@type":"WebPage","@id":"https:\/\/www.correiobraziliense.com.br\/cbradar\/a-psicologia-diz-que-pessoas-que-mantem-poucos-amigos-proximos-nao-estao-se-isolando-elas-descobriram-que-profundidade-emocional-vale-mais-que-popularidade\/","url":"https:\/\/www.correiobraziliense.com.br\/cbradar\/a-psicologia-diz-que-pessoas-que-mantem-poucos-amigos-proximos-nao-estao-se-isolando-elas-descobriram-que-profundidade-emocional-vale-mais-que-popularidade\/","name":"A psicologia diz que pessoas que mant\u00eam poucos amigos pr\u00f3ximos n\u00e3o est\u00e3o se isolando \u2014 elas descobriram que profundidade emocional vale mais que popularidade - Correio Braziliense - Radar","isPartOf":{"@id":"https:\/\/www.correiobraziliense.com.br\/cbradar\/#website"},"primaryImageOfPage":{"@id":"https:\/\/www.correiobraziliense.com.br\/cbradar\/a-psicologia-diz-que-pessoas-que-mantem-poucos-amigos-proximos-nao-estao-se-isolando-elas-descobriram-que-profundidade-emocional-vale-mais-que-popularidade\/#primaryimage"},"image":{"@id":"https:\/\/www.correiobraziliense.com.br\/cbradar\/a-psicologia-diz-que-pessoas-que-mantem-poucos-amigos-proximos-nao-estao-se-isolando-elas-descobriram-que-profundidade-emocional-vale-mais-que-popularidade\/#primaryimage"},"thumbnailUrl":"https:\/\/www.correiobraziliense.com.br\/cbradar\/wp-content\/uploads\/2026\/03\/Gemini_Generated_Image_67k7qu67k7qu67k7-1-1.png","datePublished":"2026-03-14T20:05:00+00:00","author":{"@id":"https:\/\/www.correiobraziliense.com.br\/cbradar\/#\/schema\/person\/5440b72be9c7eb74f446c846479dc4da"},"description":"Algumas pessoas preferem poucos amigos e rela\u00e7\u00f5es profundas. Esse comportamento revela tra\u00e7os de intelig\u00eancia emocional pouco percebidos.","breadcrumb":{"@id":"https:\/\/www.correiobraziliense.com.br\/cbradar\/a-psicologia-diz-que-pessoas-que-mantem-poucos-amigos-proximos-nao-estao-se-isolando-elas-descobriram-que-profundidade-emocional-vale-mais-que-popularidade\/#breadcrumb"},"inLanguage":"pt-BR","potentialAction":[{"@type":"ReadAction","target":["https:\/\/www.correiobraziliense.com.br\/cbradar\/a-psicologia-diz-que-pessoas-que-mantem-poucos-amigos-proximos-nao-estao-se-isolando-elas-descobriram-que-profundidade-emocional-vale-mais-que-popularidade\/"]}]},{"@type":"ImageObject","inLanguage":"pt-BR","@id":"https:\/\/www.correiobraziliense.com.br\/cbradar\/a-psicologia-diz-que-pessoas-que-mantem-poucos-amigos-proximos-nao-estao-se-isolando-elas-descobriram-que-profundidade-emocional-vale-mais-que-popularidade\/#primaryimage","url":"https:\/\/www.correiobraziliense.com.br\/cbradar\/wp-content\/uploads\/2026\/03\/Gemini_Generated_Image_67k7qu67k7qu67k7-1-1.png","contentUrl":"https:\/\/www.correiobraziliense.com.br\/cbradar\/wp-content\/uploads\/2026\/03\/Gemini_Generated_Image_67k7qu67k7qu67k7-1-1.png","width":1280,"height":720,"caption":"Poucos amigos rela\u00e7\u00f5es profundas e confian\u00e7a verdadeira revelam maturidade emocional na vida social"},{"@type":"BreadcrumbList","@id":"https:\/\/www.correiobraziliense.com.br\/cbradar\/a-psicologia-diz-que-pessoas-que-mantem-poucos-amigos-proximos-nao-estao-se-isolando-elas-descobriram-que-profundidade-emocional-vale-mais-que-popularidade\/#breadcrumb","itemListElement":[{"@type":"ListItem","position":1,"name":"In\u00edcio","item":"https:\/\/www.correiobraziliense.com.br\/cbradar\/"},{"@type":"ListItem","position":2,"name":"A psicologia diz que pessoas que mant\u00eam poucos amigos pr\u00f3ximos n\u00e3o est\u00e3o se isolando \u2014 elas descobriram que profundidade emocional vale mais que popularidade"}]},{"@type":"WebSite","@id":"https:\/\/www.correiobraziliense.com.br\/cbradar\/#website","url":"https:\/\/www.correiobraziliense.com.br\/cbradar\/","name":"Correio Braziliense - Radar","description":"Acompanhe as \u00faltimas not\u00edcias e fique bem informado sobre tudo o que acontece no Brasil e no mundo.","potentialAction":[{"@type":"SearchAction","target":{"@type":"EntryPoint","urlTemplate":"https:\/\/www.correiobraziliense.com.br\/cbradar\/?s={search_term_string}"},"query-input":{"@type":"PropertyValueSpecification","valueRequired":true,"valueName":"search_term_string"}}],"inLanguage":"pt-BR"},{"@type":"Person","@id":"https:\/\/www.correiobraziliense.com.br\/cbradar\/#\/schema\/person\/5440b72be9c7eb74f446c846479dc4da","name":"Patrick Silva","image":{"@type":"ImageObject","inLanguage":"pt-BR","@id":"https:\/\/www.correiobraziliense.com.br\/cbradar\/#\/schema\/person\/image\/","url":"https:\/\/secure.gravatar.com\/avatar\/944109df296fc087785c9715fd5f80b2?s=96&d=mm&r=g","contentUrl":"https:\/\/secure.gravatar.com\/avatar\/944109df296fc087785c9715fd5f80b2?s=96&d=mm&r=g","caption":"Patrick Silva"},"sameAs":["https:\/\/www.correiobraziliense.com.br\/cbradar\/"],"url":"https:\/\/www.correiobraziliense.com.br\/cbradar\/author\/patrick-silva\/"}]}},"_links":{"self":[{"href":"https:\/\/www.correiobraziliense.com.br\/cbradar\/wp-json\/wp\/v2\/posts\/207347","targetHints":{"allow":["GET"]}}],"collection":[{"href":"https:\/\/www.correiobraziliense.com.br\/cbradar\/wp-json\/wp\/v2\/posts"}],"about":[{"href":"https:\/\/www.correiobraziliense.com.br\/cbradar\/wp-json\/wp\/v2\/types\/post"}],"author":[{"embeddable":true,"href":"https:\/\/www.correiobraziliense.com.br\/cbradar\/wp-json\/wp\/v2\/users\/21"}],"replies":[{"embeddable":true,"href":"https:\/\/www.correiobraziliense.com.br\/cbradar\/wp-json\/wp\/v2\/comments?post=207347"}],"version-history":[{"count":5,"href":"https:\/\/www.correiobraziliense.com.br\/cbradar\/wp-json\/wp\/v2\/posts\/207347\/revisions"}],"predecessor-version":[{"id":207356,"href":"https:\/\/www.correiobraziliense.com.br\/cbradar\/wp-json\/wp\/v2\/posts\/207347\/revisions\/207356"}],"wp:featuredmedia":[{"embeddable":true,"href":"https:\/\/www.correiobraziliense.com.br\/cbradar\/wp-json\/wp\/v2\/media\/207355"}],"wp:attachment":[{"href":"https:\/\/www.correiobraziliense.com.br\/cbradar\/wp-json\/wp\/v2\/media?parent=207347"}],"wp:term":[{"taxonomy":"category","embeddable":true,"href":"https:\/\/www.correiobraziliense.com.br\/cbradar\/wp-json\/wp\/v2\/categories?post=207347"},{"taxonomy":"post_tag","embeddable":true,"href":"https:\/\/www.correiobraziliense.com.br\/cbradar\/wp-json\/wp\/v2\/tags?post=207347"}],"curies":[{"name":"wp","href":"https:\/\/api.w.org\/{rel}","templated":true}]}}