{"id":207369,"date":"2026-03-14T22:05:00","date_gmt":"2026-03-15T01:05:00","guid":{"rendered":"https:\/\/www.correiobraziliense.com.br\/cbradar\/?p=207369"},"modified":"2026-03-12T09:59:55","modified_gmt":"2026-03-12T12:59:55","slug":"o-que-significa-caminhar-sempre-sozinho-segundo-a-psicologia","status":"publish","type":"post","link":"https:\/\/www.correiobraziliense.com.br\/cbradar\/o-que-significa-caminhar-sempre-sozinho-segundo-a-psicologia\/","title":{"rendered":"O que significa caminhar sempre sozinho, segundo a psicologia"},"content":{"rendered":"\n<p>Preferir a pr\u00f3pria companhia durante caminhadas ou na vida cotidiana sinaliza uma maturidade emocional que prioriza o autoconhecimento profundo e a sa\u00fade mental. Esse comportamento, muitas vezes mal compreendido pela sociedade, reflete uma escolha consciente por paz interior e clareza de pensamento. Entender os motivos psicol\u00f3gicos dessa prefer\u00eancia \u00e9 vital para todos.<\/p>\n\n\n\n<h2 class=\"wp-block-heading\">A solitude pode ser uma ferramenta de crescimento pessoal?<\/h2>\n\n\n\n<p>Para muitos indiv\u00edduos, caminhar sozinho representa uma oportunidade \u00fanica de processar pensamentos complexos sem as interrup\u00e7\u00f5es constantes de terceiros. Esse momento de introspec\u00e7\u00e3o ativa favorece a resolu\u00e7\u00e3o de problemas internos e o desenvolvimento de uma identidade muito mais s\u00f3lida e independente. A <a href=\"https:\/\/www.correiobraziliense.com.br\/cbradar\/a-psicologia-diz-que-criancas-que-cresceram-antes-da-era-dos-smartphones-desenvolveram-mais-autonomia-emocional\/\" target=\"_blank\" rel=\"noreferrer noopener\">psicologia <\/a>moderna valoriza esses per\u00edodos de isolamento volunt\u00e1rio como essenciais para a sa\u00fade cognitiva e criativa.<\/p>\n\n\n\n<p>Estar em sua pr\u00f3pria companhia ajuda a fortalecer a autonomia emocional, permitindo que a pessoa aprenda a validar seus pr\u00f3prios sentimentos de forma aut\u00eantica. Sem a necessidade de aprova\u00e7\u00e3o externa imediata, o indiv\u00edduo desenvolve uma resili\u00eancia interna capaz de enfrentar desafios com muito mais calma e seguran\u00e7a. Esse h\u00e1bito di\u00e1rio constr\u00f3i uma base psicol\u00f3gica robusta para toda a jornada de vida.<\/p>\n\n\n\n<p>Viver sozinho pode despertar reflex\u00f5es profundas sobre autonomia, autoconhecimento e a forma como lidamos com nossos pr\u00f3prios pensamentos. Essa experi\u00eancia levanta quest\u00f5es importantes sobre liberdade e equil\u00edbrio emocional. No conte\u00fado do <strong>C\u00f3digos da Mente<\/strong>, com 504 mil inscritos, voc\u00ea acompanha essa reflex\u00e3o:<\/p>\n\n\n\n<figure class=\"wp-block-embed is-type-video is-provider-youtube wp-block-embed-youtube wp-embed-aspect-16-9 wp-has-aspect-ratio\"><div class=\"wp-block-embed__wrapper\">\n<div class=\"jeg_video_container jeg_video_content\"><iframe loading=\"lazy\" title=\"A Verdade Chocante Sobre Viver Sozinho: Leandro Karnal\" width=\"500\" height=\"281\" src=\"https:\/\/www.youtube.com\/embed\/YTou_ViL4WY?feature=oembed\" frameborder=\"0\" allow=\"accelerometer; autoplay; clipboard-write; encrypted-media; gyroscope; picture-in-picture; web-share\" referrerpolicy=\"strict-origin-when-cross-origin\" allowfullscreen><\/iframe><\/div>\n<\/div><\/figure>\n\n\n\n<h2 class=\"wp-block-heading\">Como o c\u00e9rebro reage aos momentos de isolamento volunt\u00e1rio?<\/h2>\n\n\n\n<p>Durante per\u00edodos de solitude, o c\u00e9rebro ativa a rede de modo padr\u00e3o, que \u00e9 respons\u00e1vel pela autorreflex\u00e3o e pelo processamento de mem\u00f3rias importantes. Esse estado neurol\u00f3gico permite que a mente organize informa\u00e7\u00f5es dispersas, facilitando a cria\u00e7\u00e3o de novas conex\u00f5es e insights valiosos para a carreira. Manter esse equil\u00edbrio \u00e9 fundamental para evitar o cansa\u00e7o mental causado por est\u00edmulos sociais excessivos.<\/p>\n\n\n\n<p>Caminhar sem acompanhantes reduz a carga sensorial imediata, diminuindo os n\u00edveis de cortisol e promovendo uma sensa\u00e7\u00e3o de relaxamento profundo e restaurador. Ao focar apenas no ritmo dos pr\u00f3prios passos, a pessoa consegue atingir um estado de aten\u00e7\u00e3o plena que melhora significativamente a concentra\u00e7\u00e3o di\u00e1ria. Essa pr\u00e1tica regular de desconex\u00e3o social tempor\u00e1ria \u00e9 um investimento valioso no bem-estar integral e duradouro.<\/p>\n\n\n\n<h2 class=\"wp-block-heading\">Quais tra\u00e7os de personalidade definem o caminhante solit\u00e1rio?<\/h2>\n\n\n\n<p>Indiv\u00edduos que optam por seguir seu pr\u00f3prio caminho costumam apresentar um alto n\u00edvel de autossufici\u00eancia e uma prefer\u00eancia clara por intera\u00e7\u00f5es profundas e seletivas. Eles valorizam o tempo gasto em reflex\u00e3o, utilizando esses momentos para planejar metas futuras com precis\u00e3o e clareza absoluta de prop\u00f3sito. Essa caracter\u00edstica reflete uma personalidade segura que n\u00e3o teme o julgamento da sociedade contempor\u00e2nea e apressada.<\/p>\n\n\n\n<p>A ado\u00e7\u00e3o constante dessa rotina introspectiva revela ganhos que impactam diretamente a qualidade da jornada pessoal em diversos pilares fundamentais da sa\u00fade emocional humana:<\/p>\n\n\n\n<ul class=\"wp-block-list\">\n<li>Desenvolvimento de uma intelig\u00eancia intrapessoal superior.<\/li>\n\n\n\n<li>Aumento da capacidade de foco em objetivos complexos.<\/li>\n\n\n\n<li>Redu\u00e7\u00e3o da depend\u00eancia de valida\u00e7\u00e3o externa constante.<\/li>\n\n\n\n<li>Melhora na percep\u00e7\u00e3o dos pr\u00f3prios limites f\u00edsicos e mentais.<\/li>\n<\/ul>\n\n\n\n<h2 class=\"wp-block-heading\">O isolamento social \u00e9 diferente da solitude consciente?<\/h2>\n\n\n\n<p>\u00c9 fundamental distinguir o isolamento for\u00e7ado, que gera sofrimento, da solitude buscada como forma de recarregar as energias e organizar a mente. Enquanto o primeiro pode indicar problemas de sa\u00fade, o segundo \u00e9 um sinal de equil\u00edbrio e for\u00e7a psicol\u00f3gica de quem conhece a si mesmo. Escolher estar s\u00f3 \u00e9 uma manifesta\u00e7\u00e3o de poder pessoal e maturidade social nas rela\u00e7\u00f5es.<\/p>\n\n\n\n<p>A psicologia ressalta que pessoas que desfrutam da pr\u00f3pria companhia possuem relacionamentos muito mais saud\u00e1veis e menos dependentes com os outros indiv\u00edduos ao redor. Elas entram em conex\u00f5es sociais por desejo real de troca, e n\u00e3o por car\u00eancia ou medo de enfrentar o sil\u00eancio interno necess\u00e1rio. Essa distin\u00e7\u00e3o clara \u00e9 o que garante uma vida social equilibrada e produtiva para qualquer adulto.<\/p>\n\n\n\n<figure class=\"wp-block-image size-full\"><img decoding=\"async\" width=\"1280\" height=\"720\" src=\"https:\/\/www.correiobraziliense.com.br\/cbradar\/wp-content\/uploads\/2026\/03\/Gemini_Generated_Image_y4lzowy4lzowy4lz-1-1.png\" alt=\"O que significa caminhar sempre sozinho, segundo a psicologia\" class=\"wp-image-207374\" srcset=\"https:\/\/www.correiobraziliense.com.br\/cbradar\/wp-content\/uploads\/2026\/03\/Gemini_Generated_Image_y4lzowy4lzowy4lz-1-1.png 1280w, https:\/\/www.correiobraziliense.com.br\/cbradar\/wp-content\/uploads\/2026\/03\/Gemini_Generated_Image_y4lzowy4lzowy4lz-1-1-300x169.png 300w, https:\/\/www.correiobraziliense.com.br\/cbradar\/wp-content\/uploads\/2026\/03\/Gemini_Generated_Image_y4lzowy4lzowy4lz-1-1-768x432.png 768w, https:\/\/www.correiobraziliense.com.br\/cbradar\/wp-content\/uploads\/2026\/03\/Gemini_Generated_Image_y4lzowy4lzowy4lz-1-1-750x422.png 750w, https:\/\/www.correiobraziliense.com.br\/cbradar\/wp-content\/uploads\/2026\/03\/Gemini_Generated_Image_y4lzowy4lzowy4lz-1-1-1140x641.png 1140w\" sizes=\"(max-width: 1280px) 100vw, 1280px\" \/><figcaption class=\"wp-element-caption\">Caminhar sozinho revela uma mente que valoriza sil\u00eancio reflex\u00e3o e equil\u00edbrio emocional na rotina di\u00e1ria<\/figcaption><\/figure>\n\n\n\n<h2 class=\"wp-block-heading\">O que os estudos de autoridade dizem sobre essa escolha?<\/h2>\n\n\n\n<p>Pesquisas sugerem que passar tempo sozinho aumenta a empatia para com o pr\u00f3ximo, pois permite uma compreens\u00e3o mais profunda das pr\u00f3prias emo\u00e7\u00f5es humanas b\u00e1sicas. Ao entender o que sente em isolamento, o indiv\u00edduo torna-se mais apto a reconhecer e respeitar as necessidades dos outros em sociedade. Promover esses momentos de paz \u00e9 uma estrat\u00e9gia recomendada para o sucesso pessoal e coletivo.<\/p>\n\n\n\n<p>A <strong>American Psychological Association<\/strong> enfatiza que a solitude produtiva pode reduzir significativamente os riscos de ansiedade e depress\u00e3o em adultos que levam vidas agitadas. Cultivar o h\u00e1bito de caminhar s\u00f3 \u00e9 uma forma pr\u00e1tica de exercitar a mente e manter o foco naquilo que realmente importa. Para aprofundar seu conhecimento sobre o tema, consulte os estudos no portal da <a href=\"https:\/\/www.apa.org\/monitor\/2019\/05\/ce-corner-isolation\" target=\"_blank\" rel=\"noreferrer noopener\">APA<\/a>.<\/p>\n","protected":false},"excerpt":{"rendered":"<p>Preferir a pr\u00f3pria companhia durante caminhadas ou na vida cotidiana sinaliza uma maturidade emocional que prioriza o autoconhecimento profundo e a sa\u00fade mental. Esse comportamento, muitas vezes mal compreendido pela sociedade, reflete uma escolha consciente por paz interior e clareza de pensamento. Entender os motivos psicol\u00f3gicos dessa prefer\u00eancia \u00e9 vital para todos. A solitude pode [&hellip;]<\/p>\n","protected":false},"author":21,"featured_media":207381,"comment_status":"open","ping_status":"open","sticky":false,"template":"","format":"standard","meta":{"_yoast_wpseo_focuskw":"psicologia da solitude e autoconhecimento","_yoast_wpseo_title":"","_yoast_wpseo_metadesc":"Caminhar sozinho pode revelar muito mais do que uma simples prefer\u00eancia. A psicologia mostra o que esse h\u00e1bito diz sobre equil\u00edbrio emocional.","jnews-multi-image_gallery":[],"jnews_single_post":{"format":"standard"},"jnews_primary_category":[],"jnews_social_meta":[],"jnews_override_counter":[],"footnotes":""},"categories":[112],"tags":[5018,404,8388],"class_list":["post-207369","post","type-post","status-publish","format-standard","has-post-thumbnail","hentry","category-curiosidades","tag-emocional","tag-psicologia","tag-solitude"],"yoast_head":"<!-- This site is optimized with the Yoast SEO plugin v24.6 - https:\/\/yoast.com\/wordpress\/plugins\/seo\/ -->\n<title>O que significa caminhar sempre sozinho, segundo a psicologia - Correio Braziliense - Radar<\/title>\n<meta name=\"description\" content=\"Caminhar sozinho pode revelar muito mais do que uma simples prefer\u00eancia. A psicologia mostra o que esse h\u00e1bito diz sobre equil\u00edbrio emocional.\" \/>\n<meta name=\"robots\" content=\"index, follow, max-snippet:-1, max-image-preview:large, max-video-preview:-1\" \/>\n<link rel=\"canonical\" href=\"https:\/\/www.correiobraziliense.com.br\/cbradar\/o-que-significa-caminhar-sempre-sozinho-segundo-a-psicologia\/\" \/>\n<meta property=\"og:locale\" content=\"pt_BR\" \/>\n<meta property=\"og:type\" content=\"article\" \/>\n<meta property=\"og:title\" content=\"O que significa caminhar sempre sozinho, segundo a psicologia - Correio Braziliense - Radar\" \/>\n<meta property=\"og:description\" content=\"Caminhar sozinho pode revelar muito mais do que uma simples prefer\u00eancia. A psicologia mostra o que esse h\u00e1bito diz sobre equil\u00edbrio emocional.\" \/>\n<meta property=\"og:url\" content=\"https:\/\/www.correiobraziliense.com.br\/cbradar\/o-que-significa-caminhar-sempre-sozinho-segundo-a-psicologia\/\" \/>\n<meta property=\"og:site_name\" content=\"Correio Braziliense - Radar\" \/>\n<meta property=\"article:published_time\" content=\"2026-03-15T01:05:00+00:00\" \/>\n<meta property=\"og:image\" content=\"https:\/\/www.correiobraziliense.com.br\/cbradar\/wp-content\/uploads\/2026\/03\/Gemini_Generated_Image_n7xp8xn7xp8xn7xp-1-1.png\" \/>\n\t<meta property=\"og:image:width\" content=\"1280\" \/>\n\t<meta property=\"og:image:height\" content=\"720\" \/>\n\t<meta property=\"og:image:type\" content=\"image\/png\" \/>\n<meta name=\"author\" content=\"Patrick Silva\" \/>\n<meta name=\"twitter:card\" content=\"summary_large_image\" \/>\n<meta name=\"twitter:label1\" content=\"Escrito por\" \/>\n\t<meta name=\"twitter:data1\" content=\"Patrick Silva\" \/>\n\t<meta name=\"twitter:label2\" content=\"Est. tempo de leitura\" \/>\n\t<meta name=\"twitter:data2\" content=\"5 minutos\" \/>\n<!-- \/ Yoast SEO plugin. -->","yoast_head_json":{"title":"O que significa caminhar sempre sozinho, segundo a psicologia - Correio Braziliense - Radar","description":"Caminhar sozinho pode revelar muito mais do que uma simples prefer\u00eancia. A psicologia mostra o que esse h\u00e1bito diz sobre equil\u00edbrio emocional.","robots":{"index":"index","follow":"follow","max-snippet":"max-snippet:-1","max-image-preview":"max-image-preview:large","max-video-preview":"max-video-preview:-1"},"canonical":"https:\/\/www.correiobraziliense.com.br\/cbradar\/o-que-significa-caminhar-sempre-sozinho-segundo-a-psicologia\/","og_locale":"pt_BR","og_type":"article","og_title":"O que significa caminhar sempre sozinho, segundo a psicologia - Correio Braziliense - Radar","og_description":"Caminhar sozinho pode revelar muito mais do que uma simples prefer\u00eancia. A psicologia mostra o que esse h\u00e1bito diz sobre equil\u00edbrio emocional.","og_url":"https:\/\/www.correiobraziliense.com.br\/cbradar\/o-que-significa-caminhar-sempre-sozinho-segundo-a-psicologia\/","og_site_name":"Correio Braziliense - Radar","article_published_time":"2026-03-15T01:05:00+00:00","og_image":[{"width":1280,"height":720,"url":"https:\/\/www.correiobraziliense.com.br\/cbradar\/wp-content\/uploads\/2026\/03\/Gemini_Generated_Image_n7xp8xn7xp8xn7xp-1-1.png","type":"image\/png"}],"author":"Patrick Silva","twitter_card":"summary_large_image","twitter_misc":{"Escrito por":"Patrick Silva","Est. tempo de leitura":"5 minutos"},"schema":{"@context":"https:\/\/schema.org","@graph":[{"@type":"WebPage","@id":"https:\/\/www.correiobraziliense.com.br\/cbradar\/o-que-significa-caminhar-sempre-sozinho-segundo-a-psicologia\/","url":"https:\/\/www.correiobraziliense.com.br\/cbradar\/o-que-significa-caminhar-sempre-sozinho-segundo-a-psicologia\/","name":"O que significa caminhar sempre sozinho, segundo a psicologia - Correio Braziliense - Radar","isPartOf":{"@id":"https:\/\/www.correiobraziliense.com.br\/cbradar\/#website"},"primaryImageOfPage":{"@id":"https:\/\/www.correiobraziliense.com.br\/cbradar\/o-que-significa-caminhar-sempre-sozinho-segundo-a-psicologia\/#primaryimage"},"image":{"@id":"https:\/\/www.correiobraziliense.com.br\/cbradar\/o-que-significa-caminhar-sempre-sozinho-segundo-a-psicologia\/#primaryimage"},"thumbnailUrl":"https:\/\/www.correiobraziliense.com.br\/cbradar\/wp-content\/uploads\/2026\/03\/Gemini_Generated_Image_n7xp8xn7xp8xn7xp-1-1.png","datePublished":"2026-03-15T01:05:00+00:00","author":{"@id":"https:\/\/www.correiobraziliense.com.br\/cbradar\/#\/schema\/person\/5440b72be9c7eb74f446c846479dc4da"},"description":"Caminhar sozinho pode revelar muito mais do que uma simples prefer\u00eancia. A psicologia mostra o que esse h\u00e1bito diz sobre equil\u00edbrio emocional.","breadcrumb":{"@id":"https:\/\/www.correiobraziliense.com.br\/cbradar\/o-que-significa-caminhar-sempre-sozinho-segundo-a-psicologia\/#breadcrumb"},"inLanguage":"pt-BR","potentialAction":[{"@type":"ReadAction","target":["https:\/\/www.correiobraziliense.com.br\/cbradar\/o-que-significa-caminhar-sempre-sozinho-segundo-a-psicologia\/"]}]},{"@type":"ImageObject","inLanguage":"pt-BR","@id":"https:\/\/www.correiobraziliense.com.br\/cbradar\/o-que-significa-caminhar-sempre-sozinho-segundo-a-psicologia\/#primaryimage","url":"https:\/\/www.correiobraziliense.com.br\/cbradar\/wp-content\/uploads\/2026\/03\/Gemini_Generated_Image_n7xp8xn7xp8xn7xp-1-1.png","contentUrl":"https:\/\/www.correiobraziliense.com.br\/cbradar\/wp-content\/uploads\/2026\/03\/Gemini_Generated_Image_n7xp8xn7xp8xn7xp-1-1.png","width":1280,"height":720,"caption":"Caminhar sozinho revela uma mente que valoriza sil\u00eancio reflex\u00e3o e equil\u00edbrio emocional na rotina di\u00e1ria"},{"@type":"BreadcrumbList","@id":"https:\/\/www.correiobraziliense.com.br\/cbradar\/o-que-significa-caminhar-sempre-sozinho-segundo-a-psicologia\/#breadcrumb","itemListElement":[{"@type":"ListItem","position":1,"name":"In\u00edcio","item":"https:\/\/www.correiobraziliense.com.br\/cbradar\/"},{"@type":"ListItem","position":2,"name":"O que significa caminhar sempre sozinho, segundo a psicologia"}]},{"@type":"WebSite","@id":"https:\/\/www.correiobraziliense.com.br\/cbradar\/#website","url":"https:\/\/www.correiobraziliense.com.br\/cbradar\/","name":"Correio Braziliense - Radar","description":"Acompanhe as \u00faltimas not\u00edcias e fique bem informado sobre tudo o que acontece no Brasil e no mundo.","potentialAction":[{"@type":"SearchAction","target":{"@type":"EntryPoint","urlTemplate":"https:\/\/www.correiobraziliense.com.br\/cbradar\/?s={search_term_string}"},"query-input":{"@type":"PropertyValueSpecification","valueRequired":true,"valueName":"search_term_string"}}],"inLanguage":"pt-BR"},{"@type":"Person","@id":"https:\/\/www.correiobraziliense.com.br\/cbradar\/#\/schema\/person\/5440b72be9c7eb74f446c846479dc4da","name":"Patrick Silva","image":{"@type":"ImageObject","inLanguage":"pt-BR","@id":"https:\/\/www.correiobraziliense.com.br\/cbradar\/#\/schema\/person\/image\/","url":"https:\/\/secure.gravatar.com\/avatar\/944109df296fc087785c9715fd5f80b2?s=96&d=mm&r=g","contentUrl":"https:\/\/secure.gravatar.com\/avatar\/944109df296fc087785c9715fd5f80b2?s=96&d=mm&r=g","caption":"Patrick Silva"},"sameAs":["https:\/\/www.correiobraziliense.com.br\/cbradar\/"],"url":"https:\/\/www.correiobraziliense.com.br\/cbradar\/author\/patrick-silva\/"}]}},"_links":{"self":[{"href":"https:\/\/www.correiobraziliense.com.br\/cbradar\/wp-json\/wp\/v2\/posts\/207369","targetHints":{"allow":["GET"]}}],"collection":[{"href":"https:\/\/www.correiobraziliense.com.br\/cbradar\/wp-json\/wp\/v2\/posts"}],"about":[{"href":"https:\/\/www.correiobraziliense.com.br\/cbradar\/wp-json\/wp\/v2\/types\/post"}],"author":[{"embeddable":true,"href":"https:\/\/www.correiobraziliense.com.br\/cbradar\/wp-json\/wp\/v2\/users\/21"}],"replies":[{"embeddable":true,"href":"https:\/\/www.correiobraziliense.com.br\/cbradar\/wp-json\/wp\/v2\/comments?post=207369"}],"version-history":[{"count":6,"href":"https:\/\/www.correiobraziliense.com.br\/cbradar\/wp-json\/wp\/v2\/posts\/207369\/revisions"}],"predecessor-version":[{"id":207382,"href":"https:\/\/www.correiobraziliense.com.br\/cbradar\/wp-json\/wp\/v2\/posts\/207369\/revisions\/207382"}],"wp:featuredmedia":[{"embeddable":true,"href":"https:\/\/www.correiobraziliense.com.br\/cbradar\/wp-json\/wp\/v2\/media\/207381"}],"wp:attachment":[{"href":"https:\/\/www.correiobraziliense.com.br\/cbradar\/wp-json\/wp\/v2\/media?parent=207369"}],"wp:term":[{"taxonomy":"category","embeddable":true,"href":"https:\/\/www.correiobraziliense.com.br\/cbradar\/wp-json\/wp\/v2\/categories?post=207369"},{"taxonomy":"post_tag","embeddable":true,"href":"https:\/\/www.correiobraziliense.com.br\/cbradar\/wp-json\/wp\/v2\/tags?post=207369"}],"curies":[{"name":"wp","href":"https:\/\/api.w.org\/{rel}","templated":true}]}}