{"id":207383,"date":"2026-03-14T12:15:00","date_gmt":"2026-03-14T15:15:00","guid":{"rendered":"https:\/\/www.correiobraziliense.com.br\/cbradar\/?p=207383"},"modified":"2026-03-12T10:12:28","modified_gmt":"2026-03-12T13:12:28","slug":"proverbio-biblico-do-dia-quem-anda-com-os-sabios-se-torna-sabio-o-que-essa-licao-sobre-amizades-significa-hoje","status":"publish","type":"post","link":"https:\/\/www.correiobraziliense.com.br\/cbradar\/proverbio-biblico-do-dia-quem-anda-com-os-sabios-se-torna-sabio-o-que-essa-licao-sobre-amizades-significa-hoje\/","title":{"rendered":"Prov\u00e9rbio b\u00edblico do dia: \u201cQuem anda com os s\u00e1bios se torna s\u00e1bio.\u201d O que essa li\u00e7\u00e3o sobre amizades significa hoje"},"content":{"rendered":"\n<p>A sabedoria milenar contida no <strong>Prov\u00e9rbio b\u00edblico do dia que afirma que \u201cQuem anda com os s\u00e1bios se torna s\u00e1bio\u201d <\/strong>ressoa fortemente na atualidade. Escolher conex\u00f5es sociais de alta qualidade molda o car\u00e1ter e direciona o sucesso pessoal. Entender o impacto das amizades \u00e9 vital para quem busca crescimento e equil\u00edbrio emocional constante.<\/p>\n\n\n\n<h2 class=\"wp-block-heading\">Como o ambiente social influencia o desenvolvimento cognitivo?<\/h2>\n\n\n\n<p>Estar cercado por pessoas intelectualmente instigantes for\u00e7a o c\u00e9rebro a adotar padr\u00f5es de pensamento mais complexos e refinados diariamente. Quando participamos de conversas profundas, somos expostos a novas perspectivas que desafiam nossas cren\u00e7as limitantes e expandem o conhecimento geral. Esse est\u00edmulo constante \u00e9 fundamental para manter a mente jovem, \u00e1gil e pronta para resolver problemas cotidianos desafiadores.<\/p>\n\n\n\n<p>O fen\u00f4meno da contagem social sugere que absorvemos os h\u00e1bitos e comportamentos daqueles com quem convivemos com maior frequ\u00eancia. Se o c\u00edrculo de amigos valoriza a disciplina e o estudo, naturalmente passaremos a priorizar essas virtudes em nossa pr\u00f3pria jornada. Portanto, selecionar mentores e parceiros de vida s\u00e1bios \u00e9 um investimento estrat\u00e9gico para alcan\u00e7ar metas ambiciosas e realmente duradouras.<\/p>\n\n\n\n<p>Algumas passagens b\u00edblicas geram d\u00favidas quando s\u00e3o lidas fora do contexto hist\u00f3rico e cultural em que foram escritas. Compreender o significado original ajuda a interpretar melhor a mensagem. No conte\u00fado do <strong>IGREJA CENTRAL<\/strong>, com 61,7 mil inscritos, voc\u00ea entende essa explica\u00e7\u00e3o:<\/p>\n\n\n\n<figure class=\"wp-block-embed is-type-video is-provider-youtube wp-block-embed-youtube wp-embed-aspect-16-9 wp-has-aspect-ratio\"><div class=\"wp-block-embed__wrapper\">\n<div class=\"jeg_video_container jeg_video_content\"><iframe loading=\"lazy\" title=\"O que significa: &quot;Quem ama a seu filho, o castiga com vara&quot;? Pv.13:24\" width=\"500\" height=\"281\" src=\"https:\/\/www.youtube.com\/embed\/g2ZgD3KlhG8?feature=oembed\" frameborder=\"0\" allow=\"accelerometer; autoplay; clipboard-write; encrypted-media; gyroscope; picture-in-picture; web-share\" referrerpolicy=\"strict-origin-when-cross-origin\" allowfullscreen><\/iframe><\/div>\n<\/div><\/figure>\n\n\n\n<h2 class=\"wp-block-heading\">Por que a intelig\u00eancia emocional depende das nossas conex\u00f5es?<\/h2>\n\n\n\n<p><strong><a href=\"https:\/\/www.correiobraziliense.com.br\/cbradar\/proverbio-africano-se-quer-ir-rapido-va-sozinho-se-quer-ir-longe-va-acompanhado\/\" target=\"_blank\" rel=\"noreferrer noopener\">Amizades <\/a><\/strong>saud\u00e1veis funcionam como um espelho que reflete nossas virtudes e aponta \u00e1reas de melhoria com gentileza e honestidade. Conviver com indiv\u00edduos equilibrados nos ensina a gerenciar crises com serenidade e a praticar a empatia de forma genu\u00edna nas rela\u00e7\u00f5es humanas. Esse aprendizado pr\u00e1tico \u00e9 essencial para construir uma base psicol\u00f3gica forte, capaz de suportar as press\u00f5es do mundo moderno.<\/p>\n\n\n\n<p>A troca de experi\u00eancias com pessoas prudentes evita que cometamos erros impulsivos baseados apenas em emo\u00e7\u00f5es moment\u00e2neas e passageiras. Ao observar como os s\u00e1bios reagem \u00e0s adversidades, incorporamos ferramentas de resili\u00eancia que protegem nossa sa\u00fade mental contra o estresse severo. Ter um porto seguro em amigos inteligentes garante que o crescimento emocional ocorra de maneira cont\u00ednua, segura e muito produtiva.<\/p>\n\n\n\n<h2 class=\"wp-block-heading\">Quais crit\u00e9rios definem uma companhia realmente valiosa?<\/h2>\n\n\n\n<p>Identificar pessoas que agregam valor exige uma an\u00e1lise cuidadosa sobre os valores morais e os objetivos de vida que elas demonstram. Uma companhia s\u00e1bia \u00e9 aquela que incentiva o seu progresso, oferece cr\u00edticas construtivas e mant\u00e9m uma postura \u00e9tica em todas as situa\u00e7\u00f5es. Priorizar esses relacionamentos \u00e9 o segredo para transformar sua realidade atrav\u00e9s da influ\u00eancia positiva de terceiros.<\/p>\n\n\n\n<p>A escolha consciente de parceiros de caminhada revela benef\u00edcios pr\u00e1ticos que impactam diretamente a constru\u00e7\u00e3o de um futuro pr\u00f3spero e equilibrado:<\/p>\n\n\n\n<ul class=\"wp-block-list\">\n<li>Est\u00edmulo constante ao aprendizado de novas habilidades.<\/li>\n\n\n\n<li>Fortalecimento da resili\u00eancia diante de desafios complexos.<\/li>\n\n\n\n<li>Expans\u00e3o da vis\u00e3o de mundo e quebra de preconceitos.<\/li>\n\n\n\n<li>Melhora na tomada de decis\u00f5es estrat\u00e9gicas e racionais.<\/li>\n<\/ul>\n\n\n\n<h2 class=\"wp-block-heading\">De que maneira a conviv\u00eancia acelera o sucesso profissional?<\/h2>\n\n\n\n<p>No ambiente corporativo, estar pr\u00f3ximo de l\u00edderes experientes proporciona um aprendizado que nenhum curso te\u00f3rico consegue oferecer de forma t\u00e3o eficiente. Observar a tomada de decis\u00e3o de quem possui sabedoria pr\u00e1tica encurta o caminho para a excel\u00eancia em qualquer \u00e1rea de atua\u00e7\u00e3o. Esse networking qualificado \u00e9 o motor que impulsiona carreiras brilhantes e garante uma posi\u00e7\u00e3o de destaque no mercado competitivo.<\/p>\n\n\n\n<p>Pessoas s\u00e1bias tendem a compartilhar oportunidades e conhecimentos que abrem portas antes inacess\u00edveis para quem caminha de forma solit\u00e1ria e isolada. A colabora\u00e7\u00e3o intelectual gera solu\u00e7\u00f5es inovadoras que beneficiam todo o grupo, criando um ciclo virtuoso de prosperidade e reconhecimento m\u00fatuo. Investir tempo em cultivar essas rela\u00e7\u00f5es profissionais \u00e9 a chave para alcan\u00e7ar resultados extraordin\u00e1rios com muito mais velocidade e seguran\u00e7a.<\/p>\n\n\n\n<figure class=\"wp-block-image size-full\"><img decoding=\"async\" width=\"1280\" height=\"720\" src=\"https:\/\/www.correiobraziliense.com.br\/cbradar\/wp-content\/uploads\/2026\/03\/Gemini_Generated_Image_dua1i5dua1i5dua1-1-1.png\" alt=\"Prov\u00e9rbio b\u00edblico do dia: \u201cQuem anda com os s\u00e1bios se torna s\u00e1bio.\u201d O que essa li\u00e7\u00e3o sobre amizades significa hoje\" class=\"wp-image-207388\" srcset=\"https:\/\/www.correiobraziliense.com.br\/cbradar\/wp-content\/uploads\/2026\/03\/Gemini_Generated_Image_dua1i5dua1i5dua1-1-1.png 1280w, https:\/\/www.correiobraziliense.com.br\/cbradar\/wp-content\/uploads\/2026\/03\/Gemini_Generated_Image_dua1i5dua1i5dua1-1-1-300x169.png 300w, https:\/\/www.correiobraziliense.com.br\/cbradar\/wp-content\/uploads\/2026\/03\/Gemini_Generated_Image_dua1i5dua1i5dua1-1-1-768x432.png 768w, https:\/\/www.correiobraziliense.com.br\/cbradar\/wp-content\/uploads\/2026\/03\/Gemini_Generated_Image_dua1i5dua1i5dua1-1-1-750x422.png 750w, https:\/\/www.correiobraziliense.com.br\/cbradar\/wp-content\/uploads\/2026\/03\/Gemini_Generated_Image_dua1i5dua1i5dua1-1-1-1140x641.png 1140w\" sizes=\"(max-width: 1280px) 100vw, 1280px\" \/><figcaption class=\"wp-element-caption\">Caminhar com pessoas s\u00e1bias molda car\u00e1ter decis\u00f5es e o rumo da vida ao longo do tempo<\/figcaption><\/figure>\n\n\n\n<h2 class=\"wp-block-heading\">O que as pesquisas revelam sobre a influ\u00eancia social?<\/h2>\n\n\n\n<p>Estudos na \u00e1rea da sociologia demonstram que o comportamento humano \u00e9 altamente contagioso dentro de redes sociais pr\u00f3ximas e frequentes. Se seus amigos mant\u00eam h\u00e1bitos saud\u00e1veis e focados, a probabilidade de voc\u00ea seguir o mesmo caminho aumenta de maneira estatisticamente significativa. Por isso, a sabedoria b\u00edblica permanece atual ao destacar que a companhia determina, em grande parte, o nosso destino.<\/p>\n\n\n\n<p>Segundo o portal de autoridade <strong>Greater Good Science Center<\/strong> da <strong>Universidade de Berkeley<\/strong>, conex\u00f5es sociais profundas s\u00e3o o maior preditor de felicidade e longevidade. Ter amigos que inspiram sabedoria e integridade fortalece o sistema imunol\u00f3gico e protege o c\u00e9rebro contra o decl\u00ednio cognitivo prematuro. Para compreender melhor a ci\u00eancia por tr\u00e1s das rela\u00e7\u00f5es, acesse os dados oficiais no site do <a href=\"https:\/\/greatergood.berkeley.edu\/article\/item\/seven_guidelines_for_healthy_social_connection\" target=\"_blank\" rel=\"noreferrer noopener\">Greater Good Science Center<\/a>.<\/p>\n","protected":false},"excerpt":{"rendered":"<p>A sabedoria milenar contida no Prov\u00e9rbio b\u00edblico do dia que afirma que \u201cQuem anda com os s\u00e1bios se torna s\u00e1bio\u201d ressoa fortemente na atualidade. Escolher conex\u00f5es sociais de alta qualidade molda o car\u00e1ter e direciona o sucesso pessoal. Entender o impacto das amizades \u00e9 vital para quem busca crescimento e equil\u00edbrio emocional constante. Como o [&hellip;]<\/p>\n","protected":false},"author":21,"featured_media":207391,"comment_status":"open","ping_status":"open","sticky":false,"template":"","format":"standard","meta":{"_yoast_wpseo_focuskw":"prov\u00e9rbio quem anda com s\u00e1bios se torna s\u00e1bio","_yoast_wpseo_title":"","_yoast_wpseo_metadesc":"A antiga sabedoria que diz que caminhar com s\u00e1bios transforma quem somos ainda influencia escolhas e destinos no mundo atual.","jnews-multi-image_gallery":[],"jnews_single_post":{"format":"standard"},"jnews_primary_category":[],"jnews_social_meta":[],"jnews_override_counter":[],"footnotes":""},"categories":[112],"post_tag":[1489,16011,16010,16012],"class_list":["post-207383","post","type-post","status-publish","format-standard","has-post-thumbnail","hentry","category-curiosidades","tag-amizade","tag-licao","tag-proverbio-biblico","tag-sabios"],"yoast_head":"<!-- This site is optimized with the Yoast SEO plugin v24.6 - https:\/\/yoast.com\/wordpress\/plugins\/seo\/ -->\n<title>Prov\u00e9rbio b\u00edblico do dia: \u201cQuem anda com os s\u00e1bios se torna s\u00e1bio.\u201d O que essa li\u00e7\u00e3o sobre amizades significa hoje - Correio Braziliense - Radar<\/title>\n<meta name=\"description\" content=\"A antiga sabedoria que diz que caminhar com s\u00e1bios transforma quem somos ainda influencia escolhas e destinos no mundo atual.\" \/>\n<meta name=\"robots\" content=\"index, follow, max-snippet:-1, max-image-preview:large, max-video-preview:-1\" \/>\n<link rel=\"canonical\" href=\"https:\/\/www.correiobraziliense.com.br\/cbradar\/proverbio-biblico-do-dia-quem-anda-com-os-sabios-se-torna-sabio-o-que-essa-licao-sobre-amizades-significa-hoje\/\" \/>\n<meta property=\"og:locale\" content=\"pt_BR\" \/>\n<meta property=\"og:type\" content=\"article\" \/>\n<meta property=\"og:title\" content=\"Prov\u00e9rbio b\u00edblico do dia: \u201cQuem anda com os s\u00e1bios se torna s\u00e1bio.\u201d O que essa li\u00e7\u00e3o sobre amizades significa hoje - Correio Braziliense - Radar\" \/>\n<meta property=\"og:description\" content=\"A antiga sabedoria que diz que caminhar com s\u00e1bios transforma quem somos ainda influencia escolhas e destinos no mundo atual.\" \/>\n<meta property=\"og:url\" content=\"https:\/\/www.correiobraziliense.com.br\/cbradar\/proverbio-biblico-do-dia-quem-anda-com-os-sabios-se-torna-sabio-o-que-essa-licao-sobre-amizades-significa-hoje\/\" \/>\n<meta property=\"og:site_name\" content=\"Correio Braziliense - Radar\" \/>\n<meta property=\"article:published_time\" content=\"2026-03-14T15:15:00+00:00\" \/>\n<meta property=\"og:image\" content=\"https:\/\/www.correiobraziliense.com.br\/cbradar\/wp-content\/uploads\/2026\/03\/Gemini_Generated_Image_vd383dvd383dvd38-1-1.png\" \/>\n\t<meta property=\"og:image:width\" content=\"1280\" \/>\n\t<meta property=\"og:image:height\" content=\"720\" \/>\n\t<meta property=\"og:image:type\" content=\"image\/png\" \/>\n<meta name=\"author\" content=\"Patrick Silva\" \/>\n<meta name=\"twitter:card\" content=\"summary_large_image\" \/>\n<meta name=\"twitter:label1\" content=\"Escrito por\" \/>\n\t<meta name=\"twitter:data1\" content=\"Patrick Silva\" \/>\n\t<meta name=\"twitter:label2\" content=\"Est. tempo de leitura\" \/>\n\t<meta name=\"twitter:data2\" content=\"5 minutos\" \/>\n<!-- \/ Yoast SEO plugin. -->","yoast_head_json":{"title":"Prov\u00e9rbio b\u00edblico do dia: \u201cQuem anda com os s\u00e1bios se torna s\u00e1bio.\u201d O que essa li\u00e7\u00e3o sobre amizades significa hoje - Correio Braziliense - Radar","description":"A antiga sabedoria que diz que caminhar com s\u00e1bios transforma quem somos ainda influencia escolhas e destinos no mundo atual.","robots":{"index":"index","follow":"follow","max-snippet":"max-snippet:-1","max-image-preview":"max-image-preview:large","max-video-preview":"max-video-preview:-1"},"canonical":"https:\/\/www.correiobraziliense.com.br\/cbradar\/proverbio-biblico-do-dia-quem-anda-com-os-sabios-se-torna-sabio-o-que-essa-licao-sobre-amizades-significa-hoje\/","og_locale":"pt_BR","og_type":"article","og_title":"Prov\u00e9rbio b\u00edblico do dia: \u201cQuem anda com os s\u00e1bios se torna s\u00e1bio.\u201d O que essa li\u00e7\u00e3o sobre amizades significa hoje - Correio Braziliense - Radar","og_description":"A antiga sabedoria que diz que caminhar com s\u00e1bios transforma quem somos ainda influencia escolhas e destinos no mundo atual.","og_url":"https:\/\/www.correiobraziliense.com.br\/cbradar\/proverbio-biblico-do-dia-quem-anda-com-os-sabios-se-torna-sabio-o-que-essa-licao-sobre-amizades-significa-hoje\/","og_site_name":"Correio Braziliense - Radar","article_published_time":"2026-03-14T15:15:00+00:00","og_image":[{"width":1280,"height":720,"url":"https:\/\/www.correiobraziliense.com.br\/cbradar\/wp-content\/uploads\/2026\/03\/Gemini_Generated_Image_vd383dvd383dvd38-1-1.png","type":"image\/png"}],"author":"Patrick Silva","twitter_card":"summary_large_image","twitter_misc":{"Escrito por":"Patrick Silva","Est. tempo de leitura":"5 minutos"},"schema":{"@context":"https:\/\/schema.org","@graph":[{"@type":"WebPage","@id":"https:\/\/www.correiobraziliense.com.br\/cbradar\/proverbio-biblico-do-dia-quem-anda-com-os-sabios-se-torna-sabio-o-que-essa-licao-sobre-amizades-significa-hoje\/","url":"https:\/\/www.correiobraziliense.com.br\/cbradar\/proverbio-biblico-do-dia-quem-anda-com-os-sabios-se-torna-sabio-o-que-essa-licao-sobre-amizades-significa-hoje\/","name":"Prov\u00e9rbio b\u00edblico do dia: \u201cQuem anda com os s\u00e1bios se torna s\u00e1bio.\u201d O que essa li\u00e7\u00e3o sobre amizades significa hoje - Correio Braziliense - Radar","isPartOf":{"@id":"https:\/\/www.correiobraziliense.com.br\/cbradar\/#website"},"primaryImageOfPage":{"@id":"https:\/\/www.correiobraziliense.com.br\/cbradar\/proverbio-biblico-do-dia-quem-anda-com-os-sabios-se-torna-sabio-o-que-essa-licao-sobre-amizades-significa-hoje\/#primaryimage"},"image":{"@id":"https:\/\/www.correiobraziliense.com.br\/cbradar\/proverbio-biblico-do-dia-quem-anda-com-os-sabios-se-torna-sabio-o-que-essa-licao-sobre-amizades-significa-hoje\/#primaryimage"},"thumbnailUrl":"https:\/\/www.correiobraziliense.com.br\/cbradar\/wp-content\/uploads\/2026\/03\/Gemini_Generated_Image_vd383dvd383dvd38-1-1.png","datePublished":"2026-03-14T15:15:00+00:00","author":{"@id":"https:\/\/www.correiobraziliense.com.br\/cbradar\/#\/schema\/person\/5440b72be9c7eb74f446c846479dc4da"},"description":"A antiga sabedoria que diz que caminhar com s\u00e1bios transforma quem somos ainda influencia escolhas e destinos no mundo atual.","breadcrumb":{"@id":"https:\/\/www.correiobraziliense.com.br\/cbradar\/proverbio-biblico-do-dia-quem-anda-com-os-sabios-se-torna-sabio-o-que-essa-licao-sobre-amizades-significa-hoje\/#breadcrumb"},"inLanguage":"pt-BR","potentialAction":[{"@type":"ReadAction","target":["https:\/\/www.correiobraziliense.com.br\/cbradar\/proverbio-biblico-do-dia-quem-anda-com-os-sabios-se-torna-sabio-o-que-essa-licao-sobre-amizades-significa-hoje\/"]}]},{"@type":"ImageObject","inLanguage":"pt-BR","@id":"https:\/\/www.correiobraziliense.com.br\/cbradar\/proverbio-biblico-do-dia-quem-anda-com-os-sabios-se-torna-sabio-o-que-essa-licao-sobre-amizades-significa-hoje\/#primaryimage","url":"https:\/\/www.correiobraziliense.com.br\/cbradar\/wp-content\/uploads\/2026\/03\/Gemini_Generated_Image_vd383dvd383dvd38-1-1.png","contentUrl":"https:\/\/www.correiobraziliense.com.br\/cbradar\/wp-content\/uploads\/2026\/03\/Gemini_Generated_Image_vd383dvd383dvd38-1-1.png","width":1280,"height":720,"caption":"Caminhar com pessoas s\u00e1bias molda car\u00e1ter decis\u00f5es e o rumo da vida ao longo do tempo"},{"@type":"BreadcrumbList","@id":"https:\/\/www.correiobraziliense.com.br\/cbradar\/proverbio-biblico-do-dia-quem-anda-com-os-sabios-se-torna-sabio-o-que-essa-licao-sobre-amizades-significa-hoje\/#breadcrumb","itemListElement":[{"@type":"ListItem","position":1,"name":"In\u00edcio","item":"https:\/\/www.correiobraziliense.com.br\/cbradar\/"},{"@type":"ListItem","position":2,"name":"Prov\u00e9rbio b\u00edblico do dia: \u201cQuem anda com os s\u00e1bios se torna s\u00e1bio.\u201d O que essa li\u00e7\u00e3o sobre amizades significa hoje"}]},{"@type":"WebSite","@id":"https:\/\/www.correiobraziliense.com.br\/cbradar\/#website","url":"https:\/\/www.correiobraziliense.com.br\/cbradar\/","name":"Correio Braziliense - Radar","description":"Acompanhe as \u00faltimas not\u00edcias e fique bem informado sobre tudo o que acontece no Brasil e no mundo.","potentialAction":[{"@type":"SearchAction","target":{"@type":"EntryPoint","urlTemplate":"https:\/\/www.correiobraziliense.com.br\/cbradar\/?s={search_term_string}"},"query-input":{"@type":"PropertyValueSpecification","valueRequired":true,"valueName":"search_term_string"}}],"inLanguage":"pt-BR"},{"@type":"Person","@id":"https:\/\/www.correiobraziliense.com.br\/cbradar\/#\/schema\/person\/5440b72be9c7eb74f446c846479dc4da","name":"Patrick Silva","image":{"@type":"ImageObject","inLanguage":"pt-BR","@id":"https:\/\/www.correiobraziliense.com.br\/cbradar\/#\/schema\/person\/image\/","url":"https:\/\/secure.gravatar.com\/avatar\/944109df296fc087785c9715fd5f80b2?s=96&d=mm&r=g","contentUrl":"https:\/\/secure.gravatar.com\/avatar\/944109df296fc087785c9715fd5f80b2?s=96&d=mm&r=g","caption":"Patrick Silva"},"sameAs":["https:\/\/www.correiobraziliense.com.br\/cbradar\/"],"url":"https:\/\/www.correiobraziliense.com.br\/cbradar\/author\/patrick-silva\/"}]}},"_links":{"self":[{"href":"https:\/\/www.correiobraziliense.com.br\/cbradar\/wp-json\/wp\/v2\/posts\/207383","targetHints":{"allow":["GET"]}}],"collection":[{"href":"https:\/\/www.correiobraziliense.com.br\/cbradar\/wp-json\/wp\/v2\/posts"}],"about":[{"href":"https:\/\/www.correiobraziliense.com.br\/cbradar\/wp-json\/wp\/v2\/types\/post"}],"author":[{"embeddable":true,"href":"https:\/\/www.correiobraziliense.com.br\/cbradar\/wp-json\/wp\/v2\/users\/21"}],"replies":[{"embeddable":true,"href":"https:\/\/www.correiobraziliense.com.br\/cbradar\/wp-json\/wp\/v2\/comments?post=207383"}],"version-history":[{"count":5,"href":"https:\/\/www.correiobraziliense.com.br\/cbradar\/wp-json\/wp\/v2\/posts\/207383\/revisions"}],"predecessor-version":[{"id":207392,"href":"https:\/\/www.correiobraziliense.com.br\/cbradar\/wp-json\/wp\/v2\/posts\/207383\/revisions\/207392"}],"wp:featuredmedia":[{"embeddable":true,"href":"https:\/\/www.correiobraziliense.com.br\/cbradar\/wp-json\/wp\/v2\/media\/207391"}],"wp:attachment":[{"href":"https:\/\/www.correiobraziliense.com.br\/cbradar\/wp-json\/wp\/v2\/media?parent=207383"}],"wp:term":[{"taxonomy":"category","embeddable":true,"href":"https:\/\/www.correiobraziliense.com.br\/cbradar\/wp-json\/wp\/v2\/categories?post=207383"},{"taxonomy":"post_tag","embeddable":true,"href":"https:\/\/www.correiobraziliense.com.br\/cbradar\/wp-json\/wp\/v2\/post_tag?post=207383"}],"curies":[{"name":"wp","href":"https:\/\/api.w.org\/{rel}","templated":true}]}}